{"id":4496,"date":"2023-03-30T10:55:34","date_gmt":"2023-03-30T10:55:34","guid":{"rendered":"https:\/\/macite.info\/?p=4496"},"modified":"2023-03-30T10:55:35","modified_gmt":"2023-03-30T10:55:35","slug":"thomas-tuchel-au-bayern-munich-les-grands-chantiers-du-successeur-de-julian-nagelsmann-sur-le-banc-bavarois","status":"publish","type":"post","link":"https:\/\/macite.tg\/?p=4496","title":{"rendered":"<strong>THOMAS TUCHEL<\/strong> <strong>AU BAYERN MUNICH\u00a0: Les grands chantiers du successeur de Julian Nagelsmann sur le banc bavarois<\/strong>"},"content":{"rendered":"\n<p class=\"wp-block-paragraph\"><strong><em>Depuis vendredi dernier, les dirigeants du club bavarois ont d\u00e9cid\u00e9 de confier les r\u00eanes de l\u2019\u00e9quipe \u00e0 l\u2019ex entraineur des Blues de Chelsea, \u00e0 Thomas Tuchel. Cette d\u00e9cision sonne un nouveau d\u00e9part pour le club champion d\u2019Allemagne.<\/em><\/strong><\/p>\n\n\n\n<p class=\"wp-block-paragraph\">Le technicien de 49 ans est connu pour sa philosophie de jeu et son attitude, ce qui a s\u00e9duit les dirigeants munichois. Ils le voient comme l\u2019homme capable de redonner de l\u2019ordre dans le jeu et dans le vestiaire. Il remplace ainsi&nbsp; Julian Nagelsmann, qui ne faisait plus l\u2019unanimit\u00e9 aupr\u00e8s de ses patrons et de certains joueurs, dont Manuel Neuer ou encore Sadio Man\u00e9 selon la presse allemande.<\/p>\n\n\n<div class=\"wp-block-image\">\n<figure class=\"aligncenter size-large is-resized\"><img loading=\"lazy\" decoding=\"async\" src=\"https:\/\/macite.tg\/wp-content\/uploads\/2023\/03\/e876696f21f14fbbb5317ea163177844-1-868x1024.jpg\" alt=\"\" class=\"wp-image-4458\" width=\"634\" height=\"747\" srcset=\"https:\/\/macite.tg\/wp-content\/uploads\/2023\/03\/e876696f21f14fbbb5317ea163177844-1-868x1024.jpg 868w, https:\/\/macite.tg\/wp-content\/uploads\/2023\/03\/e876696f21f14fbbb5317ea163177844-1-254x300.jpg 254w, https:\/\/macite.tg\/wp-content\/uploads\/2023\/03\/e876696f21f14fbbb5317ea163177844-1-768x906.jpg 768w, https:\/\/macite.tg\/wp-content\/uploads\/2023\/03\/e876696f21f14fbbb5317ea163177844-1-1302x1536.jpg 1302w, https:\/\/macite.tg\/wp-content\/uploads\/2023\/03\/e876696f21f14fbbb5317ea163177844-1.jpg 1356w\" sizes=\"auto, (max-width: 634px) 100vw, 634px\" \/><\/figure>\n<\/div>\n\n\n<p class=\"wp-block-paragraph\">Ainsi, Tuchel arrive dans une ambiance tendue et souhaite donc ramener de la bonne humeur dans le groupe. Il veut \u00e9galement relancer des joueurs qui n\u2019\u00e9taient pas au mieux sous les ordres de son pr\u00e9d\u00e9cesseur, notamment Sadio Man\u00e9.<\/p>\n\n\n\n<p class=\"wp-block-paragraph\">Selon Bild, la star s\u00e9n\u00e9galaise aurait m\u00eame eu un gros clash avec Nagelsmann apr\u00e8s un match face au PSG. Le changement d\u2019entra\u00eeneur est donc une bonne nouvelle pour lui. D\u2019apr\u00e8s le m\u00e9dia allemand, Tuchel compte utiliser Sadio Man\u00e9 \u00e0 son poste de pr\u00e9dilection, qui est celui d\u2019ailier. Sou Nagelsmann, Man\u00e9 peinait \u00e0 trouvait sa place et tanguait entre le poste d\u2019ailier et celui d\u2019attaquant de pointe. Avec Tuchel, le S\u00e9n\u00e9gal va d\u2019onc se stabiliser, lit-on sur le m\u00e9dia.<\/p>\n\n\n\n<p class=\"wp-block-paragraph\"> Tuchel veut aussi r\u00e9ussir son op\u00e9ration s\u00e9duction dans le groupe en s\u00e9duisant des joueurs importants comme Thomas M\u00fcller, Joshua Kimmich et Leon Goretzka, tout en esp\u00e9rant qu\u2019ils adh\u00e8rent \u00e0 sa philosophie de jeu. L\u2019entra\u00eeneur allemand souhaiterait \u00e9galement relancer Leroy San\u00e9. Tuchel veut en faire un \u00e9l\u00e9ment important du groupe en le positionnant en tant qu\u2019ailier, son meilleur poste. Il veut \u00e9galement relancer Serge Gnabry, qui n\u2019\u00e9tait pas un grand fan de Nagelsmann.<\/p>\n\n\n\n<p class=\"wp-block-paragraph\"><strong>Avec Senenews<\/strong><\/p>\n\n\n\n<p class=\"wp-block-paragraph\"><strong><em>@macite.info<\/em><\/strong><\/p>\n\n\n\n<p class=\"wp-block-paragraph\"><strong><em>E-mail&nbsp;: <\/em><\/strong><a href=\"mailto:maciteinfo@gmail.com\"><strong><em>maciteinfo@gmail.com<\/em><\/strong><\/a><strong><em>; <\/em><\/strong><a href=\"mailto:bawela1@gmail.com\"><strong><em>bawela1@gmail.com<\/em><\/strong><\/a><\/p>\n\n\n\n<p class=\"wp-block-paragraph\"><strong><em>Pour vos annonces, (publi)reportages, etc., joignez nous au (00228)91515309\/<strong>79872224 <\/strong><\/em><\/strong><a href=\"http:\/\/www.macite.info\"><strong><em>www.macite.info<\/em><\/strong><\/a><strong><em>, L\u2019information, la bonne&nbsp;!<\/em><\/strong><\/p>\n","protected":false},"excerpt":{"rendered":"<p class=\"text-justify mb-2\" >Depuis vendredi dernier, les dirigeants du club bavarois ont d\u00e9cid\u00e9 de confier les r\u00eanes de l\u2019\u00e9quipe \u00e0 l\u2019ex entraineur des Blues de Chelsea, \u00e0 Thomas Tuchel. Cette d\u00e9cision sonne un nouveau d\u00e9part pour le club champion d\u2019Allemagne. Le technicien de 49 ans est connu pour [&hellip;]<\/p>\n","protected":false},"author":2,"featured_media":4500,"comment_status":"open","ping_status":"open","sticky":false,"template":"","format":"standard","meta":{"footnotes":""},"categories":[7],"tags":[],"class_list":["post-4496","post","type-post","status-publish","format-standard","has-post-thumbnail","hentry","category-sports"],"yoast_head":"<!-- This site is optimized with the Yoast SEO plugin v28.4 - https:\/\/yoast.com\/product\/yoast-seo-wordpress\/ -->\n<title>THOMAS TUCHEL AU BAYERN MUNICH\u00a0: Les grands chantiers du successeur de Julian Nagelsmann sur le banc bavarois -<\/title>\n<meta name=\"robots\" content=\"index, follow, max-snippet:-1, max-image-preview:large, max-video-preview:-1\" \/>\n<link rel=\"canonical\" href=\"https:\/\/macite.tg\/?p=4496\" \/>\n<meta property=\"og:locale\" content=\"fr_FR\" \/>\n<meta property=\"og:type\" content=\"article\" \/>\n<meta property=\"og:title\" content=\"THOMAS TUCHEL AU BAYERN MUNICH\u00a0: Les grands chantiers du successeur de Julian Nagelsmann sur le banc bavarois -\" \/>\n<meta property=\"og:description\" content=\"Depuis vendredi dernier, les dirigeants du club bavarois ont d\u00e9cid\u00e9 de confier les r\u00eanes de l\u2019\u00e9quipe \u00e0 l\u2019ex entraineur des Blues de Chelsea, \u00e0 Thomas Tuchel. Cette d\u00e9cision sonne un nouveau d\u00e9part pour le club champion d\u2019Allemagne. Le technicien de 49 ans est connu pour [&hellip;]\" \/>\n<meta property=\"og:url\" content=\"https:\/\/macite.tg\/?p=4496\" \/>\n<meta property=\"article:published_time\" content=\"2023-03-30T10:55:34+00:00\" \/>\n<meta property=\"article:modified_time\" content=\"2023-03-30T10:55:35+00:00\" \/>\n<meta property=\"og:image\" content=\"https:\/\/macite.tg\/wp-content\/uploads\/2023\/03\/bayern-munich-tout-est-boucle-pour-thomas-tuchel-jusquen-2025.jpg\" \/>\n\t<meta property=\"og:image:width\" content=\"612\" \/>\n\t<meta property=\"og:image:height\" content=\"408\" \/>\n\t<meta property=\"og:image:type\" content=\"image\/jpeg\" \/>\n<meta name=\"author\" content=\"Jean Pierre BAWELA\" \/>\n<meta name=\"twitter:card\" content=\"summary_large_image\" \/>\n<meta name=\"twitter:label1\" content=\"\u00c9crit par\" \/>\n\t<meta name=\"twitter:data1\" content=\"Jean Pierre BAWELA\" \/>\n\t<meta name=\"twitter:label2\" content=\"Dur\u00e9e de lecture estim\u00e9e\" \/>\n\t<meta name=\"twitter:data2\" content=\"2 minutes\" \/>\n<script type=\"application\/ld+json\" class=\"yoast-schema-graph\">{\"@context\":\"https:\\\/\\\/schema.org\",\"@graph\":[{\"@type\":\"Article\",\"@id\":\"https:\\\/\\\/macite.tg\\\/?p=4496#article\",\"isPartOf\":{\"@id\":\"https:\\\/\\\/macite.tg\\\/?p=4496\"},\"author\":{\"name\":\"Jean Pierre BAWELA\",\"@id\":\"https:\\\/\\\/macite.tg\\\/#\\\/schema\\\/person\\\/e9f2de7e5dbbe7770a9402c7ce82f5c2\"},\"headline\":\"THOMAS TUCHEL AU BAYERN MUNICH\u00a0: Les grands chantiers du successeur de Julian Nagelsmann sur le banc bavarois\",\"datePublished\":\"2023-03-30T10:55:34+00:00\",\"dateModified\":\"2023-03-30T10:55:35+00:00\",\"mainEntityOfPage\":{\"@id\":\"https:\\\/\\\/macite.tg\\\/?p=4496\"},\"wordCount\":379,\"commentCount\":0,\"image\":{\"@id\":\"https:\\\/\\\/macite.tg\\\/?p=4496#primaryimage\"},\"thumbnailUrl\":\"https:\\\/\\\/macite.tg\\\/wp-content\\\/uploads\\\/2023\\\/03\\\/bayern-munich-tout-est-boucle-pour-thomas-tuchel-jusquen-2025.jpg\",\"articleSection\":[\"SPORTS\"],\"inLanguage\":\"fr-FR\",\"potentialAction\":[{\"@type\":\"CommentAction\",\"name\":\"Comment\",\"target\":[\"https:\\\/\\\/macite.tg\\\/?p=4496#respond\"]}]},{\"@type\":\"WebPage\",\"@id\":\"https:\\\/\\\/macite.tg\\\/?p=4496\",\"url\":\"https:\\\/\\\/macite.tg\\\/?p=4496\",\"name\":\"THOMAS TUCHEL AU BAYERN MUNICH\u00a0: Les grands chantiers du successeur de Julian Nagelsmann sur le banc bavarois -\",\"isPartOf\":{\"@id\":\"https:\\\/\\\/macite.tg\\\/#website\"},\"primaryImageOfPage\":{\"@id\":\"https:\\\/\\\/macite.tg\\\/?p=4496#primaryimage\"},\"image\":{\"@id\":\"https:\\\/\\\/macite.tg\\\/?p=4496#primaryimage\"},\"thumbnailUrl\":\"https:\\\/\\\/macite.tg\\\/wp-content\\\/uploads\\\/2023\\\/03\\\/bayern-munich-tout-est-boucle-pour-thomas-tuchel-jusquen-2025.jpg\",\"datePublished\":\"2023-03-30T10:55:34+00:00\",\"dateModified\":\"2023-03-30T10:55:35+00:00\",\"author\":{\"@id\":\"https:\\\/\\\/macite.tg\\\/#\\\/schema\\\/person\\\/e9f2de7e5dbbe7770a9402c7ce82f5c2\"},\"breadcrumb\":{\"@id\":\"https:\\\/\\\/macite.tg\\\/?p=4496#breadcrumb\"},\"inLanguage\":\"fr-FR\",\"potentialAction\":[{\"@type\":\"ReadAction\",\"target\":[\"https:\\\/\\\/macite.tg\\\/?p=4496\"]}]},{\"@type\":\"ImageObject\",\"inLanguage\":\"fr-FR\",\"@id\":\"https:\\\/\\\/macite.tg\\\/?p=4496#primaryimage\",\"url\":\"https:\\\/\\\/macite.tg\\\/wp-content\\\/uploads\\\/2023\\\/03\\\/bayern-munich-tout-est-boucle-pour-thomas-tuchel-jusquen-2025.jpg\",\"contentUrl\":\"https:\\\/\\\/macite.tg\\\/wp-content\\\/uploads\\\/2023\\\/03\\\/bayern-munich-tout-est-boucle-pour-thomas-tuchel-jusquen-2025.jpg\",\"width\":612,\"height\":408},{\"@type\":\"BreadcrumbList\",\"@id\":\"https:\\\/\\\/macite.tg\\\/?p=4496#breadcrumb\",\"itemListElement\":[{\"@type\":\"ListItem\",\"position\":1,\"name\":\"Accueil\",\"item\":\"https:\\\/\\\/macite.tg\\\/\"},{\"@type\":\"ListItem\",\"position\":2,\"name\":\"THOMAS TUCHEL AU BAYERN MUNICH\u00a0: Les grands chantiers du successeur de Julian Nagelsmann sur le banc bavarois\"}]},{\"@type\":\"WebSite\",\"@id\":\"https:\\\/\\\/macite.tg\\\/#website\",\"url\":\"https:\\\/\\\/macite.tg\\\/\",\"name\":\"\",\"description\":\"L&#039;information, la bonne!!!\",\"potentialAction\":[{\"@type\":\"SearchAction\",\"target\":{\"@type\":\"EntryPoint\",\"urlTemplate\":\"https:\\\/\\\/macite.tg\\\/?s={search_term_string}\"},\"query-input\":{\"@type\":\"PropertyValueSpecification\",\"valueRequired\":true,\"valueName\":\"search_term_string\"}}],\"inLanguage\":\"fr-FR\"},{\"@type\":\"Person\",\"@id\":\"https:\\\/\\\/macite.tg\\\/#\\\/schema\\\/person\\\/e9f2de7e5dbbe7770a9402c7ce82f5c2\",\"name\":\"Jean Pierre BAWELA\",\"image\":{\"@type\":\"ImageObject\",\"inLanguage\":\"fr-FR\",\"@id\":\"https:\\\/\\\/macite.tg\\\/wp-content\\\/uploads\\\/2023\\\/09\\\/WhatsApp-Image-2023-09-19-at-14.44.41-122x122.jpeg\",\"url\":\"https:\\\/\\\/macite.tg\\\/wp-content\\\/uploads\\\/2023\\\/09\\\/WhatsApp-Image-2023-09-19-at-14.44.41-122x122.jpeg\",\"contentUrl\":\"https:\\\/\\\/macite.tg\\\/wp-content\\\/uploads\\\/2023\\\/09\\\/WhatsApp-Image-2023-09-19-at-14.44.41-122x122.jpeg\",\"caption\":\"Jean Pierre BAWELA\"},\"url\":\"https:\\\/\\\/macite.tg\\\/?author=2\"}]}<\/script>\n<!-- \/ Yoast SEO plugin. -->","yoast_head_json":{"title":"THOMAS TUCHEL AU BAYERN MUNICH\u00a0: Les grands chantiers du successeur de Julian Nagelsmann sur le banc bavarois -","robots":{"index":"index","follow":"follow","max-snippet":"max-snippet:-1","max-image-preview":"max-image-preview:large","max-video-preview":"max-video-preview:-1"},"canonical":"https:\/\/macite.tg\/?p=4496","og_locale":"fr_FR","og_type":"article","og_title":"THOMAS TUCHEL AU BAYERN MUNICH\u00a0: Les grands chantiers du successeur de Julian Nagelsmann sur le banc bavarois -","og_description":"Depuis vendredi dernier, les dirigeants du club bavarois ont d\u00e9cid\u00e9 de confier les r\u00eanes de l\u2019\u00e9quipe \u00e0 l\u2019ex entraineur des Blues de Chelsea, \u00e0 Thomas Tuchel. Cette d\u00e9cision sonne un nouveau d\u00e9part pour le club champion d\u2019Allemagne. Le technicien de 49 ans est connu pour [&hellip;]","og_url":"https:\/\/macite.tg\/?p=4496","article_published_time":"2023-03-30T10:55:34+00:00","article_modified_time":"2023-03-30T10:55:35+00:00","og_image":[{"width":612,"height":408,"url":"https:\/\/macite.tg\/wp-content\/uploads\/2023\/03\/bayern-munich-tout-est-boucle-pour-thomas-tuchel-jusquen-2025.jpg","type":"image\/jpeg"}],"author":"Jean Pierre BAWELA","twitter_card":"summary_large_image","twitter_misc":{"\u00c9crit par":"Jean Pierre BAWELA","Dur\u00e9e de lecture estim\u00e9e":"2 minutes"},"schema":{"@context":"https:\/\/schema.org","@graph":[{"@type":"Article","@id":"https:\/\/macite.tg\/?p=4496#article","isPartOf":{"@id":"https:\/\/macite.tg\/?p=4496"},"author":{"name":"Jean Pierre BAWELA","@id":"https:\/\/macite.tg\/#\/schema\/person\/e9f2de7e5dbbe7770a9402c7ce82f5c2"},"headline":"THOMAS TUCHEL AU BAYERN MUNICH\u00a0: Les grands chantiers du successeur de Julian Nagelsmann sur le banc bavarois","datePublished":"2023-03-30T10:55:34+00:00","dateModified":"2023-03-30T10:55:35+00:00","mainEntityOfPage":{"@id":"https:\/\/macite.tg\/?p=4496"},"wordCount":379,"commentCount":0,"image":{"@id":"https:\/\/macite.tg\/?p=4496#primaryimage"},"thumbnailUrl":"https:\/\/macite.tg\/wp-content\/uploads\/2023\/03\/bayern-munich-tout-est-boucle-pour-thomas-tuchel-jusquen-2025.jpg","articleSection":["SPORTS"],"inLanguage":"fr-FR","potentialAction":[{"@type":"CommentAction","name":"Comment","target":["https:\/\/macite.tg\/?p=4496#respond"]}]},{"@type":"WebPage","@id":"https:\/\/macite.tg\/?p=4496","url":"https:\/\/macite.tg\/?p=4496","name":"THOMAS TUCHEL AU BAYERN MUNICH\u00a0: Les grands chantiers du successeur de Julian Nagelsmann sur le banc bavarois -","isPartOf":{"@id":"https:\/\/macite.tg\/#website"},"primaryImageOfPage":{"@id":"https:\/\/macite.tg\/?p=4496#primaryimage"},"image":{"@id":"https:\/\/macite.tg\/?p=4496#primaryimage"},"thumbnailUrl":"https:\/\/macite.tg\/wp-content\/uploads\/2023\/03\/bayern-munich-tout-est-boucle-pour-thomas-tuchel-jusquen-2025.jpg","datePublished":"2023-03-30T10:55:34+00:00","dateModified":"2023-03-30T10:55:35+00:00","author":{"@id":"https:\/\/macite.tg\/#\/schema\/person\/e9f2de7e5dbbe7770a9402c7ce82f5c2"},"breadcrumb":{"@id":"https:\/\/macite.tg\/?p=4496#breadcrumb"},"inLanguage":"fr-FR","potentialAction":[{"@type":"ReadAction","target":["https:\/\/macite.tg\/?p=4496"]}]},{"@type":"ImageObject","inLanguage":"fr-FR","@id":"https:\/\/macite.tg\/?p=4496#primaryimage","url":"https:\/\/macite.tg\/wp-content\/uploads\/2023\/03\/bayern-munich-tout-est-boucle-pour-thomas-tuchel-jusquen-2025.jpg","contentUrl":"https:\/\/macite.tg\/wp-content\/uploads\/2023\/03\/bayern-munich-tout-est-boucle-pour-thomas-tuchel-jusquen-2025.jpg","width":612,"height":408},{"@type":"BreadcrumbList","@id":"https:\/\/macite.tg\/?p=4496#breadcrumb","itemListElement":[{"@type":"ListItem","position":1,"name":"Accueil","item":"https:\/\/macite.tg\/"},{"@type":"ListItem","position":2,"name":"THOMAS TUCHEL AU BAYERN MUNICH\u00a0: Les grands chantiers du successeur de Julian Nagelsmann sur le banc bavarois"}]},{"@type":"WebSite","@id":"https:\/\/macite.tg\/#website","url":"https:\/\/macite.tg\/","name":"","description":"L&#039;information, la bonne!!!","potentialAction":[{"@type":"SearchAction","target":{"@type":"EntryPoint","urlTemplate":"https:\/\/macite.tg\/?s={search_term_string}"},"query-input":{"@type":"PropertyValueSpecification","valueRequired":true,"valueName":"search_term_string"}}],"inLanguage":"fr-FR"},{"@type":"Person","@id":"https:\/\/macite.tg\/#\/schema\/person\/e9f2de7e5dbbe7770a9402c7ce82f5c2","name":"Jean Pierre BAWELA","image":{"@type":"ImageObject","inLanguage":"fr-FR","@id":"https:\/\/macite.tg\/wp-content\/uploads\/2023\/09\/WhatsApp-Image-2023-09-19-at-14.44.41-122x122.jpeg","url":"https:\/\/macite.tg\/wp-content\/uploads\/2023\/09\/WhatsApp-Image-2023-09-19-at-14.44.41-122x122.jpeg","contentUrl":"https:\/\/macite.tg\/wp-content\/uploads\/2023\/09\/WhatsApp-Image-2023-09-19-at-14.44.41-122x122.jpeg","caption":"Jean Pierre BAWELA"},"url":"https:\/\/macite.tg\/?author=2"}]}},"_links":{"self":[{"href":"https:\/\/macite.tg\/index.php?rest_route=\/wp\/v2\/posts\/4496","targetHints":{"allow":["GET"]}}],"collection":[{"href":"https:\/\/macite.tg\/index.php?rest_route=\/wp\/v2\/posts"}],"about":[{"href":"https:\/\/macite.tg\/index.php?rest_route=\/wp\/v2\/types\/post"}],"author":[{"embeddable":true,"href":"https:\/\/macite.tg\/index.php?rest_route=\/wp\/v2\/users\/2"}],"replies":[{"embeddable":true,"href":"https:\/\/macite.tg\/index.php?rest_route=%2Fwp%2Fv2%2Fcomments&post=4496"}],"version-history":[{"count":0,"href":"https:\/\/macite.tg\/index.php?rest_route=\/wp\/v2\/posts\/4496\/revisions"}],"wp:featuredmedia":[{"embeddable":true,"href":"https:\/\/macite.tg\/index.php?rest_route=\/wp\/v2\/media\/4500"}],"wp:attachment":[{"href":"https:\/\/macite.tg\/index.php?rest_route=%2Fwp%2Fv2%2Fmedia&parent=4496"}],"wp:term":[{"taxonomy":"category","embeddable":true,"href":"https:\/\/macite.tg\/index.php?rest_route=%2Fwp%2Fv2%2Fcategories&post=4496"},{"taxonomy":"post_tag","embeddable":true,"href":"https:\/\/macite.tg\/index.php?rest_route=%2Fwp%2Fv2%2Ftags&post=4496"}],"curies":[{"name":"wp","href":"https:\/\/api.w.org\/{rel}","templated":true}]}}