{"id":4487,"date":"2023-03-29T15:56:03","date_gmt":"2023-03-29T15:56:03","guid":{"rendered":"https:\/\/macite.info\/?p=4487"},"modified":"2023-03-29T15:56:05","modified_gmt":"2023-03-29T15:56:05","slug":"ryanair-desormais-une-nouvelle-liaison-aerienne-entre-ouarzazate-et-londres","status":"publish","type":"post","link":"https:\/\/macite.tg\/?p=4487","title":{"rendered":"<strong>RYANAIR\u00a0: D\u00e9sormais une nouvelle liaison a\u00e9rienne entre Ouarzazate et Londres<\/strong>"},"content":{"rendered":"\n<p class=\"wp-block-paragraph\"><em>La compagnie a\u00e9rienne irlandaise Ryanair a inaugur\u00e9, hier mardi 28 mars, une nouvelle liaison a\u00e9rienne entre Ouarzazate et Londres qui sera op\u00e9r\u00e9e \u00e0 raison de deux vols hebdomadaires, dans le cadre de son programme d\u2019\u00e9t\u00e9 2023.<\/em><\/p>\n\n\n\n<h5 class=\"wp-block-heading\"><i class=\"fas fa-pencil-alt\"> <\/i><span><strong>Le vol inaugural de cette nouvelle desserte a\u00e9rienne, effectu\u00e9e avec un avion de type Boeing 737 d\u2019une capacit\u00e9 de 180 places, a atterri \u00e0 l\u2019a\u00e9roport de Ouarzazate (ville au sud des montagnes du Haut\u00a0Atlas marocain) en provenance de la capitale de la Grande Bretagne. Une c\u00e9r\u00e9monie a \u00e9t\u00e9 organis\u00e9e \u00e0 cette occasion, en pr\u00e9sence de plusieurs responsables locaux.<\/strong><\/h5>\n\n\n\n<h5 class=\"wp-block-heading\"><i class=\"fas fa-pencil-alt\"> <\/i><span><strong>Le commandant de l\u2019a\u00e9roport de Ouarzazate, Ahmed Sajib, a soulign\u00e9 que cette nouvelle desserte a\u00e9rienne vient renforcer les laissions a\u00e9riennes assur\u00e9es \u00e0 partir de cette plateforme a\u00e9roportuaire vers des destinations internationales dans le continent europ\u00e9en.<\/strong><\/h5>\n\n\n<div class=\"wp-block-image\">\n<figure class=\"aligncenter size-large is-resized\"><img loading=\"lazy\" decoding=\"async\" src=\"https:\/\/macite.tg\/wp-content\/uploads\/2023\/03\/e876696f21f14fbbb5317ea163177844-1-868x1024.jpg\" alt=\"\" class=\"wp-image-4458\" width=\"714\" height=\"841\" srcset=\"https:\/\/macite.tg\/wp-content\/uploads\/2023\/03\/e876696f21f14fbbb5317ea163177844-1-868x1024.jpg 868w, https:\/\/macite.tg\/wp-content\/uploads\/2023\/03\/e876696f21f14fbbb5317ea163177844-1-254x300.jpg 254w, https:\/\/macite.tg\/wp-content\/uploads\/2023\/03\/e876696f21f14fbbb5317ea163177844-1-768x906.jpg 768w, https:\/\/macite.tg\/wp-content\/uploads\/2023\/03\/e876696f21f14fbbb5317ea163177844-1-1302x1536.jpg 1302w, https:\/\/macite.tg\/wp-content\/uploads\/2023\/03\/e876696f21f14fbbb5317ea163177844-1.jpg 1356w\" sizes=\"auto, (max-width: 714px) 100vw, 714px\" \/><\/figure>\n<\/div>\n\n\n<h5 class=\"wp-block-heading\"><i class=\"fas fa-pencil-alt\"> <\/i><span><strong>Il a pr\u00e9cis\u00e9, dans une d\u00e9claration \u00e0 la MAP (Agence marocaine de presse), qu\u2019il s\u2019agit de la deuxi\u00e8me nouvelle liaison a\u00e9rienne internationale inaugur\u00e9e au niveau de l\u2019a\u00e9roport de Ouarzazate en quelques jours, apr\u00e8s celle lanc\u00e9e dimanche vers Barcelone.<\/strong><\/h5>\n\n\n\n<h5 class=\"wp-block-heading\"><i class=\"fas fa-pencil-alt\"> <\/i><span><strong>Ces deux nouvelles liaisons a\u00e9riennes, inaugur\u00e9es gr\u00e2ce aux efforts de plusieurs intervenants et acteurs concern\u00e9s, auront, sans nul doute, des retomb\u00e9es positives sur l\u2019activit\u00e9 touristique au niveau de la province de Ouarzazate, a affirm\u00e9 M. Sajib.<\/strong><\/h5>\n\n\n\n<h5 class=\"wp-block-heading\"><i class=\"fas fa-pencil-alt\"> <\/i><span><strong>L\u2019ouverture de cette ligne s\u2019inscrit dans le cadre de la strat\u00e9gie de l\u2019Office National Marocain du Tourisme (ONMT) et les compagnies a\u00e9riennes nationales et internationales pour \u00e9lever le nombre de touristes \u00e9trangers visant le Maroc, promouvoir le secteur du tourisme et tirer profit de la position g\u00e9ographique strat\u00e9gique dont jouit le Maroc, a-t-il soulign\u00e9.<\/strong><\/h5>\n\n\n\n<h5 class=\"wp-block-heading\"><i class=\"fas fa-pencil-alt\"> <\/i><span><strong>Pour sa part, Said Amrani, vice-pr\u00e9sident du Conseil provincial du tourisme (CPT) de Ouarzazate, a salu\u00e9 les efforts qui ont conduit au lancement de cette nouvelle ligne a\u00e9rienne, ajoutant que cette liaison contribuera indubitablement \u00e0 donner un coup d\u2019acc\u00e9l\u00e9rateur au secteur touristique.<\/strong><\/h5>\n\n\n\n<h5 class=\"wp-block-heading\"><i class=\"fas fa-pencil-alt\"> <\/i><span><strong>L\u2019ONMT avait annonc\u00e9 en f\u00e9vrier un programme \u00e9largi qui concerne huit destinations touristiques marocaines, afin de les accompagner pour bien pr\u00e9parer la saison estivale.<\/strong><\/h5>\n\n\n\n<h5 class=\"wp-block-heading\"><i class=\"fas fa-pencil-alt\"> <\/i><span><strong>Ainsi, l\u2019ONMT a impuls\u00e9 l\u2019ouverture de 35 nouvelles lignes avec 10 compagnies a\u00e9riennes au titre de la saison estivale 2023.<\/strong><\/h5>\n\n\n\n<p class=\"wp-block-paragraph\"><strong>Source&nbsp;: acmrci<\/strong><\/p>\n\n\n\n<p class=\"wp-block-paragraph\"><strong><em>@macite.info<\/em><\/strong><\/p>\n\n\n\n<p class=\"wp-block-paragraph\"><strong><em>E-mail&nbsp;: <\/em><\/strong><a href=\"mailto:maciteinfo@gmail.com\"><strong><em>maciteinfo@gmail.com<\/em><\/strong><\/a><strong><em>; <\/em><\/strong><a href=\"mailto:bawela1@gmail.com\"><strong><em>bawela1@gmail.com<\/em><\/strong><\/a><strong><em><\/em><\/strong><\/p>\n\n\n\n<p class=\"wp-block-paragraph\"><strong><em>Pour vos annonces, (publi)reportages, etc., joignez nous au (00228)91515309\/<strong>79872224 <\/strong><\/em><\/strong><a href=\"http:\/\/www.macite.info\"><strong><em>www.macite.info<\/em><\/strong><\/a><strong><em>, L\u2019information, la bonne&nbsp;!<\/em><\/strong><\/p>\n","protected":false},"excerpt":{"rendered":"<p class=\"text-justify mb-2\" >La compagnie a\u00e9rienne irlandaise Ryanair a inaugur\u00e9, hier mardi 28 mars, une nouvelle liaison a\u00e9rienne entre Ouarzazate et Londres qui sera op\u00e9r\u00e9e \u00e0 raison de deux vols hebdomadaires, dans le cadre de son programme d\u2019\u00e9t\u00e9 2023. Le vol inaugural de cette nouvelle desserte a\u00e9rienne, effectu\u00e9e [&hellip;]<\/p>\n","protected":false},"author":2,"featured_media":4490,"comment_status":"open","ping_status":"open","sticky":false,"template":"","format":"standard","meta":{"footnotes":""},"categories":[41],"tags":[],"class_list":["post-4487","post","type-post","status-publish","format-standard","has-post-thumbnail","hentry","category-transports"],"yoast_head":"<!-- This site is optimized with the Yoast SEO plugin v28.4 - https:\/\/yoast.com\/product\/yoast-seo-wordpress\/ -->\n<title>RYANAIR\u00a0: D\u00e9sormais une nouvelle liaison a\u00e9rienne entre Ouarzazate et Londres -<\/title>\n<meta name=\"robots\" content=\"index, follow, max-snippet:-1, max-image-preview:large, max-video-preview:-1\" \/>\n<link rel=\"canonical\" href=\"https:\/\/macite.tg\/?p=4487\" \/>\n<meta property=\"og:locale\" content=\"fr_FR\" \/>\n<meta property=\"og:type\" content=\"article\" \/>\n<meta property=\"og:title\" content=\"RYANAIR\u00a0: D\u00e9sormais une nouvelle liaison a\u00e9rienne entre Ouarzazate et Londres -\" \/>\n<meta property=\"og:description\" content=\"La compagnie a\u00e9rienne irlandaise Ryanair a inaugur\u00e9, hier mardi 28 mars, une nouvelle liaison a\u00e9rienne entre Ouarzazate et Londres qui sera op\u00e9r\u00e9e \u00e0 raison de deux vols hebdomadaires, dans le cadre de son programme d\u2019\u00e9t\u00e9 2023. Le vol inaugural de cette nouvelle desserte a\u00e9rienne, effectu\u00e9e [&hellip;]\" \/>\n<meta property=\"og:url\" content=\"https:\/\/macite.tg\/?p=4487\" \/>\n<meta property=\"article:published_time\" content=\"2023-03-29T15:56:03+00:00\" \/>\n<meta property=\"article:modified_time\" content=\"2023-03-29T15:56:05+00:00\" \/>\n<meta property=\"og:image\" content=\"https:\/\/macite.tg\/wp-content\/uploads\/2023\/03\/ryanair-vol-agadir-paris-beauvais.jpg\" \/>\n\t<meta property=\"og:image:width\" content=\"800\" \/>\n\t<meta property=\"og:image:height\" content=\"500\" \/>\n\t<meta property=\"og:image:type\" content=\"image\/jpeg\" \/>\n<meta name=\"author\" content=\"Jean Pierre BAWELA\" \/>\n<meta name=\"twitter:card\" content=\"summary_large_image\" \/>\n<meta name=\"twitter:label1\" content=\"\u00c9crit par\" \/>\n\t<meta name=\"twitter:data1\" content=\"Jean Pierre BAWELA\" \/>\n\t<meta name=\"twitter:label2\" content=\"Dur\u00e9e de lecture estim\u00e9e\" \/>\n\t<meta name=\"twitter:data2\" content=\"3 minutes\" \/>\n<script type=\"application\/ld+json\" class=\"yoast-schema-graph\">{\"@context\":\"https:\\\/\\\/schema.org\",\"@graph\":[{\"@type\":\"Article\",\"@id\":\"https:\\\/\\\/macite.tg\\\/?p=4487#article\",\"isPartOf\":{\"@id\":\"https:\\\/\\\/macite.tg\\\/?p=4487\"},\"author\":{\"name\":\"Jean Pierre BAWELA\",\"@id\":\"https:\\\/\\\/macite.tg\\\/#\\\/schema\\\/person\\\/e9f2de7e5dbbe7770a9402c7ce82f5c2\"},\"headline\":\"RYANAIR\u00a0: D\u00e9sormais une nouvelle liaison a\u00e9rienne entre Ouarzazate et Londres\",\"datePublished\":\"2023-03-29T15:56:03+00:00\",\"dateModified\":\"2023-03-29T15:56:05+00:00\",\"mainEntityOfPage\":{\"@id\":\"https:\\\/\\\/macite.tg\\\/?p=4487\"},\"wordCount\":429,\"commentCount\":0,\"image\":{\"@id\":\"https:\\\/\\\/macite.tg\\\/?p=4487#primaryimage\"},\"thumbnailUrl\":\"https:\\\/\\\/macite.tg\\\/wp-content\\\/uploads\\\/2023\\\/03\\\/ryanair-vol-agadir-paris-beauvais.jpg\",\"articleSection\":[\"TRANSPORTS\"],\"inLanguage\":\"fr-FR\",\"potentialAction\":[{\"@type\":\"CommentAction\",\"name\":\"Comment\",\"target\":[\"https:\\\/\\\/macite.tg\\\/?p=4487#respond\"]}]},{\"@type\":\"WebPage\",\"@id\":\"https:\\\/\\\/macite.tg\\\/?p=4487\",\"url\":\"https:\\\/\\\/macite.tg\\\/?p=4487\",\"name\":\"RYANAIR\u00a0: D\u00e9sormais une nouvelle liaison a\u00e9rienne entre Ouarzazate et Londres -\",\"isPartOf\":{\"@id\":\"https:\\\/\\\/macite.tg\\\/#website\"},\"primaryImageOfPage\":{\"@id\":\"https:\\\/\\\/macite.tg\\\/?p=4487#primaryimage\"},\"image\":{\"@id\":\"https:\\\/\\\/macite.tg\\\/?p=4487#primaryimage\"},\"thumbnailUrl\":\"https:\\\/\\\/macite.tg\\\/wp-content\\\/uploads\\\/2023\\\/03\\\/ryanair-vol-agadir-paris-beauvais.jpg\",\"datePublished\":\"2023-03-29T15:56:03+00:00\",\"dateModified\":\"2023-03-29T15:56:05+00:00\",\"author\":{\"@id\":\"https:\\\/\\\/macite.tg\\\/#\\\/schema\\\/person\\\/e9f2de7e5dbbe7770a9402c7ce82f5c2\"},\"breadcrumb\":{\"@id\":\"https:\\\/\\\/macite.tg\\\/?p=4487#breadcrumb\"},\"inLanguage\":\"fr-FR\",\"potentialAction\":[{\"@type\":\"ReadAction\",\"target\":[\"https:\\\/\\\/macite.tg\\\/?p=4487\"]}]},{\"@type\":\"ImageObject\",\"inLanguage\":\"fr-FR\",\"@id\":\"https:\\\/\\\/macite.tg\\\/?p=4487#primaryimage\",\"url\":\"https:\\\/\\\/macite.tg\\\/wp-content\\\/uploads\\\/2023\\\/03\\\/ryanair-vol-agadir-paris-beauvais.jpg\",\"contentUrl\":\"https:\\\/\\\/macite.tg\\\/wp-content\\\/uploads\\\/2023\\\/03\\\/ryanair-vol-agadir-paris-beauvais.jpg\",\"width\":800,\"height\":500},{\"@type\":\"BreadcrumbList\",\"@id\":\"https:\\\/\\\/macite.tg\\\/?p=4487#breadcrumb\",\"itemListElement\":[{\"@type\":\"ListItem\",\"position\":1,\"name\":\"Accueil\",\"item\":\"https:\\\/\\\/macite.tg\\\/\"},{\"@type\":\"ListItem\",\"position\":2,\"name\":\"RYANAIR\u00a0: D\u00e9sormais une nouvelle liaison a\u00e9rienne entre Ouarzazate et Londres\"}]},{\"@type\":\"WebSite\",\"@id\":\"https:\\\/\\\/macite.tg\\\/#website\",\"url\":\"https:\\\/\\\/macite.tg\\\/\",\"name\":\"\",\"description\":\"L&#039;information, la bonne!!!\",\"potentialAction\":[{\"@type\":\"SearchAction\",\"target\":{\"@type\":\"EntryPoint\",\"urlTemplate\":\"https:\\\/\\\/macite.tg\\\/?s={search_term_string}\"},\"query-input\":{\"@type\":\"PropertyValueSpecification\",\"valueRequired\":true,\"valueName\":\"search_term_string\"}}],\"inLanguage\":\"fr-FR\"},{\"@type\":\"Person\",\"@id\":\"https:\\\/\\\/macite.tg\\\/#\\\/schema\\\/person\\\/e9f2de7e5dbbe7770a9402c7ce82f5c2\",\"name\":\"Jean Pierre BAWELA\",\"image\":{\"@type\":\"ImageObject\",\"inLanguage\":\"fr-FR\",\"@id\":\"https:\\\/\\\/macite.tg\\\/wp-content\\\/uploads\\\/2023\\\/09\\\/WhatsApp-Image-2023-09-19-at-14.44.41-122x122.jpeg\",\"url\":\"https:\\\/\\\/macite.tg\\\/wp-content\\\/uploads\\\/2023\\\/09\\\/WhatsApp-Image-2023-09-19-at-14.44.41-122x122.jpeg\",\"contentUrl\":\"https:\\\/\\\/macite.tg\\\/wp-content\\\/uploads\\\/2023\\\/09\\\/WhatsApp-Image-2023-09-19-at-14.44.41-122x122.jpeg\",\"caption\":\"Jean Pierre BAWELA\"},\"url\":\"https:\\\/\\\/macite.tg\\\/?author=2\"}]}<\/script>\n<!-- \/ Yoast SEO plugin. -->","yoast_head_json":{"title":"RYANAIR\u00a0: D\u00e9sormais une nouvelle liaison a\u00e9rienne entre Ouarzazate et Londres -","robots":{"index":"index","follow":"follow","max-snippet":"max-snippet:-1","max-image-preview":"max-image-preview:large","max-video-preview":"max-video-preview:-1"},"canonical":"https:\/\/macite.tg\/?p=4487","og_locale":"fr_FR","og_type":"article","og_title":"RYANAIR\u00a0: D\u00e9sormais une nouvelle liaison a\u00e9rienne entre Ouarzazate et Londres -","og_description":"La compagnie a\u00e9rienne irlandaise Ryanair a inaugur\u00e9, hier mardi 28 mars, une nouvelle liaison a\u00e9rienne entre Ouarzazate et Londres qui sera op\u00e9r\u00e9e \u00e0 raison de deux vols hebdomadaires, dans le cadre de son programme d\u2019\u00e9t\u00e9 2023. Le vol inaugural de cette nouvelle desserte a\u00e9rienne, effectu\u00e9e [&hellip;]","og_url":"https:\/\/macite.tg\/?p=4487","article_published_time":"2023-03-29T15:56:03+00:00","article_modified_time":"2023-03-29T15:56:05+00:00","og_image":[{"width":800,"height":500,"url":"https:\/\/macite.tg\/wp-content\/uploads\/2023\/03\/ryanair-vol-agadir-paris-beauvais.jpg","type":"image\/jpeg"}],"author":"Jean Pierre BAWELA","twitter_card":"summary_large_image","twitter_misc":{"\u00c9crit par":"Jean Pierre BAWELA","Dur\u00e9e de lecture estim\u00e9e":"3 minutes"},"schema":{"@context":"https:\/\/schema.org","@graph":[{"@type":"Article","@id":"https:\/\/macite.tg\/?p=4487#article","isPartOf":{"@id":"https:\/\/macite.tg\/?p=4487"},"author":{"name":"Jean Pierre BAWELA","@id":"https:\/\/macite.tg\/#\/schema\/person\/e9f2de7e5dbbe7770a9402c7ce82f5c2"},"headline":"RYANAIR\u00a0: D\u00e9sormais une nouvelle liaison a\u00e9rienne entre Ouarzazate et Londres","datePublished":"2023-03-29T15:56:03+00:00","dateModified":"2023-03-29T15:56:05+00:00","mainEntityOfPage":{"@id":"https:\/\/macite.tg\/?p=4487"},"wordCount":429,"commentCount":0,"image":{"@id":"https:\/\/macite.tg\/?p=4487#primaryimage"},"thumbnailUrl":"https:\/\/macite.tg\/wp-content\/uploads\/2023\/03\/ryanair-vol-agadir-paris-beauvais.jpg","articleSection":["TRANSPORTS"],"inLanguage":"fr-FR","potentialAction":[{"@type":"CommentAction","name":"Comment","target":["https:\/\/macite.tg\/?p=4487#respond"]}]},{"@type":"WebPage","@id":"https:\/\/macite.tg\/?p=4487","url":"https:\/\/macite.tg\/?p=4487","name":"RYANAIR\u00a0: D\u00e9sormais une nouvelle liaison a\u00e9rienne entre Ouarzazate et Londres -","isPartOf":{"@id":"https:\/\/macite.tg\/#website"},"primaryImageOfPage":{"@id":"https:\/\/macite.tg\/?p=4487#primaryimage"},"image":{"@id":"https:\/\/macite.tg\/?p=4487#primaryimage"},"thumbnailUrl":"https:\/\/macite.tg\/wp-content\/uploads\/2023\/03\/ryanair-vol-agadir-paris-beauvais.jpg","datePublished":"2023-03-29T15:56:03+00:00","dateModified":"2023-03-29T15:56:05+00:00","author":{"@id":"https:\/\/macite.tg\/#\/schema\/person\/e9f2de7e5dbbe7770a9402c7ce82f5c2"},"breadcrumb":{"@id":"https:\/\/macite.tg\/?p=4487#breadcrumb"},"inLanguage":"fr-FR","potentialAction":[{"@type":"ReadAction","target":["https:\/\/macite.tg\/?p=4487"]}]},{"@type":"ImageObject","inLanguage":"fr-FR","@id":"https:\/\/macite.tg\/?p=4487#primaryimage","url":"https:\/\/macite.tg\/wp-content\/uploads\/2023\/03\/ryanair-vol-agadir-paris-beauvais.jpg","contentUrl":"https:\/\/macite.tg\/wp-content\/uploads\/2023\/03\/ryanair-vol-agadir-paris-beauvais.jpg","width":800,"height":500},{"@type":"BreadcrumbList","@id":"https:\/\/macite.tg\/?p=4487#breadcrumb","itemListElement":[{"@type":"ListItem","position":1,"name":"Accueil","item":"https:\/\/macite.tg\/"},{"@type":"ListItem","position":2,"name":"RYANAIR\u00a0: D\u00e9sormais une nouvelle liaison a\u00e9rienne entre Ouarzazate et Londres"}]},{"@type":"WebSite","@id":"https:\/\/macite.tg\/#website","url":"https:\/\/macite.tg\/","name":"","description":"L&#039;information, la bonne!!!","potentialAction":[{"@type":"SearchAction","target":{"@type":"EntryPoint","urlTemplate":"https:\/\/macite.tg\/?s={search_term_string}"},"query-input":{"@type":"PropertyValueSpecification","valueRequired":true,"valueName":"search_term_string"}}],"inLanguage":"fr-FR"},{"@type":"Person","@id":"https:\/\/macite.tg\/#\/schema\/person\/e9f2de7e5dbbe7770a9402c7ce82f5c2","name":"Jean Pierre BAWELA","image":{"@type":"ImageObject","inLanguage":"fr-FR","@id":"https:\/\/macite.tg\/wp-content\/uploads\/2023\/09\/WhatsApp-Image-2023-09-19-at-14.44.41-122x122.jpeg","url":"https:\/\/macite.tg\/wp-content\/uploads\/2023\/09\/WhatsApp-Image-2023-09-19-at-14.44.41-122x122.jpeg","contentUrl":"https:\/\/macite.tg\/wp-content\/uploads\/2023\/09\/WhatsApp-Image-2023-09-19-at-14.44.41-122x122.jpeg","caption":"Jean Pierre BAWELA"},"url":"https:\/\/macite.tg\/?author=2"}]}},"_links":{"self":[{"href":"https:\/\/macite.tg\/index.php?rest_route=\/wp\/v2\/posts\/4487","targetHints":{"allow":["GET"]}}],"collection":[{"href":"https:\/\/macite.tg\/index.php?rest_route=\/wp\/v2\/posts"}],"about":[{"href":"https:\/\/macite.tg\/index.php?rest_route=\/wp\/v2\/types\/post"}],"author":[{"embeddable":true,"href":"https:\/\/macite.tg\/index.php?rest_route=\/wp\/v2\/users\/2"}],"replies":[{"embeddable":true,"href":"https:\/\/macite.tg\/index.php?rest_route=%2Fwp%2Fv2%2Fcomments&post=4487"}],"version-history":[{"count":0,"href":"https:\/\/macite.tg\/index.php?rest_route=\/wp\/v2\/posts\/4487\/revisions"}],"wp:featuredmedia":[{"embeddable":true,"href":"https:\/\/macite.tg\/index.php?rest_route=\/wp\/v2\/media\/4490"}],"wp:attachment":[{"href":"https:\/\/macite.tg\/index.php?rest_route=%2Fwp%2Fv2%2Fmedia&parent=4487"}],"wp:term":[{"taxonomy":"category","embeddable":true,"href":"https:\/\/macite.tg\/index.php?rest_route=%2Fwp%2Fv2%2Fcategories&post=4487"},{"taxonomy":"post_tag","embeddable":true,"href":"https:\/\/macite.tg\/index.php?rest_route=%2Fwp%2Fv2%2Ftags&post=4487"}],"curies":[{"name":"wp","href":"https:\/\/api.w.org\/{rel}","templated":true}]}}