{"id":4466,"date":"2023-03-29T09:43:08","date_gmt":"2023-03-29T09:43:08","guid":{"rendered":"https:\/\/macite.info\/?p=4466"},"modified":"2023-03-29T09:43:09","modified_gmt":"2023-03-29T09:43:09","slug":"pour-le-bien-etre-des-enfants-des-creches-pour-une-inclusion-sociale-reussie","status":"publish","type":"post","link":"https:\/\/macite.tg\/?p=4466","title":{"rendered":"POUR LE BIEN-\u00caTRE DES ENFANTS : Des cr\u00e8ches pour une inclusion sociale r\u00e9ussie"},"content":{"rendered":"\n<p class=\"wp-block-paragraph\"><strong><em>Une cr\u00e8che est un lieu d&rsquo;accueil collectif qui est destin\u00e9 aux enfants sans aucune distinction. Elle a pour r\u00f4le de pallier au mieux l&rsquo;absence des parents, sans tout de m\u00eame s&rsquo;y substituer. Au Togo, des cr\u00e8ches sont construites pour faciliter l&rsquo;inclusion sociale de cette couche vuln\u00e9rable de la population.<\/em><\/strong><\/p>\n\n\n\n<p class=\"wp-block-paragraph\">Les cr\u00e8ches au Togo ont pour vocation d&rsquo;accueillir des enfants en \u00e2ge pr\u00e9scolaire. Ces derniers sont plac\u00e9s sous la responsabilit\u00e9 des professionnels qualifi\u00e9s qui s&rsquo;occupent de leur bien-\u00eatre, leur sant\u00e9, s\u00e9curit\u00e9 et d\u00e9veloppement dans le respect de l&rsquo;autorit\u00e9 parentale. Selon le Gouvernement, \u00e0 ce jour, on en d\u00e9nombre 28 sur le territoire. Le minist\u00e8re de l&rsquo;Action sociale, de la Promotion de la femme et de l&rsquo;Alphab\u00e9tisation veille \u00e0 ce que soit facilit\u00e9e davantage la conciliation de l&rsquo;encadrement de l&rsquo;enfant avec la vie professionnelle des parents.<\/p>\n\n\n\n<p class=\"wp-block-paragraph\">L&rsquo;organisation de l&rsquo;accueil des enfants dans ces structures, qui respectent des normes et standards, est d\u00e8s lors indispensable. En f\u00e9vrier 2023, le gouvernement a pris sur lui de trouver une r\u00e9glementation pour une efficiente mise en \u0153uvre de la politique de d\u00e9veloppement de la petite enfance ainsi que du bien-\u00eatre de l&rsquo;enfant au Togo.<\/p>\n\n\n<div class=\"wp-block-image\">\n<figure class=\"aligncenter size-large is-resized\"><img loading=\"lazy\" decoding=\"async\" src=\"https:\/\/macite.tg\/wp-content\/uploads\/2023\/03\/e876696f21f14fbbb5317ea163177844-1-868x1024.jpg\" alt=\"\" class=\"wp-image-4458\" width=\"564\" height=\"665\" srcset=\"https:\/\/macite.tg\/wp-content\/uploads\/2023\/03\/e876696f21f14fbbb5317ea163177844-1-868x1024.jpg 868w, https:\/\/macite.tg\/wp-content\/uploads\/2023\/03\/e876696f21f14fbbb5317ea163177844-1-254x300.jpg 254w, https:\/\/macite.tg\/wp-content\/uploads\/2023\/03\/e876696f21f14fbbb5317ea163177844-1-768x906.jpg 768w, https:\/\/macite.tg\/wp-content\/uploads\/2023\/03\/e876696f21f14fbbb5317ea163177844-1-1302x1536.jpg 1302w, https:\/\/macite.tg\/wp-content\/uploads\/2023\/03\/e876696f21f14fbbb5317ea163177844-1.jpg 1356w\" sizes=\"auto, (max-width: 564px) 100vw, 564px\" \/><\/figure>\n<\/div>\n\n\n<p class=\"wp-block-paragraph\">La trentaine de cr\u00e8ches\/garderies qui existent d\u00e9j\u00e0 impactent significativement la vie des enfants et soulagent beaucoup les parents. A ces enfants, la cr\u00e8che offre la possibilit\u00e9 de rencontrer d&rsquo;autres enfants de leur \u00e2ge, d&rsquo;interagir, de d\u00e9velopper des capacit\u00e9s de communication et\/ou d&rsquo;am\u00e9liorer leur langage. Ce sont d&rsquo;importantes infrastructures qui promeuvent le vivre ensemble, de placer les enfants au c\u0153ur d&rsquo;un projet d&rsquo;int\u00e9gration sociale, de faire na\u00eetre chez eux des pratiques bienveillantes bas\u00e9es sur des valeurs comme la dignit\u00e9, la solidarit\u00e9, l&rsquo;amiti\u00e9, la la\u00efcit\u00e9, l&rsquo;acceptation de l&rsquo;autre, la confiance en soi, etc.<\/p>\n\n\n\n<p class=\"wp-block-paragraph\">Au Gouvernement, on affirme que le Togo attache un grand prix aux droits des enfants. Que ce soit leur droit d&rsquo;aller \u00e0 l&rsquo;\u00e9cole, d&rsquo;\u00eatre nourris, soign\u00e9s une fois tomb\u00e9 malade, prot\u00e9g\u00e9s contre les violences physiques, grandir dans un pays favorable \u00e0 leur r\u00e9ussite, le Togo ne fait pas dans la demi-mesure.<\/p>\n\n\n\n<p class=\"wp-block-paragraph\">En 2017, le pays a adopt\u00e9 le Code de l&rsquo;enfant qui optimise la politique de protection de l&rsquo;enfant. La gratuit\u00e9 de l&rsquo;\u00e9cole primaire depuis 2008, la suppression des frais d&rsquo;inscription aux examens, les cantines scolaires, le programme School Assur\u2026 prot\u00e8gent les enfants en milieu scolaire.<\/p>\n\n\n\n<p class=\"wp-block-paragraph\"><strong>(In LE MEDIUM n\u00b0546 du 28 Mars au 03 Avril 2023)<\/strong><\/p>\n\n\n\n<p class=\"wp-block-paragraph\"><strong><em>@macite.info<\/em><\/strong><\/p>\n\n\n\n<p class=\"wp-block-paragraph\"><strong><em>E-mail&nbsp;: <\/em><\/strong><a href=\"mailto:maciteinfo@gmail.com\"><strong><em>maciteinfo@gmail.com<\/em><\/strong><\/a><strong><em>; <\/em><\/strong><a href=\"mailto:bawela1@gmail.com\"><strong><em>bawela1@gmail.com<\/em><\/strong><\/a><strong><em><\/em><\/strong><\/p>\n\n\n\n<p class=\"wp-block-paragraph\"><strong><em>Pour vos annonces, (publi)reportages, etc., joignez nous au (00228)91515309\/<strong>79872224 <\/strong><\/em><\/strong><a href=\"http:\/\/www.macite.info\"><strong><em>www.macite.info<\/em><\/strong><\/a><strong><em>, L\u2019information, la bonne&nbsp;!<\/em><\/strong><strong><em><\/em><\/strong><\/p>\n","protected":false},"excerpt":{"rendered":"<p class=\"text-justify mb-2\" >Une cr\u00e8che est un lieu d&rsquo;accueil collectif qui est destin\u00e9 aux enfants sans aucune distinction. Elle a pour r\u00f4le de pallier au mieux l&rsquo;absence des parents, sans tout de m\u00eame s&rsquo;y substituer. Au Togo, des cr\u00e8ches sont construites pour faciliter l&rsquo;inclusion sociale de cette couche [&hellip;]<\/p>\n","protected":false},"author":2,"featured_media":4470,"comment_status":"open","ping_status":"open","sticky":false,"template":"","format":"standard","meta":{"footnotes":""},"categories":[6],"tags":[],"class_list":["post-4466","post","type-post","status-publish","format-standard","has-post-thumbnail","hentry","category-societe"],"yoast_head":"<!-- This site is optimized with the Yoast SEO plugin v28.4 - https:\/\/yoast.com\/product\/yoast-seo-wordpress\/ -->\n<title>POUR LE BIEN-\u00caTRE DES ENFANTS : Des cr\u00e8ches pour une inclusion sociale r\u00e9ussie -<\/title>\n<meta name=\"robots\" content=\"index, follow, max-snippet:-1, max-image-preview:large, max-video-preview:-1\" \/>\n<link rel=\"canonical\" href=\"https:\/\/macite.tg\/?p=4466\" \/>\n<meta property=\"og:locale\" content=\"fr_FR\" \/>\n<meta property=\"og:type\" content=\"article\" \/>\n<meta property=\"og:title\" content=\"POUR LE BIEN-\u00caTRE DES ENFANTS : Des cr\u00e8ches pour une inclusion sociale r\u00e9ussie -\" \/>\n<meta property=\"og:description\" content=\"Une cr\u00e8che est un lieu d&rsquo;accueil collectif qui est destin\u00e9 aux enfants sans aucune distinction. Elle a pour r\u00f4le de pallier au mieux l&rsquo;absence des parents, sans tout de m\u00eame s&rsquo;y substituer. Au Togo, des cr\u00e8ches sont construites pour faciliter l&rsquo;inclusion sociale de cette couche [&hellip;]\" \/>\n<meta property=\"og:url\" content=\"https:\/\/macite.tg\/?p=4466\" \/>\n<meta property=\"article:published_time\" content=\"2023-03-29T09:43:08+00:00\" \/>\n<meta property=\"article:modified_time\" content=\"2023-03-29T09:43:09+00:00\" \/>\n<meta property=\"og:image\" content=\"https:\/\/macite.tg\/wp-content\/uploads\/2023\/03\/aaa.jpg\" \/>\n\t<meta property=\"og:image:width\" content=\"309\" \/>\n\t<meta property=\"og:image:height\" content=\"163\" \/>\n\t<meta property=\"og:image:type\" content=\"image\/jpeg\" \/>\n<meta name=\"author\" content=\"Jean Pierre BAWELA\" \/>\n<meta name=\"twitter:card\" content=\"summary_large_image\" \/>\n<meta name=\"twitter:label1\" content=\"\u00c9crit par\" \/>\n\t<meta name=\"twitter:data1\" content=\"Jean Pierre BAWELA\" \/>\n\t<meta name=\"twitter:label2\" content=\"Dur\u00e9e de lecture estim\u00e9e\" \/>\n\t<meta name=\"twitter:data2\" content=\"3 minutes\" \/>\n<script type=\"application\/ld+json\" class=\"yoast-schema-graph\">{\"@context\":\"https:\\\/\\\/schema.org\",\"@graph\":[{\"@type\":\"Article\",\"@id\":\"https:\\\/\\\/macite.tg\\\/?p=4466#article\",\"isPartOf\":{\"@id\":\"https:\\\/\\\/macite.tg\\\/?p=4466\"},\"author\":{\"name\":\"Jean Pierre BAWELA\",\"@id\":\"https:\\\/\\\/macite.tg\\\/#\\\/schema\\\/person\\\/e9f2de7e5dbbe7770a9402c7ce82f5c2\"},\"headline\":\"POUR LE BIEN-\u00caTRE DES ENFANTS : Des cr\u00e8ches pour une inclusion sociale r\u00e9ussie\",\"datePublished\":\"2023-03-29T09:43:08+00:00\",\"dateModified\":\"2023-03-29T09:43:09+00:00\",\"mainEntityOfPage\":{\"@id\":\"https:\\\/\\\/macite.tg\\\/?p=4466\"},\"wordCount\":486,\"commentCount\":0,\"image\":{\"@id\":\"https:\\\/\\\/macite.tg\\\/?p=4466#primaryimage\"},\"thumbnailUrl\":\"https:\\\/\\\/macite.tg\\\/wp-content\\\/uploads\\\/2023\\\/03\\\/aaa.jpg\",\"articleSection\":[\"SOCIETE\"],\"inLanguage\":\"fr-FR\",\"potentialAction\":[{\"@type\":\"CommentAction\",\"name\":\"Comment\",\"target\":[\"https:\\\/\\\/macite.tg\\\/?p=4466#respond\"]}]},{\"@type\":\"WebPage\",\"@id\":\"https:\\\/\\\/macite.tg\\\/?p=4466\",\"url\":\"https:\\\/\\\/macite.tg\\\/?p=4466\",\"name\":\"POUR LE BIEN-\u00caTRE DES ENFANTS : Des cr\u00e8ches pour une inclusion sociale r\u00e9ussie -\",\"isPartOf\":{\"@id\":\"https:\\\/\\\/macite.tg\\\/#website\"},\"primaryImageOfPage\":{\"@id\":\"https:\\\/\\\/macite.tg\\\/?p=4466#primaryimage\"},\"image\":{\"@id\":\"https:\\\/\\\/macite.tg\\\/?p=4466#primaryimage\"},\"thumbnailUrl\":\"https:\\\/\\\/macite.tg\\\/wp-content\\\/uploads\\\/2023\\\/03\\\/aaa.jpg\",\"datePublished\":\"2023-03-29T09:43:08+00:00\",\"dateModified\":\"2023-03-29T09:43:09+00:00\",\"author\":{\"@id\":\"https:\\\/\\\/macite.tg\\\/#\\\/schema\\\/person\\\/e9f2de7e5dbbe7770a9402c7ce82f5c2\"},\"breadcrumb\":{\"@id\":\"https:\\\/\\\/macite.tg\\\/?p=4466#breadcrumb\"},\"inLanguage\":\"fr-FR\",\"potentialAction\":[{\"@type\":\"ReadAction\",\"target\":[\"https:\\\/\\\/macite.tg\\\/?p=4466\"]}]},{\"@type\":\"ImageObject\",\"inLanguage\":\"fr-FR\",\"@id\":\"https:\\\/\\\/macite.tg\\\/?p=4466#primaryimage\",\"url\":\"https:\\\/\\\/macite.tg\\\/wp-content\\\/uploads\\\/2023\\\/03\\\/aaa.jpg\",\"contentUrl\":\"https:\\\/\\\/macite.tg\\\/wp-content\\\/uploads\\\/2023\\\/03\\\/aaa.jpg\",\"width\":309,\"height\":163},{\"@type\":\"BreadcrumbList\",\"@id\":\"https:\\\/\\\/macite.tg\\\/?p=4466#breadcrumb\",\"itemListElement\":[{\"@type\":\"ListItem\",\"position\":1,\"name\":\"Accueil\",\"item\":\"https:\\\/\\\/macite.tg\\\/\"},{\"@type\":\"ListItem\",\"position\":2,\"name\":\"POUR LE BIEN-\u00caTRE DES ENFANTS : Des cr\u00e8ches pour une inclusion sociale r\u00e9ussie\"}]},{\"@type\":\"WebSite\",\"@id\":\"https:\\\/\\\/macite.tg\\\/#website\",\"url\":\"https:\\\/\\\/macite.tg\\\/\",\"name\":\"\",\"description\":\"L&#039;information, la bonne!!!\",\"potentialAction\":[{\"@type\":\"SearchAction\",\"target\":{\"@type\":\"EntryPoint\",\"urlTemplate\":\"https:\\\/\\\/macite.tg\\\/?s={search_term_string}\"},\"query-input\":{\"@type\":\"PropertyValueSpecification\",\"valueRequired\":true,\"valueName\":\"search_term_string\"}}],\"inLanguage\":\"fr-FR\"},{\"@type\":\"Person\",\"@id\":\"https:\\\/\\\/macite.tg\\\/#\\\/schema\\\/person\\\/e9f2de7e5dbbe7770a9402c7ce82f5c2\",\"name\":\"Jean Pierre BAWELA\",\"image\":{\"@type\":\"ImageObject\",\"inLanguage\":\"fr-FR\",\"@id\":\"https:\\\/\\\/macite.tg\\\/wp-content\\\/uploads\\\/2023\\\/09\\\/WhatsApp-Image-2023-09-19-at-14.44.41-122x122.jpeg\",\"url\":\"https:\\\/\\\/macite.tg\\\/wp-content\\\/uploads\\\/2023\\\/09\\\/WhatsApp-Image-2023-09-19-at-14.44.41-122x122.jpeg\",\"contentUrl\":\"https:\\\/\\\/macite.tg\\\/wp-content\\\/uploads\\\/2023\\\/09\\\/WhatsApp-Image-2023-09-19-at-14.44.41-122x122.jpeg\",\"caption\":\"Jean Pierre BAWELA\"},\"url\":\"https:\\\/\\\/macite.tg\\\/?author=2\"}]}<\/script>\n<!-- \/ Yoast SEO plugin. -->","yoast_head_json":{"title":"POUR LE BIEN-\u00caTRE DES ENFANTS : Des cr\u00e8ches pour une inclusion sociale r\u00e9ussie -","robots":{"index":"index","follow":"follow","max-snippet":"max-snippet:-1","max-image-preview":"max-image-preview:large","max-video-preview":"max-video-preview:-1"},"canonical":"https:\/\/macite.tg\/?p=4466","og_locale":"fr_FR","og_type":"article","og_title":"POUR LE BIEN-\u00caTRE DES ENFANTS : Des cr\u00e8ches pour une inclusion sociale r\u00e9ussie -","og_description":"Une cr\u00e8che est un lieu d&rsquo;accueil collectif qui est destin\u00e9 aux enfants sans aucune distinction. Elle a pour r\u00f4le de pallier au mieux l&rsquo;absence des parents, sans tout de m\u00eame s&rsquo;y substituer. Au Togo, des cr\u00e8ches sont construites pour faciliter l&rsquo;inclusion sociale de cette couche [&hellip;]","og_url":"https:\/\/macite.tg\/?p=4466","article_published_time":"2023-03-29T09:43:08+00:00","article_modified_time":"2023-03-29T09:43:09+00:00","og_image":[{"width":309,"height":163,"url":"https:\/\/macite.tg\/wp-content\/uploads\/2023\/03\/aaa.jpg","type":"image\/jpeg"}],"author":"Jean Pierre BAWELA","twitter_card":"summary_large_image","twitter_misc":{"\u00c9crit par":"Jean Pierre BAWELA","Dur\u00e9e de lecture estim\u00e9e":"3 minutes"},"schema":{"@context":"https:\/\/schema.org","@graph":[{"@type":"Article","@id":"https:\/\/macite.tg\/?p=4466#article","isPartOf":{"@id":"https:\/\/macite.tg\/?p=4466"},"author":{"name":"Jean Pierre BAWELA","@id":"https:\/\/macite.tg\/#\/schema\/person\/e9f2de7e5dbbe7770a9402c7ce82f5c2"},"headline":"POUR LE BIEN-\u00caTRE DES ENFANTS : Des cr\u00e8ches pour une inclusion sociale r\u00e9ussie","datePublished":"2023-03-29T09:43:08+00:00","dateModified":"2023-03-29T09:43:09+00:00","mainEntityOfPage":{"@id":"https:\/\/macite.tg\/?p=4466"},"wordCount":486,"commentCount":0,"image":{"@id":"https:\/\/macite.tg\/?p=4466#primaryimage"},"thumbnailUrl":"https:\/\/macite.tg\/wp-content\/uploads\/2023\/03\/aaa.jpg","articleSection":["SOCIETE"],"inLanguage":"fr-FR","potentialAction":[{"@type":"CommentAction","name":"Comment","target":["https:\/\/macite.tg\/?p=4466#respond"]}]},{"@type":"WebPage","@id":"https:\/\/macite.tg\/?p=4466","url":"https:\/\/macite.tg\/?p=4466","name":"POUR LE BIEN-\u00caTRE DES ENFANTS : Des cr\u00e8ches pour une inclusion sociale r\u00e9ussie -","isPartOf":{"@id":"https:\/\/macite.tg\/#website"},"primaryImageOfPage":{"@id":"https:\/\/macite.tg\/?p=4466#primaryimage"},"image":{"@id":"https:\/\/macite.tg\/?p=4466#primaryimage"},"thumbnailUrl":"https:\/\/macite.tg\/wp-content\/uploads\/2023\/03\/aaa.jpg","datePublished":"2023-03-29T09:43:08+00:00","dateModified":"2023-03-29T09:43:09+00:00","author":{"@id":"https:\/\/macite.tg\/#\/schema\/person\/e9f2de7e5dbbe7770a9402c7ce82f5c2"},"breadcrumb":{"@id":"https:\/\/macite.tg\/?p=4466#breadcrumb"},"inLanguage":"fr-FR","potentialAction":[{"@type":"ReadAction","target":["https:\/\/macite.tg\/?p=4466"]}]},{"@type":"ImageObject","inLanguage":"fr-FR","@id":"https:\/\/macite.tg\/?p=4466#primaryimage","url":"https:\/\/macite.tg\/wp-content\/uploads\/2023\/03\/aaa.jpg","contentUrl":"https:\/\/macite.tg\/wp-content\/uploads\/2023\/03\/aaa.jpg","width":309,"height":163},{"@type":"BreadcrumbList","@id":"https:\/\/macite.tg\/?p=4466#breadcrumb","itemListElement":[{"@type":"ListItem","position":1,"name":"Accueil","item":"https:\/\/macite.tg\/"},{"@type":"ListItem","position":2,"name":"POUR LE BIEN-\u00caTRE DES ENFANTS : Des cr\u00e8ches pour une inclusion sociale r\u00e9ussie"}]},{"@type":"WebSite","@id":"https:\/\/macite.tg\/#website","url":"https:\/\/macite.tg\/","name":"","description":"L&#039;information, la bonne!!!","potentialAction":[{"@type":"SearchAction","target":{"@type":"EntryPoint","urlTemplate":"https:\/\/macite.tg\/?s={search_term_string}"},"query-input":{"@type":"PropertyValueSpecification","valueRequired":true,"valueName":"search_term_string"}}],"inLanguage":"fr-FR"},{"@type":"Person","@id":"https:\/\/macite.tg\/#\/schema\/person\/e9f2de7e5dbbe7770a9402c7ce82f5c2","name":"Jean Pierre BAWELA","image":{"@type":"ImageObject","inLanguage":"fr-FR","@id":"https:\/\/macite.tg\/wp-content\/uploads\/2023\/09\/WhatsApp-Image-2023-09-19-at-14.44.41-122x122.jpeg","url":"https:\/\/macite.tg\/wp-content\/uploads\/2023\/09\/WhatsApp-Image-2023-09-19-at-14.44.41-122x122.jpeg","contentUrl":"https:\/\/macite.tg\/wp-content\/uploads\/2023\/09\/WhatsApp-Image-2023-09-19-at-14.44.41-122x122.jpeg","caption":"Jean Pierre BAWELA"},"url":"https:\/\/macite.tg\/?author=2"}]}},"_links":{"self":[{"href":"https:\/\/macite.tg\/index.php?rest_route=\/wp\/v2\/posts\/4466","targetHints":{"allow":["GET"]}}],"collection":[{"href":"https:\/\/macite.tg\/index.php?rest_route=\/wp\/v2\/posts"}],"about":[{"href":"https:\/\/macite.tg\/index.php?rest_route=\/wp\/v2\/types\/post"}],"author":[{"embeddable":true,"href":"https:\/\/macite.tg\/index.php?rest_route=\/wp\/v2\/users\/2"}],"replies":[{"embeddable":true,"href":"https:\/\/macite.tg\/index.php?rest_route=%2Fwp%2Fv2%2Fcomments&post=4466"}],"version-history":[{"count":0,"href":"https:\/\/macite.tg\/index.php?rest_route=\/wp\/v2\/posts\/4466\/revisions"}],"wp:featuredmedia":[{"embeddable":true,"href":"https:\/\/macite.tg\/index.php?rest_route=\/wp\/v2\/media\/4470"}],"wp:attachment":[{"href":"https:\/\/macite.tg\/index.php?rest_route=%2Fwp%2Fv2%2Fmedia&parent=4466"}],"wp:term":[{"taxonomy":"category","embeddable":true,"href":"https:\/\/macite.tg\/index.php?rest_route=%2Fwp%2Fv2%2Fcategories&post=4466"},{"taxonomy":"post_tag","embeddable":true,"href":"https:\/\/macite.tg\/index.php?rest_route=%2Fwp%2Fv2%2Ftags&post=4466"}],"curies":[{"name":"wp","href":"https:\/\/api.w.org\/{rel}","templated":true}]}}