{"id":42,"date":"2022-09-16T12:43:32","date_gmt":"2022-09-16T12:43:32","guid":{"rendered":"https:\/\/macite.info\/?p=42"},"modified":"2022-09-16T12:43:33","modified_gmt":"2022-09-16T12:43:33","slug":"funerailles-de-la-reine-elizabeth-le-19-septembre-prochain-voici-les-conditions-imposees-aux-invites","status":"publish","type":"post","link":"https:\/\/macite.tg\/?p=42","title":{"rendered":"FUNERAILLES DE LA REINE ELIZABETH\u00a0LE 19 SEPTEMBRE PROCHAIN : Voici les conditions impos\u00e9es aux invit\u00e9s\u2026"},"content":{"rendered":"\n<p class=\"wp-block-paragraph\"><\/p>\n\n\n\n<p class=\"wp-block-paragraph\"><strong><em>Pas de drapeaux, ni de voitures diplomatiques, les chefs d\u2019\u00c9tat doivent arriver en bus. Telles sont les injonctions du<\/em><\/strong><strong><em> protocole, d\u2019ailleurs envoy\u00e9es aux ambassades des pays invit\u00e9s aux obs\u00e8ques de la Reine Elizabeth II qui auront lieu le 19 septembre prochain.<\/em><\/strong><em><\/em><\/p>\n\n\n\n<p class=\"wp-block-paragraph\">Environ deux mille invit\u00e9s, dont des chefs d\u2019\u00c9tat, des membres de maisons royales et des repr\u00e9sentants du gouvernement, sont attendus aux fun\u00e9railles nationales en l\u2019honneur de la reine Elizabeth qui auront lieu le lundi 19 septembre \u00e0 l\u2019abbaye de Westminster.<\/p>\n\n\n\n<p class=\"wp-block-paragraph\">Comme dans tout \u00e9v\u00e9nement exclusif, un seul repr\u00e9sentant par \u00c9tat invit\u00e9 sera autoris\u00e9 \u00e0 y assister, comme \u00e9tabli par le Bureau des affaires \u00e9trang\u00e8res, du Commonwealth et du d\u00e9veloppement (FCDO), qui a envoy\u00e9 le protocole officiel de l\u2019\u00e9v\u00e9nement aux ambassades des pays invit\u00e9s.<\/p>\n\n\n\n<p class=\"wp-block-paragraph\">La c\u00e9r\u00e9monie aura lieu \u00e0 11h00 heure de Londres (5h00 au Mexique et en Colombie, 7h00 en Argentine et au Chili, 3h00 \u00e0 Los Angeles).<\/p>\n\n\n\n<p class=\"wp-block-paragraph\">La c\u00e9r\u00e9monie se terminera par deux minutes de silence qui seront c\u00e9l\u00e9br\u00e9es conjointement dans tout le pays. La monarque sera enterr\u00e9e \u00e0 c\u00f4t\u00e9 de son mari, le prince Philip , duc d\u2019\u00c9dimbourg, au ch\u00e2teau de Windsor.<\/p>\n\n\n\n<p class=\"wp-block-paragraph\"><strong>Quel est le protocole \u00e0 suivre ?<\/strong><\/p>\n\n\n\n<p class=\"wp-block-paragraph\">Bien que les chefs d\u2019\u00c9tat et les membres de la royaut\u00e9 utilisent s\u00fbrement les voitures officielles de leurs gouvernements pour leurs transferts \u00e0 Londres, celles-ci sont interdites pour rejoindre l\u2019abbaye de Westminster, o\u00f9 repose la d\u00e9pouille de la reine Elizabeth.<\/p>\n\n\n\n<p class=\"wp-block-paragraph\">Depuis un endroit \u00e0 l\u2019ouest de Londres, ils doivent monter dans l\u2019un des bus am\u00e9nag\u00e9s pour leur transfert, qui sera escort\u00e9 par la garde royale.<\/p>\n\n\n\n<p class=\"wp-block-paragraph\">Conform\u00e9ment au protocole, le roi Charles III organisera une r\u00e9ception pour tous les dirigeants \u00e9trangers au palais de Buckingham dans la soir\u00e9e du dimanche 18 septembre.<\/p>\n\n\n\n<p class=\"wp-block-paragraph\">Les chefs d\u2019\u00c9tat pourront assister aux fun\u00e9railles de la reine et signer le livre de condol\u00e9ances \u00e0 Lancaster House. Ils pourront rendre hommage \u00e0 la reine mais ils ne disposeront que de trois minutes maximum. Ces moments seront enregistr\u00e9s pour les m\u00e9dias.<\/p>\n\n\n\n<p class=\"wp-block-paragraph\">En outre, il est interdit d\u2019arborer les drapeaux de tout pays dans les a\u00e9roports \u00e0 l\u2019arriv\u00e9e ou au d\u00e9part des repr\u00e9sentants de l\u2019\u00c9tat.<\/p>\n\n\n\n<p class=\"wp-block-paragraph\">Apr\u00e8s les fun\u00e9railles, les dirigeants \u00e9trangers seront escort\u00e9s \u00e0 pied jusqu\u2019\u00e0 Dean\u2019s Yard pour une r\u00e9ception organis\u00e9e par le ministre des Affaires \u00e9trang\u00e8res James Cleverly.<\/p>\n\n\n\n<p class=\"wp-block-paragraph\">Apr\u00e8s les c\u00e9r\u00e9monies, les dirigeants reviendront en bus dans l\u2019ouest de Londres pour r\u00e9cup\u00e9rer leurs voitures.<\/p>\n\n\n\n<p class=\"wp-block-paragraph\"><strong><u>Source&nbsp;<\/u><\/strong><strong>: @Onvoitout<\/strong><\/p>\n\n\n\n<p class=\"wp-block-paragraph\"><strong><em>@macite.info<\/em><\/strong><\/p>\n\n\n\n<p class=\"wp-block-paragraph\"><strong><em>E-mail&nbsp;: <\/em><\/strong><a href=\"mailto:maciteinfo@gmail.com\"><strong><em>maciteinfo@gmail.com<\/em><\/strong><\/a><strong><em>; <\/em><\/strong><a href=\"mailto:bawela1@gmail.com\"><strong><em>bawela1@gmail.com<\/em><\/strong><\/a><strong><em><\/em><\/strong><\/p>\n\n\n\n<p class=\"wp-block-paragraph\"><strong><em>Pour vos annonces, (publi)reportages, etc., joignez nous au (00228) 91515309\/<\/em><\/strong><strong>79872224<\/strong><em><\/em><\/p>\n\n\n\n<p class=\"wp-block-paragraph\"><a href=\"http:\/\/www.macite.info\"><strong><em>www.macite.info<\/em><\/strong><\/a><strong><em>, l\u2019information, la bonne\u00a0!<\/em><\/strong><\/p>\n","protected":false},"excerpt":{"rendered":"<p class=\"text-justify mb-2\" >Pas de drapeaux, ni de voitures diplomatiques, les chefs d\u2019\u00c9tat doivent arriver en bus. Telles sont les injonctions du protocole, d\u2019ailleurs envoy\u00e9es aux ambassades des pays invit\u00e9s aux obs\u00e8ques de la Reine Elizabeth II qui auront lieu le 19 septembre prochain. Environ deux mille invit\u00e9s, [&hellip;]<\/p>\n","protected":false},"author":1,"featured_media":43,"comment_status":"open","ping_status":"open","sticky":false,"template":"","format":"standard","meta":{"footnotes":""},"categories":[1],"tags":[],"class_list":["post-42","post","type-post","status-publish","format-standard","has-post-thumbnail","hentry","category-politique"],"yoast_head":"<!-- This site is optimized with the Yoast SEO plugin v28.4 - https:\/\/yoast.com\/product\/yoast-seo-wordpress\/ -->\n<title>FUNERAILLES DE LA REINE ELIZABETH\u00a0LE 19 SEPTEMBRE PROCHAIN : Voici les conditions impos\u00e9es aux invit\u00e9s\u2026 -<\/title>\n<meta name=\"robots\" content=\"index, follow, max-snippet:-1, max-image-preview:large, max-video-preview:-1\" \/>\n<link rel=\"canonical\" href=\"https:\/\/macite.tg\/?p=42\" \/>\n<meta property=\"og:locale\" content=\"fr_FR\" \/>\n<meta property=\"og:type\" content=\"article\" \/>\n<meta property=\"og:title\" content=\"FUNERAILLES DE LA REINE ELIZABETH\u00a0LE 19 SEPTEMBRE PROCHAIN : Voici les conditions impos\u00e9es aux invit\u00e9s\u2026 -\" \/>\n<meta property=\"og:description\" content=\"Pas de drapeaux, ni de voitures diplomatiques, les chefs d\u2019\u00c9tat doivent arriver en bus. Telles sont les injonctions du protocole, d\u2019ailleurs envoy\u00e9es aux ambassades des pays invit\u00e9s aux obs\u00e8ques de la Reine Elizabeth II qui auront lieu le 19 septembre prochain. Environ deux mille invit\u00e9s, [&hellip;]\" \/>\n<meta property=\"og:url\" content=\"https:\/\/macite.tg\/?p=42\" \/>\n<meta property=\"article:published_time\" content=\"2022-09-16T12:43:32+00:00\" \/>\n<meta property=\"article:modified_time\" content=\"2022-09-16T12:43:33+00:00\" \/>\n<meta property=\"og:image\" content=\"https:\/\/macite.tg\/wp-content\/uploads\/2022\/09\/image.png\" \/>\n\t<meta property=\"og:image:width\" content=\"348\" \/>\n\t<meta property=\"og:image:height\" content=\"196\" \/>\n\t<meta property=\"og:image:type\" content=\"image\/png\" \/>\n<meta name=\"author\" content=\"admin\" \/>\n<meta name=\"twitter:card\" content=\"summary_large_image\" \/>\n<meta name=\"twitter:label1\" content=\"\u00c9crit par\" \/>\n\t<meta name=\"twitter:data1\" content=\"admin\" \/>\n\t<meta name=\"twitter:label2\" content=\"Dur\u00e9e de lecture estim\u00e9e\" \/>\n\t<meta name=\"twitter:data2\" content=\"2 minutes\" \/>\n<script type=\"application\/ld+json\" class=\"yoast-schema-graph\">{\"@context\":\"https:\\\/\\\/schema.org\",\"@graph\":[{\"@type\":\"Article\",\"@id\":\"https:\\\/\\\/macite.tg\\\/?p=42#article\",\"isPartOf\":{\"@id\":\"https:\\\/\\\/macite.tg\\\/?p=42\"},\"author\":{\"name\":\"admin\",\"@id\":\"https:\\\/\\\/macite.tg\\\/#\\\/schema\\\/person\\\/6cd4c8a22a0d133225f39e62808aa0a2\"},\"headline\":\"FUNERAILLES DE LA REINE ELIZABETH\u00a0LE 19 SEPTEMBRE PROCHAIN : Voici les conditions impos\u00e9es aux invit\u00e9s\u2026\",\"datePublished\":\"2022-09-16T12:43:32+00:00\",\"dateModified\":\"2022-09-16T12:43:33+00:00\",\"mainEntityOfPage\":{\"@id\":\"https:\\\/\\\/macite.tg\\\/?p=42\"},\"wordCount\":482,\"commentCount\":0,\"image\":{\"@id\":\"https:\\\/\\\/macite.tg\\\/?p=42#primaryimage\"},\"thumbnailUrl\":\"https:\\\/\\\/macite.tg\\\/wp-content\\\/uploads\\\/2022\\\/09\\\/image.png\",\"articleSection\":[\"POLITIQUE\"],\"inLanguage\":\"fr-FR\",\"potentialAction\":[{\"@type\":\"CommentAction\",\"name\":\"Comment\",\"target\":[\"https:\\\/\\\/macite.tg\\\/?p=42#respond\"]}]},{\"@type\":\"WebPage\",\"@id\":\"https:\\\/\\\/macite.tg\\\/?p=42\",\"url\":\"https:\\\/\\\/macite.tg\\\/?p=42\",\"name\":\"FUNERAILLES DE LA REINE ELIZABETH\u00a0LE 19 SEPTEMBRE PROCHAIN : Voici les conditions impos\u00e9es aux invit\u00e9s\u2026 -\",\"isPartOf\":{\"@id\":\"https:\\\/\\\/macite.tg\\\/#website\"},\"primaryImageOfPage\":{\"@id\":\"https:\\\/\\\/macite.tg\\\/?p=42#primaryimage\"},\"image\":{\"@id\":\"https:\\\/\\\/macite.tg\\\/?p=42#primaryimage\"},\"thumbnailUrl\":\"https:\\\/\\\/macite.tg\\\/wp-content\\\/uploads\\\/2022\\\/09\\\/image.png\",\"datePublished\":\"2022-09-16T12:43:32+00:00\",\"dateModified\":\"2022-09-16T12:43:33+00:00\",\"author\":{\"@id\":\"https:\\\/\\\/macite.tg\\\/#\\\/schema\\\/person\\\/6cd4c8a22a0d133225f39e62808aa0a2\"},\"breadcrumb\":{\"@id\":\"https:\\\/\\\/macite.tg\\\/?p=42#breadcrumb\"},\"inLanguage\":\"fr-FR\",\"potentialAction\":[{\"@type\":\"ReadAction\",\"target\":[\"https:\\\/\\\/macite.tg\\\/?p=42\"]}]},{\"@type\":\"ImageObject\",\"inLanguage\":\"fr-FR\",\"@id\":\"https:\\\/\\\/macite.tg\\\/?p=42#primaryimage\",\"url\":\"https:\\\/\\\/macite.tg\\\/wp-content\\\/uploads\\\/2022\\\/09\\\/image.png\",\"contentUrl\":\"https:\\\/\\\/macite.tg\\\/wp-content\\\/uploads\\\/2022\\\/09\\\/image.png\",\"width\":348,\"height\":196},{\"@type\":\"BreadcrumbList\",\"@id\":\"https:\\\/\\\/macite.tg\\\/?p=42#breadcrumb\",\"itemListElement\":[{\"@type\":\"ListItem\",\"position\":1,\"name\":\"Accueil\",\"item\":\"https:\\\/\\\/macite.tg\\\/\"},{\"@type\":\"ListItem\",\"position\":2,\"name\":\"FUNERAILLES DE LA REINE ELIZABETH\u00a0LE 19 SEPTEMBRE PROCHAIN : Voici les conditions impos\u00e9es aux invit\u00e9s\u2026\"}]},{\"@type\":\"WebSite\",\"@id\":\"https:\\\/\\\/macite.tg\\\/#website\",\"url\":\"https:\\\/\\\/macite.tg\\\/\",\"name\":\"\",\"description\":\"L&#039;information, la bonne!!!\",\"potentialAction\":[{\"@type\":\"SearchAction\",\"target\":{\"@type\":\"EntryPoint\",\"urlTemplate\":\"https:\\\/\\\/macite.tg\\\/?s={search_term_string}\"},\"query-input\":{\"@type\":\"PropertyValueSpecification\",\"valueRequired\":true,\"valueName\":\"search_term_string\"}}],\"inLanguage\":\"fr-FR\"},{\"@type\":\"Person\",\"@id\":\"https:\\\/\\\/macite.tg\\\/#\\\/schema\\\/person\\\/6cd4c8a22a0d133225f39e62808aa0a2\",\"name\":\"admin\",\"image\":{\"@type\":\"ImageObject\",\"inLanguage\":\"fr-FR\",\"@id\":\"https:\\\/\\\/macite.tg\\\/wp-content\\\/uploads\\\/2023\\\/09\\\/WhatsApp-Image-2023-09-19-at-14.44.41-122x122.jpeg\",\"url\":\"https:\\\/\\\/macite.tg\\\/wp-content\\\/uploads\\\/2023\\\/09\\\/WhatsApp-Image-2023-09-19-at-14.44.41-122x122.jpeg\",\"contentUrl\":\"https:\\\/\\\/macite.tg\\\/wp-content\\\/uploads\\\/2023\\\/09\\\/WhatsApp-Image-2023-09-19-at-14.44.41-122x122.jpeg\",\"caption\":\"admin\"},\"sameAs\":[\"https:\\\/\\\/macite.tg\"],\"url\":\"https:\\\/\\\/macite.tg\\\/?author=1\"}]}<\/script>\n<!-- \/ Yoast SEO plugin. -->","yoast_head_json":{"title":"FUNERAILLES DE LA REINE ELIZABETH\u00a0LE 19 SEPTEMBRE PROCHAIN : Voici les conditions impos\u00e9es aux invit\u00e9s\u2026 -","robots":{"index":"index","follow":"follow","max-snippet":"max-snippet:-1","max-image-preview":"max-image-preview:large","max-video-preview":"max-video-preview:-1"},"canonical":"https:\/\/macite.tg\/?p=42","og_locale":"fr_FR","og_type":"article","og_title":"FUNERAILLES DE LA REINE ELIZABETH\u00a0LE 19 SEPTEMBRE PROCHAIN : Voici les conditions impos\u00e9es aux invit\u00e9s\u2026 -","og_description":"Pas de drapeaux, ni de voitures diplomatiques, les chefs d\u2019\u00c9tat doivent arriver en bus. Telles sont les injonctions du protocole, d\u2019ailleurs envoy\u00e9es aux ambassades des pays invit\u00e9s aux obs\u00e8ques de la Reine Elizabeth II qui auront lieu le 19 septembre prochain. Environ deux mille invit\u00e9s, [&hellip;]","og_url":"https:\/\/macite.tg\/?p=42","article_published_time":"2022-09-16T12:43:32+00:00","article_modified_time":"2022-09-16T12:43:33+00:00","og_image":[{"width":348,"height":196,"url":"https:\/\/macite.tg\/wp-content\/uploads\/2022\/09\/image.png","type":"image\/png"}],"author":"admin","twitter_card":"summary_large_image","twitter_misc":{"\u00c9crit par":"admin","Dur\u00e9e de lecture estim\u00e9e":"2 minutes"},"schema":{"@context":"https:\/\/schema.org","@graph":[{"@type":"Article","@id":"https:\/\/macite.tg\/?p=42#article","isPartOf":{"@id":"https:\/\/macite.tg\/?p=42"},"author":{"name":"admin","@id":"https:\/\/macite.tg\/#\/schema\/person\/6cd4c8a22a0d133225f39e62808aa0a2"},"headline":"FUNERAILLES DE LA REINE ELIZABETH\u00a0LE 19 SEPTEMBRE PROCHAIN : Voici les conditions impos\u00e9es aux invit\u00e9s\u2026","datePublished":"2022-09-16T12:43:32+00:00","dateModified":"2022-09-16T12:43:33+00:00","mainEntityOfPage":{"@id":"https:\/\/macite.tg\/?p=42"},"wordCount":482,"commentCount":0,"image":{"@id":"https:\/\/macite.tg\/?p=42#primaryimage"},"thumbnailUrl":"https:\/\/macite.tg\/wp-content\/uploads\/2022\/09\/image.png","articleSection":["POLITIQUE"],"inLanguage":"fr-FR","potentialAction":[{"@type":"CommentAction","name":"Comment","target":["https:\/\/macite.tg\/?p=42#respond"]}]},{"@type":"WebPage","@id":"https:\/\/macite.tg\/?p=42","url":"https:\/\/macite.tg\/?p=42","name":"FUNERAILLES DE LA REINE ELIZABETH\u00a0LE 19 SEPTEMBRE PROCHAIN : Voici les conditions impos\u00e9es aux invit\u00e9s\u2026 -","isPartOf":{"@id":"https:\/\/macite.tg\/#website"},"primaryImageOfPage":{"@id":"https:\/\/macite.tg\/?p=42#primaryimage"},"image":{"@id":"https:\/\/macite.tg\/?p=42#primaryimage"},"thumbnailUrl":"https:\/\/macite.tg\/wp-content\/uploads\/2022\/09\/image.png","datePublished":"2022-09-16T12:43:32+00:00","dateModified":"2022-09-16T12:43:33+00:00","author":{"@id":"https:\/\/macite.tg\/#\/schema\/person\/6cd4c8a22a0d133225f39e62808aa0a2"},"breadcrumb":{"@id":"https:\/\/macite.tg\/?p=42#breadcrumb"},"inLanguage":"fr-FR","potentialAction":[{"@type":"ReadAction","target":["https:\/\/macite.tg\/?p=42"]}]},{"@type":"ImageObject","inLanguage":"fr-FR","@id":"https:\/\/macite.tg\/?p=42#primaryimage","url":"https:\/\/macite.tg\/wp-content\/uploads\/2022\/09\/image.png","contentUrl":"https:\/\/macite.tg\/wp-content\/uploads\/2022\/09\/image.png","width":348,"height":196},{"@type":"BreadcrumbList","@id":"https:\/\/macite.tg\/?p=42#breadcrumb","itemListElement":[{"@type":"ListItem","position":1,"name":"Accueil","item":"https:\/\/macite.tg\/"},{"@type":"ListItem","position":2,"name":"FUNERAILLES DE LA REINE ELIZABETH\u00a0LE 19 SEPTEMBRE PROCHAIN : Voici les conditions impos\u00e9es aux invit\u00e9s\u2026"}]},{"@type":"WebSite","@id":"https:\/\/macite.tg\/#website","url":"https:\/\/macite.tg\/","name":"","description":"L&#039;information, la bonne!!!","potentialAction":[{"@type":"SearchAction","target":{"@type":"EntryPoint","urlTemplate":"https:\/\/macite.tg\/?s={search_term_string}"},"query-input":{"@type":"PropertyValueSpecification","valueRequired":true,"valueName":"search_term_string"}}],"inLanguage":"fr-FR"},{"@type":"Person","@id":"https:\/\/macite.tg\/#\/schema\/person\/6cd4c8a22a0d133225f39e62808aa0a2","name":"admin","image":{"@type":"ImageObject","inLanguage":"fr-FR","@id":"https:\/\/macite.tg\/wp-content\/uploads\/2023\/09\/WhatsApp-Image-2023-09-19-at-14.44.41-122x122.jpeg","url":"https:\/\/macite.tg\/wp-content\/uploads\/2023\/09\/WhatsApp-Image-2023-09-19-at-14.44.41-122x122.jpeg","contentUrl":"https:\/\/macite.tg\/wp-content\/uploads\/2023\/09\/WhatsApp-Image-2023-09-19-at-14.44.41-122x122.jpeg","caption":"admin"},"sameAs":["https:\/\/macite.tg"],"url":"https:\/\/macite.tg\/?author=1"}]}},"_links":{"self":[{"href":"https:\/\/macite.tg\/index.php?rest_route=\/wp\/v2\/posts\/42","targetHints":{"allow":["GET"]}}],"collection":[{"href":"https:\/\/macite.tg\/index.php?rest_route=\/wp\/v2\/posts"}],"about":[{"href":"https:\/\/macite.tg\/index.php?rest_route=\/wp\/v2\/types\/post"}],"author":[{"embeddable":true,"href":"https:\/\/macite.tg\/index.php?rest_route=\/wp\/v2\/users\/1"}],"replies":[{"embeddable":true,"href":"https:\/\/macite.tg\/index.php?rest_route=%2Fwp%2Fv2%2Fcomments&post=42"}],"version-history":[{"count":0,"href":"https:\/\/macite.tg\/index.php?rest_route=\/wp\/v2\/posts\/42\/revisions"}],"wp:featuredmedia":[{"embeddable":true,"href":"https:\/\/macite.tg\/index.php?rest_route=\/wp\/v2\/media\/43"}],"wp:attachment":[{"href":"https:\/\/macite.tg\/index.php?rest_route=%2Fwp%2Fv2%2Fmedia&parent=42"}],"wp:term":[{"taxonomy":"category","embeddable":true,"href":"https:\/\/macite.tg\/index.php?rest_route=%2Fwp%2Fv2%2Fcategories&post=42"},{"taxonomy":"post_tag","embeddable":true,"href":"https:\/\/macite.tg\/index.php?rest_route=%2Fwp%2Fv2%2Ftags&post=42"}],"curies":[{"name":"wp","href":"https:\/\/api.w.org\/{rel}","templated":true}]}}