{"id":3888,"date":"2023-02-28T19:10:51","date_gmt":"2023-02-28T19:10:51","guid":{"rendered":"https:\/\/macite.info\/?p=3888"},"modified":"2023-02-28T19:10:52","modified_gmt":"2023-02-28T19:10:52","slug":"courses-aux-armements-de-drones-liran-fait-planer-la-menace-en-afrique-du-nord-le-maroc-inquiet","status":"publish","type":"post","link":"https:\/\/macite.tg\/?p=3888","title":{"rendered":"<strong>COURSES AUX ARMEMENTS DE DRONES: L\u2019Iran fait planer la menace en Afrique du Nord, le Maroc inquiet<\/strong>"},"content":{"rendered":"\n<p class=\"wp-block-paragraph\"><strong><em>Les drones sont de nouvelles armes de guerre dont l\u2019apparition oblige des \u00e9tats-majors \u00e0 repenser les tactiques militaires et la structure des forces. Leur usage sur les th\u00e9\u00e2tres des conflits, notamment au Moyen-Orient, pose la probl\u00e9matique de l\u2019ins\u00e9curit\u00e9 criarde \u00e0 laquelle les villes enti\u00e8res font face.\u00a0<\/em><\/strong><\/p>\n\n\n\n<p class=\"wp-block-paragraph\"><strong><em>Il est clair que d\u00e9sormais, des drones iraniens sont d\u00e9ploy\u00e9s en Afrique du Nord et constituent une menace directe pour le Maroc. Les diplomates marocains ont, avec insistance, attir\u00e9 l\u2019attention des gouvernements occidentaux sur la question. Ces derniers ont reconnu que, l\u2019Iran en complicit\u00e9 avec l\u2019Alg\u00e9rie, approvisionne les rebelles du Front Polisario, qui sont engag\u00e9s dans des attaques de gu\u00e9rilla contre le Maroc \u00e0 propos de la position du royaume au Sahara.<\/em><\/strong><\/p>\n\n\n\n<p class=\"wp-block-paragraph\">Alors que le monde entier \u00e9tait tomb\u00e9 sous le charme du programme nucl\u00e9aire iranien, ce pays s\u2019est montr\u00e9 comme un gros fournisseur de ces mat\u00e9riels de guerre aux dictateurs et autres insurg\u00e9s, mais aussi et surtout aux mandataires de l&rsquo;Iran \u00e0 travers le Moyen-Orient, et \u00e0 la Russie qui en fait usage sur le front ukrainien.<\/p>\n\n\n\n<p class=\"wp-block-paragraph\">Depuis la guerre entre l\u2019Iran et l\u2019Irak entre&nbsp; 1980 et 1988, l\u2019usage des drones qui \u00e9tait simpliste et bon uniquement pour la surveillance, s\u2019est vu donn\u00e9 un autre r\u00f4le assez d\u00e9vastateur.<\/p>\n\n\n\n<p class=\"wp-block-paragraph\"><strong>Un drone iranien Shahed abattu en Ukraine<\/strong><\/p>\n\n\n\n<p class=\"wp-block-paragraph\">Tout comme l\u2019Iran, les services secrets am\u00e9ricains redoutent que la Chine, \u00ab&nbsp;alli\u00e9 de toujours&nbsp;\u00bb de la Russie, fournit des drones au pays de Poutine. D\u2019ailleurs, les derniers grondements nucl\u00e9aires de Poutine et des nouvelles menaces territoriales pour le reste de l&rsquo;ancienne URSS, font l\u2019objet des derni\u00e8res discussions sur la guerre en Ukraine.<\/p>\n\n\n\n<p class=\"wp-block-paragraph\">Cette th\u00e9orie est confirm\u00e9e par Llewellyn King, membre v\u00e9t\u00e9ran de l&rsquo;AEJ, chroniqueuse et animatrice politique \u00e0 Washington. Elle affirme que les drones ont chang\u00e9 de mani\u00e8re d\u00e9cisive le monde de la guerre, et pas seulement en Europe.<\/p>\n\n\n\n<p class=\"wp-block-paragraph\"><strong>Recyclage et r\u00e9ing\u00e9nierie des armes et technologies occidentales<\/strong><\/p>\n\n\n\n<p class=\"wp-block-paragraph\">Depuis bien de temps d\u00e9j\u00e0, l\u2019Iran gr\u00e2ce \u00e0 des drones am\u00e9ricains captur\u00e9s, a construit des g\u00e9n\u00e9rations de drones, grands et petits, mais de plus en plus sophistiqu\u00e9s, incorporant les derni\u00e8res technologies.<\/p>\n\n\n\n<figure class=\"wp-block-image size-large\"><img loading=\"lazy\" decoding=\"async\" width=\"1024\" height=\"426\" src=\"https:\/\/macite.tg\/wp-content\/uploads\/2023\/02\/ANNONCES-1-1-1024x426.jpg\" alt=\"\" class=\"wp-image-3701\" srcset=\"https:\/\/macite.tg\/wp-content\/uploads\/2023\/02\/ANNONCES-1-1-1024x426.jpg 1024w, https:\/\/macite.tg\/wp-content\/uploads\/2023\/02\/ANNONCES-1-1-300x125.jpg 300w, https:\/\/macite.tg\/wp-content\/uploads\/2023\/02\/ANNONCES-1-1-768x319.jpg 768w, https:\/\/macite.tg\/wp-content\/uploads\/2023\/02\/ANNONCES-1-1.jpg 1080w\" sizes=\"auto, (max-width: 1024px) 100vw, 1024px\" \/><\/figure>\n\n\n\n<p class=\"wp-block-paragraph\">Des moteurs et des pi\u00e8ces ont souvent \u00e9t\u00e9 introduits en contrebande en Iran depuis l&rsquo;Occident. Des moteurs capables d&rsquo;alimenter des drones ont \u00e9t\u00e9 introduits en contrebande dans ce pays sous fausse d\u00e9claration, notamment en les d\u00e9clarant comme des jet-skis ou des motoneiges. C&rsquo;\u00e9tait le cas avec le moteur Rotax de fabrication autrichienne jusqu&rsquo;\u00e0 ce que le subterfuge soit d\u00e9couvert.<\/p>\n\n\n\n<p class=\"wp-block-paragraph\">Selon l\u2019arm\u00e9e iranienne, le pays dispose d\u2019un complexe industriel de d\u00e9fense qui peut fabriquer toutes les pi\u00e8ces de ses drones sur le march\u00e9 int\u00e9rieur. Une preuve de plus que ce pays fournit d\u00e9sormais une gamme impressionnante de drones avec de grands temps de fl\u00e2nerie et de longues distances de livraison.<\/p>\n\n\n\n<p class=\"wp-block-paragraph\"><strong>L\u2019Iran et ses ambitions mondiales<\/strong><\/p>\n\n\n\n<p class=\"wp-block-paragraph\">Selon le Vice-pr\u00e9sident senior de l&rsquo;American Foreign Policy Council, Ilan Berman, l\u2019Iran n\u2019est pas dans la posture d\u2019une concurrence force contre force, mais dans l&rsquo;aide aux conflits asym\u00e9triques, c&rsquo;est pourquoi ce pays a d\u00e9pens\u00e9 tant d&rsquo;argent et de temps sur le terrorisme, et tant d&rsquo;argent et de temps sur les missiles balistiques.<\/p>\n\n\n\n<p class=\"wp-block-paragraph\">C\u2019est donc \u00e0 raison que le Maroc, par exemple, devrait s\u2019inqui\u00e9ter de sa nouvelle vuln\u00e9rabilit\u00e9, au vue de la nouvelle posture de l\u2019Iran. Les drones, m\u00eame s&rsquo;ils ne gagnent peut-\u00eatre pas une guerre, peuvent infliger de graves dommages \u00e0 diverses cibles, des centres touristiques aux installations militaires en passant par les r\u00e9seaux \u00e9lectriques vitaux et les centrales \u00e9lectriques. C\u2019est le cas lorsque des attaques de drones qui ont caus\u00e9 des incendies d\u00e9vastateurs en Arabie saoudite, d\u00e9nonc\u00e9 en septembre dernier.<\/p>\n\n\n\n<p class=\"wp-block-paragraph\">Une course aux armements par drones est en cours au Moyen-Orient. Apr\u00e8s l&rsquo;Iran, le plus grand fabricant de drones de la r\u00e9gion, est la Turquie, et m\u00eame des pays petits mais riches comme les \u00c9mirats Arabes Unis, sont en train de renforcer leurs capacit\u00e9s de fabrication de drones. Les drones turcs ont jou\u00e9 un r\u00f4le crucial dans le r\u00e9cent conflit entre l&rsquo;Azerba\u00efdjan et l&rsquo;Arm\u00e9nie, et ils ont \u00e9t\u00e9 utilis\u00e9s par les deux parties dans le conflit libyen.<\/p>\n\n\n\n<p class=\"wp-block-paragraph\">Mais pour contrer cette mont\u00e9e en puissance des drones, ce sont des d\u00e9fenses ad\u00e9quates contre les attaques de drones, qu&rsquo;il s&rsquo;agisse d&rsquo;assauts simples ou d&rsquo;essaims con\u00e7us pour causer des d\u00e9g\u00e2ts importants. Et de l\u2019avis de Ilan Berman, le seul syst\u00e8me d\u00e9fensif efficace contre les drones est le <em>\u00ab\u00a0Iron Dome\u00a0\u00bb,<\/em> construit avec la technologie isra\u00e9lienne et assist\u00e9 et financ\u00e9 par les \u00c9tats-Unis.<\/p>\n\n\n\n<p class=\"wp-block-paragraph\">Jusqu&rsquo;\u00e0 pr\u00e9sent, Isra\u00ebl a h\u00e9sit\u00e9 \u00e0 vendre Iron Dome, qui attrape des projectiles volant \u00e0 basse altitude tir\u00e9s \u00e0 une distance aussi proche que 2,5 milles du lieu d&rsquo;interception. Il s&rsquo;agit d&rsquo;un dispositif de d\u00e9fense portable complexe, bas\u00e9 sur un radar, con\u00e7u pour d\u00e9truire les roquettes et les drones en provenance de Gaza et de ses voisins, la Syrie et le Liban, qui h\u00e9bergent, tous deux, des mandataires iraniens non \u00e9tatiques.<\/p>\n\n\n\n<p class=\"wp-block-paragraph\">Le Maroc, signataire des accords d&rsquo;Abraham, pourrait acqu\u00e9rir ce dispositif aupr\u00e8s d\u2019Isra\u00ebl, sauf que cela prendra des ann\u00e9es de n\u00e9gociations, \u00e9tant aussi donn\u00e9 que les ventes sont soumises \u00e0 un veto am\u00e9ricain.<\/p>\n\n\n\n<p class=\"wp-block-paragraph\">&nbsp;\u00c0 l&rsquo;heure actuelle, la strat\u00e9gie du Maroc consiste \u00e0 alerter le monde sur l&rsquo;\u00e9volution de la dynamique dans la r\u00e9gion et sur la vuln\u00e9rabilit\u00e9 de presque tous les pays aux attaques de drones, un nouvel ajout \u00e0 la gu\u00e9rilla et une vuln\u00e9rabilit\u00e9 mortelle de pays comme le Maroc, o\u00f9 l&rsquo;\u00c9tat et les non-acteurs peut semer la pagaille sans gagner sur le terrain.<\/p>\n\n\n\n<p class=\"wp-block-paragraph\"><em>\u00ab&nbsp;Ce que les Iraniens apportent \u00e0 la table, c&rsquo;est qu&rsquo;il est connu qu&rsquo;ils sont le principal \u00c9tat sponsor du terrorisme au monde, se d\u00e9pla\u00e7ant maintenant en Afrique, renfor\u00e7ant la capacit\u00e9 de leurs groupes mandataires&nbsp;\u00bb,<\/em> a d\u00e9clar\u00e9 Berman.<\/p>\n\n\n\n<p class=\"wp-block-paragraph\">Le Maroc, malgr\u00e9 son accord de d\u00e9fense avec Isra\u00ebl rapport\u00e9 par Antylar, a raison de s&rsquo;inqui\u00e9ter. Mais le monde aussi. Les drones sont une infection mortelle qui se propage rapidement.<\/p>\n\n\n\n<p class=\"wp-block-paragraph\"><strong><em>@macite.info<\/em><\/strong><\/p>\n\n\n\n<p class=\"wp-block-paragraph\"><strong><em>E-mail&nbsp;: <\/em><\/strong><a href=\"mailto:maciteinfo@gmail.com\"><strong><em>maciteinfo@gmail.com<\/em><\/strong><\/a><strong><em>; <\/em><\/strong><a href=\"mailto:bawela1@gmail.com\"><strong><em>bawela1@gmail.com<\/em><\/strong><\/a><strong><em><\/em><\/strong><\/p>\n\n\n\n<p class=\"wp-block-paragraph\"><strong><em>Pour vos annonces, (publi)reportages, etc., joignez nous au (00228)91515309\/<strong>79872224 <\/strong><\/em><\/strong><a href=\"http:\/\/www.macite.info\"><strong><em>www.macite.info<\/em><\/strong><\/a><strong><em>, L\u2019information, la bonne&nbsp;!<\/em><\/strong><\/p>\n","protected":false},"excerpt":{"rendered":"<p class=\"text-justify mb-2\" >Les drones sont de nouvelles armes de guerre dont l\u2019apparition oblige des \u00e9tats-majors \u00e0 repenser les tactiques militaires et la structure des forces. Leur usage sur les th\u00e9\u00e2tres des conflits, notamment au Moyen-Orient, pose la probl\u00e9matique de l\u2019ins\u00e9curit\u00e9 criarde \u00e0 laquelle les villes enti\u00e8res font [&hellip;]<\/p>\n","protected":false},"author":2,"featured_media":3891,"comment_status":"open","ping_status":"open","sticky":false,"template":"","format":"standard","meta":{"footnotes":""},"categories":[20],"tags":[],"class_list":["post-3888","post","type-post","status-publish","format-standard","has-post-thumbnail","hentry","category-actualite"],"yoast_head":"<!-- This site is optimized with the Yoast SEO plugin v28.4 - https:\/\/yoast.com\/product\/yoast-seo-wordpress\/ -->\n<title>COURSES AUX ARMEMENTS DE DRONES: L\u2019Iran fait planer la menace en Afrique du Nord, le Maroc inquiet -<\/title>\n<meta name=\"robots\" content=\"index, follow, max-snippet:-1, max-image-preview:large, max-video-preview:-1\" \/>\n<link rel=\"canonical\" href=\"https:\/\/macite.tg\/?p=3888\" \/>\n<meta property=\"og:locale\" content=\"fr_FR\" \/>\n<meta property=\"og:type\" content=\"article\" \/>\n<meta property=\"og:title\" content=\"COURSES AUX ARMEMENTS DE DRONES: L\u2019Iran fait planer la menace en Afrique du Nord, le Maroc inquiet -\" \/>\n<meta property=\"og:description\" content=\"Les drones sont de nouvelles armes de guerre dont l\u2019apparition oblige des \u00e9tats-majors \u00e0 repenser les tactiques militaires et la structure des forces. Leur usage sur les th\u00e9\u00e2tres des conflits, notamment au Moyen-Orient, pose la probl\u00e9matique de l\u2019ins\u00e9curit\u00e9 criarde \u00e0 laquelle les villes enti\u00e8res font [&hellip;]\" \/>\n<meta property=\"og:url\" content=\"https:\/\/macite.tg\/?p=3888\" \/>\n<meta property=\"article:published_time\" content=\"2023-02-28T19:10:51+00:00\" \/>\n<meta property=\"article:modified_time\" content=\"2023-02-28T19:10:52+00:00\" \/>\n<meta property=\"og:image\" content=\"https:\/\/macite.tg\/wp-content\/uploads\/2023\/02\/Iran.jpg\" \/>\n\t<meta property=\"og:image:width\" content=\"1200\" \/>\n\t<meta property=\"og:image:height\" content=\"675\" \/>\n\t<meta property=\"og:image:type\" content=\"image\/jpeg\" \/>\n<meta name=\"author\" content=\"Jean Pierre BAWELA\" \/>\n<meta name=\"twitter:card\" content=\"summary_large_image\" \/>\n<meta name=\"twitter:label1\" content=\"\u00c9crit par\" \/>\n\t<meta name=\"twitter:data1\" content=\"Jean Pierre BAWELA\" \/>\n\t<meta name=\"twitter:label2\" content=\"Dur\u00e9e de lecture estim\u00e9e\" \/>\n\t<meta name=\"twitter:data2\" content=\"6 minutes\" \/>\n<script type=\"application\/ld+json\" class=\"yoast-schema-graph\">{\"@context\":\"https:\\\/\\\/schema.org\",\"@graph\":[{\"@type\":\"Article\",\"@id\":\"https:\\\/\\\/macite.tg\\\/?p=3888#article\",\"isPartOf\":{\"@id\":\"https:\\\/\\\/macite.tg\\\/?p=3888\"},\"author\":{\"name\":\"Jean Pierre BAWELA\",\"@id\":\"https:\\\/\\\/macite.tg\\\/#\\\/schema\\\/person\\\/e9f2de7e5dbbe7770a9402c7ce82f5c2\"},\"headline\":\"COURSES AUX ARMEMENTS DE DRONES: L\u2019Iran fait planer la menace en Afrique du Nord, le Maroc inquiet\",\"datePublished\":\"2023-02-28T19:10:51+00:00\",\"dateModified\":\"2023-02-28T19:10:52+00:00\",\"mainEntityOfPage\":{\"@id\":\"https:\\\/\\\/macite.tg\\\/?p=3888\"},\"wordCount\":1140,\"commentCount\":0,\"image\":{\"@id\":\"https:\\\/\\\/macite.tg\\\/?p=3888#primaryimage\"},\"thumbnailUrl\":\"https:\\\/\\\/macite.tg\\\/wp-content\\\/uploads\\\/2023\\\/02\\\/Iran.jpg\",\"articleSection\":[\"ACTUALITE\"],\"inLanguage\":\"fr-FR\",\"potentialAction\":[{\"@type\":\"CommentAction\",\"name\":\"Comment\",\"target\":[\"https:\\\/\\\/macite.tg\\\/?p=3888#respond\"]}]},{\"@type\":\"WebPage\",\"@id\":\"https:\\\/\\\/macite.tg\\\/?p=3888\",\"url\":\"https:\\\/\\\/macite.tg\\\/?p=3888\",\"name\":\"COURSES AUX ARMEMENTS DE DRONES: L\u2019Iran fait planer la menace en Afrique du Nord, le Maroc inquiet -\",\"isPartOf\":{\"@id\":\"https:\\\/\\\/macite.tg\\\/#website\"},\"primaryImageOfPage\":{\"@id\":\"https:\\\/\\\/macite.tg\\\/?p=3888#primaryimage\"},\"image\":{\"@id\":\"https:\\\/\\\/macite.tg\\\/?p=3888#primaryimage\"},\"thumbnailUrl\":\"https:\\\/\\\/macite.tg\\\/wp-content\\\/uploads\\\/2023\\\/02\\\/Iran.jpg\",\"datePublished\":\"2023-02-28T19:10:51+00:00\",\"dateModified\":\"2023-02-28T19:10:52+00:00\",\"author\":{\"@id\":\"https:\\\/\\\/macite.tg\\\/#\\\/schema\\\/person\\\/e9f2de7e5dbbe7770a9402c7ce82f5c2\"},\"breadcrumb\":{\"@id\":\"https:\\\/\\\/macite.tg\\\/?p=3888#breadcrumb\"},\"inLanguage\":\"fr-FR\",\"potentialAction\":[{\"@type\":\"ReadAction\",\"target\":[\"https:\\\/\\\/macite.tg\\\/?p=3888\"]}]},{\"@type\":\"ImageObject\",\"inLanguage\":\"fr-FR\",\"@id\":\"https:\\\/\\\/macite.tg\\\/?p=3888#primaryimage\",\"url\":\"https:\\\/\\\/macite.tg\\\/wp-content\\\/uploads\\\/2023\\\/02\\\/Iran.jpg\",\"contentUrl\":\"https:\\\/\\\/macite.tg\\\/wp-content\\\/uploads\\\/2023\\\/02\\\/Iran.jpg\",\"width\":1200,\"height\":675},{\"@type\":\"BreadcrumbList\",\"@id\":\"https:\\\/\\\/macite.tg\\\/?p=3888#breadcrumb\",\"itemListElement\":[{\"@type\":\"ListItem\",\"position\":1,\"name\":\"Accueil\",\"item\":\"https:\\\/\\\/macite.tg\\\/\"},{\"@type\":\"ListItem\",\"position\":2,\"name\":\"COURSES AUX ARMEMENTS DE DRONES: L\u2019Iran fait planer la menace en Afrique du Nord, le Maroc inquiet\"}]},{\"@type\":\"WebSite\",\"@id\":\"https:\\\/\\\/macite.tg\\\/#website\",\"url\":\"https:\\\/\\\/macite.tg\\\/\",\"name\":\"\",\"description\":\"L&#039;information, la bonne!!!\",\"potentialAction\":[{\"@type\":\"SearchAction\",\"target\":{\"@type\":\"EntryPoint\",\"urlTemplate\":\"https:\\\/\\\/macite.tg\\\/?s={search_term_string}\"},\"query-input\":{\"@type\":\"PropertyValueSpecification\",\"valueRequired\":true,\"valueName\":\"search_term_string\"}}],\"inLanguage\":\"fr-FR\"},{\"@type\":\"Person\",\"@id\":\"https:\\\/\\\/macite.tg\\\/#\\\/schema\\\/person\\\/e9f2de7e5dbbe7770a9402c7ce82f5c2\",\"name\":\"Jean Pierre BAWELA\",\"image\":{\"@type\":\"ImageObject\",\"inLanguage\":\"fr-FR\",\"@id\":\"https:\\\/\\\/macite.tg\\\/wp-content\\\/uploads\\\/2023\\\/09\\\/WhatsApp-Image-2023-09-19-at-14.44.41-122x122.jpeg\",\"url\":\"https:\\\/\\\/macite.tg\\\/wp-content\\\/uploads\\\/2023\\\/09\\\/WhatsApp-Image-2023-09-19-at-14.44.41-122x122.jpeg\",\"contentUrl\":\"https:\\\/\\\/macite.tg\\\/wp-content\\\/uploads\\\/2023\\\/09\\\/WhatsApp-Image-2023-09-19-at-14.44.41-122x122.jpeg\",\"caption\":\"Jean Pierre BAWELA\"},\"url\":\"https:\\\/\\\/macite.tg\\\/?author=2\"}]}<\/script>\n<!-- \/ Yoast SEO plugin. -->","yoast_head_json":{"title":"COURSES AUX ARMEMENTS DE DRONES: L\u2019Iran fait planer la menace en Afrique du Nord, le Maroc inquiet -","robots":{"index":"index","follow":"follow","max-snippet":"max-snippet:-1","max-image-preview":"max-image-preview:large","max-video-preview":"max-video-preview:-1"},"canonical":"https:\/\/macite.tg\/?p=3888","og_locale":"fr_FR","og_type":"article","og_title":"COURSES AUX ARMEMENTS DE DRONES: L\u2019Iran fait planer la menace en Afrique du Nord, le Maroc inquiet -","og_description":"Les drones sont de nouvelles armes de guerre dont l\u2019apparition oblige des \u00e9tats-majors \u00e0 repenser les tactiques militaires et la structure des forces. Leur usage sur les th\u00e9\u00e2tres des conflits, notamment au Moyen-Orient, pose la probl\u00e9matique de l\u2019ins\u00e9curit\u00e9 criarde \u00e0 laquelle les villes enti\u00e8res font [&hellip;]","og_url":"https:\/\/macite.tg\/?p=3888","article_published_time":"2023-02-28T19:10:51+00:00","article_modified_time":"2023-02-28T19:10:52+00:00","og_image":[{"width":1200,"height":675,"url":"https:\/\/macite.tg\/wp-content\/uploads\/2023\/02\/Iran.jpg","type":"image\/jpeg"}],"author":"Jean Pierre BAWELA","twitter_card":"summary_large_image","twitter_misc":{"\u00c9crit par":"Jean Pierre BAWELA","Dur\u00e9e de lecture estim\u00e9e":"6 minutes"},"schema":{"@context":"https:\/\/schema.org","@graph":[{"@type":"Article","@id":"https:\/\/macite.tg\/?p=3888#article","isPartOf":{"@id":"https:\/\/macite.tg\/?p=3888"},"author":{"name":"Jean Pierre BAWELA","@id":"https:\/\/macite.tg\/#\/schema\/person\/e9f2de7e5dbbe7770a9402c7ce82f5c2"},"headline":"COURSES AUX ARMEMENTS DE DRONES: L\u2019Iran fait planer la menace en Afrique du Nord, le Maroc inquiet","datePublished":"2023-02-28T19:10:51+00:00","dateModified":"2023-02-28T19:10:52+00:00","mainEntityOfPage":{"@id":"https:\/\/macite.tg\/?p=3888"},"wordCount":1140,"commentCount":0,"image":{"@id":"https:\/\/macite.tg\/?p=3888#primaryimage"},"thumbnailUrl":"https:\/\/macite.tg\/wp-content\/uploads\/2023\/02\/Iran.jpg","articleSection":["ACTUALITE"],"inLanguage":"fr-FR","potentialAction":[{"@type":"CommentAction","name":"Comment","target":["https:\/\/macite.tg\/?p=3888#respond"]}]},{"@type":"WebPage","@id":"https:\/\/macite.tg\/?p=3888","url":"https:\/\/macite.tg\/?p=3888","name":"COURSES AUX ARMEMENTS DE DRONES: L\u2019Iran fait planer la menace en Afrique du Nord, le Maroc inquiet -","isPartOf":{"@id":"https:\/\/macite.tg\/#website"},"primaryImageOfPage":{"@id":"https:\/\/macite.tg\/?p=3888#primaryimage"},"image":{"@id":"https:\/\/macite.tg\/?p=3888#primaryimage"},"thumbnailUrl":"https:\/\/macite.tg\/wp-content\/uploads\/2023\/02\/Iran.jpg","datePublished":"2023-02-28T19:10:51+00:00","dateModified":"2023-02-28T19:10:52+00:00","author":{"@id":"https:\/\/macite.tg\/#\/schema\/person\/e9f2de7e5dbbe7770a9402c7ce82f5c2"},"breadcrumb":{"@id":"https:\/\/macite.tg\/?p=3888#breadcrumb"},"inLanguage":"fr-FR","potentialAction":[{"@type":"ReadAction","target":["https:\/\/macite.tg\/?p=3888"]}]},{"@type":"ImageObject","inLanguage":"fr-FR","@id":"https:\/\/macite.tg\/?p=3888#primaryimage","url":"https:\/\/macite.tg\/wp-content\/uploads\/2023\/02\/Iran.jpg","contentUrl":"https:\/\/macite.tg\/wp-content\/uploads\/2023\/02\/Iran.jpg","width":1200,"height":675},{"@type":"BreadcrumbList","@id":"https:\/\/macite.tg\/?p=3888#breadcrumb","itemListElement":[{"@type":"ListItem","position":1,"name":"Accueil","item":"https:\/\/macite.tg\/"},{"@type":"ListItem","position":2,"name":"COURSES AUX ARMEMENTS DE DRONES: L\u2019Iran fait planer la menace en Afrique du Nord, le Maroc inquiet"}]},{"@type":"WebSite","@id":"https:\/\/macite.tg\/#website","url":"https:\/\/macite.tg\/","name":"","description":"L&#039;information, la bonne!!!","potentialAction":[{"@type":"SearchAction","target":{"@type":"EntryPoint","urlTemplate":"https:\/\/macite.tg\/?s={search_term_string}"},"query-input":{"@type":"PropertyValueSpecification","valueRequired":true,"valueName":"search_term_string"}}],"inLanguage":"fr-FR"},{"@type":"Person","@id":"https:\/\/macite.tg\/#\/schema\/person\/e9f2de7e5dbbe7770a9402c7ce82f5c2","name":"Jean Pierre BAWELA","image":{"@type":"ImageObject","inLanguage":"fr-FR","@id":"https:\/\/macite.tg\/wp-content\/uploads\/2023\/09\/WhatsApp-Image-2023-09-19-at-14.44.41-122x122.jpeg","url":"https:\/\/macite.tg\/wp-content\/uploads\/2023\/09\/WhatsApp-Image-2023-09-19-at-14.44.41-122x122.jpeg","contentUrl":"https:\/\/macite.tg\/wp-content\/uploads\/2023\/09\/WhatsApp-Image-2023-09-19-at-14.44.41-122x122.jpeg","caption":"Jean Pierre BAWELA"},"url":"https:\/\/macite.tg\/?author=2"}]}},"_links":{"self":[{"href":"https:\/\/macite.tg\/index.php?rest_route=\/wp\/v2\/posts\/3888","targetHints":{"allow":["GET"]}}],"collection":[{"href":"https:\/\/macite.tg\/index.php?rest_route=\/wp\/v2\/posts"}],"about":[{"href":"https:\/\/macite.tg\/index.php?rest_route=\/wp\/v2\/types\/post"}],"author":[{"embeddable":true,"href":"https:\/\/macite.tg\/index.php?rest_route=\/wp\/v2\/users\/2"}],"replies":[{"embeddable":true,"href":"https:\/\/macite.tg\/index.php?rest_route=%2Fwp%2Fv2%2Fcomments&post=3888"}],"version-history":[{"count":0,"href":"https:\/\/macite.tg\/index.php?rest_route=\/wp\/v2\/posts\/3888\/revisions"}],"wp:featuredmedia":[{"embeddable":true,"href":"https:\/\/macite.tg\/index.php?rest_route=\/wp\/v2\/media\/3891"}],"wp:attachment":[{"href":"https:\/\/macite.tg\/index.php?rest_route=%2Fwp%2Fv2%2Fmedia&parent=3888"}],"wp:term":[{"taxonomy":"category","embeddable":true,"href":"https:\/\/macite.tg\/index.php?rest_route=%2Fwp%2Fv2%2Fcategories&post=3888"},{"taxonomy":"post_tag","embeddable":true,"href":"https:\/\/macite.tg\/index.php?rest_route=%2Fwp%2Fv2%2Ftags&post=3888"}],"curies":[{"name":"wp","href":"https:\/\/api.w.org\/{rel}","templated":true}]}}