{"id":3855,"date":"2023-02-28T11:46:13","date_gmt":"2023-02-28T11:46:13","guid":{"rendered":"https:\/\/macite.info\/?p=3855"},"modified":"2023-02-28T11:48:11","modified_gmt":"2023-02-28T11:48:11","slug":"concours-dentree-a-lecole-des-sous-officiers-de-temedja-enso-t-voici-la-liste-des-215-candidats-retenus","status":"publish","type":"post","link":"https:\/\/macite.tg\/?p=3855","title":{"rendered":"CONCOURS D\u2019ENTR\u00c9E A L\u2019\u00c9COLE DES SOUS-OFFICIERS DE T\u00c9M\u00c9DJA (ENSO-T)\u00a0: Voici la liste des candidats retenus"},"content":{"rendered":"\n<p class=\"wp-block-paragraph\"><\/p>\n\n\n\n<p class=\"wp-block-paragraph\"><strong><em>La listes des admis au concours d\u2019entr\u00e9e \u00e0 l\u2019\u00c9cole nationale des Sous-officiers de T\u00e9m\u00e9dja (ENSO-T), pour le compte de la promotion 2022-2024, est disponible.<\/em><\/strong><\/p>\n\n\n\n<p class=\"wp-block-paragraph\">Ils ont au total 215 candidats retenus sur l\u2019ensemble du territoire, et convoqu\u00e9s demain 1<sup>er<\/sup> mars \u00e0 l\u2019Etat-major g\u00e9n\u00e9ral des FAT.<\/p>\n\n\n<div class=\"wp-block-image\">\n<figure class=\"aligncenter size-large is-resized\"><img loading=\"lazy\" decoding=\"async\" src=\"https:\/\/macite.tg\/wp-content\/uploads\/2023\/02\/ANNONCES-1-1-1024x426.jpg\" alt=\"\" class=\"wp-image-3701\" width=\"826\" height=\"343\" srcset=\"https:\/\/macite.tg\/wp-content\/uploads\/2023\/02\/ANNONCES-1-1-1024x426.jpg 1024w, https:\/\/macite.tg\/wp-content\/uploads\/2023\/02\/ANNONCES-1-1-300x125.jpg 300w, https:\/\/macite.tg\/wp-content\/uploads\/2023\/02\/ANNONCES-1-1-768x319.jpg 768w, https:\/\/macite.tg\/wp-content\/uploads\/2023\/02\/ANNONCES-1-1.jpg 1080w\" sizes=\"auto, (max-width: 826px) 100vw, 826px\" \/><\/figure>\n<\/div>\n\n\n<p class=\"wp-block-paragraph\">C\u2019est par un communiqu\u00e9 de presse en date du 24 f\u00e9vrier 2023, que le minist\u00e8re des Arm\u00e9es a rendu public les r\u00e9sultats de ce concours. Ils sont disponibles dans les brigades de gendarmerie des pr\u00e9fectures ou dans le Quotidien national Togo Presse.<\/p>\n\n\n\n<p class=\"wp-block-paragraph\">Au total 560 candidats ont \u00e9t\u00e9 d\u00e9clar\u00e9s admissibles \u00e0 ce concours pass\u00e9 en novembre dernier.<\/p>\n\n\n\n<p class=\"wp-block-paragraph\">Notons que les candidats qui ne se pr\u00e9senteront pas dans les d\u00e9lais prescrits seront consid\u00e9r\u00e9s comme d\u00e9missionnaires, note le communiqu\u00e9.<\/p>\n\n\n\n<div data-wp-interactive=\"core\/file\" class=\"wp-block-file\"><object data-wp-bind--hidden=\"!state.hasPdfPreview\" hidden class=\"wp-block-file__embed\" data=\"https:\/\/macite.tg\/wp-content\/uploads\/2023\/02\/Communique-relatif-aux-resultats-dentree-a-lENSO-T.pdf\" type=\"application\/pdf\" style=\"width:100%;height:600px\" aria-label=\"Contenu embarqu\u00e9 Communique-relatif-aux-resultats-dentree-a-lENSO-T.\"><\/object><a id=\"wp-block-file--media-30bf3aad-215b-4b4d-bb9b-29b4658f85c5\" href=\"https:\/\/macite.tg\/wp-content\/uploads\/2023\/02\/Communique-relatif-aux-resultats-dentree-a-lENSO-T.pdf\">Communique-relatif-aux-resultats-dentree-a-lENSO-T<\/a><a href=\"https:\/\/macite.tg\/wp-content\/uploads\/2023\/02\/Communique-relatif-aux-resultats-dentree-a-lENSO-T.pdf\" class=\"wp-block-file__button wp-element-button\" download aria-describedby=\"wp-block-file--media-30bf3aad-215b-4b4d-bb9b-29b4658f85c5\">T\u00e9l\u00e9charger<\/a><\/div>\n\n\n\n<p class=\"wp-block-paragraph\"><strong><em>@macite.info<\/em><\/strong><\/p>\n\n\n\n<p class=\"wp-block-paragraph\"><strong><em>E-mail&nbsp;: <\/em><\/strong><a href=\"mailto:maciteinfo@gmail.com\"><strong><em>maciteinfo@gmail.com<\/em><\/strong><\/a><strong><em>; <\/em><\/strong><a href=\"mailto:bawela1@gmail.com\"><strong><em>bawela1@gmail.com<\/em><\/strong><\/a><\/p>\n\n\n\n<p class=\"wp-block-paragraph\"><strong><em>Pour vos annonces, (publi)reportages, etc., joignez nous au (00228)91515309\/<strong>79872224 <\/strong><\/em><\/strong><a href=\"http:\/\/www.macite.info\"><strong><em>www.macite.info<\/em><\/strong><\/a><strong><em>, L\u2019information, la bonne&nbsp;!<\/em><\/strong><\/p>\n","protected":false},"excerpt":{"rendered":"<p class=\"text-justify mb-2\" >La listes des admis au concours d\u2019entr\u00e9e \u00e0 l\u2019\u00c9cole nationale des Sous-officiers de T\u00e9m\u00e9dja (ENSO-T), pour le compte de la promotion 2022-2024, est disponible. Ils ont au total 215 candidats retenus sur l\u2019ensemble du territoire, et convoqu\u00e9s demain 1er mars \u00e0 l\u2019Etat-major g\u00e9n\u00e9ral des FAT. [&hellip;]<\/p>\n","protected":false},"author":2,"featured_media":3858,"comment_status":"open","ping_status":"open","sticky":false,"template":"","format":"standard","meta":{"footnotes":""},"categories":[20],"tags":[],"class_list":["post-3855","post","type-post","status-publish","format-standard","has-post-thumbnail","hentry","category-actualite"],"yoast_head":"<!-- This site is optimized with the Yoast SEO plugin v28.4 - https:\/\/yoast.com\/product\/yoast-seo-wordpress\/ -->\n<title>CONCOURS D\u2019ENTR\u00c9E A L\u2019\u00c9COLE DES SOUS-OFFICIERS DE T\u00c9M\u00c9DJA (ENSO-T)\u00a0: Voici la liste des candidats retenus -<\/title>\n<meta name=\"robots\" content=\"index, follow, max-snippet:-1, max-image-preview:large, max-video-preview:-1\" \/>\n<link rel=\"canonical\" href=\"https:\/\/macite.tg\/?p=3855\" \/>\n<meta property=\"og:locale\" content=\"fr_FR\" \/>\n<meta property=\"og:type\" content=\"article\" \/>\n<meta property=\"og:title\" content=\"CONCOURS D\u2019ENTR\u00c9E A L\u2019\u00c9COLE DES SOUS-OFFICIERS DE T\u00c9M\u00c9DJA (ENSO-T)\u00a0: Voici la liste des candidats retenus -\" \/>\n<meta property=\"og:description\" content=\"La listes des admis au concours d\u2019entr\u00e9e \u00e0 l\u2019\u00c9cole nationale des Sous-officiers de T\u00e9m\u00e9dja (ENSO-T), pour le compte de la promotion 2022-2024, est disponible. Ils ont au total 215 candidats retenus sur l\u2019ensemble du territoire, et convoqu\u00e9s demain 1er mars \u00e0 l\u2019Etat-major g\u00e9n\u00e9ral des FAT. [&hellip;]\" \/>\n<meta property=\"og:url\" content=\"https:\/\/macite.tg\/?p=3855\" \/>\n<meta property=\"article:published_time\" content=\"2023-02-28T11:46:13+00:00\" \/>\n<meta property=\"article:modified_time\" content=\"2023-02-28T11:48:11+00:00\" \/>\n<meta property=\"og:image\" content=\"https:\/\/macite.tg\/wp-content\/uploads\/2023\/02\/cc58d67e93dd85a7f2f7d90dc0d29171_L.jpg\" \/>\n\t<meta property=\"og:image:width\" content=\"500\" \/>\n\t<meta property=\"og:image:height\" content=\"281\" \/>\n\t<meta property=\"og:image:type\" content=\"image\/jpeg\" \/>\n<meta name=\"author\" content=\"Jean Pierre BAWELA\" \/>\n<meta name=\"twitter:card\" content=\"summary_large_image\" \/>\n<meta name=\"twitter:label1\" content=\"\u00c9crit par\" \/>\n\t<meta name=\"twitter:data1\" content=\"Jean Pierre BAWELA\" \/>\n\t<meta name=\"twitter:label2\" content=\"Dur\u00e9e de lecture estim\u00e9e\" \/>\n\t<meta name=\"twitter:data2\" content=\"1 minute\" \/>\n<script type=\"application\/ld+json\" class=\"yoast-schema-graph\">{\"@context\":\"https:\\\/\\\/schema.org\",\"@graph\":[{\"@type\":\"Article\",\"@id\":\"https:\\\/\\\/macite.tg\\\/?p=3855#article\",\"isPartOf\":{\"@id\":\"https:\\\/\\\/macite.tg\\\/?p=3855\"},\"author\":{\"name\":\"Jean Pierre BAWELA\",\"@id\":\"https:\\\/\\\/macite.tg\\\/#\\\/schema\\\/person\\\/e9f2de7e5dbbe7770a9402c7ce82f5c2\"},\"headline\":\"CONCOURS D\u2019ENTR\u00c9E A L\u2019\u00c9COLE DES SOUS-OFFICIERS DE T\u00c9M\u00c9DJA (ENSO-T)\u00a0: Voici la liste des candidats retenus\",\"datePublished\":\"2023-02-28T11:46:13+00:00\",\"dateModified\":\"2023-02-28T11:48:11+00:00\",\"mainEntityOfPage\":{\"@id\":\"https:\\\/\\\/macite.tg\\\/?p=3855\"},\"wordCount\":189,\"commentCount\":0,\"image\":{\"@id\":\"https:\\\/\\\/macite.tg\\\/?p=3855#primaryimage\"},\"thumbnailUrl\":\"https:\\\/\\\/macite.tg\\\/wp-content\\\/uploads\\\/2023\\\/02\\\/cc58d67e93dd85a7f2f7d90dc0d29171_L.jpg\",\"articleSection\":[\"ACTUALITE\"],\"inLanguage\":\"fr-FR\",\"potentialAction\":[{\"@type\":\"CommentAction\",\"name\":\"Comment\",\"target\":[\"https:\\\/\\\/macite.tg\\\/?p=3855#respond\"]}]},{\"@type\":\"WebPage\",\"@id\":\"https:\\\/\\\/macite.tg\\\/?p=3855\",\"url\":\"https:\\\/\\\/macite.tg\\\/?p=3855\",\"name\":\"CONCOURS D\u2019ENTR\u00c9E A L\u2019\u00c9COLE DES SOUS-OFFICIERS DE T\u00c9M\u00c9DJA (ENSO-T)\u00a0: Voici la liste des candidats retenus -\",\"isPartOf\":{\"@id\":\"https:\\\/\\\/macite.tg\\\/#website\"},\"primaryImageOfPage\":{\"@id\":\"https:\\\/\\\/macite.tg\\\/?p=3855#primaryimage\"},\"image\":{\"@id\":\"https:\\\/\\\/macite.tg\\\/?p=3855#primaryimage\"},\"thumbnailUrl\":\"https:\\\/\\\/macite.tg\\\/wp-content\\\/uploads\\\/2023\\\/02\\\/cc58d67e93dd85a7f2f7d90dc0d29171_L.jpg\",\"datePublished\":\"2023-02-28T11:46:13+00:00\",\"dateModified\":\"2023-02-28T11:48:11+00:00\",\"author\":{\"@id\":\"https:\\\/\\\/macite.tg\\\/#\\\/schema\\\/person\\\/e9f2de7e5dbbe7770a9402c7ce82f5c2\"},\"breadcrumb\":{\"@id\":\"https:\\\/\\\/macite.tg\\\/?p=3855#breadcrumb\"},\"inLanguage\":\"fr-FR\",\"potentialAction\":[{\"@type\":\"ReadAction\",\"target\":[\"https:\\\/\\\/macite.tg\\\/?p=3855\"]}]},{\"@type\":\"ImageObject\",\"inLanguage\":\"fr-FR\",\"@id\":\"https:\\\/\\\/macite.tg\\\/?p=3855#primaryimage\",\"url\":\"https:\\\/\\\/macite.tg\\\/wp-content\\\/uploads\\\/2023\\\/02\\\/cc58d67e93dd85a7f2f7d90dc0d29171_L.jpg\",\"contentUrl\":\"https:\\\/\\\/macite.tg\\\/wp-content\\\/uploads\\\/2023\\\/02\\\/cc58d67e93dd85a7f2f7d90dc0d29171_L.jpg\",\"width\":500,\"height\":281},{\"@type\":\"BreadcrumbList\",\"@id\":\"https:\\\/\\\/macite.tg\\\/?p=3855#breadcrumb\",\"itemListElement\":[{\"@type\":\"ListItem\",\"position\":1,\"name\":\"Accueil\",\"item\":\"https:\\\/\\\/macite.tg\\\/\"},{\"@type\":\"ListItem\",\"position\":2,\"name\":\"CONCOURS D\u2019ENTR\u00c9E A L\u2019\u00c9COLE DES SOUS-OFFICIERS DE T\u00c9M\u00c9DJA (ENSO-T)\u00a0: Voici la liste des candidats retenus\"}]},{\"@type\":\"WebSite\",\"@id\":\"https:\\\/\\\/macite.tg\\\/#website\",\"url\":\"https:\\\/\\\/macite.tg\\\/\",\"name\":\"\",\"description\":\"L&#039;information, la bonne!!!\",\"potentialAction\":[{\"@type\":\"SearchAction\",\"target\":{\"@type\":\"EntryPoint\",\"urlTemplate\":\"https:\\\/\\\/macite.tg\\\/?s={search_term_string}\"},\"query-input\":{\"@type\":\"PropertyValueSpecification\",\"valueRequired\":true,\"valueName\":\"search_term_string\"}}],\"inLanguage\":\"fr-FR\"},{\"@type\":\"Person\",\"@id\":\"https:\\\/\\\/macite.tg\\\/#\\\/schema\\\/person\\\/e9f2de7e5dbbe7770a9402c7ce82f5c2\",\"name\":\"Jean Pierre BAWELA\",\"image\":{\"@type\":\"ImageObject\",\"inLanguage\":\"fr-FR\",\"@id\":\"https:\\\/\\\/macite.tg\\\/wp-content\\\/uploads\\\/2023\\\/09\\\/WhatsApp-Image-2023-09-19-at-14.44.41-122x122.jpeg\",\"url\":\"https:\\\/\\\/macite.tg\\\/wp-content\\\/uploads\\\/2023\\\/09\\\/WhatsApp-Image-2023-09-19-at-14.44.41-122x122.jpeg\",\"contentUrl\":\"https:\\\/\\\/macite.tg\\\/wp-content\\\/uploads\\\/2023\\\/09\\\/WhatsApp-Image-2023-09-19-at-14.44.41-122x122.jpeg\",\"caption\":\"Jean Pierre BAWELA\"},\"url\":\"https:\\\/\\\/macite.tg\\\/?author=2\"}]}<\/script>\n<!-- \/ Yoast SEO plugin. -->","yoast_head_json":{"title":"CONCOURS D\u2019ENTR\u00c9E A L\u2019\u00c9COLE DES SOUS-OFFICIERS DE T\u00c9M\u00c9DJA (ENSO-T)\u00a0: Voici la liste des candidats retenus -","robots":{"index":"index","follow":"follow","max-snippet":"max-snippet:-1","max-image-preview":"max-image-preview:large","max-video-preview":"max-video-preview:-1"},"canonical":"https:\/\/macite.tg\/?p=3855","og_locale":"fr_FR","og_type":"article","og_title":"CONCOURS D\u2019ENTR\u00c9E A L\u2019\u00c9COLE DES SOUS-OFFICIERS DE T\u00c9M\u00c9DJA (ENSO-T)\u00a0: Voici la liste des candidats retenus -","og_description":"La listes des admis au concours d\u2019entr\u00e9e \u00e0 l\u2019\u00c9cole nationale des Sous-officiers de T\u00e9m\u00e9dja (ENSO-T), pour le compte de la promotion 2022-2024, est disponible. Ils ont au total 215 candidats retenus sur l\u2019ensemble du territoire, et convoqu\u00e9s demain 1er mars \u00e0 l\u2019Etat-major g\u00e9n\u00e9ral des FAT. [&hellip;]","og_url":"https:\/\/macite.tg\/?p=3855","article_published_time":"2023-02-28T11:46:13+00:00","article_modified_time":"2023-02-28T11:48:11+00:00","og_image":[{"width":500,"height":281,"url":"https:\/\/macite.tg\/wp-content\/uploads\/2023\/02\/cc58d67e93dd85a7f2f7d90dc0d29171_L.jpg","type":"image\/jpeg"}],"author":"Jean Pierre BAWELA","twitter_card":"summary_large_image","twitter_misc":{"\u00c9crit par":"Jean Pierre BAWELA","Dur\u00e9e de lecture estim\u00e9e":"1 minute"},"schema":{"@context":"https:\/\/schema.org","@graph":[{"@type":"Article","@id":"https:\/\/macite.tg\/?p=3855#article","isPartOf":{"@id":"https:\/\/macite.tg\/?p=3855"},"author":{"name":"Jean Pierre BAWELA","@id":"https:\/\/macite.tg\/#\/schema\/person\/e9f2de7e5dbbe7770a9402c7ce82f5c2"},"headline":"CONCOURS D\u2019ENTR\u00c9E A L\u2019\u00c9COLE DES SOUS-OFFICIERS DE T\u00c9M\u00c9DJA (ENSO-T)\u00a0: Voici la liste des candidats retenus","datePublished":"2023-02-28T11:46:13+00:00","dateModified":"2023-02-28T11:48:11+00:00","mainEntityOfPage":{"@id":"https:\/\/macite.tg\/?p=3855"},"wordCount":189,"commentCount":0,"image":{"@id":"https:\/\/macite.tg\/?p=3855#primaryimage"},"thumbnailUrl":"https:\/\/macite.tg\/wp-content\/uploads\/2023\/02\/cc58d67e93dd85a7f2f7d90dc0d29171_L.jpg","articleSection":["ACTUALITE"],"inLanguage":"fr-FR","potentialAction":[{"@type":"CommentAction","name":"Comment","target":["https:\/\/macite.tg\/?p=3855#respond"]}]},{"@type":"WebPage","@id":"https:\/\/macite.tg\/?p=3855","url":"https:\/\/macite.tg\/?p=3855","name":"CONCOURS D\u2019ENTR\u00c9E A L\u2019\u00c9COLE DES SOUS-OFFICIERS DE T\u00c9M\u00c9DJA (ENSO-T)\u00a0: Voici la liste des candidats retenus -","isPartOf":{"@id":"https:\/\/macite.tg\/#website"},"primaryImageOfPage":{"@id":"https:\/\/macite.tg\/?p=3855#primaryimage"},"image":{"@id":"https:\/\/macite.tg\/?p=3855#primaryimage"},"thumbnailUrl":"https:\/\/macite.tg\/wp-content\/uploads\/2023\/02\/cc58d67e93dd85a7f2f7d90dc0d29171_L.jpg","datePublished":"2023-02-28T11:46:13+00:00","dateModified":"2023-02-28T11:48:11+00:00","author":{"@id":"https:\/\/macite.tg\/#\/schema\/person\/e9f2de7e5dbbe7770a9402c7ce82f5c2"},"breadcrumb":{"@id":"https:\/\/macite.tg\/?p=3855#breadcrumb"},"inLanguage":"fr-FR","potentialAction":[{"@type":"ReadAction","target":["https:\/\/macite.tg\/?p=3855"]}]},{"@type":"ImageObject","inLanguage":"fr-FR","@id":"https:\/\/macite.tg\/?p=3855#primaryimage","url":"https:\/\/macite.tg\/wp-content\/uploads\/2023\/02\/cc58d67e93dd85a7f2f7d90dc0d29171_L.jpg","contentUrl":"https:\/\/macite.tg\/wp-content\/uploads\/2023\/02\/cc58d67e93dd85a7f2f7d90dc0d29171_L.jpg","width":500,"height":281},{"@type":"BreadcrumbList","@id":"https:\/\/macite.tg\/?p=3855#breadcrumb","itemListElement":[{"@type":"ListItem","position":1,"name":"Accueil","item":"https:\/\/macite.tg\/"},{"@type":"ListItem","position":2,"name":"CONCOURS D\u2019ENTR\u00c9E A L\u2019\u00c9COLE DES SOUS-OFFICIERS DE T\u00c9M\u00c9DJA (ENSO-T)\u00a0: Voici la liste des candidats retenus"}]},{"@type":"WebSite","@id":"https:\/\/macite.tg\/#website","url":"https:\/\/macite.tg\/","name":"","description":"L&#039;information, la bonne!!!","potentialAction":[{"@type":"SearchAction","target":{"@type":"EntryPoint","urlTemplate":"https:\/\/macite.tg\/?s={search_term_string}"},"query-input":{"@type":"PropertyValueSpecification","valueRequired":true,"valueName":"search_term_string"}}],"inLanguage":"fr-FR"},{"@type":"Person","@id":"https:\/\/macite.tg\/#\/schema\/person\/e9f2de7e5dbbe7770a9402c7ce82f5c2","name":"Jean Pierre BAWELA","image":{"@type":"ImageObject","inLanguage":"fr-FR","@id":"https:\/\/macite.tg\/wp-content\/uploads\/2023\/09\/WhatsApp-Image-2023-09-19-at-14.44.41-122x122.jpeg","url":"https:\/\/macite.tg\/wp-content\/uploads\/2023\/09\/WhatsApp-Image-2023-09-19-at-14.44.41-122x122.jpeg","contentUrl":"https:\/\/macite.tg\/wp-content\/uploads\/2023\/09\/WhatsApp-Image-2023-09-19-at-14.44.41-122x122.jpeg","caption":"Jean Pierre BAWELA"},"url":"https:\/\/macite.tg\/?author=2"}]}},"_links":{"self":[{"href":"https:\/\/macite.tg\/index.php?rest_route=\/wp\/v2\/posts\/3855","targetHints":{"allow":["GET"]}}],"collection":[{"href":"https:\/\/macite.tg\/index.php?rest_route=\/wp\/v2\/posts"}],"about":[{"href":"https:\/\/macite.tg\/index.php?rest_route=\/wp\/v2\/types\/post"}],"author":[{"embeddable":true,"href":"https:\/\/macite.tg\/index.php?rest_route=\/wp\/v2\/users\/2"}],"replies":[{"embeddable":true,"href":"https:\/\/macite.tg\/index.php?rest_route=%2Fwp%2Fv2%2Fcomments&post=3855"}],"version-history":[{"count":0,"href":"https:\/\/macite.tg\/index.php?rest_route=\/wp\/v2\/posts\/3855\/revisions"}],"wp:featuredmedia":[{"embeddable":true,"href":"https:\/\/macite.tg\/index.php?rest_route=\/wp\/v2\/media\/3858"}],"wp:attachment":[{"href":"https:\/\/macite.tg\/index.php?rest_route=%2Fwp%2Fv2%2Fmedia&parent=3855"}],"wp:term":[{"taxonomy":"category","embeddable":true,"href":"https:\/\/macite.tg\/index.php?rest_route=%2Fwp%2Fv2%2Fcategories&post=3855"},{"taxonomy":"post_tag","embeddable":true,"href":"https:\/\/macite.tg\/index.php?rest_route=%2Fwp%2Fv2%2Ftags&post=3855"}],"curies":[{"name":"wp","href":"https:\/\/api.w.org\/{rel}","templated":true}]}}