{"id":3854,"date":"2023-02-28T11:16:35","date_gmt":"2023-02-28T11:16:35","guid":{"rendered":"https:\/\/macite.info\/?p=3854"},"modified":"2023-02-28T11:16:36","modified_gmt":"2023-02-28T11:16:36","slug":"declaration-des-biens-et-avoirs-a-partir-du-1er-mars-pour-les-membres-du-gouvernement","status":"publish","type":"post","link":"https:\/\/macite.tg\/?p=3854","title":{"rendered":"<strong>D\u00c9CLARATION DES BIENS ET AVOIRS : A partir du 1er Mars pour les membres du gouvernement<\/strong>"},"content":{"rendered":"\n<p class=\"wp-block-paragraph\"><strong><em>En lien avec les conditions de d\u00e9claration de biens et avoirs des hautes personnalit\u00e9s, des hauts fonctionnaires et autres agents assujettis, la Constitution et la Loi organique N\u00b0 2020-003 du 24 janvier 2020 ont list\u00e9 deux cat\u00e9gories d&rsquo;assujettis : il y a les hautes personnalit\u00e9s pr\u00e9vues par l&rsquo;article 145 de la Constitution. On les appelle les assujettis de premi\u00e8re cat\u00e9gorie. Ils doivent d\u00e9clarer des biens qui sont sup\u00e9rieurs \u00e0 50 millions de FCFA en ce qui concerne les biens immeubles et ceux qui sont sup\u00e9rieurs \u00e0 20 millions en ce qui concerne leurs biens meubles.<\/em><\/strong><\/p>\n\n\n\n<p class=\"wp-block-paragraph\">La deuxi\u00e8me cat\u00e9gorie, ceux qu&rsquo;on appelle les hauts fonctionnaires, ce sont les d\u00e9put\u00e9s, les partis politiques et tous ceux qui sont pr\u00e9vus par la loi. Ils doivent d\u00e9clarer les biens qui sont entre 20 millions pour les biens immeubles et deux millions pour les biens meubles.<\/p>\n\n\n\n<p class=\"wp-block-paragraph\">Ces dispositions ont \u00e9t\u00e9 pr\u00e9cis\u00e9 lors d&rsquo;un s\u00e9minaire gouvernemental sur la d\u00e9claration de biens et avoirs qui a regroup\u00e9 les membres du Gouvernement et une d\u00e9l\u00e9gation conduite par le M\u00e9diateur de la R\u00e9publique, Awa Nana-Daboya. La rencontre pr\u00e9sid\u00e9e par le Premier ministre Victoire Dogb\u00e9 a permis au M\u00e9diateur de la R\u00e9publique, d&rsquo;informer et de sensibiliser les membres du gouvernement sur les modalit\u00e9s de d\u00e9claration des biens et avoirs.&nbsp;<\/p>\n\n\n\n<p class=\"wp-block-paragraph\">A la suite de la rencontre, elle a dit : <em>\u00ab&nbsp;D\u00e8s le 1er mars, nous commen\u00e7ons avec le gouvernement qui vient d&rsquo;\u00eatre inform\u00e9&nbsp;\u00bb<\/em>.&nbsp; Il y a quelques semaines, lors de la c\u00e9r\u00e9monie du lancement de cette campagne de sensibilisation, Christian Trimua, le ministre charg\u00e9 des droits de l&rsquo;homme et des relations avec les institutions de la R\u00e9publique, informait que, l&rsquo;ensemble des coll\u00e8gues et les plus hautes autorit\u00e9s du pays sont pr\u00eats \u00e0 faire leur d\u00e9claration de biens et avoirs.&nbsp;<\/p>\n\n\n\n<figure class=\"wp-block-image size-large\"><img loading=\"lazy\" decoding=\"async\" width=\"1024\" height=\"426\" src=\"https:\/\/macite.tg\/wp-content\/uploads\/2023\/02\/ANNONCES-1-1-1024x426.jpg\" alt=\"\" class=\"wp-image-3701\" srcset=\"https:\/\/macite.tg\/wp-content\/uploads\/2023\/02\/ANNONCES-1-1-1024x426.jpg 1024w, https:\/\/macite.tg\/wp-content\/uploads\/2023\/02\/ANNONCES-1-1-300x125.jpg 300w, https:\/\/macite.tg\/wp-content\/uploads\/2023\/02\/ANNONCES-1-1-768x319.jpg 768w, https:\/\/macite.tg\/wp-content\/uploads\/2023\/02\/ANNONCES-1-1.jpg 1080w\" sizes=\"auto, (max-width: 1024px) 100vw, 1024px\" \/><\/figure>\n\n\n\n<p class=\"wp-block-paragraph\">Il faut pr\u00e9ciser qu&rsquo;une campagne nationale d&rsquo;information et de sensibilisation a \u00e9t\u00e9 lanc\u00e9e. A en croire le m\u00e9diateur de la R\u00e9publique, cette campagne d&rsquo;information et de sensibilisation va consister \u00e0 parcourir les 5 grandes r\u00e9gions du Togo en r\u00e9unissant les assujettis qui sont g\u00e9n\u00e9ralement les agents de l&rsquo;administration publique, les hautes personnalit\u00e9s avec lesquels il y aura des \u00e9changes autour du processus.<\/p>\n\n\n\n<p class=\"wp-block-paragraph\"><em>\u00ab&nbsp;Il s&rsquo;agira d&rsquo;informer et sensibiliser les citoyens sur le concept, l&rsquo;importance et les principes de base de la d\u00e9claration de biens et avoirs ; de permettre la compr\u00e9hension commune de l&rsquo;esprit et de la lettre des instruments juridiques en la mati\u00e8re ; de susciter la confiance et l&rsquo;adh\u00e9sion des assujettis au processus ; d&rsquo;amener chaque acteur \u00e0 conna\u00eetre et \u00e0 prendre conscience du r\u00f4le et des responsabilit\u00e9s de chacun dans le processus de d\u00e9claration de biens et avoirs&nbsp;\u00bb,<\/em> fait-on savoir.<\/p>\n\n\n\n<p class=\"wp-block-paragraph\">Les services du m\u00e9diateur de la R\u00e9publique font savoir que les expos\u00e9s th\u00e9matiques concerneront les textes sur la d\u00e9claration des biens et avoirs, la proc\u00e9dure de d\u00e9claration, les assujettis \u00e0 la d\u00e9claration et la nature de biens \u00e0 d\u00e9clarer, le formulaire de d\u00e9claration, les sanctions encourues et un aper\u00e7u des missions, de l&rsquo;organisation et du fonctionnement des services du M\u00e9diateur de la R\u00e9publique.<\/p>\n\n\n\n<p class=\"wp-block-paragraph\"><strong>(In LE MEDIUM n\u00b0542 du 28 F\u00e9vrier au 06 Mars 2023)<\/strong><\/p>\n\n\n\n<p class=\"wp-block-paragraph\"><strong><em>@macite.info<\/em><\/strong><\/p>\n\n\n\n<p class=\"wp-block-paragraph\"><strong><em>E-mail&nbsp;: <\/em><\/strong><a href=\"mailto:maciteinfo@gmail.com\"><strong><em>maciteinfo@gmail.com<\/em><\/strong><\/a><strong><em>; <\/em><\/strong><a href=\"mailto:bawela1@gmail.com\"><strong><em>bawela1@gmail.com<\/em><\/strong><\/a><strong><em><\/em><\/strong><\/p>\n\n\n\n<p class=\"wp-block-paragraph\"><strong><em>Pour vos annonces, (publi)reportages, etc., joignez nous au (00228)91515309\/<strong>79872224 <\/strong><\/em><\/strong><a href=\"http:\/\/www.macite.info\"><strong><em>www.macite.info<\/em><\/strong><\/a><strong><em>, L\u2019information, la bonne&nbsp;!<\/em><\/strong><\/p>\n","protected":false},"excerpt":{"rendered":"<p class=\"text-justify mb-2\" >En lien avec les conditions de d\u00e9claration de biens et avoirs des hautes personnalit\u00e9s, des hauts fonctionnaires et autres agents assujettis, la Constitution et la Loi organique N\u00b0 2020-003 du 24 janvier 2020 ont list\u00e9 deux cat\u00e9gories d&rsquo;assujettis : il y a les hautes personnalit\u00e9s [&hellip;]<\/p>\n","protected":false},"author":2,"featured_media":3856,"comment_status":"open","ping_status":"open","sticky":false,"template":"","format":"standard","meta":{"footnotes":""},"categories":[20],"tags":[],"class_list":["post-3854","post","type-post","status-publish","format-standard","has-post-thumbnail","hentry","category-actualite"],"yoast_head":"<!-- This site is optimized with the Yoast SEO plugin v28.4 - https:\/\/yoast.com\/product\/yoast-seo-wordpress\/ -->\n<title>D\u00c9CLARATION DES BIENS ET AVOIRS : A partir du 1er Mars pour les membres du gouvernement -<\/title>\n<meta name=\"robots\" content=\"index, follow, max-snippet:-1, max-image-preview:large, max-video-preview:-1\" \/>\n<link rel=\"canonical\" href=\"https:\/\/macite.tg\/?p=3854\" \/>\n<meta property=\"og:locale\" content=\"fr_FR\" \/>\n<meta property=\"og:type\" content=\"article\" \/>\n<meta property=\"og:title\" content=\"D\u00c9CLARATION DES BIENS ET AVOIRS : A partir du 1er Mars pour les membres du gouvernement -\" \/>\n<meta property=\"og:description\" content=\"En lien avec les conditions de d\u00e9claration de biens et avoirs des hautes personnalit\u00e9s, des hauts fonctionnaires et autres agents assujettis, la Constitution et la Loi organique N\u00b0 2020-003 du 24 janvier 2020 ont list\u00e9 deux cat\u00e9gories d&rsquo;assujettis : il y a les hautes personnalit\u00e9s [&hellip;]\" \/>\n<meta property=\"og:url\" content=\"https:\/\/macite.tg\/?p=3854\" \/>\n<meta property=\"article:published_time\" content=\"2023-02-28T11:16:35+00:00\" \/>\n<meta property=\"article:modified_time\" content=\"2023-02-28T11:16:36+00:00\" \/>\n<meta property=\"og:image\" content=\"https:\/\/macite.tg\/wp-content\/uploads\/2023\/02\/IMG-20230227-WA0238.jpg\" \/>\n\t<meta property=\"og:image:width\" content=\"720\" \/>\n\t<meta property=\"og:image:height\" content=\"540\" \/>\n\t<meta property=\"og:image:type\" content=\"image\/jpeg\" \/>\n<meta name=\"author\" content=\"Jean Pierre BAWELA\" \/>\n<meta name=\"twitter:card\" content=\"summary_large_image\" \/>\n<meta name=\"twitter:label1\" content=\"\u00c9crit par\" \/>\n\t<meta name=\"twitter:data1\" content=\"Jean Pierre BAWELA\" \/>\n\t<meta name=\"twitter:label2\" content=\"Dur\u00e9e de lecture estim\u00e9e\" \/>\n\t<meta name=\"twitter:data2\" content=\"3 minutes\" \/>\n<script type=\"application\/ld+json\" class=\"yoast-schema-graph\">{\"@context\":\"https:\\\/\\\/schema.org\",\"@graph\":[{\"@type\":\"Article\",\"@id\":\"https:\\\/\\\/macite.tg\\\/?p=3854#article\",\"isPartOf\":{\"@id\":\"https:\\\/\\\/macite.tg\\\/?p=3854\"},\"author\":{\"name\":\"Jean Pierre BAWELA\",\"@id\":\"https:\\\/\\\/macite.tg\\\/#\\\/schema\\\/person\\\/e9f2de7e5dbbe7770a9402c7ce82f5c2\"},\"headline\":\"D\u00c9CLARATION DES BIENS ET AVOIRS : A partir du 1er Mars pour les membres du gouvernement\",\"datePublished\":\"2023-02-28T11:16:35+00:00\",\"dateModified\":\"2023-02-28T11:16:36+00:00\",\"mainEntityOfPage\":{\"@id\":\"https:\\\/\\\/macite.tg\\\/?p=3854\"},\"wordCount\":619,\"commentCount\":0,\"image\":{\"@id\":\"https:\\\/\\\/macite.tg\\\/?p=3854#primaryimage\"},\"thumbnailUrl\":\"https:\\\/\\\/macite.tg\\\/wp-content\\\/uploads\\\/2023\\\/02\\\/IMG-20230227-WA0238.jpg\",\"articleSection\":[\"ACTUALITE\"],\"inLanguage\":\"fr-FR\",\"potentialAction\":[{\"@type\":\"CommentAction\",\"name\":\"Comment\",\"target\":[\"https:\\\/\\\/macite.tg\\\/?p=3854#respond\"]}]},{\"@type\":\"WebPage\",\"@id\":\"https:\\\/\\\/macite.tg\\\/?p=3854\",\"url\":\"https:\\\/\\\/macite.tg\\\/?p=3854\",\"name\":\"D\u00c9CLARATION DES BIENS ET AVOIRS : A partir du 1er Mars pour les membres du gouvernement -\",\"isPartOf\":{\"@id\":\"https:\\\/\\\/macite.tg\\\/#website\"},\"primaryImageOfPage\":{\"@id\":\"https:\\\/\\\/macite.tg\\\/?p=3854#primaryimage\"},\"image\":{\"@id\":\"https:\\\/\\\/macite.tg\\\/?p=3854#primaryimage\"},\"thumbnailUrl\":\"https:\\\/\\\/macite.tg\\\/wp-content\\\/uploads\\\/2023\\\/02\\\/IMG-20230227-WA0238.jpg\",\"datePublished\":\"2023-02-28T11:16:35+00:00\",\"dateModified\":\"2023-02-28T11:16:36+00:00\",\"author\":{\"@id\":\"https:\\\/\\\/macite.tg\\\/#\\\/schema\\\/person\\\/e9f2de7e5dbbe7770a9402c7ce82f5c2\"},\"breadcrumb\":{\"@id\":\"https:\\\/\\\/macite.tg\\\/?p=3854#breadcrumb\"},\"inLanguage\":\"fr-FR\",\"potentialAction\":[{\"@type\":\"ReadAction\",\"target\":[\"https:\\\/\\\/macite.tg\\\/?p=3854\"]}]},{\"@type\":\"ImageObject\",\"inLanguage\":\"fr-FR\",\"@id\":\"https:\\\/\\\/macite.tg\\\/?p=3854#primaryimage\",\"url\":\"https:\\\/\\\/macite.tg\\\/wp-content\\\/uploads\\\/2023\\\/02\\\/IMG-20230227-WA0238.jpg\",\"contentUrl\":\"https:\\\/\\\/macite.tg\\\/wp-content\\\/uploads\\\/2023\\\/02\\\/IMG-20230227-WA0238.jpg\",\"width\":720,\"height\":540},{\"@type\":\"BreadcrumbList\",\"@id\":\"https:\\\/\\\/macite.tg\\\/?p=3854#breadcrumb\",\"itemListElement\":[{\"@type\":\"ListItem\",\"position\":1,\"name\":\"Accueil\",\"item\":\"https:\\\/\\\/macite.tg\\\/\"},{\"@type\":\"ListItem\",\"position\":2,\"name\":\"D\u00c9CLARATION DES BIENS ET AVOIRS : A partir du 1er Mars pour les membres du gouvernement\"}]},{\"@type\":\"WebSite\",\"@id\":\"https:\\\/\\\/macite.tg\\\/#website\",\"url\":\"https:\\\/\\\/macite.tg\\\/\",\"name\":\"\",\"description\":\"L&#039;information, la bonne!!!\",\"potentialAction\":[{\"@type\":\"SearchAction\",\"target\":{\"@type\":\"EntryPoint\",\"urlTemplate\":\"https:\\\/\\\/macite.tg\\\/?s={search_term_string}\"},\"query-input\":{\"@type\":\"PropertyValueSpecification\",\"valueRequired\":true,\"valueName\":\"search_term_string\"}}],\"inLanguage\":\"fr-FR\"},{\"@type\":\"Person\",\"@id\":\"https:\\\/\\\/macite.tg\\\/#\\\/schema\\\/person\\\/e9f2de7e5dbbe7770a9402c7ce82f5c2\",\"name\":\"Jean Pierre BAWELA\",\"image\":{\"@type\":\"ImageObject\",\"inLanguage\":\"fr-FR\",\"@id\":\"https:\\\/\\\/macite.tg\\\/wp-content\\\/uploads\\\/2023\\\/09\\\/WhatsApp-Image-2023-09-19-at-14.44.41-122x122.jpeg\",\"url\":\"https:\\\/\\\/macite.tg\\\/wp-content\\\/uploads\\\/2023\\\/09\\\/WhatsApp-Image-2023-09-19-at-14.44.41-122x122.jpeg\",\"contentUrl\":\"https:\\\/\\\/macite.tg\\\/wp-content\\\/uploads\\\/2023\\\/09\\\/WhatsApp-Image-2023-09-19-at-14.44.41-122x122.jpeg\",\"caption\":\"Jean Pierre BAWELA\"},\"url\":\"https:\\\/\\\/macite.tg\\\/?author=2\"}]}<\/script>\n<!-- \/ Yoast SEO plugin. -->","yoast_head_json":{"title":"D\u00c9CLARATION DES BIENS ET AVOIRS : A partir du 1er Mars pour les membres du gouvernement -","robots":{"index":"index","follow":"follow","max-snippet":"max-snippet:-1","max-image-preview":"max-image-preview:large","max-video-preview":"max-video-preview:-1"},"canonical":"https:\/\/macite.tg\/?p=3854","og_locale":"fr_FR","og_type":"article","og_title":"D\u00c9CLARATION DES BIENS ET AVOIRS : A partir du 1er Mars pour les membres du gouvernement -","og_description":"En lien avec les conditions de d\u00e9claration de biens et avoirs des hautes personnalit\u00e9s, des hauts fonctionnaires et autres agents assujettis, la Constitution et la Loi organique N\u00b0 2020-003 du 24 janvier 2020 ont list\u00e9 deux cat\u00e9gories d&rsquo;assujettis : il y a les hautes personnalit\u00e9s [&hellip;]","og_url":"https:\/\/macite.tg\/?p=3854","article_published_time":"2023-02-28T11:16:35+00:00","article_modified_time":"2023-02-28T11:16:36+00:00","og_image":[{"width":720,"height":540,"url":"https:\/\/macite.tg\/wp-content\/uploads\/2023\/02\/IMG-20230227-WA0238.jpg","type":"image\/jpeg"}],"author":"Jean Pierre BAWELA","twitter_card":"summary_large_image","twitter_misc":{"\u00c9crit par":"Jean Pierre BAWELA","Dur\u00e9e de lecture estim\u00e9e":"3 minutes"},"schema":{"@context":"https:\/\/schema.org","@graph":[{"@type":"Article","@id":"https:\/\/macite.tg\/?p=3854#article","isPartOf":{"@id":"https:\/\/macite.tg\/?p=3854"},"author":{"name":"Jean Pierre BAWELA","@id":"https:\/\/macite.tg\/#\/schema\/person\/e9f2de7e5dbbe7770a9402c7ce82f5c2"},"headline":"D\u00c9CLARATION DES BIENS ET AVOIRS : A partir du 1er Mars pour les membres du gouvernement","datePublished":"2023-02-28T11:16:35+00:00","dateModified":"2023-02-28T11:16:36+00:00","mainEntityOfPage":{"@id":"https:\/\/macite.tg\/?p=3854"},"wordCount":619,"commentCount":0,"image":{"@id":"https:\/\/macite.tg\/?p=3854#primaryimage"},"thumbnailUrl":"https:\/\/macite.tg\/wp-content\/uploads\/2023\/02\/IMG-20230227-WA0238.jpg","articleSection":["ACTUALITE"],"inLanguage":"fr-FR","potentialAction":[{"@type":"CommentAction","name":"Comment","target":["https:\/\/macite.tg\/?p=3854#respond"]}]},{"@type":"WebPage","@id":"https:\/\/macite.tg\/?p=3854","url":"https:\/\/macite.tg\/?p=3854","name":"D\u00c9CLARATION DES BIENS ET AVOIRS : A partir du 1er Mars pour les membres du gouvernement -","isPartOf":{"@id":"https:\/\/macite.tg\/#website"},"primaryImageOfPage":{"@id":"https:\/\/macite.tg\/?p=3854#primaryimage"},"image":{"@id":"https:\/\/macite.tg\/?p=3854#primaryimage"},"thumbnailUrl":"https:\/\/macite.tg\/wp-content\/uploads\/2023\/02\/IMG-20230227-WA0238.jpg","datePublished":"2023-02-28T11:16:35+00:00","dateModified":"2023-02-28T11:16:36+00:00","author":{"@id":"https:\/\/macite.tg\/#\/schema\/person\/e9f2de7e5dbbe7770a9402c7ce82f5c2"},"breadcrumb":{"@id":"https:\/\/macite.tg\/?p=3854#breadcrumb"},"inLanguage":"fr-FR","potentialAction":[{"@type":"ReadAction","target":["https:\/\/macite.tg\/?p=3854"]}]},{"@type":"ImageObject","inLanguage":"fr-FR","@id":"https:\/\/macite.tg\/?p=3854#primaryimage","url":"https:\/\/macite.tg\/wp-content\/uploads\/2023\/02\/IMG-20230227-WA0238.jpg","contentUrl":"https:\/\/macite.tg\/wp-content\/uploads\/2023\/02\/IMG-20230227-WA0238.jpg","width":720,"height":540},{"@type":"BreadcrumbList","@id":"https:\/\/macite.tg\/?p=3854#breadcrumb","itemListElement":[{"@type":"ListItem","position":1,"name":"Accueil","item":"https:\/\/macite.tg\/"},{"@type":"ListItem","position":2,"name":"D\u00c9CLARATION DES BIENS ET AVOIRS : A partir du 1er Mars pour les membres du gouvernement"}]},{"@type":"WebSite","@id":"https:\/\/macite.tg\/#website","url":"https:\/\/macite.tg\/","name":"","description":"L&#039;information, la bonne!!!","potentialAction":[{"@type":"SearchAction","target":{"@type":"EntryPoint","urlTemplate":"https:\/\/macite.tg\/?s={search_term_string}"},"query-input":{"@type":"PropertyValueSpecification","valueRequired":true,"valueName":"search_term_string"}}],"inLanguage":"fr-FR"},{"@type":"Person","@id":"https:\/\/macite.tg\/#\/schema\/person\/e9f2de7e5dbbe7770a9402c7ce82f5c2","name":"Jean Pierre BAWELA","image":{"@type":"ImageObject","inLanguage":"fr-FR","@id":"https:\/\/macite.tg\/wp-content\/uploads\/2023\/09\/WhatsApp-Image-2023-09-19-at-14.44.41-122x122.jpeg","url":"https:\/\/macite.tg\/wp-content\/uploads\/2023\/09\/WhatsApp-Image-2023-09-19-at-14.44.41-122x122.jpeg","contentUrl":"https:\/\/macite.tg\/wp-content\/uploads\/2023\/09\/WhatsApp-Image-2023-09-19-at-14.44.41-122x122.jpeg","caption":"Jean Pierre BAWELA"},"url":"https:\/\/macite.tg\/?author=2"}]}},"_links":{"self":[{"href":"https:\/\/macite.tg\/index.php?rest_route=\/wp\/v2\/posts\/3854","targetHints":{"allow":["GET"]}}],"collection":[{"href":"https:\/\/macite.tg\/index.php?rest_route=\/wp\/v2\/posts"}],"about":[{"href":"https:\/\/macite.tg\/index.php?rest_route=\/wp\/v2\/types\/post"}],"author":[{"embeddable":true,"href":"https:\/\/macite.tg\/index.php?rest_route=\/wp\/v2\/users\/2"}],"replies":[{"embeddable":true,"href":"https:\/\/macite.tg\/index.php?rest_route=%2Fwp%2Fv2%2Fcomments&post=3854"}],"version-history":[{"count":0,"href":"https:\/\/macite.tg\/index.php?rest_route=\/wp\/v2\/posts\/3854\/revisions"}],"wp:featuredmedia":[{"embeddable":true,"href":"https:\/\/macite.tg\/index.php?rest_route=\/wp\/v2\/media\/3856"}],"wp:attachment":[{"href":"https:\/\/macite.tg\/index.php?rest_route=%2Fwp%2Fv2%2Fmedia&parent=3854"}],"wp:term":[{"taxonomy":"category","embeddable":true,"href":"https:\/\/macite.tg\/index.php?rest_route=%2Fwp%2Fv2%2Fcategories&post=3854"},{"taxonomy":"post_tag","embeddable":true,"href":"https:\/\/macite.tg\/index.php?rest_route=%2Fwp%2Fv2%2Ftags&post=3854"}],"curies":[{"name":"wp","href":"https:\/\/api.w.org\/{rel}","templated":true}]}}