{"id":3838,"date":"2023-02-27T14:47:55","date_gmt":"2023-02-27T14:47:55","guid":{"rendered":"https:\/\/macite.info\/?p=3838"},"modified":"2023-02-27T14:47:56","modified_gmt":"2023-02-27T14:47:56","slug":"accord-de-partenariat-oeacp-ue-une-delegation-togolaise-a-pris-part-a-la-session-extraordinaire-a-bruxelles","status":"publish","type":"post","link":"https:\/\/macite.tg\/?p=3838","title":{"rendered":"<strong>ACCORD DE PARTENARIAT OEACP- UE\u00a0: Une d\u00e9l\u00e9gation togolaise a pris part \u00e0 la session extraordinaire \u00e0 Bruxelles<\/strong>"},"content":{"rendered":"\n<p class=\"wp-block-paragraph\"><strong><em>Le samedi 25 f\u00e9vrier 2023, une d\u00e9l\u00e9gation togolaise, inter- parlementaire ACP-UE, a pris part, \u00e0 Bruxelles, \u00e0 la session extraordinaire de l&rsquo;AP OEACP sur le nouvel accord de partenariat OEACP- UE.<\/em><\/strong><\/p>\n\n\n\n<p class=\"wp-block-paragraph\">Le Prof Robert Dussey, ministre des affaires \u00e9trang\u00e8res du Togo, n\u00e9gociateur en chef, a pr\u00e9sent\u00e9 le nouvel accord post-Cotonou, notamment ses enjeux.<\/p>\n\n\n\n<p class=\"wp-block-paragraph\">Un \u00a0\u00bb socle fondateur commun \u00a0\u00bb fixe les valeurs&nbsp; et les principes cl\u00e9s, tout en indiquant les domaines strat\u00e9giques&nbsp; prioritaires tels que les droits de l&rsquo;homme, la d\u00e9mocratie&nbsp; et la gouvernance, la paix et la s\u00e9curit\u00e9; le d\u00e9veloppement humain et social, la durabilit\u00e9 environnementale et les changements climatiques; la croissance&nbsp; et le d\u00e9veloppement&nbsp; \u00e9conomique durable inclusif; la migration&nbsp; et la mobilit\u00e9.<\/p>\n\n\n\n<p class=\"wp-block-paragraph\">Nous&nbsp; avons&nbsp; aussi pu noter que ce nouvel accord de partenariat entre l&rsquo;union europ\u00e9enne et les membres des Etats (ACP \/ OEACP), marque la conclusion officielle des n\u00e9gociations de l&rsquo;accord post Cotonou.<\/p>\n\n\n\n<figure class=\"wp-block-image size-large\"><img loading=\"lazy\" decoding=\"async\" width=\"1024\" height=\"426\" src=\"https:\/\/macite.tg\/wp-content\/uploads\/2023\/02\/ANNONCES-1-1-1024x426.jpg\" alt=\"\" class=\"wp-image-3701\" srcset=\"https:\/\/macite.tg\/wp-content\/uploads\/2023\/02\/ANNONCES-1-1-1024x426.jpg 1024w, https:\/\/macite.tg\/wp-content\/uploads\/2023\/02\/ANNONCES-1-1-300x125.jpg 300w, https:\/\/macite.tg\/wp-content\/uploads\/2023\/02\/ANNONCES-1-1-768x319.jpg 768w, https:\/\/macite.tg\/wp-content\/uploads\/2023\/02\/ANNONCES-1-1.jpg 1080w\" sizes=\"auto, (max-width: 1024px) 100vw, 1024px\" \/><\/figure>\n\n\n\n<p class=\"wp-block-paragraph\">En effet, il fixe le cadre de la coop\u00e9ration politique, \u00e9conomique et sectorielle.<\/p>\n\n\n\n<p class=\"wp-block-paragraph\">&nbsp;L&rsquo;approche r\u00e9gionale&nbsp; UE &#8211; Afrique;&nbsp; UE &#8211; Cara\u00efbes;&nbsp; UE-Pacifique, est l&rsquo;une des innovations que nous avons pu noter.<\/p>\n\n\n\n<p class=\"wp-block-paragraph\">Les r\u00e9gions sont davantage impliqu\u00e9es pour plus d&rsquo;efficacit\u00e9&nbsp; et de proximit\u00e9 avec les populations en prenant en compte les sp\u00e9cificit\u00e9s des pays.<\/p>\n\n\n\n<p class=\"wp-block-paragraph\">L&rsquo;un des acquis fondamentaux de ce nouvel accord&nbsp; est le rejet de l&rsquo;article 96 qui \u00e9dicte des sanctions en cas de violations r\u00e9p\u00e9t\u00e9es des droits de l&rsquo;Homme.<\/p>\n\n\n\n<p class=\"wp-block-paragraph\">\u00c0 la suite de la pr\u00e9sentation du nouvel accord, des \u00e9changes entre parlementaires OEACP ont permis de clarifier des pr\u00e9occupations relatives aux insuffisances de cet Accord,&nbsp; notamment l&rsquo;\u00e9clatement du bloc ACP en petites entit\u00e9s r\u00e9gionales.<\/p>\n\n\n\n<p class=\"wp-block-paragraph\">Il s&rsquo;est aussi agi de clarifier des pr\u00e9occupations relatives aux droits de l&rsquo;homme et \u00e0 la gouvernance en lien avec l&rsquo;aide au d\u00e9veloppement et le genre.<\/p>\n\n\n\n<p class=\"wp-block-paragraph\"><strong><em>@macite.info<\/em><\/strong><\/p>\n\n\n\n<p class=\"wp-block-paragraph\"><strong><em>E-mail&nbsp;: <\/em><\/strong><a href=\"mailto:maciteinfo@gmail.com\"><strong><em>maciteinfo@gmail.com<\/em><\/strong><\/a><strong><em>; <\/em><\/strong><a href=\"mailto:bawela1@gmail.com\"><strong><em>bawela1@gmail.com<\/em><\/strong><\/a><strong><em><\/em><\/strong><\/p>\n\n\n\n<p class=\"wp-block-paragraph\"><strong><em>Pour vos annonces, (publi)reportages, etc., joignez nous au (00228)91515309\/<strong>79872224<\/strong><\/em><\/strong><em><\/em><\/p>\n\n\n\n<p class=\"wp-block-paragraph\"><a href=\"http:\/\/www.macite.info\"><strong><em>www.macite.info<\/em><\/strong><\/a><strong><em>, L\u2019information, la bonne&nbsp;!<\/em><\/strong><\/p>\n","protected":false},"excerpt":{"rendered":"<p class=\"text-justify mb-2\" >Le samedi 25 f\u00e9vrier 2023, une d\u00e9l\u00e9gation togolaise, inter- parlementaire ACP-UE, a pris part, \u00e0 Bruxelles, \u00e0 la session extraordinaire de l&rsquo;AP OEACP sur le nouvel accord de partenariat OEACP- UE. Le Prof Robert Dussey, ministre des affaires \u00e9trang\u00e8res du Togo, n\u00e9gociateur en chef, a [&hellip;]<\/p>\n","protected":false},"author":2,"featured_media":3844,"comment_status":"open","ping_status":"open","sticky":false,"template":"","format":"standard","meta":{"footnotes":""},"categories":[20],"tags":[],"class_list":["post-3838","post","type-post","status-publish","format-standard","has-post-thumbnail","hentry","category-actualite"],"yoast_head":"<!-- This site is optimized with the Yoast SEO plugin v28.4 - https:\/\/yoast.com\/product\/yoast-seo-wordpress\/ -->\n<title>ACCORD DE PARTENARIAT OEACP- UE\u00a0: Une d\u00e9l\u00e9gation togolaise a pris part \u00e0 la session extraordinaire \u00e0 Bruxelles -<\/title>\n<meta name=\"robots\" content=\"index, follow, max-snippet:-1, max-image-preview:large, max-video-preview:-1\" \/>\n<link rel=\"canonical\" href=\"https:\/\/macite.tg\/?p=3838\" \/>\n<meta property=\"og:locale\" content=\"fr_FR\" \/>\n<meta property=\"og:type\" content=\"article\" \/>\n<meta property=\"og:title\" content=\"ACCORD DE PARTENARIAT OEACP- UE\u00a0: Une d\u00e9l\u00e9gation togolaise a pris part \u00e0 la session extraordinaire \u00e0 Bruxelles -\" \/>\n<meta property=\"og:description\" content=\"Le samedi 25 f\u00e9vrier 2023, une d\u00e9l\u00e9gation togolaise, inter- parlementaire ACP-UE, a pris part, \u00e0 Bruxelles, \u00e0 la session extraordinaire de l&rsquo;AP OEACP sur le nouvel accord de partenariat OEACP- UE. Le Prof Robert Dussey, ministre des affaires \u00e9trang\u00e8res du Togo, n\u00e9gociateur en chef, a [&hellip;]\" \/>\n<meta property=\"og:url\" content=\"https:\/\/macite.tg\/?p=3838\" \/>\n<meta property=\"article:published_time\" content=\"2023-02-27T14:47:55+00:00\" \/>\n<meta property=\"article:modified_time\" content=\"2023-02-27T14:47:56+00:00\" \/>\n<meta property=\"og:image\" content=\"https:\/\/macite.tg\/wp-content\/uploads\/2023\/02\/IMG-20230225-WA0130.jpg\" \/>\n\t<meta property=\"og:image:width\" content=\"1024\" \/>\n\t<meta property=\"og:image:height\" content=\"768\" \/>\n\t<meta property=\"og:image:type\" content=\"image\/jpeg\" \/>\n<meta name=\"author\" content=\"Jean Pierre BAWELA\" \/>\n<meta name=\"twitter:card\" content=\"summary_large_image\" \/>\n<meta name=\"twitter:label1\" content=\"\u00c9crit par\" \/>\n\t<meta name=\"twitter:data1\" content=\"Jean Pierre BAWELA\" \/>\n\t<meta name=\"twitter:label2\" content=\"Dur\u00e9e de lecture estim\u00e9e\" \/>\n\t<meta name=\"twitter:data2\" content=\"2 minutes\" \/>\n<script type=\"application\/ld+json\" class=\"yoast-schema-graph\">{\"@context\":\"https:\\\/\\\/schema.org\",\"@graph\":[{\"@type\":\"Article\",\"@id\":\"https:\\\/\\\/macite.tg\\\/?p=3838#article\",\"isPartOf\":{\"@id\":\"https:\\\/\\\/macite.tg\\\/?p=3838\"},\"author\":{\"name\":\"Jean Pierre BAWELA\",\"@id\":\"https:\\\/\\\/macite.tg\\\/#\\\/schema\\\/person\\\/e9f2de7e5dbbe7770a9402c7ce82f5c2\"},\"headline\":\"ACCORD DE PARTENARIAT OEACP- UE\u00a0: Une d\u00e9l\u00e9gation togolaise a pris part \u00e0 la session extraordinaire \u00e0 Bruxelles\",\"datePublished\":\"2023-02-27T14:47:55+00:00\",\"dateModified\":\"2023-02-27T14:47:56+00:00\",\"mainEntityOfPage\":{\"@id\":\"https:\\\/\\\/macite.tg\\\/?p=3838\"},\"wordCount\":380,\"commentCount\":0,\"image\":{\"@id\":\"https:\\\/\\\/macite.tg\\\/?p=3838#primaryimage\"},\"thumbnailUrl\":\"https:\\\/\\\/macite.tg\\\/wp-content\\\/uploads\\\/2023\\\/02\\\/IMG-20230225-WA0130.jpg\",\"articleSection\":[\"ACTUALITE\"],\"inLanguage\":\"fr-FR\",\"potentialAction\":[{\"@type\":\"CommentAction\",\"name\":\"Comment\",\"target\":[\"https:\\\/\\\/macite.tg\\\/?p=3838#respond\"]}]},{\"@type\":\"WebPage\",\"@id\":\"https:\\\/\\\/macite.tg\\\/?p=3838\",\"url\":\"https:\\\/\\\/macite.tg\\\/?p=3838\",\"name\":\"ACCORD DE PARTENARIAT OEACP- UE\u00a0: Une d\u00e9l\u00e9gation togolaise a pris part \u00e0 la session extraordinaire \u00e0 Bruxelles -\",\"isPartOf\":{\"@id\":\"https:\\\/\\\/macite.tg\\\/#website\"},\"primaryImageOfPage\":{\"@id\":\"https:\\\/\\\/macite.tg\\\/?p=3838#primaryimage\"},\"image\":{\"@id\":\"https:\\\/\\\/macite.tg\\\/?p=3838#primaryimage\"},\"thumbnailUrl\":\"https:\\\/\\\/macite.tg\\\/wp-content\\\/uploads\\\/2023\\\/02\\\/IMG-20230225-WA0130.jpg\",\"datePublished\":\"2023-02-27T14:47:55+00:00\",\"dateModified\":\"2023-02-27T14:47:56+00:00\",\"author\":{\"@id\":\"https:\\\/\\\/macite.tg\\\/#\\\/schema\\\/person\\\/e9f2de7e5dbbe7770a9402c7ce82f5c2\"},\"breadcrumb\":{\"@id\":\"https:\\\/\\\/macite.tg\\\/?p=3838#breadcrumb\"},\"inLanguage\":\"fr-FR\",\"potentialAction\":[{\"@type\":\"ReadAction\",\"target\":[\"https:\\\/\\\/macite.tg\\\/?p=3838\"]}]},{\"@type\":\"ImageObject\",\"inLanguage\":\"fr-FR\",\"@id\":\"https:\\\/\\\/macite.tg\\\/?p=3838#primaryimage\",\"url\":\"https:\\\/\\\/macite.tg\\\/wp-content\\\/uploads\\\/2023\\\/02\\\/IMG-20230225-WA0130.jpg\",\"contentUrl\":\"https:\\\/\\\/macite.tg\\\/wp-content\\\/uploads\\\/2023\\\/02\\\/IMG-20230225-WA0130.jpg\",\"width\":1024,\"height\":768},{\"@type\":\"BreadcrumbList\",\"@id\":\"https:\\\/\\\/macite.tg\\\/?p=3838#breadcrumb\",\"itemListElement\":[{\"@type\":\"ListItem\",\"position\":1,\"name\":\"Accueil\",\"item\":\"https:\\\/\\\/macite.tg\\\/\"},{\"@type\":\"ListItem\",\"position\":2,\"name\":\"ACCORD DE PARTENARIAT OEACP- UE\u00a0: Une d\u00e9l\u00e9gation togolaise a pris part \u00e0 la session extraordinaire \u00e0 Bruxelles\"}]},{\"@type\":\"WebSite\",\"@id\":\"https:\\\/\\\/macite.tg\\\/#website\",\"url\":\"https:\\\/\\\/macite.tg\\\/\",\"name\":\"\",\"description\":\"L&#039;information, la bonne!!!\",\"potentialAction\":[{\"@type\":\"SearchAction\",\"target\":{\"@type\":\"EntryPoint\",\"urlTemplate\":\"https:\\\/\\\/macite.tg\\\/?s={search_term_string}\"},\"query-input\":{\"@type\":\"PropertyValueSpecification\",\"valueRequired\":true,\"valueName\":\"search_term_string\"}}],\"inLanguage\":\"fr-FR\"},{\"@type\":\"Person\",\"@id\":\"https:\\\/\\\/macite.tg\\\/#\\\/schema\\\/person\\\/e9f2de7e5dbbe7770a9402c7ce82f5c2\",\"name\":\"Jean Pierre BAWELA\",\"image\":{\"@type\":\"ImageObject\",\"inLanguage\":\"fr-FR\",\"@id\":\"https:\\\/\\\/macite.tg\\\/wp-content\\\/uploads\\\/2023\\\/09\\\/WhatsApp-Image-2023-09-19-at-14.44.41-122x122.jpeg\",\"url\":\"https:\\\/\\\/macite.tg\\\/wp-content\\\/uploads\\\/2023\\\/09\\\/WhatsApp-Image-2023-09-19-at-14.44.41-122x122.jpeg\",\"contentUrl\":\"https:\\\/\\\/macite.tg\\\/wp-content\\\/uploads\\\/2023\\\/09\\\/WhatsApp-Image-2023-09-19-at-14.44.41-122x122.jpeg\",\"caption\":\"Jean Pierre BAWELA\"},\"url\":\"https:\\\/\\\/macite.tg\\\/?author=2\"}]}<\/script>\n<!-- \/ Yoast SEO plugin. -->","yoast_head_json":{"title":"ACCORD DE PARTENARIAT OEACP- UE\u00a0: Une d\u00e9l\u00e9gation togolaise a pris part \u00e0 la session extraordinaire \u00e0 Bruxelles -","robots":{"index":"index","follow":"follow","max-snippet":"max-snippet:-1","max-image-preview":"max-image-preview:large","max-video-preview":"max-video-preview:-1"},"canonical":"https:\/\/macite.tg\/?p=3838","og_locale":"fr_FR","og_type":"article","og_title":"ACCORD DE PARTENARIAT OEACP- UE\u00a0: Une d\u00e9l\u00e9gation togolaise a pris part \u00e0 la session extraordinaire \u00e0 Bruxelles -","og_description":"Le samedi 25 f\u00e9vrier 2023, une d\u00e9l\u00e9gation togolaise, inter- parlementaire ACP-UE, a pris part, \u00e0 Bruxelles, \u00e0 la session extraordinaire de l&rsquo;AP OEACP sur le nouvel accord de partenariat OEACP- UE. Le Prof Robert Dussey, ministre des affaires \u00e9trang\u00e8res du Togo, n\u00e9gociateur en chef, a [&hellip;]","og_url":"https:\/\/macite.tg\/?p=3838","article_published_time":"2023-02-27T14:47:55+00:00","article_modified_time":"2023-02-27T14:47:56+00:00","og_image":[{"width":1024,"height":768,"url":"https:\/\/macite.tg\/wp-content\/uploads\/2023\/02\/IMG-20230225-WA0130.jpg","type":"image\/jpeg"}],"author":"Jean Pierre BAWELA","twitter_card":"summary_large_image","twitter_misc":{"\u00c9crit par":"Jean Pierre BAWELA","Dur\u00e9e de lecture estim\u00e9e":"2 minutes"},"schema":{"@context":"https:\/\/schema.org","@graph":[{"@type":"Article","@id":"https:\/\/macite.tg\/?p=3838#article","isPartOf":{"@id":"https:\/\/macite.tg\/?p=3838"},"author":{"name":"Jean Pierre BAWELA","@id":"https:\/\/macite.tg\/#\/schema\/person\/e9f2de7e5dbbe7770a9402c7ce82f5c2"},"headline":"ACCORD DE PARTENARIAT OEACP- UE\u00a0: Une d\u00e9l\u00e9gation togolaise a pris part \u00e0 la session extraordinaire \u00e0 Bruxelles","datePublished":"2023-02-27T14:47:55+00:00","dateModified":"2023-02-27T14:47:56+00:00","mainEntityOfPage":{"@id":"https:\/\/macite.tg\/?p=3838"},"wordCount":380,"commentCount":0,"image":{"@id":"https:\/\/macite.tg\/?p=3838#primaryimage"},"thumbnailUrl":"https:\/\/macite.tg\/wp-content\/uploads\/2023\/02\/IMG-20230225-WA0130.jpg","articleSection":["ACTUALITE"],"inLanguage":"fr-FR","potentialAction":[{"@type":"CommentAction","name":"Comment","target":["https:\/\/macite.tg\/?p=3838#respond"]}]},{"@type":"WebPage","@id":"https:\/\/macite.tg\/?p=3838","url":"https:\/\/macite.tg\/?p=3838","name":"ACCORD DE PARTENARIAT OEACP- UE\u00a0: Une d\u00e9l\u00e9gation togolaise a pris part \u00e0 la session extraordinaire \u00e0 Bruxelles -","isPartOf":{"@id":"https:\/\/macite.tg\/#website"},"primaryImageOfPage":{"@id":"https:\/\/macite.tg\/?p=3838#primaryimage"},"image":{"@id":"https:\/\/macite.tg\/?p=3838#primaryimage"},"thumbnailUrl":"https:\/\/macite.tg\/wp-content\/uploads\/2023\/02\/IMG-20230225-WA0130.jpg","datePublished":"2023-02-27T14:47:55+00:00","dateModified":"2023-02-27T14:47:56+00:00","author":{"@id":"https:\/\/macite.tg\/#\/schema\/person\/e9f2de7e5dbbe7770a9402c7ce82f5c2"},"breadcrumb":{"@id":"https:\/\/macite.tg\/?p=3838#breadcrumb"},"inLanguage":"fr-FR","potentialAction":[{"@type":"ReadAction","target":["https:\/\/macite.tg\/?p=3838"]}]},{"@type":"ImageObject","inLanguage":"fr-FR","@id":"https:\/\/macite.tg\/?p=3838#primaryimage","url":"https:\/\/macite.tg\/wp-content\/uploads\/2023\/02\/IMG-20230225-WA0130.jpg","contentUrl":"https:\/\/macite.tg\/wp-content\/uploads\/2023\/02\/IMG-20230225-WA0130.jpg","width":1024,"height":768},{"@type":"BreadcrumbList","@id":"https:\/\/macite.tg\/?p=3838#breadcrumb","itemListElement":[{"@type":"ListItem","position":1,"name":"Accueil","item":"https:\/\/macite.tg\/"},{"@type":"ListItem","position":2,"name":"ACCORD DE PARTENARIAT OEACP- UE\u00a0: Une d\u00e9l\u00e9gation togolaise a pris part \u00e0 la session extraordinaire \u00e0 Bruxelles"}]},{"@type":"WebSite","@id":"https:\/\/macite.tg\/#website","url":"https:\/\/macite.tg\/","name":"","description":"L&#039;information, la bonne!!!","potentialAction":[{"@type":"SearchAction","target":{"@type":"EntryPoint","urlTemplate":"https:\/\/macite.tg\/?s={search_term_string}"},"query-input":{"@type":"PropertyValueSpecification","valueRequired":true,"valueName":"search_term_string"}}],"inLanguage":"fr-FR"},{"@type":"Person","@id":"https:\/\/macite.tg\/#\/schema\/person\/e9f2de7e5dbbe7770a9402c7ce82f5c2","name":"Jean Pierre BAWELA","image":{"@type":"ImageObject","inLanguage":"fr-FR","@id":"https:\/\/macite.tg\/wp-content\/uploads\/2023\/09\/WhatsApp-Image-2023-09-19-at-14.44.41-122x122.jpeg","url":"https:\/\/macite.tg\/wp-content\/uploads\/2023\/09\/WhatsApp-Image-2023-09-19-at-14.44.41-122x122.jpeg","contentUrl":"https:\/\/macite.tg\/wp-content\/uploads\/2023\/09\/WhatsApp-Image-2023-09-19-at-14.44.41-122x122.jpeg","caption":"Jean Pierre BAWELA"},"url":"https:\/\/macite.tg\/?author=2"}]}},"_links":{"self":[{"href":"https:\/\/macite.tg\/index.php?rest_route=\/wp\/v2\/posts\/3838","targetHints":{"allow":["GET"]}}],"collection":[{"href":"https:\/\/macite.tg\/index.php?rest_route=\/wp\/v2\/posts"}],"about":[{"href":"https:\/\/macite.tg\/index.php?rest_route=\/wp\/v2\/types\/post"}],"author":[{"embeddable":true,"href":"https:\/\/macite.tg\/index.php?rest_route=\/wp\/v2\/users\/2"}],"replies":[{"embeddable":true,"href":"https:\/\/macite.tg\/index.php?rest_route=%2Fwp%2Fv2%2Fcomments&post=3838"}],"version-history":[{"count":0,"href":"https:\/\/macite.tg\/index.php?rest_route=\/wp\/v2\/posts\/3838\/revisions"}],"wp:featuredmedia":[{"embeddable":true,"href":"https:\/\/macite.tg\/index.php?rest_route=\/wp\/v2\/media\/3844"}],"wp:attachment":[{"href":"https:\/\/macite.tg\/index.php?rest_route=%2Fwp%2Fv2%2Fmedia&parent=3838"}],"wp:term":[{"taxonomy":"category","embeddable":true,"href":"https:\/\/macite.tg\/index.php?rest_route=%2Fwp%2Fv2%2Fcategories&post=3838"},{"taxonomy":"post_tag","embeddable":true,"href":"https:\/\/macite.tg\/index.php?rest_route=%2Fwp%2Fv2%2Ftags&post=3838"}],"curies":[{"name":"wp","href":"https:\/\/api.w.org\/{rel}","templated":true}]}}