{"id":38,"date":"2022-09-16T12:41:27","date_gmt":"2022-09-16T12:41:27","guid":{"rendered":"https:\/\/macite.info\/?p=38"},"modified":"2022-09-16T12:41:28","modified_gmt":"2022-09-16T12:41:28","slug":"journee-fifa-de-septembre-paulo-duarte-devoile-la-liste-des-eperviers-contre-les-elephants-et-le-nzalang-nacional","status":"publish","type":"post","link":"https:\/\/macite.tg\/?p=38","title":{"rendered":"JOURNEE FIFA DE SEPTEMBRE : Paulo Duarte d\u00e9voile la liste des Eperviers contre les El\u00e9phants et le Nzalang Nacional"},"content":{"rendered":"\n<p class=\"wp-block-paragraph\"><\/p>\n\n\n\n<p class=\"wp-block-paragraph\"><strong><em>C&rsquo;est devenu une bonne habitude du c\u00f4t\u00e9 des \u00c9perviers du Togo. En effet, l&rsquo;\u00e9quipe nationale togolaise de football va participer aux fen\u00eatres FIFA du mois de septembre. Au menu, deux matchs&nbsp; \u00e0 livrer contre la C\u00f4te d&rsquo;Ivoire et la Guin\u00e9e Equatoriale, respectivement les 24 et 27 septembre prochain.<\/em><\/strong><\/p>\n\n\n\n<p class=\"wp-block-paragraph\">Mal embarqu\u00e9 dans les \u00e9liminatoires CAN C\u00f4te d&rsquo;ivoire 2023, avec une d\u00e9faite et un match nul en deux sorties, le Togo devra mieux faire lors de la 3e et la 4e journ\u00e9es face aux \u00c9talons du Burkina Faso. Dans cette optique, le technicien Portugais de la s\u00e9lection togolaise, Paolo Duarte, veut mettre \u00e0 profit les journ\u00e9es FIFA de ce mois de septembre, en vue de peaufiner le travail d\u00e9marr\u00e9 il y a plusieurs mois d\u00e9j\u00e0.<\/p>\n\n\n\n<p class=\"wp-block-paragraph\">Une liste de 25 joueurs a \u00e9t\u00e9 rendu public pour ces deux matchs amicaux pr\u00e9vus respectivement en France (le 24 septembre face aux \u00c9l\u00e9phants de la C\u00f4te d&rsquo;Ivoire), et au Maroc (le 27 septembre face au Nzalang Nacional de la Guin\u00e9e \u00e9quatoriale).<\/p>\n\n\n\n<p class=\"wp-block-paragraph\">On note le retour en s\u00e9lection du d\u00e9fenseur Amevor Mawouna ou encore Y\u00e9noussi Guillaume abonn\u00e9s aux absents depuis un long moment. Actuellement bless\u00e9 avec sa formation de Getafe, le capitaine Dj\u00e9ne Dakonam, n&rsquo;y figure pas.<\/p>\n\n\n\n<p class=\"wp-block-paragraph\"><strong>Voici la liste compl\u00e8te :<\/strong><\/p>\n\n\n\n<figure class=\"wp-block-image size-large is-resized\"><img loading=\"lazy\" decoding=\"async\" src=\"https:\/\/macite.tg\/wp-content\/uploads\/2022\/09\/Liste-journee-FIFA-spetembre-1024x768.jpg\" alt=\"\" class=\"wp-image-40\" width=\"730\" height=\"548\" srcset=\"https:\/\/macite.tg\/wp-content\/uploads\/2022\/09\/Liste-journee-FIFA-spetembre-1024x768.jpg 1024w, https:\/\/macite.tg\/wp-content\/uploads\/2022\/09\/Liste-journee-FIFA-spetembre-300x225.jpg 300w, https:\/\/macite.tg\/wp-content\/uploads\/2022\/09\/Liste-journee-FIFA-spetembre-768x576.jpg 768w, https:\/\/macite.tg\/wp-content\/uploads\/2022\/09\/Liste-journee-FIFA-spetembre-1536x1152.jpg 1536w, https:\/\/macite.tg\/wp-content\/uploads\/2022\/09\/Liste-journee-FIFA-spetembre.jpg 2048w\" sizes=\"auto, (max-width: 730px) 100vw, 730px\" \/><\/figure>\n\n\n\n<p class=\"wp-block-paragraph\"><strong><em>@macite.info<\/em><\/strong><\/p>\n\n\n\n<p class=\"wp-block-paragraph\"><strong><em>E-mail&nbsp;: <\/em><\/strong><a href=\"mailto:maciteinfo@gmail.com\"><strong><em>maciteinfo@gmail.com<\/em><\/strong><\/a><strong><em>; <\/em><\/strong><a href=\"mailto:bawela1@gmail.com\"><strong><em>bawela1@gmail.com<\/em><\/strong><\/a><strong><em><\/em><\/strong><\/p>\n\n\n\n<p class=\"wp-block-paragraph\"><strong><em>Pour vos annonces, (publi)reportages, etc., joignez nous au (00228) 91515309\/<\/em><\/strong><strong>79872224<\/strong><em><\/em><\/p>\n\n\n\n<p class=\"wp-block-paragraph\"><a href=\"http:\/\/www.macite.info\"><strong><em>www.macite.info<\/em><\/strong><\/a><strong><em>, l\u2019information, la bonne&nbsp;!<\/em><\/strong><\/p>\n","protected":false},"excerpt":{"rendered":"<p class=\"text-justify mb-2\" >C&rsquo;est devenu une bonne habitude du c\u00f4t\u00e9 des \u00c9perviers du Togo. En effet, l&rsquo;\u00e9quipe nationale togolaise de football va participer aux fen\u00eatres FIFA du mois de septembre. Au menu, deux matchs&nbsp; \u00e0 livrer contre la C\u00f4te d&rsquo;Ivoire et la Guin\u00e9e Equatoriale, respectivement les 24 et [&hellip;]<\/p>\n","protected":false},"author":1,"featured_media":39,"comment_status":"open","ping_status":"open","sticky":false,"template":"","format":"standard","meta":{"footnotes":""},"categories":[7],"tags":[],"class_list":["post-38","post","type-post","status-publish","format-standard","has-post-thumbnail","hentry","category-sports"],"yoast_head":"<!-- This site is optimized with the Yoast SEO plugin v28.4 - https:\/\/yoast.com\/product\/yoast-seo-wordpress\/ -->\n<title>JOURNEE FIFA DE SEPTEMBRE : Paulo Duarte d\u00e9voile la liste des Eperviers contre les El\u00e9phants et le Nzalang Nacional -<\/title>\n<meta name=\"robots\" content=\"index, follow, max-snippet:-1, max-image-preview:large, max-video-preview:-1\" \/>\n<link rel=\"canonical\" href=\"https:\/\/macite.tg\/?p=38\" \/>\n<meta property=\"og:locale\" content=\"fr_FR\" \/>\n<meta property=\"og:type\" content=\"article\" \/>\n<meta property=\"og:title\" content=\"JOURNEE FIFA DE SEPTEMBRE : Paulo Duarte d\u00e9voile la liste des Eperviers contre les El\u00e9phants et le Nzalang Nacional -\" \/>\n<meta property=\"og:description\" content=\"C&rsquo;est devenu une bonne habitude du c\u00f4t\u00e9 des \u00c9perviers du Togo. En effet, l&rsquo;\u00e9quipe nationale togolaise de football va participer aux fen\u00eatres FIFA du mois de septembre. Au menu, deux matchs&nbsp; \u00e0 livrer contre la C\u00f4te d&rsquo;Ivoire et la Guin\u00e9e Equatoriale, respectivement les 24 et [&hellip;]\" \/>\n<meta property=\"og:url\" content=\"https:\/\/macite.tg\/?p=38\" \/>\n<meta property=\"article:published_time\" content=\"2022-09-16T12:41:27+00:00\" \/>\n<meta property=\"article:modified_time\" content=\"2022-09-16T12:41:28+00:00\" \/>\n<meta property=\"og:image\" content=\"https:\/\/macite.tg\/wp-content\/uploads\/2022\/09\/Duarte.jpg\" \/>\n\t<meta property=\"og:image:width\" content=\"2048\" \/>\n\t<meta property=\"og:image:height\" content=\"1365\" \/>\n\t<meta property=\"og:image:type\" content=\"image\/jpeg\" \/>\n<meta name=\"author\" content=\"admin\" \/>\n<meta name=\"twitter:card\" content=\"summary_large_image\" \/>\n<meta name=\"twitter:label1\" content=\"\u00c9crit par\" \/>\n\t<meta name=\"twitter:data1\" content=\"admin\" \/>\n\t<meta name=\"twitter:label2\" content=\"Dur\u00e9e de lecture estim\u00e9e\" \/>\n\t<meta name=\"twitter:data2\" content=\"1 minute\" \/>\n<script type=\"application\/ld+json\" class=\"yoast-schema-graph\">{\"@context\":\"https:\\\/\\\/schema.org\",\"@graph\":[{\"@type\":\"Article\",\"@id\":\"https:\\\/\\\/macite.tg\\\/?p=38#article\",\"isPartOf\":{\"@id\":\"https:\\\/\\\/macite.tg\\\/?p=38\"},\"author\":{\"name\":\"admin\",\"@id\":\"https:\\\/\\\/macite.tg\\\/#\\\/schema\\\/person\\\/6cd4c8a22a0d133225f39e62808aa0a2\"},\"headline\":\"JOURNEE FIFA DE SEPTEMBRE : Paulo Duarte d\u00e9voile la liste des Eperviers contre les El\u00e9phants et le Nzalang Nacional\",\"datePublished\":\"2022-09-16T12:41:27+00:00\",\"dateModified\":\"2022-09-16T12:41:28+00:00\",\"mainEntityOfPage\":{\"@id\":\"https:\\\/\\\/macite.tg\\\/?p=38\"},\"wordCount\":271,\"commentCount\":0,\"image\":{\"@id\":\"https:\\\/\\\/macite.tg\\\/?p=38#primaryimage\"},\"thumbnailUrl\":\"https:\\\/\\\/macite.tg\\\/wp-content\\\/uploads\\\/2022\\\/09\\\/Duarte.jpg\",\"articleSection\":[\"SPORTS\"],\"inLanguage\":\"fr-FR\",\"potentialAction\":[{\"@type\":\"CommentAction\",\"name\":\"Comment\",\"target\":[\"https:\\\/\\\/macite.tg\\\/?p=38#respond\"]}]},{\"@type\":\"WebPage\",\"@id\":\"https:\\\/\\\/macite.tg\\\/?p=38\",\"url\":\"https:\\\/\\\/macite.tg\\\/?p=38\",\"name\":\"JOURNEE FIFA DE SEPTEMBRE : Paulo Duarte d\u00e9voile la liste des Eperviers contre les El\u00e9phants et le Nzalang Nacional -\",\"isPartOf\":{\"@id\":\"https:\\\/\\\/macite.tg\\\/#website\"},\"primaryImageOfPage\":{\"@id\":\"https:\\\/\\\/macite.tg\\\/?p=38#primaryimage\"},\"image\":{\"@id\":\"https:\\\/\\\/macite.tg\\\/?p=38#primaryimage\"},\"thumbnailUrl\":\"https:\\\/\\\/macite.tg\\\/wp-content\\\/uploads\\\/2022\\\/09\\\/Duarte.jpg\",\"datePublished\":\"2022-09-16T12:41:27+00:00\",\"dateModified\":\"2022-09-16T12:41:28+00:00\",\"author\":{\"@id\":\"https:\\\/\\\/macite.tg\\\/#\\\/schema\\\/person\\\/6cd4c8a22a0d133225f39e62808aa0a2\"},\"breadcrumb\":{\"@id\":\"https:\\\/\\\/macite.tg\\\/?p=38#breadcrumb\"},\"inLanguage\":\"fr-FR\",\"potentialAction\":[{\"@type\":\"ReadAction\",\"target\":[\"https:\\\/\\\/macite.tg\\\/?p=38\"]}]},{\"@type\":\"ImageObject\",\"inLanguage\":\"fr-FR\",\"@id\":\"https:\\\/\\\/macite.tg\\\/?p=38#primaryimage\",\"url\":\"https:\\\/\\\/macite.tg\\\/wp-content\\\/uploads\\\/2022\\\/09\\\/Duarte.jpg\",\"contentUrl\":\"https:\\\/\\\/macite.tg\\\/wp-content\\\/uploads\\\/2022\\\/09\\\/Duarte.jpg\",\"width\":2048,\"height\":1365},{\"@type\":\"BreadcrumbList\",\"@id\":\"https:\\\/\\\/macite.tg\\\/?p=38#breadcrumb\",\"itemListElement\":[{\"@type\":\"ListItem\",\"position\":1,\"name\":\"Accueil\",\"item\":\"https:\\\/\\\/macite.tg\\\/\"},{\"@type\":\"ListItem\",\"position\":2,\"name\":\"JOURNEE FIFA DE SEPTEMBRE : Paulo Duarte d\u00e9voile la liste des Eperviers contre les El\u00e9phants et le Nzalang Nacional\"}]},{\"@type\":\"WebSite\",\"@id\":\"https:\\\/\\\/macite.tg\\\/#website\",\"url\":\"https:\\\/\\\/macite.tg\\\/\",\"name\":\"\",\"description\":\"L&#039;information, la bonne!!!\",\"potentialAction\":[{\"@type\":\"SearchAction\",\"target\":{\"@type\":\"EntryPoint\",\"urlTemplate\":\"https:\\\/\\\/macite.tg\\\/?s={search_term_string}\"},\"query-input\":{\"@type\":\"PropertyValueSpecification\",\"valueRequired\":true,\"valueName\":\"search_term_string\"}}],\"inLanguage\":\"fr-FR\"},{\"@type\":\"Person\",\"@id\":\"https:\\\/\\\/macite.tg\\\/#\\\/schema\\\/person\\\/6cd4c8a22a0d133225f39e62808aa0a2\",\"name\":\"admin\",\"image\":{\"@type\":\"ImageObject\",\"inLanguage\":\"fr-FR\",\"@id\":\"https:\\\/\\\/macite.tg\\\/wp-content\\\/uploads\\\/2023\\\/09\\\/WhatsApp-Image-2023-09-19-at-14.44.41-122x122.jpeg\",\"url\":\"https:\\\/\\\/macite.tg\\\/wp-content\\\/uploads\\\/2023\\\/09\\\/WhatsApp-Image-2023-09-19-at-14.44.41-122x122.jpeg\",\"contentUrl\":\"https:\\\/\\\/macite.tg\\\/wp-content\\\/uploads\\\/2023\\\/09\\\/WhatsApp-Image-2023-09-19-at-14.44.41-122x122.jpeg\",\"caption\":\"admin\"},\"sameAs\":[\"https:\\\/\\\/macite.tg\"],\"url\":\"https:\\\/\\\/macite.tg\\\/?author=1\"}]}<\/script>\n<!-- \/ Yoast SEO plugin. -->","yoast_head_json":{"title":"JOURNEE FIFA DE SEPTEMBRE : Paulo Duarte d\u00e9voile la liste des Eperviers contre les El\u00e9phants et le Nzalang Nacional -","robots":{"index":"index","follow":"follow","max-snippet":"max-snippet:-1","max-image-preview":"max-image-preview:large","max-video-preview":"max-video-preview:-1"},"canonical":"https:\/\/macite.tg\/?p=38","og_locale":"fr_FR","og_type":"article","og_title":"JOURNEE FIFA DE SEPTEMBRE : Paulo Duarte d\u00e9voile la liste des Eperviers contre les El\u00e9phants et le Nzalang Nacional -","og_description":"C&rsquo;est devenu une bonne habitude du c\u00f4t\u00e9 des \u00c9perviers du Togo. En effet, l&rsquo;\u00e9quipe nationale togolaise de football va participer aux fen\u00eatres FIFA du mois de septembre. Au menu, deux matchs&nbsp; \u00e0 livrer contre la C\u00f4te d&rsquo;Ivoire et la Guin\u00e9e Equatoriale, respectivement les 24 et [&hellip;]","og_url":"https:\/\/macite.tg\/?p=38","article_published_time":"2022-09-16T12:41:27+00:00","article_modified_time":"2022-09-16T12:41:28+00:00","og_image":[{"width":2048,"height":1365,"url":"https:\/\/macite.tg\/wp-content\/uploads\/2022\/09\/Duarte.jpg","type":"image\/jpeg"}],"author":"admin","twitter_card":"summary_large_image","twitter_misc":{"\u00c9crit par":"admin","Dur\u00e9e de lecture estim\u00e9e":"1 minute"},"schema":{"@context":"https:\/\/schema.org","@graph":[{"@type":"Article","@id":"https:\/\/macite.tg\/?p=38#article","isPartOf":{"@id":"https:\/\/macite.tg\/?p=38"},"author":{"name":"admin","@id":"https:\/\/macite.tg\/#\/schema\/person\/6cd4c8a22a0d133225f39e62808aa0a2"},"headline":"JOURNEE FIFA DE SEPTEMBRE : Paulo Duarte d\u00e9voile la liste des Eperviers contre les El\u00e9phants et le Nzalang Nacional","datePublished":"2022-09-16T12:41:27+00:00","dateModified":"2022-09-16T12:41:28+00:00","mainEntityOfPage":{"@id":"https:\/\/macite.tg\/?p=38"},"wordCount":271,"commentCount":0,"image":{"@id":"https:\/\/macite.tg\/?p=38#primaryimage"},"thumbnailUrl":"https:\/\/macite.tg\/wp-content\/uploads\/2022\/09\/Duarte.jpg","articleSection":["SPORTS"],"inLanguage":"fr-FR","potentialAction":[{"@type":"CommentAction","name":"Comment","target":["https:\/\/macite.tg\/?p=38#respond"]}]},{"@type":"WebPage","@id":"https:\/\/macite.tg\/?p=38","url":"https:\/\/macite.tg\/?p=38","name":"JOURNEE FIFA DE SEPTEMBRE : Paulo Duarte d\u00e9voile la liste des Eperviers contre les El\u00e9phants et le Nzalang Nacional -","isPartOf":{"@id":"https:\/\/macite.tg\/#website"},"primaryImageOfPage":{"@id":"https:\/\/macite.tg\/?p=38#primaryimage"},"image":{"@id":"https:\/\/macite.tg\/?p=38#primaryimage"},"thumbnailUrl":"https:\/\/macite.tg\/wp-content\/uploads\/2022\/09\/Duarte.jpg","datePublished":"2022-09-16T12:41:27+00:00","dateModified":"2022-09-16T12:41:28+00:00","author":{"@id":"https:\/\/macite.tg\/#\/schema\/person\/6cd4c8a22a0d133225f39e62808aa0a2"},"breadcrumb":{"@id":"https:\/\/macite.tg\/?p=38#breadcrumb"},"inLanguage":"fr-FR","potentialAction":[{"@type":"ReadAction","target":["https:\/\/macite.tg\/?p=38"]}]},{"@type":"ImageObject","inLanguage":"fr-FR","@id":"https:\/\/macite.tg\/?p=38#primaryimage","url":"https:\/\/macite.tg\/wp-content\/uploads\/2022\/09\/Duarte.jpg","contentUrl":"https:\/\/macite.tg\/wp-content\/uploads\/2022\/09\/Duarte.jpg","width":2048,"height":1365},{"@type":"BreadcrumbList","@id":"https:\/\/macite.tg\/?p=38#breadcrumb","itemListElement":[{"@type":"ListItem","position":1,"name":"Accueil","item":"https:\/\/macite.tg\/"},{"@type":"ListItem","position":2,"name":"JOURNEE FIFA DE SEPTEMBRE : Paulo Duarte d\u00e9voile la liste des Eperviers contre les El\u00e9phants et le Nzalang Nacional"}]},{"@type":"WebSite","@id":"https:\/\/macite.tg\/#website","url":"https:\/\/macite.tg\/","name":"","description":"L&#039;information, la bonne!!!","potentialAction":[{"@type":"SearchAction","target":{"@type":"EntryPoint","urlTemplate":"https:\/\/macite.tg\/?s={search_term_string}"},"query-input":{"@type":"PropertyValueSpecification","valueRequired":true,"valueName":"search_term_string"}}],"inLanguage":"fr-FR"},{"@type":"Person","@id":"https:\/\/macite.tg\/#\/schema\/person\/6cd4c8a22a0d133225f39e62808aa0a2","name":"admin","image":{"@type":"ImageObject","inLanguage":"fr-FR","@id":"https:\/\/macite.tg\/wp-content\/uploads\/2023\/09\/WhatsApp-Image-2023-09-19-at-14.44.41-122x122.jpeg","url":"https:\/\/macite.tg\/wp-content\/uploads\/2023\/09\/WhatsApp-Image-2023-09-19-at-14.44.41-122x122.jpeg","contentUrl":"https:\/\/macite.tg\/wp-content\/uploads\/2023\/09\/WhatsApp-Image-2023-09-19-at-14.44.41-122x122.jpeg","caption":"admin"},"sameAs":["https:\/\/macite.tg"],"url":"https:\/\/macite.tg\/?author=1"}]}},"_links":{"self":[{"href":"https:\/\/macite.tg\/index.php?rest_route=\/wp\/v2\/posts\/38","targetHints":{"allow":["GET"]}}],"collection":[{"href":"https:\/\/macite.tg\/index.php?rest_route=\/wp\/v2\/posts"}],"about":[{"href":"https:\/\/macite.tg\/index.php?rest_route=\/wp\/v2\/types\/post"}],"author":[{"embeddable":true,"href":"https:\/\/macite.tg\/index.php?rest_route=\/wp\/v2\/users\/1"}],"replies":[{"embeddable":true,"href":"https:\/\/macite.tg\/index.php?rest_route=%2Fwp%2Fv2%2Fcomments&post=38"}],"version-history":[{"count":0,"href":"https:\/\/macite.tg\/index.php?rest_route=\/wp\/v2\/posts\/38\/revisions"}],"wp:featuredmedia":[{"embeddable":true,"href":"https:\/\/macite.tg\/index.php?rest_route=\/wp\/v2\/media\/39"}],"wp:attachment":[{"href":"https:\/\/macite.tg\/index.php?rest_route=%2Fwp%2Fv2%2Fmedia&parent=38"}],"wp:term":[{"taxonomy":"category","embeddable":true,"href":"https:\/\/macite.tg\/index.php?rest_route=%2Fwp%2Fv2%2Fcategories&post=38"},{"taxonomy":"post_tag","embeddable":true,"href":"https:\/\/macite.tg\/index.php?rest_route=%2Fwp%2Fv2%2Ftags&post=38"}],"curies":[{"name":"wp","href":"https:\/\/api.w.org\/{rel}","templated":true}]}}