{"id":3795,"date":"2023-02-24T11:51:43","date_gmt":"2023-02-24T11:51:43","guid":{"rendered":"https:\/\/macite.info\/?p=3795"},"modified":"2023-02-24T12:43:27","modified_gmt":"2023-02-24T12:43:27","slug":"tournoi-international-mohammed-vi-generation-foot-en-finale-de-ledition-2023","status":"publish","type":"post","link":"https:\/\/macite.tg\/?p=3795","title":{"rendered":"TOURNOI INTERNATIONAL MOHAMED VI\u00a0: G\u00e9n\u00e9ration Foot en finale de l\u2019\u00e9dition 2023"},"content":{"rendered":"\n<p class=\"wp-block-paragraph\"><strong><em>Apr\u00e8s avoir battu aux tirs aux buts le R\u00e9al Madrid (1-1, 4-3) en d\u00e9but d\u2019apr\u00e8s-midi d\u2019hier, G\u00e9n\u00e9ration Foot continue sa marche vers le sacre. En fin de journ\u00e9e du jeudi 23 f\u00e9vrier, la formation s\u00e9n\u00e9galaise est venue \u00e0 bout de l\u2019Acad\u00e9mie Mohamed VI toujours aux tirs aux buts (0-0, 5-4).<\/em><\/strong><\/p>\n\n\n\n<p class=\"wp-block-paragraph\">Le Tournoi international Mohammed VI des moins de 19 ans qui se dispute \u00e0 Rabat au Maroc, a connu son premier finaliste hier jeudi 23 f\u00e9vrier. G\u00e9n\u00e9ration Foot tombeur du R\u00e9al Madrid (1-1, 4 tab 3), poursuit son parcourt sans faute.<\/p>\n\n\n<div class=\"wp-block-image\">\n<figure class=\"aligncenter size-large is-resized\"><img loading=\"lazy\" decoding=\"async\" src=\"https:\/\/macite.tg\/wp-content\/uploads\/2023\/02\/ANNONCES-1-1-1024x426.jpg\" alt=\"\" class=\"wp-image-3701\" width=\"807\" height=\"335\" srcset=\"https:\/\/macite.tg\/wp-content\/uploads\/2023\/02\/ANNONCES-1-1-1024x426.jpg 1024w, https:\/\/macite.tg\/wp-content\/uploads\/2023\/02\/ANNONCES-1-1-300x125.jpg 300w, https:\/\/macite.tg\/wp-content\/uploads\/2023\/02\/ANNONCES-1-1-768x319.jpg 768w, https:\/\/macite.tg\/wp-content\/uploads\/2023\/02\/ANNONCES-1-1.jpg 1080w\" sizes=\"auto, (max-width: 807px) 100vw, 807px\" \/><\/figure>\n<\/div>\n\n\n<p class=\"wp-block-paragraph\">Quelques heures seulement apr\u00e8s avoir renvoy\u00e9 les jeunes Espagnols \u00e0 leurs ch\u00e8res \u00e9tudes, les jeunes S\u00e9n\u00e9galais ont tenu la drag\u00e9e haute \u00e0 l\u2019Acad\u00e9mie Mohamed VI. Le score \u00e9tait de parit\u00e9 (0-0) \u00e0 la fin du temps r\u00e8glementaire, et tout s\u2019est jou\u00e9 aux tirs au but.<\/p>\n\n\n\n<p class=\"wp-block-paragraph\">Au finish, c\u2019est la formation de D\u00e9ni Birame Ndao qui s\u2019est montr\u00e9e la plus r\u00e9aliste en r\u00e9ussissant 5 tirs contre 4.<\/p>\n\n\n\n<p class=\"wp-block-paragraph\">Notons que l\u2019Acad\u00e9mie Mohamed VI avait sorti le PSV hier \u00e0 la mi-journ\u00e9e.<\/p>\n\n\n\n<p class=\"wp-block-paragraph\">En attendant son futur adversaire, le vainqueur de la confrontation FUS Rabat et Racing Strasbourg, G\u00e9n\u00e9ration Foot savoure d\u00e9j\u00e0 sa place en finale de la comp\u00e9tition.<\/p>\n\n\n\n<p class=\"wp-block-paragraph\"><\/p>\n\n\n\n<figure class=\"wp-block-embed is-type-rich is-provider-twitter wp-block-embed-twitter\"><div class=\"wp-block-embed__wrapper\">\nhttps:\/\/twitter.com\/i\/status\/1628798691250262017\n<\/div><\/figure>\n\n\n\n<p class=\"wp-block-paragraph\"><strong><em>@macite.info<\/em><\/strong><\/p>\n\n\n\n<p class=\"wp-block-paragraph\"><strong><em>E-mail&nbsp;: <\/em><\/strong><a href=\"mailto:maciteinfo@gmail.com\"><strong><em>maciteinfo@gmail.com<\/em><\/strong><\/a><strong><em>; <\/em><\/strong><a href=\"mailto:bawela1@gmail.com\"><strong><em>bawela1@gmail.com<\/em><\/strong><\/a><strong><em><\/em><\/strong><\/p>\n\n\n\n<p class=\"wp-block-paragraph\"><strong><em>Pour vos annonces, (publi)reportages, etc., joignez nous au (00228)91515309\/<strong>79872224 <\/strong><\/em><\/strong><a href=\"http:\/\/www.macite.info\"><strong><em>www.macite.info<\/em><\/strong><\/a><strong><em>, L\u2019information, la bonne&nbsp;!<\/em><\/strong><\/p>\n","protected":false},"excerpt":{"rendered":"<p class=\"text-justify mb-2\" >Apr\u00e8s avoir battu aux tirs aux buts le R\u00e9al Madrid (1-1, 4-3) en d\u00e9but d\u2019apr\u00e8s-midi d\u2019hier, G\u00e9n\u00e9ration Foot continue sa marche vers le sacre. En fin de journ\u00e9e du jeudi 23 f\u00e9vrier, la formation s\u00e9n\u00e9galaise est venue \u00e0 bout de l\u2019Acad\u00e9mie Mohamed VI toujours aux [&hellip;]<\/p>\n","protected":false},"author":2,"featured_media":3798,"comment_status":"open","ping_status":"open","sticky":false,"template":"","format":"standard","meta":{"footnotes":""},"categories":[7],"tags":[],"class_list":["post-3795","post","type-post","status-publish","format-standard","has-post-thumbnail","hentry","category-sports"],"yoast_head":"<!-- This site is optimized with the Yoast SEO plugin v28.4 - https:\/\/yoast.com\/product\/yoast-seo-wordpress\/ -->\n<title>TOURNOI INTERNATIONAL MOHAMED VI\u00a0: G\u00e9n\u00e9ration Foot en finale de l\u2019\u00e9dition 2023 -<\/title>\n<meta name=\"robots\" content=\"index, follow, max-snippet:-1, max-image-preview:large, max-video-preview:-1\" \/>\n<link rel=\"canonical\" href=\"https:\/\/macite.tg\/?p=3795\" \/>\n<meta property=\"og:locale\" content=\"fr_FR\" \/>\n<meta property=\"og:type\" content=\"article\" \/>\n<meta property=\"og:title\" content=\"TOURNOI INTERNATIONAL MOHAMED VI\u00a0: G\u00e9n\u00e9ration Foot en finale de l\u2019\u00e9dition 2023 -\" \/>\n<meta property=\"og:description\" content=\"Apr\u00e8s avoir battu aux tirs aux buts le R\u00e9al Madrid (1-1, 4-3) en d\u00e9but d\u2019apr\u00e8s-midi d\u2019hier, G\u00e9n\u00e9ration Foot continue sa marche vers le sacre. En fin de journ\u00e9e du jeudi 23 f\u00e9vrier, la formation s\u00e9n\u00e9galaise est venue \u00e0 bout de l\u2019Acad\u00e9mie Mohamed VI toujours aux [&hellip;]\" \/>\n<meta property=\"og:url\" content=\"https:\/\/macite.tg\/?p=3795\" \/>\n<meta property=\"article:published_time\" content=\"2023-02-24T11:51:43+00:00\" \/>\n<meta property=\"article:modified_time\" content=\"2023-02-24T12:43:27+00:00\" \/>\n<meta property=\"og:image\" content=\"https:\/\/macite.tg\/wp-content\/uploads\/2023\/02\/gtfv-696x342-1.jpg\" \/>\n\t<meta property=\"og:image:width\" content=\"696\" \/>\n\t<meta property=\"og:image:height\" content=\"342\" \/>\n\t<meta property=\"og:image:type\" content=\"image\/jpeg\" \/>\n<meta name=\"author\" content=\"Jean Pierre BAWELA\" \/>\n<meta name=\"twitter:card\" content=\"summary_large_image\" \/>\n<meta name=\"twitter:label1\" content=\"\u00c9crit par\" \/>\n\t<meta name=\"twitter:data1\" content=\"Jean Pierre BAWELA\" \/>\n<script type=\"application\/ld+json\" class=\"yoast-schema-graph\">{\"@context\":\"https:\\\/\\\/schema.org\",\"@graph\":[{\"@type\":\"Article\",\"@id\":\"https:\\\/\\\/macite.tg\\\/?p=3795#article\",\"isPartOf\":{\"@id\":\"https:\\\/\\\/macite.tg\\\/?p=3795\"},\"author\":{\"name\":\"Jean Pierre BAWELA\",\"@id\":\"https:\\\/\\\/macite.tg\\\/#\\\/schema\\\/person\\\/e9f2de7e5dbbe7770a9402c7ce82f5c2\"},\"headline\":\"TOURNOI INTERNATIONAL MOHAMED VI\u00a0: G\u00e9n\u00e9ration Foot en finale de l\u2019\u00e9dition 2023\",\"datePublished\":\"2023-02-24T11:51:43+00:00\",\"dateModified\":\"2023-02-24T12:43:27+00:00\",\"mainEntityOfPage\":{\"@id\":\"https:\\\/\\\/macite.tg\\\/?p=3795\"},\"wordCount\":268,\"commentCount\":0,\"image\":{\"@id\":\"https:\\\/\\\/macite.tg\\\/?p=3795#primaryimage\"},\"thumbnailUrl\":\"https:\\\/\\\/macite.tg\\\/wp-content\\\/uploads\\\/2023\\\/02\\\/gtfv-696x342-1.jpg\",\"articleSection\":[\"SPORTS\"],\"inLanguage\":\"fr-FR\",\"potentialAction\":[{\"@type\":\"CommentAction\",\"name\":\"Comment\",\"target\":[\"https:\\\/\\\/macite.tg\\\/?p=3795#respond\"]}]},{\"@type\":\"WebPage\",\"@id\":\"https:\\\/\\\/macite.tg\\\/?p=3795\",\"url\":\"https:\\\/\\\/macite.tg\\\/?p=3795\",\"name\":\"TOURNOI INTERNATIONAL MOHAMED VI\u00a0: G\u00e9n\u00e9ration Foot en finale de l\u2019\u00e9dition 2023 -\",\"isPartOf\":{\"@id\":\"https:\\\/\\\/macite.tg\\\/#website\"},\"primaryImageOfPage\":{\"@id\":\"https:\\\/\\\/macite.tg\\\/?p=3795#primaryimage\"},\"image\":{\"@id\":\"https:\\\/\\\/macite.tg\\\/?p=3795#primaryimage\"},\"thumbnailUrl\":\"https:\\\/\\\/macite.tg\\\/wp-content\\\/uploads\\\/2023\\\/02\\\/gtfv-696x342-1.jpg\",\"datePublished\":\"2023-02-24T11:51:43+00:00\",\"dateModified\":\"2023-02-24T12:43:27+00:00\",\"author\":{\"@id\":\"https:\\\/\\\/macite.tg\\\/#\\\/schema\\\/person\\\/e9f2de7e5dbbe7770a9402c7ce82f5c2\"},\"breadcrumb\":{\"@id\":\"https:\\\/\\\/macite.tg\\\/?p=3795#breadcrumb\"},\"inLanguage\":\"fr-FR\",\"potentialAction\":[{\"@type\":\"ReadAction\",\"target\":[\"https:\\\/\\\/macite.tg\\\/?p=3795\"]}]},{\"@type\":\"ImageObject\",\"inLanguage\":\"fr-FR\",\"@id\":\"https:\\\/\\\/macite.tg\\\/?p=3795#primaryimage\",\"url\":\"https:\\\/\\\/macite.tg\\\/wp-content\\\/uploads\\\/2023\\\/02\\\/gtfv-696x342-1.jpg\",\"contentUrl\":\"https:\\\/\\\/macite.tg\\\/wp-content\\\/uploads\\\/2023\\\/02\\\/gtfv-696x342-1.jpg\",\"width\":696,\"height\":342},{\"@type\":\"BreadcrumbList\",\"@id\":\"https:\\\/\\\/macite.tg\\\/?p=3795#breadcrumb\",\"itemListElement\":[{\"@type\":\"ListItem\",\"position\":1,\"name\":\"Accueil\",\"item\":\"https:\\\/\\\/macite.tg\\\/\"},{\"@type\":\"ListItem\",\"position\":2,\"name\":\"TOURNOI INTERNATIONAL MOHAMED VI\u00a0: G\u00e9n\u00e9ration Foot en finale de l\u2019\u00e9dition 2023\"}]},{\"@type\":\"WebSite\",\"@id\":\"https:\\\/\\\/macite.tg\\\/#website\",\"url\":\"https:\\\/\\\/macite.tg\\\/\",\"name\":\"\",\"description\":\"L&#039;information, la bonne!!!\",\"potentialAction\":[{\"@type\":\"SearchAction\",\"target\":{\"@type\":\"EntryPoint\",\"urlTemplate\":\"https:\\\/\\\/macite.tg\\\/?s={search_term_string}\"},\"query-input\":{\"@type\":\"PropertyValueSpecification\",\"valueRequired\":true,\"valueName\":\"search_term_string\"}}],\"inLanguage\":\"fr-FR\"},{\"@type\":\"Person\",\"@id\":\"https:\\\/\\\/macite.tg\\\/#\\\/schema\\\/person\\\/e9f2de7e5dbbe7770a9402c7ce82f5c2\",\"name\":\"Jean Pierre BAWELA\",\"image\":{\"@type\":\"ImageObject\",\"inLanguage\":\"fr-FR\",\"@id\":\"https:\\\/\\\/macite.tg\\\/wp-content\\\/uploads\\\/2023\\\/09\\\/WhatsApp-Image-2023-09-19-at-14.44.41-122x122.jpeg\",\"url\":\"https:\\\/\\\/macite.tg\\\/wp-content\\\/uploads\\\/2023\\\/09\\\/WhatsApp-Image-2023-09-19-at-14.44.41-122x122.jpeg\",\"contentUrl\":\"https:\\\/\\\/macite.tg\\\/wp-content\\\/uploads\\\/2023\\\/09\\\/WhatsApp-Image-2023-09-19-at-14.44.41-122x122.jpeg\",\"caption\":\"Jean Pierre BAWELA\"},\"url\":\"https:\\\/\\\/macite.tg\\\/?author=2\"}]}<\/script>\n<!-- \/ Yoast SEO plugin. -->","yoast_head_json":{"title":"TOURNOI INTERNATIONAL MOHAMED VI\u00a0: G\u00e9n\u00e9ration Foot en finale de l\u2019\u00e9dition 2023 -","robots":{"index":"index","follow":"follow","max-snippet":"max-snippet:-1","max-image-preview":"max-image-preview:large","max-video-preview":"max-video-preview:-1"},"canonical":"https:\/\/macite.tg\/?p=3795","og_locale":"fr_FR","og_type":"article","og_title":"TOURNOI INTERNATIONAL MOHAMED VI\u00a0: G\u00e9n\u00e9ration Foot en finale de l\u2019\u00e9dition 2023 -","og_description":"Apr\u00e8s avoir battu aux tirs aux buts le R\u00e9al Madrid (1-1, 4-3) en d\u00e9but d\u2019apr\u00e8s-midi d\u2019hier, G\u00e9n\u00e9ration Foot continue sa marche vers le sacre. En fin de journ\u00e9e du jeudi 23 f\u00e9vrier, la formation s\u00e9n\u00e9galaise est venue \u00e0 bout de l\u2019Acad\u00e9mie Mohamed VI toujours aux [&hellip;]","og_url":"https:\/\/macite.tg\/?p=3795","article_published_time":"2023-02-24T11:51:43+00:00","article_modified_time":"2023-02-24T12:43:27+00:00","og_image":[{"width":696,"height":342,"url":"https:\/\/macite.tg\/wp-content\/uploads\/2023\/02\/gtfv-696x342-1.jpg","type":"image\/jpeg"}],"author":"Jean Pierre BAWELA","twitter_card":"summary_large_image","twitter_misc":{"\u00c9crit par":"Jean Pierre BAWELA"},"schema":{"@context":"https:\/\/schema.org","@graph":[{"@type":"Article","@id":"https:\/\/macite.tg\/?p=3795#article","isPartOf":{"@id":"https:\/\/macite.tg\/?p=3795"},"author":{"name":"Jean Pierre BAWELA","@id":"https:\/\/macite.tg\/#\/schema\/person\/e9f2de7e5dbbe7770a9402c7ce82f5c2"},"headline":"TOURNOI INTERNATIONAL MOHAMED VI\u00a0: G\u00e9n\u00e9ration Foot en finale de l\u2019\u00e9dition 2023","datePublished":"2023-02-24T11:51:43+00:00","dateModified":"2023-02-24T12:43:27+00:00","mainEntityOfPage":{"@id":"https:\/\/macite.tg\/?p=3795"},"wordCount":268,"commentCount":0,"image":{"@id":"https:\/\/macite.tg\/?p=3795#primaryimage"},"thumbnailUrl":"https:\/\/macite.tg\/wp-content\/uploads\/2023\/02\/gtfv-696x342-1.jpg","articleSection":["SPORTS"],"inLanguage":"fr-FR","potentialAction":[{"@type":"CommentAction","name":"Comment","target":["https:\/\/macite.tg\/?p=3795#respond"]}]},{"@type":"WebPage","@id":"https:\/\/macite.tg\/?p=3795","url":"https:\/\/macite.tg\/?p=3795","name":"TOURNOI INTERNATIONAL MOHAMED VI\u00a0: G\u00e9n\u00e9ration Foot en finale de l\u2019\u00e9dition 2023 -","isPartOf":{"@id":"https:\/\/macite.tg\/#website"},"primaryImageOfPage":{"@id":"https:\/\/macite.tg\/?p=3795#primaryimage"},"image":{"@id":"https:\/\/macite.tg\/?p=3795#primaryimage"},"thumbnailUrl":"https:\/\/macite.tg\/wp-content\/uploads\/2023\/02\/gtfv-696x342-1.jpg","datePublished":"2023-02-24T11:51:43+00:00","dateModified":"2023-02-24T12:43:27+00:00","author":{"@id":"https:\/\/macite.tg\/#\/schema\/person\/e9f2de7e5dbbe7770a9402c7ce82f5c2"},"breadcrumb":{"@id":"https:\/\/macite.tg\/?p=3795#breadcrumb"},"inLanguage":"fr-FR","potentialAction":[{"@type":"ReadAction","target":["https:\/\/macite.tg\/?p=3795"]}]},{"@type":"ImageObject","inLanguage":"fr-FR","@id":"https:\/\/macite.tg\/?p=3795#primaryimage","url":"https:\/\/macite.tg\/wp-content\/uploads\/2023\/02\/gtfv-696x342-1.jpg","contentUrl":"https:\/\/macite.tg\/wp-content\/uploads\/2023\/02\/gtfv-696x342-1.jpg","width":696,"height":342},{"@type":"BreadcrumbList","@id":"https:\/\/macite.tg\/?p=3795#breadcrumb","itemListElement":[{"@type":"ListItem","position":1,"name":"Accueil","item":"https:\/\/macite.tg\/"},{"@type":"ListItem","position":2,"name":"TOURNOI INTERNATIONAL MOHAMED VI\u00a0: G\u00e9n\u00e9ration Foot en finale de l\u2019\u00e9dition 2023"}]},{"@type":"WebSite","@id":"https:\/\/macite.tg\/#website","url":"https:\/\/macite.tg\/","name":"","description":"L&#039;information, la bonne!!!","potentialAction":[{"@type":"SearchAction","target":{"@type":"EntryPoint","urlTemplate":"https:\/\/macite.tg\/?s={search_term_string}"},"query-input":{"@type":"PropertyValueSpecification","valueRequired":true,"valueName":"search_term_string"}}],"inLanguage":"fr-FR"},{"@type":"Person","@id":"https:\/\/macite.tg\/#\/schema\/person\/e9f2de7e5dbbe7770a9402c7ce82f5c2","name":"Jean Pierre BAWELA","image":{"@type":"ImageObject","inLanguage":"fr-FR","@id":"https:\/\/macite.tg\/wp-content\/uploads\/2023\/09\/WhatsApp-Image-2023-09-19-at-14.44.41-122x122.jpeg","url":"https:\/\/macite.tg\/wp-content\/uploads\/2023\/09\/WhatsApp-Image-2023-09-19-at-14.44.41-122x122.jpeg","contentUrl":"https:\/\/macite.tg\/wp-content\/uploads\/2023\/09\/WhatsApp-Image-2023-09-19-at-14.44.41-122x122.jpeg","caption":"Jean Pierre BAWELA"},"url":"https:\/\/macite.tg\/?author=2"}]}},"_links":{"self":[{"href":"https:\/\/macite.tg\/index.php?rest_route=\/wp\/v2\/posts\/3795","targetHints":{"allow":["GET"]}}],"collection":[{"href":"https:\/\/macite.tg\/index.php?rest_route=\/wp\/v2\/posts"}],"about":[{"href":"https:\/\/macite.tg\/index.php?rest_route=\/wp\/v2\/types\/post"}],"author":[{"embeddable":true,"href":"https:\/\/macite.tg\/index.php?rest_route=\/wp\/v2\/users\/2"}],"replies":[{"embeddable":true,"href":"https:\/\/macite.tg\/index.php?rest_route=%2Fwp%2Fv2%2Fcomments&post=3795"}],"version-history":[{"count":0,"href":"https:\/\/macite.tg\/index.php?rest_route=\/wp\/v2\/posts\/3795\/revisions"}],"wp:featuredmedia":[{"embeddable":true,"href":"https:\/\/macite.tg\/index.php?rest_route=\/wp\/v2\/media\/3798"}],"wp:attachment":[{"href":"https:\/\/macite.tg\/index.php?rest_route=%2Fwp%2Fv2%2Fmedia&parent=3795"}],"wp:term":[{"taxonomy":"category","embeddable":true,"href":"https:\/\/macite.tg\/index.php?rest_route=%2Fwp%2Fv2%2Fcategories&post=3795"},{"taxonomy":"post_tag","embeddable":true,"href":"https:\/\/macite.tg\/index.php?rest_route=%2Fwp%2Fv2%2Ftags&post=3795"}],"curies":[{"name":"wp","href":"https:\/\/api.w.org\/{rel}","templated":true}]}}