{"id":3776,"date":"2023-02-23T17:59:34","date_gmt":"2023-02-23T17:59:34","guid":{"rendered":"https:\/\/macite.info\/?p=3776"},"modified":"2023-02-23T17:59:35","modified_gmt":"2023-02-23T17:59:35","slug":"fopat-region-centrale-apres-louverture-ce-jour-place-aux-echanges-proprement-dits","status":"publish","type":"post","link":"https:\/\/macite.tg\/?p=3776","title":{"rendered":"<strong>FoPAT\u00a0\/R\u00c9GION CENTRALE : Apr\u00e8s l\u2019ouverture ce jour, place aux \u00e9changes proprement dits\u2026<\/strong>"},"content":{"rendered":"\n<p class=\"wp-block-paragraph\"><strong><em>Apr\u00e8s les r\u00e9gions des Savanes, Maritime et les Plateaux, la r\u00e9gion Centrale accueille, du 23 au 25 f\u00e9vrier prochain, l\u2019acte 4 du Forum des producteurs agricoles du Togo (FoPAT). Plus de 500 acteurs sont attendus \u00e0 Sokod\u00e9.<\/em><\/strong><\/p>\n\n\n<div class=\"wp-block-image\">\n<figure class=\"aligncenter size-large is-resized\"><img loading=\"lazy\" decoding=\"async\" src=\"https:\/\/macite.tg\/wp-content\/uploads\/2023\/02\/IMG-20230223-WA0059-1003x1024.jpg\" alt=\"\" class=\"wp-image-3787\" width=\"544\" height=\"555\" srcset=\"https:\/\/macite.tg\/wp-content\/uploads\/2023\/02\/IMG-20230223-WA0059-1003x1024.jpg 1003w, https:\/\/macite.tg\/wp-content\/uploads\/2023\/02\/IMG-20230223-WA0059-294x300.jpg 294w, https:\/\/macite.tg\/wp-content\/uploads\/2023\/02\/IMG-20230223-WA0059-768x784.jpg 768w, https:\/\/macite.tg\/wp-content\/uploads\/2023\/02\/IMG-20230223-WA0059.jpg 1254w\" sizes=\"auto, (max-width: 544px) 100vw, 544px\" \/><\/figure>\n<\/div>\n\n\n<p class=\"wp-block-paragraph\">Initi\u00e9 par le Pr\u00e9sident de la R\u00e9publique, Faure Essozimna Gnassingb\u00e9, le FoPAT est un cadre d\u2019\u00e9changes et d\u2019\u00e9coute des acteurs agricoles sur la strat\u00e9gie gouvernementale, d\u2019\u00e9couter les acteurs de terrain et de pr\u00e9senter les perspectives du secteur agricole, autour du th\u00e8me central&nbsp;: <em>\u00ab&nbsp;Transformation structurelle de l\u2019agriculture togolaise&nbsp;: d\u00e9fis et perspectives&nbsp;\u00bb<\/em>.<\/p>\n\n\n\n<p class=\"wp-block-paragraph\">Les deux premi\u00e8res journ\u00e9es seront meubl\u00e9es par des communications et conf\u00e9rences-d\u00e9bats. Le troisi\u00e8me jour sera consacr\u00e9 au compte rendu des travaux au Chef de l\u2019Etat, suivi des \u00e9changes directs entre le Pr\u00e9sident de la R\u00e9publique et les acteurs du secteur agricole. Ces \u00e9changes seront assortis des orientations.<\/p>\n\n\n\n<p class=\"wp-block-paragraph\">Notons qu\u2019en marge du Forum, une mini-foire organis\u00e9e sur les lieux permettra d\u2019exposer des produits de la r\u00e9gion.<\/p>\n\n\n\n<p class=\"wp-block-paragraph\"><strong><em>@macite.info<\/em><\/strong><\/p>\n\n\n\n<p class=\"wp-block-paragraph\"><strong><em>E-mail&nbsp;: <\/em><\/strong><a href=\"mailto:maciteinfo@gmail.com\"><em>maciteinfo@gmail.com<\/em><\/a><strong><em>; <\/em><\/strong><a href=\"mailto:bawela1@gmail.com\"><em>bawela1@gmail.com<\/em><\/a><\/p>\n\n\n\n<p class=\"wp-block-paragraph\"><strong><em>Pour vos annonces, (publi)reportages, etc., joignez nous au (00228)91515309\/<strong>79872224<\/strong><\/em><\/strong><\/p>\n\n\n\n<p class=\"wp-block-paragraph\"><a href=\"http:\/\/www.macite.info\"><em>www.macite.info<\/em><\/a><strong><em>, L\u2019information, la bonne&nbsp;!<\/em><\/strong><\/p>\n","protected":false},"excerpt":{"rendered":"<p class=\"text-justify mb-2\" >Apr\u00e8s les r\u00e9gions des Savanes, Maritime et les Plateaux, la r\u00e9gion Centrale accueille, du 23 au 25 f\u00e9vrier prochain, l\u2019acte 4 du Forum des producteurs agricoles du Togo (FoPAT). Plus de 500 acteurs sont attendus \u00e0 Sokod\u00e9. Initi\u00e9 par le Pr\u00e9sident de la R\u00e9publique, Faure [&hellip;]<\/p>\n","protected":false},"author":2,"featured_media":3786,"comment_status":"open","ping_status":"open","sticky":false,"template":"","format":"standard","meta":{"footnotes":""},"categories":[22],"tags":[],"class_list":["post-3776","post","type-post","status-publish","format-standard","has-post-thumbnail","hentry","category-agriculture"],"yoast_head":"<!-- This site is optimized with the Yoast SEO plugin v28.4 - https:\/\/yoast.com\/product\/yoast-seo-wordpress\/ -->\n<title>FoPAT\u00a0\/R\u00c9GION CENTRALE : Apr\u00e8s l\u2019ouverture ce jour, place aux \u00e9changes proprement dits\u2026 -<\/title>\n<meta name=\"robots\" content=\"index, follow, max-snippet:-1, max-image-preview:large, max-video-preview:-1\" \/>\n<link rel=\"canonical\" href=\"https:\/\/macite.tg\/?p=3776\" \/>\n<meta property=\"og:locale\" content=\"fr_FR\" \/>\n<meta property=\"og:type\" content=\"article\" \/>\n<meta property=\"og:title\" content=\"FoPAT\u00a0\/R\u00c9GION CENTRALE : Apr\u00e8s l\u2019ouverture ce jour, place aux \u00e9changes proprement dits\u2026 -\" \/>\n<meta property=\"og:description\" content=\"Apr\u00e8s les r\u00e9gions des Savanes, Maritime et les Plateaux, la r\u00e9gion Centrale accueille, du 23 au 25 f\u00e9vrier prochain, l\u2019acte 4 du Forum des producteurs agricoles du Togo (FoPAT). Plus de 500 acteurs sont attendus \u00e0 Sokod\u00e9. Initi\u00e9 par le Pr\u00e9sident de la R\u00e9publique, Faure [&hellip;]\" \/>\n<meta property=\"og:url\" content=\"https:\/\/macite.tg\/?p=3776\" \/>\n<meta property=\"article:published_time\" content=\"2023-02-23T17:59:34+00:00\" \/>\n<meta property=\"article:modified_time\" content=\"2023-02-23T17:59:35+00:00\" \/>\n<meta property=\"og:image\" content=\"https:\/\/macite.tg\/wp-content\/uploads\/2023\/02\/Ministre-Lekpa-Gbegbeni.jpg\" \/>\n\t<meta property=\"og:image:width\" content=\"300\" \/>\n\t<meta property=\"og:image:height\" content=\"168\" \/>\n\t<meta property=\"og:image:type\" content=\"image\/jpeg\" \/>\n<meta name=\"author\" content=\"Jean Pierre BAWELA\" \/>\n<meta name=\"twitter:card\" content=\"summary_large_image\" \/>\n<meta name=\"twitter:label1\" content=\"\u00c9crit par\" \/>\n\t<meta name=\"twitter:data1\" content=\"Jean Pierre BAWELA\" \/>\n\t<meta name=\"twitter:label2\" content=\"Dur\u00e9e de lecture estim\u00e9e\" \/>\n\t<meta name=\"twitter:data2\" content=\"2 minutes\" \/>\n<script type=\"application\/ld+json\" class=\"yoast-schema-graph\">{\"@context\":\"https:\\\/\\\/schema.org\",\"@graph\":[{\"@type\":\"Article\",\"@id\":\"https:\\\/\\\/macite.tg\\\/?p=3776#article\",\"isPartOf\":{\"@id\":\"https:\\\/\\\/macite.tg\\\/?p=3776\"},\"author\":{\"name\":\"Jean Pierre BAWELA\",\"@id\":\"https:\\\/\\\/macite.tg\\\/#\\\/schema\\\/person\\\/e9f2de7e5dbbe7770a9402c7ce82f5c2\"},\"headline\":\"FoPAT\u00a0\\\/R\u00c9GION CENTRALE : Apr\u00e8s l\u2019ouverture ce jour, place aux \u00e9changes proprement dits\u2026\",\"datePublished\":\"2023-02-23T17:59:34+00:00\",\"dateModified\":\"2023-02-23T17:59:35+00:00\",\"mainEntityOfPage\":{\"@id\":\"https:\\\/\\\/macite.tg\\\/?p=3776\"},\"wordCount\":221,\"commentCount\":0,\"image\":{\"@id\":\"https:\\\/\\\/macite.tg\\\/?p=3776#primaryimage\"},\"thumbnailUrl\":\"https:\\\/\\\/macite.tg\\\/wp-content\\\/uploads\\\/2023\\\/02\\\/Ministre-Lekpa-Gbegbeni.jpg\",\"articleSection\":[\"AGRICULTURE\"],\"inLanguage\":\"fr-FR\",\"potentialAction\":[{\"@type\":\"CommentAction\",\"name\":\"Comment\",\"target\":[\"https:\\\/\\\/macite.tg\\\/?p=3776#respond\"]}]},{\"@type\":\"WebPage\",\"@id\":\"https:\\\/\\\/macite.tg\\\/?p=3776\",\"url\":\"https:\\\/\\\/macite.tg\\\/?p=3776\",\"name\":\"FoPAT\u00a0\\\/R\u00c9GION CENTRALE : Apr\u00e8s l\u2019ouverture ce jour, place aux \u00e9changes proprement dits\u2026 -\",\"isPartOf\":{\"@id\":\"https:\\\/\\\/macite.tg\\\/#website\"},\"primaryImageOfPage\":{\"@id\":\"https:\\\/\\\/macite.tg\\\/?p=3776#primaryimage\"},\"image\":{\"@id\":\"https:\\\/\\\/macite.tg\\\/?p=3776#primaryimage\"},\"thumbnailUrl\":\"https:\\\/\\\/macite.tg\\\/wp-content\\\/uploads\\\/2023\\\/02\\\/Ministre-Lekpa-Gbegbeni.jpg\",\"datePublished\":\"2023-02-23T17:59:34+00:00\",\"dateModified\":\"2023-02-23T17:59:35+00:00\",\"author\":{\"@id\":\"https:\\\/\\\/macite.tg\\\/#\\\/schema\\\/person\\\/e9f2de7e5dbbe7770a9402c7ce82f5c2\"},\"breadcrumb\":{\"@id\":\"https:\\\/\\\/macite.tg\\\/?p=3776#breadcrumb\"},\"inLanguage\":\"fr-FR\",\"potentialAction\":[{\"@type\":\"ReadAction\",\"target\":[\"https:\\\/\\\/macite.tg\\\/?p=3776\"]}]},{\"@type\":\"ImageObject\",\"inLanguage\":\"fr-FR\",\"@id\":\"https:\\\/\\\/macite.tg\\\/?p=3776#primaryimage\",\"url\":\"https:\\\/\\\/macite.tg\\\/wp-content\\\/uploads\\\/2023\\\/02\\\/Ministre-Lekpa-Gbegbeni.jpg\",\"contentUrl\":\"https:\\\/\\\/macite.tg\\\/wp-content\\\/uploads\\\/2023\\\/02\\\/Ministre-Lekpa-Gbegbeni.jpg\",\"width\":300,\"height\":168},{\"@type\":\"BreadcrumbList\",\"@id\":\"https:\\\/\\\/macite.tg\\\/?p=3776#breadcrumb\",\"itemListElement\":[{\"@type\":\"ListItem\",\"position\":1,\"name\":\"Accueil\",\"item\":\"https:\\\/\\\/macite.tg\\\/\"},{\"@type\":\"ListItem\",\"position\":2,\"name\":\"FoPAT\u00a0\\\/R\u00c9GION CENTRALE : Apr\u00e8s l\u2019ouverture ce jour, place aux \u00e9changes proprement dits\u2026\"}]},{\"@type\":\"WebSite\",\"@id\":\"https:\\\/\\\/macite.tg\\\/#website\",\"url\":\"https:\\\/\\\/macite.tg\\\/\",\"name\":\"\",\"description\":\"L&#039;information, la bonne!!!\",\"potentialAction\":[{\"@type\":\"SearchAction\",\"target\":{\"@type\":\"EntryPoint\",\"urlTemplate\":\"https:\\\/\\\/macite.tg\\\/?s={search_term_string}\"},\"query-input\":{\"@type\":\"PropertyValueSpecification\",\"valueRequired\":true,\"valueName\":\"search_term_string\"}}],\"inLanguage\":\"fr-FR\"},{\"@type\":\"Person\",\"@id\":\"https:\\\/\\\/macite.tg\\\/#\\\/schema\\\/person\\\/e9f2de7e5dbbe7770a9402c7ce82f5c2\",\"name\":\"Jean Pierre BAWELA\",\"image\":{\"@type\":\"ImageObject\",\"inLanguage\":\"fr-FR\",\"@id\":\"https:\\\/\\\/macite.tg\\\/wp-content\\\/uploads\\\/2023\\\/09\\\/WhatsApp-Image-2023-09-19-at-14.44.41-122x122.jpeg\",\"url\":\"https:\\\/\\\/macite.tg\\\/wp-content\\\/uploads\\\/2023\\\/09\\\/WhatsApp-Image-2023-09-19-at-14.44.41-122x122.jpeg\",\"contentUrl\":\"https:\\\/\\\/macite.tg\\\/wp-content\\\/uploads\\\/2023\\\/09\\\/WhatsApp-Image-2023-09-19-at-14.44.41-122x122.jpeg\",\"caption\":\"Jean Pierre BAWELA\"},\"url\":\"https:\\\/\\\/macite.tg\\\/?author=2\"}]}<\/script>\n<!-- \/ Yoast SEO plugin. -->","yoast_head_json":{"title":"FoPAT\u00a0\/R\u00c9GION CENTRALE : Apr\u00e8s l\u2019ouverture ce jour, place aux \u00e9changes proprement dits\u2026 -","robots":{"index":"index","follow":"follow","max-snippet":"max-snippet:-1","max-image-preview":"max-image-preview:large","max-video-preview":"max-video-preview:-1"},"canonical":"https:\/\/macite.tg\/?p=3776","og_locale":"fr_FR","og_type":"article","og_title":"FoPAT\u00a0\/R\u00c9GION CENTRALE : Apr\u00e8s l\u2019ouverture ce jour, place aux \u00e9changes proprement dits\u2026 -","og_description":"Apr\u00e8s les r\u00e9gions des Savanes, Maritime et les Plateaux, la r\u00e9gion Centrale accueille, du 23 au 25 f\u00e9vrier prochain, l\u2019acte 4 du Forum des producteurs agricoles du Togo (FoPAT). Plus de 500 acteurs sont attendus \u00e0 Sokod\u00e9. Initi\u00e9 par le Pr\u00e9sident de la R\u00e9publique, Faure [&hellip;]","og_url":"https:\/\/macite.tg\/?p=3776","article_published_time":"2023-02-23T17:59:34+00:00","article_modified_time":"2023-02-23T17:59:35+00:00","og_image":[{"width":300,"height":168,"url":"https:\/\/macite.tg\/wp-content\/uploads\/2023\/02\/Ministre-Lekpa-Gbegbeni.jpg","type":"image\/jpeg"}],"author":"Jean Pierre BAWELA","twitter_card":"summary_large_image","twitter_misc":{"\u00c9crit par":"Jean Pierre BAWELA","Dur\u00e9e de lecture estim\u00e9e":"2 minutes"},"schema":{"@context":"https:\/\/schema.org","@graph":[{"@type":"Article","@id":"https:\/\/macite.tg\/?p=3776#article","isPartOf":{"@id":"https:\/\/macite.tg\/?p=3776"},"author":{"name":"Jean Pierre BAWELA","@id":"https:\/\/macite.tg\/#\/schema\/person\/e9f2de7e5dbbe7770a9402c7ce82f5c2"},"headline":"FoPAT\u00a0\/R\u00c9GION CENTRALE : Apr\u00e8s l\u2019ouverture ce jour, place aux \u00e9changes proprement dits\u2026","datePublished":"2023-02-23T17:59:34+00:00","dateModified":"2023-02-23T17:59:35+00:00","mainEntityOfPage":{"@id":"https:\/\/macite.tg\/?p=3776"},"wordCount":221,"commentCount":0,"image":{"@id":"https:\/\/macite.tg\/?p=3776#primaryimage"},"thumbnailUrl":"https:\/\/macite.tg\/wp-content\/uploads\/2023\/02\/Ministre-Lekpa-Gbegbeni.jpg","articleSection":["AGRICULTURE"],"inLanguage":"fr-FR","potentialAction":[{"@type":"CommentAction","name":"Comment","target":["https:\/\/macite.tg\/?p=3776#respond"]}]},{"@type":"WebPage","@id":"https:\/\/macite.tg\/?p=3776","url":"https:\/\/macite.tg\/?p=3776","name":"FoPAT\u00a0\/R\u00c9GION CENTRALE : Apr\u00e8s l\u2019ouverture ce jour, place aux \u00e9changes proprement dits\u2026 -","isPartOf":{"@id":"https:\/\/macite.tg\/#website"},"primaryImageOfPage":{"@id":"https:\/\/macite.tg\/?p=3776#primaryimage"},"image":{"@id":"https:\/\/macite.tg\/?p=3776#primaryimage"},"thumbnailUrl":"https:\/\/macite.tg\/wp-content\/uploads\/2023\/02\/Ministre-Lekpa-Gbegbeni.jpg","datePublished":"2023-02-23T17:59:34+00:00","dateModified":"2023-02-23T17:59:35+00:00","author":{"@id":"https:\/\/macite.tg\/#\/schema\/person\/e9f2de7e5dbbe7770a9402c7ce82f5c2"},"breadcrumb":{"@id":"https:\/\/macite.tg\/?p=3776#breadcrumb"},"inLanguage":"fr-FR","potentialAction":[{"@type":"ReadAction","target":["https:\/\/macite.tg\/?p=3776"]}]},{"@type":"ImageObject","inLanguage":"fr-FR","@id":"https:\/\/macite.tg\/?p=3776#primaryimage","url":"https:\/\/macite.tg\/wp-content\/uploads\/2023\/02\/Ministre-Lekpa-Gbegbeni.jpg","contentUrl":"https:\/\/macite.tg\/wp-content\/uploads\/2023\/02\/Ministre-Lekpa-Gbegbeni.jpg","width":300,"height":168},{"@type":"BreadcrumbList","@id":"https:\/\/macite.tg\/?p=3776#breadcrumb","itemListElement":[{"@type":"ListItem","position":1,"name":"Accueil","item":"https:\/\/macite.tg\/"},{"@type":"ListItem","position":2,"name":"FoPAT\u00a0\/R\u00c9GION CENTRALE : Apr\u00e8s l\u2019ouverture ce jour, place aux \u00e9changes proprement dits\u2026"}]},{"@type":"WebSite","@id":"https:\/\/macite.tg\/#website","url":"https:\/\/macite.tg\/","name":"","description":"L&#039;information, la bonne!!!","potentialAction":[{"@type":"SearchAction","target":{"@type":"EntryPoint","urlTemplate":"https:\/\/macite.tg\/?s={search_term_string}"},"query-input":{"@type":"PropertyValueSpecification","valueRequired":true,"valueName":"search_term_string"}}],"inLanguage":"fr-FR"},{"@type":"Person","@id":"https:\/\/macite.tg\/#\/schema\/person\/e9f2de7e5dbbe7770a9402c7ce82f5c2","name":"Jean Pierre BAWELA","image":{"@type":"ImageObject","inLanguage":"fr-FR","@id":"https:\/\/macite.tg\/wp-content\/uploads\/2023\/09\/WhatsApp-Image-2023-09-19-at-14.44.41-122x122.jpeg","url":"https:\/\/macite.tg\/wp-content\/uploads\/2023\/09\/WhatsApp-Image-2023-09-19-at-14.44.41-122x122.jpeg","contentUrl":"https:\/\/macite.tg\/wp-content\/uploads\/2023\/09\/WhatsApp-Image-2023-09-19-at-14.44.41-122x122.jpeg","caption":"Jean Pierre BAWELA"},"url":"https:\/\/macite.tg\/?author=2"}]}},"_links":{"self":[{"href":"https:\/\/macite.tg\/index.php?rest_route=\/wp\/v2\/posts\/3776","targetHints":{"allow":["GET"]}}],"collection":[{"href":"https:\/\/macite.tg\/index.php?rest_route=\/wp\/v2\/posts"}],"about":[{"href":"https:\/\/macite.tg\/index.php?rest_route=\/wp\/v2\/types\/post"}],"author":[{"embeddable":true,"href":"https:\/\/macite.tg\/index.php?rest_route=\/wp\/v2\/users\/2"}],"replies":[{"embeddable":true,"href":"https:\/\/macite.tg\/index.php?rest_route=%2Fwp%2Fv2%2Fcomments&post=3776"}],"version-history":[{"count":0,"href":"https:\/\/macite.tg\/index.php?rest_route=\/wp\/v2\/posts\/3776\/revisions"}],"wp:featuredmedia":[{"embeddable":true,"href":"https:\/\/macite.tg\/index.php?rest_route=\/wp\/v2\/media\/3786"}],"wp:attachment":[{"href":"https:\/\/macite.tg\/index.php?rest_route=%2Fwp%2Fv2%2Fmedia&parent=3776"}],"wp:term":[{"taxonomy":"category","embeddable":true,"href":"https:\/\/macite.tg\/index.php?rest_route=%2Fwp%2Fv2%2Fcategories&post=3776"},{"taxonomy":"post_tag","embeddable":true,"href":"https:\/\/macite.tg\/index.php?rest_route=%2Fwp%2Fv2%2Ftags&post=3776"}],"curies":[{"name":"wp","href":"https:\/\/api.w.org\/{rel}","templated":true}]}}