{"id":3758,"date":"2023-02-23T11:46:57","date_gmt":"2023-02-23T11:46:57","guid":{"rendered":"https:\/\/macite.info\/?p=3758"},"modified":"2023-02-23T11:46:58","modified_gmt":"2023-02-23T11:46:58","slug":"declaration-des-biens-et-avoirs-le-mediateur-de-la-republique-a-echange-avec-le-gouvernement","status":"publish","type":"post","link":"https:\/\/macite.tg\/?p=3758","title":{"rendered":"D\u00c9CLARATION DES BIENS ET AVOIRS : Le M\u00e9diateur de la R\u00e9publique a \u00e9chang\u00e9 avec le Gouvernement"},"content":{"rendered":"\n<p class=\"wp-block-paragraph\"><strong><em>Le M\u00e9diateur de la R\u00e9publique poursuit ses s\u00e9ances d&rsquo;\u00e9changes avec les diff\u00e9rentes entit\u00e9s assujetties \u00e0 la d\u00e9claration des biens. La d\u00e9l\u00e9gation a \u00e9chang\u00e9 avec les membres du gouvernement ce mardi 21 f\u00e9vrier 2023 au cours d&rsquo;une r\u00e9union pr\u00e9sid\u00e9e par Mme le Premier ministre, Victoire Tom\u00e9gah-Dogb\u00e9 \u00e0 la Primature.<\/em><\/strong><\/p>\n\n\n\n<p class=\"wp-block-paragraph\">Le Togo s&rsquo;est engag\u00e9 dans la promotion de la transparence et de la bonne gouvernance sous le leadership du Pr\u00e9sident de la R\u00e9publique, Son Excellence Monsieur Faure Essozimna Gnassingb\u00e9. La Loi organique N\u00b0 2020-003 du 24 janvier 2020 fixe les conditions de d\u00e9claration de biens et avoirs des hautes personnalit\u00e9s, des hauts fonctionnaires et autres agents assujettis.<\/p>\n\n\n\n<p class=\"wp-block-paragraph\">La rencontre a permis au M\u00e9diateur de la R\u00e9publique, Mme Awa Nana-Daboya d&rsquo;informer et de sensibiliser les membres du gouvernement sur les modalit\u00e9s de d\u00e9claration des biens et avoirs.<\/p>\n\n\n\n<p class=\"wp-block-paragraph\"><em>\u00ab&nbsp;Nous venons de rencontrer tous les ministres et faire ce que nous appelons le s\u00e9minaire gouvernemental. On a \u00e9chang\u00e9 autour de ce m\u00e9canisme de gouvernance \u00e9conomique dont l&rsquo;\u00c9tat s&rsquo;est dot\u00e9. C&rsquo;est le lieu de rendre encore un hommage m\u00e9rit\u00e9 au chef de l&rsquo;\u00c9tat pour sa vision de dirigeant \u00e9clair\u00e9. Il a voulu ce m\u00e9canisme dans le but de promouvoir la transparence, de promouvoir la gouvernance \u00e9conomique&nbsp;\u00bb<\/em>, a d\u00e9clar\u00e9 Mme Awa Nana-Daboya.<\/p>\n\n\n<div class=\"wp-block-image\">\n<figure class=\"aligncenter size-large is-resized\"><img loading=\"lazy\" decoding=\"async\" src=\"https:\/\/macite.tg\/wp-content\/uploads\/2023\/02\/ANNONCES-1-1-1024x426.jpg\" alt=\"\" class=\"wp-image-3701\" width=\"786\" height=\"327\" srcset=\"https:\/\/macite.tg\/wp-content\/uploads\/2023\/02\/ANNONCES-1-1-1024x426.jpg 1024w, https:\/\/macite.tg\/wp-content\/uploads\/2023\/02\/ANNONCES-1-1-300x125.jpg 300w, https:\/\/macite.tg\/wp-content\/uploads\/2023\/02\/ANNONCES-1-1-768x319.jpg 768w, https:\/\/macite.tg\/wp-content\/uploads\/2023\/02\/ANNONCES-1-1.jpg 1080w\" sizes=\"auto, (max-width: 786px) 100vw, 786px\" \/><\/figure>\n<\/div>\n\n\n<p class=\"wp-block-paragraph\">Pour le M\u00e9diateur de la R\u00e9publique, <em>\u00ab&nbsp;la loi et la Constitution ont list\u00e9 deux cat\u00e9gories d&rsquo;assujettis: les hautes personnalit\u00e9s pr\u00e9vues par l&rsquo;article 145 de la Constitution. Eux, ils sont ce qu&rsquo;on appelle les assujettis de premi\u00e8re cat\u00e9gorie qui doivent d\u00e9clarer des biens qui sont sup\u00e9rieurs \u00e0 50 millions de FCFA en ce qui concerne les biens immeubles et ceux qui sont sup\u00e9rieurs \u00e0 20 millions en ce qui concerne leurs biens meubles. La deuxi\u00e8me cat\u00e9gorie, ceux qu&rsquo;on appelle les hauts fonctionnaires, les d\u00e9put\u00e9s, les partis politiques et tous ceux qui sont pr\u00e9vus par la loi. Ils doivent d\u00e9clarer les biens qui sont entre 20 millions pour les biens immeubles et deux millions pour les biens meubles. D\u00e8s le 1er mars, nous commen\u00e7ons avec le gouvernement qui vient d&rsquo;\u00eatre inform\u00e9. Et ainsi de suite. C&rsquo;est au rythme de notre calendrier que nous invitons, parce que c&rsquo;est le m\u00e9diateur qui invite telle cat\u00e9gorie, tel assujetti \u00e0 venir faire sa d\u00e9claration\u00bb.<\/em><\/p>\n\n\n\n<p class=\"wp-block-paragraph\">Cette campagne nationale d&rsquo;information et de sensibilisation sur la d\u00e9claration des biens et avoirs a \u00e9t\u00e9 lanc\u00e9e le 31 janvier 2023.<\/p>\n\n\n\n<p class=\"wp-block-paragraph\"><strong><a href=\"http:\/\/www.primature.gouv.tg\">www.primature.gouv.tg<\/a><\/strong><\/p>\n\n\n\n<p class=\"wp-block-paragraph\"><strong><em>@macite.info<\/em><\/strong><\/p>\n\n\n\n<p class=\"wp-block-paragraph\"><strong><em>E-mail&nbsp;: <\/em><\/strong><a href=\"mailto:maciteinfo@gmail.com\"><strong><em>maciteinfo@gmail.com<\/em><\/strong><\/a><strong><em>; <\/em><\/strong><a href=\"mailto:bawela1@gmail.com\"><strong><em>bawela1@gmail.com<\/em><\/strong><\/a><strong><em><\/em><\/strong><\/p>\n\n\n\n<p class=\"wp-block-paragraph\"><strong><em>Pour vos annonces, (publi)reportages, etc., joignez nous au (00228)91515309\/<strong>79872224 <\/strong><\/em><\/strong><a href=\"http:\/\/www.macite.info\"><strong><em>www.macite.info<\/em><\/strong><\/a><strong><em>, L\u2019information, la bonne&nbsp;!<\/em><\/strong><\/p>\n","protected":false},"excerpt":{"rendered":"<p class=\"text-justify mb-2\" >Le M\u00e9diateur de la R\u00e9publique poursuit ses s\u00e9ances d&rsquo;\u00e9changes avec les diff\u00e9rentes entit\u00e9s assujetties \u00e0 la d\u00e9claration des biens. La d\u00e9l\u00e9gation a \u00e9chang\u00e9 avec les membres du gouvernement ce mardi 21 f\u00e9vrier 2023 au cours d&rsquo;une r\u00e9union pr\u00e9sid\u00e9e par Mme le Premier ministre, Victoire Tom\u00e9gah-Dogb\u00e9 [&hellip;]<\/p>\n","protected":false},"author":2,"featured_media":3763,"comment_status":"open","ping_status":"open","sticky":false,"template":"","format":"standard","meta":{"footnotes":""},"categories":[20],"tags":[],"class_list":["post-3758","post","type-post","status-publish","format-standard","has-post-thumbnail","hentry","category-actualite"],"yoast_head":"<!-- This site is optimized with the Yoast SEO plugin v28.4 - https:\/\/yoast.com\/product\/yoast-seo-wordpress\/ -->\n<title>D\u00c9CLARATION DES BIENS ET AVOIRS : Le M\u00e9diateur de la R\u00e9publique a \u00e9chang\u00e9 avec le Gouvernement -<\/title>\n<meta name=\"robots\" content=\"index, follow, max-snippet:-1, max-image-preview:large, max-video-preview:-1\" \/>\n<link rel=\"canonical\" href=\"https:\/\/macite.tg\/?p=3758\" \/>\n<meta property=\"og:locale\" content=\"fr_FR\" \/>\n<meta property=\"og:type\" content=\"article\" \/>\n<meta property=\"og:title\" content=\"D\u00c9CLARATION DES BIENS ET AVOIRS : Le M\u00e9diateur de la R\u00e9publique a \u00e9chang\u00e9 avec le Gouvernement -\" \/>\n<meta property=\"og:description\" content=\"Le M\u00e9diateur de la R\u00e9publique poursuit ses s\u00e9ances d&rsquo;\u00e9changes avec les diff\u00e9rentes entit\u00e9s assujetties \u00e0 la d\u00e9claration des biens. La d\u00e9l\u00e9gation a \u00e9chang\u00e9 avec les membres du gouvernement ce mardi 21 f\u00e9vrier 2023 au cours d&rsquo;une r\u00e9union pr\u00e9sid\u00e9e par Mme le Premier ministre, Victoire Tom\u00e9gah-Dogb\u00e9 [&hellip;]\" \/>\n<meta property=\"og:url\" content=\"https:\/\/macite.tg\/?p=3758\" \/>\n<meta property=\"article:published_time\" content=\"2023-02-23T11:46:57+00:00\" \/>\n<meta property=\"article:modified_time\" content=\"2023-02-23T11:46:58+00:00\" \/>\n<meta property=\"og:image\" content=\"https:\/\/macite.tg\/wp-content\/uploads\/2023\/02\/Primature.jpg\" \/>\n\t<meta property=\"og:image:width\" content=\"440\" \/>\n\t<meta property=\"og:image:height\" content=\"150\" \/>\n\t<meta property=\"og:image:type\" content=\"image\/jpeg\" \/>\n<meta name=\"author\" content=\"Jean Pierre BAWELA\" \/>\n<meta name=\"twitter:card\" content=\"summary_large_image\" \/>\n<meta name=\"twitter:label1\" content=\"\u00c9crit par\" \/>\n\t<meta name=\"twitter:data1\" content=\"Jean Pierre BAWELA\" \/>\n\t<meta name=\"twitter:label2\" content=\"Dur\u00e9e de lecture estim\u00e9e\" \/>\n\t<meta name=\"twitter:data2\" content=\"3 minutes\" \/>\n<script type=\"application\/ld+json\" class=\"yoast-schema-graph\">{\"@context\":\"https:\\\/\\\/schema.org\",\"@graph\":[{\"@type\":\"Article\",\"@id\":\"https:\\\/\\\/macite.tg\\\/?p=3758#article\",\"isPartOf\":{\"@id\":\"https:\\\/\\\/macite.tg\\\/?p=3758\"},\"author\":{\"name\":\"Jean Pierre BAWELA\",\"@id\":\"https:\\\/\\\/macite.tg\\\/#\\\/schema\\\/person\\\/e9f2de7e5dbbe7770a9402c7ce82f5c2\"},\"headline\":\"D\u00c9CLARATION DES BIENS ET AVOIRS : Le M\u00e9diateur de la R\u00e9publique a \u00e9chang\u00e9 avec le Gouvernement\",\"datePublished\":\"2023-02-23T11:46:57+00:00\",\"dateModified\":\"2023-02-23T11:46:58+00:00\",\"mainEntityOfPage\":{\"@id\":\"https:\\\/\\\/macite.tg\\\/?p=3758\"},\"wordCount\":486,\"commentCount\":0,\"image\":{\"@id\":\"https:\\\/\\\/macite.tg\\\/?p=3758#primaryimage\"},\"thumbnailUrl\":\"https:\\\/\\\/macite.tg\\\/wp-content\\\/uploads\\\/2023\\\/02\\\/Primature.jpg\",\"articleSection\":[\"ACTUALITE\"],\"inLanguage\":\"fr-FR\",\"potentialAction\":[{\"@type\":\"CommentAction\",\"name\":\"Comment\",\"target\":[\"https:\\\/\\\/macite.tg\\\/?p=3758#respond\"]}]},{\"@type\":\"WebPage\",\"@id\":\"https:\\\/\\\/macite.tg\\\/?p=3758\",\"url\":\"https:\\\/\\\/macite.tg\\\/?p=3758\",\"name\":\"D\u00c9CLARATION DES BIENS ET AVOIRS : Le M\u00e9diateur de la R\u00e9publique a \u00e9chang\u00e9 avec le Gouvernement -\",\"isPartOf\":{\"@id\":\"https:\\\/\\\/macite.tg\\\/#website\"},\"primaryImageOfPage\":{\"@id\":\"https:\\\/\\\/macite.tg\\\/?p=3758#primaryimage\"},\"image\":{\"@id\":\"https:\\\/\\\/macite.tg\\\/?p=3758#primaryimage\"},\"thumbnailUrl\":\"https:\\\/\\\/macite.tg\\\/wp-content\\\/uploads\\\/2023\\\/02\\\/Primature.jpg\",\"datePublished\":\"2023-02-23T11:46:57+00:00\",\"dateModified\":\"2023-02-23T11:46:58+00:00\",\"author\":{\"@id\":\"https:\\\/\\\/macite.tg\\\/#\\\/schema\\\/person\\\/e9f2de7e5dbbe7770a9402c7ce82f5c2\"},\"breadcrumb\":{\"@id\":\"https:\\\/\\\/macite.tg\\\/?p=3758#breadcrumb\"},\"inLanguage\":\"fr-FR\",\"potentialAction\":[{\"@type\":\"ReadAction\",\"target\":[\"https:\\\/\\\/macite.tg\\\/?p=3758\"]}]},{\"@type\":\"ImageObject\",\"inLanguage\":\"fr-FR\",\"@id\":\"https:\\\/\\\/macite.tg\\\/?p=3758#primaryimage\",\"url\":\"https:\\\/\\\/macite.tg\\\/wp-content\\\/uploads\\\/2023\\\/02\\\/Primature.jpg\",\"contentUrl\":\"https:\\\/\\\/macite.tg\\\/wp-content\\\/uploads\\\/2023\\\/02\\\/Primature.jpg\",\"width\":440,\"height\":150},{\"@type\":\"BreadcrumbList\",\"@id\":\"https:\\\/\\\/macite.tg\\\/?p=3758#breadcrumb\",\"itemListElement\":[{\"@type\":\"ListItem\",\"position\":1,\"name\":\"Accueil\",\"item\":\"https:\\\/\\\/macite.tg\\\/\"},{\"@type\":\"ListItem\",\"position\":2,\"name\":\"D\u00c9CLARATION DES BIENS ET AVOIRS : Le M\u00e9diateur de la R\u00e9publique a \u00e9chang\u00e9 avec le Gouvernement\"}]},{\"@type\":\"WebSite\",\"@id\":\"https:\\\/\\\/macite.tg\\\/#website\",\"url\":\"https:\\\/\\\/macite.tg\\\/\",\"name\":\"\",\"description\":\"L&#039;information, la bonne!!!\",\"potentialAction\":[{\"@type\":\"SearchAction\",\"target\":{\"@type\":\"EntryPoint\",\"urlTemplate\":\"https:\\\/\\\/macite.tg\\\/?s={search_term_string}\"},\"query-input\":{\"@type\":\"PropertyValueSpecification\",\"valueRequired\":true,\"valueName\":\"search_term_string\"}}],\"inLanguage\":\"fr-FR\"},{\"@type\":\"Person\",\"@id\":\"https:\\\/\\\/macite.tg\\\/#\\\/schema\\\/person\\\/e9f2de7e5dbbe7770a9402c7ce82f5c2\",\"name\":\"Jean Pierre BAWELA\",\"image\":{\"@type\":\"ImageObject\",\"inLanguage\":\"fr-FR\",\"@id\":\"https:\\\/\\\/macite.tg\\\/wp-content\\\/uploads\\\/2023\\\/09\\\/WhatsApp-Image-2023-09-19-at-14.44.41-122x122.jpeg\",\"url\":\"https:\\\/\\\/macite.tg\\\/wp-content\\\/uploads\\\/2023\\\/09\\\/WhatsApp-Image-2023-09-19-at-14.44.41-122x122.jpeg\",\"contentUrl\":\"https:\\\/\\\/macite.tg\\\/wp-content\\\/uploads\\\/2023\\\/09\\\/WhatsApp-Image-2023-09-19-at-14.44.41-122x122.jpeg\",\"caption\":\"Jean Pierre BAWELA\"},\"url\":\"https:\\\/\\\/macite.tg\\\/?author=2\"}]}<\/script>\n<!-- \/ Yoast SEO plugin. -->","yoast_head_json":{"title":"D\u00c9CLARATION DES BIENS ET AVOIRS : Le M\u00e9diateur de la R\u00e9publique a \u00e9chang\u00e9 avec le Gouvernement -","robots":{"index":"index","follow":"follow","max-snippet":"max-snippet:-1","max-image-preview":"max-image-preview:large","max-video-preview":"max-video-preview:-1"},"canonical":"https:\/\/macite.tg\/?p=3758","og_locale":"fr_FR","og_type":"article","og_title":"D\u00c9CLARATION DES BIENS ET AVOIRS : Le M\u00e9diateur de la R\u00e9publique a \u00e9chang\u00e9 avec le Gouvernement -","og_description":"Le M\u00e9diateur de la R\u00e9publique poursuit ses s\u00e9ances d&rsquo;\u00e9changes avec les diff\u00e9rentes entit\u00e9s assujetties \u00e0 la d\u00e9claration des biens. La d\u00e9l\u00e9gation a \u00e9chang\u00e9 avec les membres du gouvernement ce mardi 21 f\u00e9vrier 2023 au cours d&rsquo;une r\u00e9union pr\u00e9sid\u00e9e par Mme le Premier ministre, Victoire Tom\u00e9gah-Dogb\u00e9 [&hellip;]","og_url":"https:\/\/macite.tg\/?p=3758","article_published_time":"2023-02-23T11:46:57+00:00","article_modified_time":"2023-02-23T11:46:58+00:00","og_image":[{"width":440,"height":150,"url":"https:\/\/macite.tg\/wp-content\/uploads\/2023\/02\/Primature.jpg","type":"image\/jpeg"}],"author":"Jean Pierre BAWELA","twitter_card":"summary_large_image","twitter_misc":{"\u00c9crit par":"Jean Pierre BAWELA","Dur\u00e9e de lecture estim\u00e9e":"3 minutes"},"schema":{"@context":"https:\/\/schema.org","@graph":[{"@type":"Article","@id":"https:\/\/macite.tg\/?p=3758#article","isPartOf":{"@id":"https:\/\/macite.tg\/?p=3758"},"author":{"name":"Jean Pierre BAWELA","@id":"https:\/\/macite.tg\/#\/schema\/person\/e9f2de7e5dbbe7770a9402c7ce82f5c2"},"headline":"D\u00c9CLARATION DES BIENS ET AVOIRS : Le M\u00e9diateur de la R\u00e9publique a \u00e9chang\u00e9 avec le Gouvernement","datePublished":"2023-02-23T11:46:57+00:00","dateModified":"2023-02-23T11:46:58+00:00","mainEntityOfPage":{"@id":"https:\/\/macite.tg\/?p=3758"},"wordCount":486,"commentCount":0,"image":{"@id":"https:\/\/macite.tg\/?p=3758#primaryimage"},"thumbnailUrl":"https:\/\/macite.tg\/wp-content\/uploads\/2023\/02\/Primature.jpg","articleSection":["ACTUALITE"],"inLanguage":"fr-FR","potentialAction":[{"@type":"CommentAction","name":"Comment","target":["https:\/\/macite.tg\/?p=3758#respond"]}]},{"@type":"WebPage","@id":"https:\/\/macite.tg\/?p=3758","url":"https:\/\/macite.tg\/?p=3758","name":"D\u00c9CLARATION DES BIENS ET AVOIRS : Le M\u00e9diateur de la R\u00e9publique a \u00e9chang\u00e9 avec le Gouvernement -","isPartOf":{"@id":"https:\/\/macite.tg\/#website"},"primaryImageOfPage":{"@id":"https:\/\/macite.tg\/?p=3758#primaryimage"},"image":{"@id":"https:\/\/macite.tg\/?p=3758#primaryimage"},"thumbnailUrl":"https:\/\/macite.tg\/wp-content\/uploads\/2023\/02\/Primature.jpg","datePublished":"2023-02-23T11:46:57+00:00","dateModified":"2023-02-23T11:46:58+00:00","author":{"@id":"https:\/\/macite.tg\/#\/schema\/person\/e9f2de7e5dbbe7770a9402c7ce82f5c2"},"breadcrumb":{"@id":"https:\/\/macite.tg\/?p=3758#breadcrumb"},"inLanguage":"fr-FR","potentialAction":[{"@type":"ReadAction","target":["https:\/\/macite.tg\/?p=3758"]}]},{"@type":"ImageObject","inLanguage":"fr-FR","@id":"https:\/\/macite.tg\/?p=3758#primaryimage","url":"https:\/\/macite.tg\/wp-content\/uploads\/2023\/02\/Primature.jpg","contentUrl":"https:\/\/macite.tg\/wp-content\/uploads\/2023\/02\/Primature.jpg","width":440,"height":150},{"@type":"BreadcrumbList","@id":"https:\/\/macite.tg\/?p=3758#breadcrumb","itemListElement":[{"@type":"ListItem","position":1,"name":"Accueil","item":"https:\/\/macite.tg\/"},{"@type":"ListItem","position":2,"name":"D\u00c9CLARATION DES BIENS ET AVOIRS : Le M\u00e9diateur de la R\u00e9publique a \u00e9chang\u00e9 avec le Gouvernement"}]},{"@type":"WebSite","@id":"https:\/\/macite.tg\/#website","url":"https:\/\/macite.tg\/","name":"","description":"L&#039;information, la bonne!!!","potentialAction":[{"@type":"SearchAction","target":{"@type":"EntryPoint","urlTemplate":"https:\/\/macite.tg\/?s={search_term_string}"},"query-input":{"@type":"PropertyValueSpecification","valueRequired":true,"valueName":"search_term_string"}}],"inLanguage":"fr-FR"},{"@type":"Person","@id":"https:\/\/macite.tg\/#\/schema\/person\/e9f2de7e5dbbe7770a9402c7ce82f5c2","name":"Jean Pierre BAWELA","image":{"@type":"ImageObject","inLanguage":"fr-FR","@id":"https:\/\/macite.tg\/wp-content\/uploads\/2023\/09\/WhatsApp-Image-2023-09-19-at-14.44.41-122x122.jpeg","url":"https:\/\/macite.tg\/wp-content\/uploads\/2023\/09\/WhatsApp-Image-2023-09-19-at-14.44.41-122x122.jpeg","contentUrl":"https:\/\/macite.tg\/wp-content\/uploads\/2023\/09\/WhatsApp-Image-2023-09-19-at-14.44.41-122x122.jpeg","caption":"Jean Pierre BAWELA"},"url":"https:\/\/macite.tg\/?author=2"}]}},"_links":{"self":[{"href":"https:\/\/macite.tg\/index.php?rest_route=\/wp\/v2\/posts\/3758","targetHints":{"allow":["GET"]}}],"collection":[{"href":"https:\/\/macite.tg\/index.php?rest_route=\/wp\/v2\/posts"}],"about":[{"href":"https:\/\/macite.tg\/index.php?rest_route=\/wp\/v2\/types\/post"}],"author":[{"embeddable":true,"href":"https:\/\/macite.tg\/index.php?rest_route=\/wp\/v2\/users\/2"}],"replies":[{"embeddable":true,"href":"https:\/\/macite.tg\/index.php?rest_route=%2Fwp%2Fv2%2Fcomments&post=3758"}],"version-history":[{"count":0,"href":"https:\/\/macite.tg\/index.php?rest_route=\/wp\/v2\/posts\/3758\/revisions"}],"wp:featuredmedia":[{"embeddable":true,"href":"https:\/\/macite.tg\/index.php?rest_route=\/wp\/v2\/media\/3763"}],"wp:attachment":[{"href":"https:\/\/macite.tg\/index.php?rest_route=%2Fwp%2Fv2%2Fmedia&parent=3758"}],"wp:term":[{"taxonomy":"category","embeddable":true,"href":"https:\/\/macite.tg\/index.php?rest_route=%2Fwp%2Fv2%2Fcategories&post=3758"},{"taxonomy":"post_tag","embeddable":true,"href":"https:\/\/macite.tg\/index.php?rest_route=%2Fwp%2Fv2%2Ftags&post=3758"}],"curies":[{"name":"wp","href":"https:\/\/api.w.org\/{rel}","templated":true}]}}