{"id":3743,"date":"2023-02-22T15:55:35","date_gmt":"2023-02-22T15:55:35","guid":{"rendered":"https:\/\/macite.info\/?p=3743"},"modified":"2023-02-22T15:55:36","modified_gmt":"2023-02-22T15:55:36","slug":"conseil-des-ministres-du-22-fevrier-voici-les-grandes-decisions-de-lexecutif-togolais","status":"publish","type":"post","link":"https:\/\/macite.tg\/?p=3743","title":{"rendered":"CONSEIL DES MINISTRES DU 22 F\u00c9VRIER\u00a0: Voici les grandes d\u00e9cisions de l\u2019ex\u00e9cutif togolais"},"content":{"rendered":"\n<p class=\"wp-block-paragraph\"><strong><em>L\u2019ensemble de l\u2019ex\u00e9cutif \u00e9tait r\u00e9uni, ce mercredi 22 f\u00e9vrier, autour du Chef de l\u2019Etat pour \u00e9changer sur divers sujets. Les travaux ont port\u00e9 sur deux (02) projets de d\u00e9cret et \u00e9cout\u00e9 cinq (05) communications, portant, notamment sur une \u00ab\u00a0meilleure organisation du secteur du transport routier\u00a0\u00bb, \u00ab\u00a0la politique de protection sociale dans notre pays\u00a0\u00bb, la poursuite de la \u00ab\u00a0la digitalisation des services publics de l\u2019administration togolaise\u00a0\u00bb, \u2026<\/em><\/strong><\/p>\n\n\n\n<p class=\"wp-block-paragraph\"><strong><em>Dans les lignes qui suivent, l\u2019int\u00e9gralit\u00e9 du communiqu\u00e9 ayant sanctionn\u00e9 les travaux\u2026<\/em><\/strong><\/p>\n\n\n\n<p class=\"has-text-align-center wp-block-paragraph\"><strong><u>Communiqu\u00e9 du Conseil des Ministres &#8211; Lom\u00e9, mercredi 22 f\u00e9vrier 2023<\/u><\/strong><\/p>\n\n\n\n<p class=\"wp-block-paragraph\">1.&nbsp; Le conseil des ministres s\u2019est r\u00e9uni ce mercredi 22 f\u00e9vrier 2023 sous la pr\u00e9sidence de Son Excellence Monsieur Faure Essozimna GNASSINGBE, Pr\u00e9sident de la R\u00e9publique.<\/p>\n\n\n\n<p class=\"wp-block-paragraph\">2. Le conseil a examin\u00e9 deux (02) projets de d\u00e9cret et \u00e9cout\u00e9 cinq (05) communications.<\/p>\n\n\n\n<p class=\"wp-block-paragraph\"><strong>I. Au titre des projets de d\u00e9cret,<\/strong><\/p>\n\n\n\n<p class=\"wp-block-paragraph\">3.&nbsp; Le conseil a examin\u00e9 et adopt\u00e9 en deuxi\u00e8me lecture un projet de d\u00e9cret fixant les conditions d\u2019acc\u00e8s et d\u2019exercice de la profession de conducteur routier.<\/p>\n\n\n\n<p class=\"wp-block-paragraph\">4. Ce projet de d\u00e9cret s\u2019inscrit dans le cadre de la professionnalisation du secteur du transport au Togo \u00e0 travers le m\u00e9tier de conducteur routier et l\u2019am\u00e9lioration de la s\u00e9curit\u00e9 routi\u00e8re.<\/p>\n\n\n\n<p class=\"wp-block-paragraph\">5. L\u2019adoption de ce texte permet de disposer des informations et donn\u00e9es n\u00e9cessaires pour une meilleure organisation du sous-secteur du transport routier, en vue de sa contribution \u00e0 la r\u00e9alisation de l\u2019ambition de la feuille de route gouvernementale 2020-2025 qui vise \u00e0 affirmer la place du pays en tant que hub logistique et de services.<\/p>\n\n\n\n<p class=\"wp-block-paragraph\">6.&nbsp; Le conseil a examin\u00e9 en premi\u00e8re lecture un projet de d\u00e9cret fixant les conditions d\u2019acc\u00e8s \u00e0 la profession de transporteur, d\u2019interm\u00e9diaire et d\u2019auxiliaire de transport et d\u2019exercice des activit\u00e9s de transport routier.<\/p>\n\n\n\n<p class=\"wp-block-paragraph\">7.&nbsp; Le gouvernement, dans le but de renforcer et d\u2019am\u00e9liorer l\u2019efficacit\u00e9 des services logistiques pour le commerce, s\u2019est investi, ces derni\u00e8res ann\u00e9es, dans la modernisation des infrastructures de transports ainsi que dans l\u2019am\u00e9lioration du cadre r\u00e9glementaire du secteur.<\/p>\n\n\n\n<p class=\"wp-block-paragraph\">8.&nbsp; L\u2019\u00e9tude de ce texte, qui vise \u00e0 professionnaliser et organiser le secteur du transport des biens et des personnes, se poursuivra lors d\u2019une prochaine s\u00e9ance du conseil.<\/p>\n\n\n<div class=\"wp-block-image\">\n<figure class=\"aligncenter size-large is-resized\"><img loading=\"lazy\" decoding=\"async\" src=\"https:\/\/macite.tg\/wp-content\/uploads\/2023\/02\/ANNONCES-1-1-1024x426.jpg\" alt=\"\" class=\"wp-image-3701\" width=\"806\" height=\"335\" srcset=\"https:\/\/macite.tg\/wp-content\/uploads\/2023\/02\/ANNONCES-1-1-1024x426.jpg 1024w, https:\/\/macite.tg\/wp-content\/uploads\/2023\/02\/ANNONCES-1-1-300x125.jpg 300w, https:\/\/macite.tg\/wp-content\/uploads\/2023\/02\/ANNONCES-1-1-768x319.jpg 768w, https:\/\/macite.tg\/wp-content\/uploads\/2023\/02\/ANNONCES-1-1.jpg 1080w\" sizes=\"auto, (max-width: 806px) 100vw, 806px\" \/><\/figure>\n<\/div>\n\n\n<p class=\"wp-block-paragraph\"><strong>II. Au titre des communications,<\/strong><\/p>\n\n\n\n<p class=\"wp-block-paragraph\">9. Le conseil a \u00e9cout\u00e9 une premi\u00e8re communication relative \u00e0 la note de cadrage de la protection sociale ; pr\u00e9sent\u00e9e par le ministre de la fonction publique, du travail et du dialogue sociale.<\/p>\n\n\n\n<p class=\"wp-block-paragraph\">10. Cette communication vise \u00e0 pr\u00e9senter le cadrage g\u00e9n\u00e9ral de la politique de protection sociale dans notre pays. Elle fait l\u2019\u00e9tat des lieux des diff\u00e9rents dispositifs existants et d\u00e9finit les orientations pour la mise en place d\u2019un syst\u00e8me int\u00e9gr\u00e9 de protection sociale de notre pays. Ceci dans la droite ligne de l\u2019axe 1 de la feuille de route qui ambitionne de renforcer l\u2019inclusion et l\u2019harmonie sociales.<\/p>\n\n\n\n<p class=\"wp-block-paragraph\">11.&nbsp; Le conseil a instruit pour la finalisation du document de politique en capitalisant sur les initiatives existantes et sur les axes d\u2019am\u00e9lioration identifi\u00e9s, notamment en termes de plus grande synergie et de digitalisation des dispositifs.<\/p>\n\n\n\n<p class=\"wp-block-paragraph\">12.&nbsp; Le conseil a \u00e9cout\u00e9 une deuxi\u00e8me communication relative \u00e0 la digitalisation des services publics de l\u2019administration togolaise ; pr\u00e9sent\u00e9e par le ministre l\u2019\u00e9conomie num\u00e9rique et de la transformation digitale.<\/p>\n\n\n\n<p class=\"wp-block-paragraph\">13. Dans le but de simplifier l\u2019ensemble des d\u00e9marches administratives et de rapprocher davantage le citoyen de l\u2019administration publique, le gouvernement a inscrit, au titre des projets prioritaires de sa feuille de route gouvernementale 2020-2025, un projet de digitalisation des services publics. La pr\u00e9sente communication a pour objet de rendre compte de l\u2019avancement des travaux men\u00e9s dans le cadre de ce projet.<\/p>\n\n\n\n<p class=\"wp-block-paragraph\">14. Au rang des r\u00e9sultats d\u00e9j\u00e0 obtenus figure la cr\u00e9ation de l\u2019Agence Togo Digital (ATD) en septembre 2021 et le lancement en juin 2022 du portail national des services publics digitalis\u00e9s (www.service-public.gouv.tg). Ce portail compte aujourd\u2019hui plusieurs parcours de services op\u00e9rationnels, notamment les demandes de passeport, de carte de s\u00e9jour, du permis de construire, de raccordement \u00e0 l\u2019\u00e9lectricit\u00e9 basse tension, du duplicata de nationalit\u00e9 et le suivi en ligne de la premi\u00e8re demande du certificat de nationalit\u00e9.<\/p>\n\n\n\n<p class=\"wp-block-paragraph\">15. L\u2019Agence Togo Digital, dont les capacit\u00e9s seront renforc\u00e9es, poursuit sa mission en lien avec plusieurs entit\u00e9s administratives pour la mise en ligne sur le portail d\u2019une trentaine de parcours de services d\u2019ici la fin du second trimestre de l\u2019ann\u00e9e 2023. Ces parcours concerneront des services li\u00e9s \u00e0 la promotion des investissements, \u00e0 la gestion des fonctionnaires ou encore des services du secteur de l\u2019\u00e9conomie maritime.<\/p>\n\n\n\n<p class=\"wp-block-paragraph\">16. Le conseil a \u00e9cout\u00e9 une troisi\u00e8me communication sur la digitalisation du casier judiciaire et de la demande du duplicata du certificat de la nationalit\u00e9 togolaise ; pr\u00e9sent\u00e9e par le ministre de la justice et de la l\u00e9gislation.<\/p>\n\n\n\n<p class=\"wp-block-paragraph\">17.&nbsp; La digitalisation de ces deux services tr\u00e8s utiles pour nos concitoyens illustre la vision du Chef de l\u2019Etat, Son Excellence Monsieur Faure Essozimna GNASSINGBE, qui vise \u00e0 renforcer l\u2019inclusion et l\u2019harmonie sociales.<\/p>\n\n\n\n<p class=\"wp-block-paragraph\">18.&nbsp; La communication pr\u00e9sent\u00e9e a permis de constater la tr\u00e8s forte adh\u00e9sion des citoyens \u00e0 ces nouveaux processus. Ainsi, depuis la r\u00e9forme, pr\u00e8s de 350.000 bulletins ont \u00e9t\u00e9 d\u00e9livr\u00e9s contre une moyenne annuelle de 50.000 bulletins. Cet engouement est li\u00e9 \u00e0 la c\u00e9l\u00e9rit\u00e9 du processus et \u00e0 la possibilit\u00e9 de demander le casier judiciaire sans se d\u00e9placer et de pouvoir le faire livrer en tout lieu de son choix.<\/p>\n\n\n\n<p class=\"wp-block-paragraph\">19. S\u2019agissant de la digitalisation de la demande de duplicata du certificat de nationalit\u00e9 lanc\u00e9e en janvier 2023, elle vient r\u00e9pondre \u00e0 un allongement constat\u00e9 du d\u00e9lai n\u00e9cessaire pour l\u2019obtention de ce document.<\/p>\n\n\n\n<p class=\"wp-block-paragraph\">20.&nbsp; D\u00e9sormais la demande de duplicata peut se faire dans 5 chefs-lieux de r\u00e9gion et dans douze (12) pr\u00e9fectures et en ligne.<\/p>\n\n\n\n<p class=\"wp-block-paragraph\">21.&nbsp; Le conseil a salu\u00e9 la r\u00e9ussite de la digitalisation de ces processus et a invit\u00e9 les acteurs \u00e0 poursuivre les actions en vue d\u2019une modernisation de la justice conform\u00e9ment aux ambitions de la feuille de route gouvernementale et aux b\u00e9n\u00e9fices des populations.<\/p>\n\n\n\n<p class=\"wp-block-paragraph\">22. Il a saisi cette opportunit\u00e9 pour lancer un appel aux populations afin de se faire \u00e9tablir le nouveau format du certificat de nationalit\u00e9 qui facilite la mise en \u0153uvre du processus de digitalisation.<\/p>\n\n\n\n<p class=\"wp-block-paragraph\">23. Le conseil a \u00e9cout\u00e9 une quatri\u00e8me communication relative \u00e0 l\u2019ouverture des cr\u00e8ches\/garderies au Togo ; pr\u00e9sent\u00e9e par le ministre de l\u2019action sociale, de la promotion de la femme et de l\u2019alphab\u00e9tisation.<\/p>\n\n\n\n<p class=\"wp-block-paragraph\">24. Le gouvernement place au c\u0153ur de ses actions prioritaires, la promotion de la femme et des enfants. Dans le but de faciliter la conciliation de l\u2019encadrement de l\u2019enfant avec la vie professionnelle des parents, il est n\u00e9cessaire d\u2019organiser l\u2019accueil des enfants dans des structures respectant des normes et standards.<\/p>\n\n\n\n<p class=\"wp-block-paragraph\">25. La communication vise \u00e0 pr\u00e9senter un \u00e9tat des lieux des structures accueillant les enfants dans notre pays. Ainsi, on d\u00e9nombre \u00e0 ce jour 28 cr\u00e8ches \/ garderies sur toute l\u2019\u00e9tendue du territoire.&nbsp;<\/p>\n\n\n\n<p class=\"wp-block-paragraph\">26. Cette communication vise \u00e0 proposer une r\u00e9glementation qui contribuera \u00e0 la mise en \u0153uvre r\u00e9ussie des politiques nationales de d\u00e9veloppement de la petite enfance ainsi que du bien-\u00eatre de l\u2019enfant au Togo.<\/p>\n\n\n\n<p class=\"wp-block-paragraph\">27. Le conseil a \u00e9cout\u00e9 une derni\u00e8re communication relative \u00e0 la 17\u00e8me \u00e9dition de la foire internationale de Lom\u00e9 ; pr\u00e9sent\u00e9e par le ministre du commerce, de l\u2019industrie et de la consommation locale.<\/p>\n\n\n\n<p class=\"wp-block-paragraph\">28. La 17\u00e8me \u00e9dition de la foire internationale de Lom\u00e9 s\u2019est tenue du 30 novembre au 18 d\u00e9cembre 2022 sur le site du Centre togolais des expositions et foires de Lom\u00e9 (CETEF). Cet \u00e9v\u00e8nement s\u2019est inscrit dans le cadre de la relance de la croissance \u00e9conomique de notre pays apr\u00e8s le ralentissement observ\u00e9 en 2020.<\/p>\n\n\n\n<p class=\"wp-block-paragraph\">29.&nbsp; La r\u00e9ussite de cet \u00e9v\u00e8nement qui a regroup\u00e9 plus de 1143 exposants venus de 22 pays d\u2019Afrique et du reste du monde est le r\u00e9sultat des actions men\u00e9es pour renforcer le rayonnement de notre pays.<\/p>\n\n\n\n<p class=\"wp-block-paragraph\">30. Il est \u00e0 noter que toutes les branches de l\u2019\u00e9conomie nationale ont b\u00e9n\u00e9fici\u00e9 des retomb\u00e9es positives de cette foire. Plus concr\u00e8tement, en termes d\u2019impact \u00e9conomique, cet \u00e9v\u00e8nement a permis de cr\u00e9er des emplois occasionnels surtout pour les jeunes et les femmes, de nouer des partenariats d\u2019affaires.<\/p>\n\n\n\n<p class=\"wp-block-paragraph\">31. Le conseil a f\u00e9licit\u00e9 les organisateurs et les a instruit d\u2019acc\u00e9l\u00e9rer les actions visant \u00e0 accroitre les capacit\u00e9s du centre afin de mieux pr\u00e9parer la prochaine la prochaine \u00e9dition.&nbsp;&nbsp;&nbsp;&nbsp; &nbsp;&nbsp;&nbsp;&nbsp;&nbsp;&nbsp;<\/p>\n\n\n\n<p class=\"wp-block-paragraph\"><strong><em>Fait \u00e0 Lom\u00e9, le 22 f\u00e9vrier 2023<\/em><\/strong><\/p>\n\n\n\n<p class=\"wp-block-paragraph\"><strong><em>Le Conseil des Ministres<\/em><\/strong><\/p>\n\n\n\n<p class=\"wp-block-paragraph\"><strong><em>@macite.info<\/em><\/strong><\/p>\n\n\n\n<p class=\"wp-block-paragraph\"><strong><em>E-mail&nbsp;: <\/em><\/strong><a href=\"mailto:maciteinfo@gmail.com\"><strong><em>maciteinfo@gmail.com<\/em><\/strong><\/a><strong><em>; <\/em><\/strong><a href=\"mailto:bawela1@gmail.com\"><strong><em>bawela1@gmail.com<\/em><\/strong><\/a><strong><em><\/em><\/strong><\/p>\n\n\n\n<p class=\"wp-block-paragraph\"><strong><em>Pour vos annonces, (publi)reportages, etc., joignez nous au (00228)91515309\/<strong>79872224 <\/strong><\/em><\/strong><a href=\"http:\/\/www.macite.info\"><strong><em>www.macite.info<\/em><\/strong><\/a><strong><em>, L\u2019information, la bonne&nbsp;!<\/em><\/strong><\/p>\n","protected":false},"excerpt":{"rendered":"<p class=\"text-justify mb-2\" >L\u2019ensemble de l\u2019ex\u00e9cutif \u00e9tait r\u00e9uni, ce mercredi 22 f\u00e9vrier, autour du Chef de l\u2019Etat pour \u00e9changer sur divers sujets. Les travaux ont port\u00e9 sur deux (02) projets de d\u00e9cret et \u00e9cout\u00e9 cinq (05) communications, portant, notamment sur une \u00ab\u00a0meilleure organisation du secteur du transport routier\u00a0\u00bb, [&hellip;]<\/p>\n","protected":false},"author":2,"featured_media":3745,"comment_status":"open","ping_status":"open","sticky":false,"template":"","format":"standard","meta":{"footnotes":""},"categories":[20,1],"tags":[],"class_list":["post-3743","post","type-post","status-publish","format-standard","has-post-thumbnail","hentry","category-actualite","category-politique"],"yoast_head":"<!-- This site is optimized with the Yoast SEO plugin v28.4 - https:\/\/yoast.com\/product\/yoast-seo-wordpress\/ -->\n<title>CONSEIL DES MINISTRES DU 22 F\u00c9VRIER\u00a0: Voici les grandes d\u00e9cisions de l\u2019ex\u00e9cutif togolais -<\/title>\n<meta name=\"robots\" content=\"index, follow, max-snippet:-1, max-image-preview:large, max-video-preview:-1\" \/>\n<link rel=\"canonical\" href=\"https:\/\/macite.tg\/?p=3743\" \/>\n<meta property=\"og:locale\" content=\"fr_FR\" \/>\n<meta property=\"og:type\" content=\"article\" \/>\n<meta property=\"og:title\" content=\"CONSEIL DES MINISTRES DU 22 F\u00c9VRIER\u00a0: Voici les grandes d\u00e9cisions de l\u2019ex\u00e9cutif togolais -\" \/>\n<meta property=\"og:description\" content=\"L\u2019ensemble de l\u2019ex\u00e9cutif \u00e9tait r\u00e9uni, ce mercredi 22 f\u00e9vrier, autour du Chef de l\u2019Etat pour \u00e9changer sur divers sujets. Les travaux ont port\u00e9 sur deux (02) projets de d\u00e9cret et \u00e9cout\u00e9 cinq (05) communications, portant, notamment sur une \u00ab\u00a0meilleure organisation du secteur du transport routier\u00a0\u00bb, [&hellip;]\" \/>\n<meta property=\"og:url\" content=\"https:\/\/macite.tg\/?p=3743\" \/>\n<meta property=\"article:published_time\" content=\"2023-02-22T15:55:35+00:00\" \/>\n<meta property=\"article:modified_time\" content=\"2023-02-22T15:55:36+00:00\" \/>\n<meta property=\"og:image\" content=\"https:\/\/macite.tg\/wp-content\/uploads\/2023\/02\/IMG-20230118-WA0048.jpg\" \/>\n\t<meta property=\"og:image:width\" content=\"1080\" \/>\n\t<meta property=\"og:image:height\" content=\"720\" \/>\n\t<meta property=\"og:image:type\" content=\"image\/jpeg\" \/>\n<meta name=\"author\" content=\"Jean Pierre BAWELA\" \/>\n<meta name=\"twitter:card\" content=\"summary_large_image\" \/>\n<meta name=\"twitter:label1\" content=\"\u00c9crit par\" \/>\n\t<meta name=\"twitter:data1\" content=\"Jean Pierre BAWELA\" \/>\n\t<meta name=\"twitter:label2\" content=\"Dur\u00e9e de lecture estim\u00e9e\" \/>\n\t<meta name=\"twitter:data2\" content=\"8 minutes\" \/>\n<script type=\"application\/ld+json\" class=\"yoast-schema-graph\">{\"@context\":\"https:\\\/\\\/schema.org\",\"@graph\":[{\"@type\":\"Article\",\"@id\":\"https:\\\/\\\/macite.tg\\\/?p=3743#article\",\"isPartOf\":{\"@id\":\"https:\\\/\\\/macite.tg\\\/?p=3743\"},\"author\":{\"name\":\"Jean Pierre BAWELA\",\"@id\":\"https:\\\/\\\/macite.tg\\\/#\\\/schema\\\/person\\\/e9f2de7e5dbbe7770a9402c7ce82f5c2\"},\"headline\":\"CONSEIL DES MINISTRES DU 22 F\u00c9VRIER\u00a0: Voici les grandes d\u00e9cisions de l\u2019ex\u00e9cutif togolais\",\"datePublished\":\"2023-02-22T15:55:35+00:00\",\"dateModified\":\"2023-02-22T15:55:36+00:00\",\"mainEntityOfPage\":{\"@id\":\"https:\\\/\\\/macite.tg\\\/?p=3743\"},\"wordCount\":1527,\"commentCount\":0,\"image\":{\"@id\":\"https:\\\/\\\/macite.tg\\\/?p=3743#primaryimage\"},\"thumbnailUrl\":\"https:\\\/\\\/macite.tg\\\/wp-content\\\/uploads\\\/2023\\\/02\\\/IMG-20230118-WA0048.jpg\",\"articleSection\":[\"ACTUALITE\",\"POLITIQUE\"],\"inLanguage\":\"fr-FR\",\"potentialAction\":[{\"@type\":\"CommentAction\",\"name\":\"Comment\",\"target\":[\"https:\\\/\\\/macite.tg\\\/?p=3743#respond\"]}]},{\"@type\":\"WebPage\",\"@id\":\"https:\\\/\\\/macite.tg\\\/?p=3743\",\"url\":\"https:\\\/\\\/macite.tg\\\/?p=3743\",\"name\":\"CONSEIL DES MINISTRES DU 22 F\u00c9VRIER\u00a0: Voici les grandes d\u00e9cisions de l\u2019ex\u00e9cutif togolais -\",\"isPartOf\":{\"@id\":\"https:\\\/\\\/macite.tg\\\/#website\"},\"primaryImageOfPage\":{\"@id\":\"https:\\\/\\\/macite.tg\\\/?p=3743#primaryimage\"},\"image\":{\"@id\":\"https:\\\/\\\/macite.tg\\\/?p=3743#primaryimage\"},\"thumbnailUrl\":\"https:\\\/\\\/macite.tg\\\/wp-content\\\/uploads\\\/2023\\\/02\\\/IMG-20230118-WA0048.jpg\",\"datePublished\":\"2023-02-22T15:55:35+00:00\",\"dateModified\":\"2023-02-22T15:55:36+00:00\",\"author\":{\"@id\":\"https:\\\/\\\/macite.tg\\\/#\\\/schema\\\/person\\\/e9f2de7e5dbbe7770a9402c7ce82f5c2\"},\"breadcrumb\":{\"@id\":\"https:\\\/\\\/macite.tg\\\/?p=3743#breadcrumb\"},\"inLanguage\":\"fr-FR\",\"potentialAction\":[{\"@type\":\"ReadAction\",\"target\":[\"https:\\\/\\\/macite.tg\\\/?p=3743\"]}]},{\"@type\":\"ImageObject\",\"inLanguage\":\"fr-FR\",\"@id\":\"https:\\\/\\\/macite.tg\\\/?p=3743#primaryimage\",\"url\":\"https:\\\/\\\/macite.tg\\\/wp-content\\\/uploads\\\/2023\\\/02\\\/IMG-20230118-WA0048.jpg\",\"contentUrl\":\"https:\\\/\\\/macite.tg\\\/wp-content\\\/uploads\\\/2023\\\/02\\\/IMG-20230118-WA0048.jpg\",\"width\":1080,\"height\":720},{\"@type\":\"BreadcrumbList\",\"@id\":\"https:\\\/\\\/macite.tg\\\/?p=3743#breadcrumb\",\"itemListElement\":[{\"@type\":\"ListItem\",\"position\":1,\"name\":\"Accueil\",\"item\":\"https:\\\/\\\/macite.tg\\\/\"},{\"@type\":\"ListItem\",\"position\":2,\"name\":\"CONSEIL DES MINISTRES DU 22 F\u00c9VRIER\u00a0: Voici les grandes d\u00e9cisions de l\u2019ex\u00e9cutif togolais\"}]},{\"@type\":\"WebSite\",\"@id\":\"https:\\\/\\\/macite.tg\\\/#website\",\"url\":\"https:\\\/\\\/macite.tg\\\/\",\"name\":\"\",\"description\":\"L&#039;information, la bonne!!!\",\"potentialAction\":[{\"@type\":\"SearchAction\",\"target\":{\"@type\":\"EntryPoint\",\"urlTemplate\":\"https:\\\/\\\/macite.tg\\\/?s={search_term_string}\"},\"query-input\":{\"@type\":\"PropertyValueSpecification\",\"valueRequired\":true,\"valueName\":\"search_term_string\"}}],\"inLanguage\":\"fr-FR\"},{\"@type\":\"Person\",\"@id\":\"https:\\\/\\\/macite.tg\\\/#\\\/schema\\\/person\\\/e9f2de7e5dbbe7770a9402c7ce82f5c2\",\"name\":\"Jean Pierre BAWELA\",\"image\":{\"@type\":\"ImageObject\",\"inLanguage\":\"fr-FR\",\"@id\":\"https:\\\/\\\/macite.tg\\\/wp-content\\\/uploads\\\/2023\\\/09\\\/WhatsApp-Image-2023-09-19-at-14.44.41-122x122.jpeg\",\"url\":\"https:\\\/\\\/macite.tg\\\/wp-content\\\/uploads\\\/2023\\\/09\\\/WhatsApp-Image-2023-09-19-at-14.44.41-122x122.jpeg\",\"contentUrl\":\"https:\\\/\\\/macite.tg\\\/wp-content\\\/uploads\\\/2023\\\/09\\\/WhatsApp-Image-2023-09-19-at-14.44.41-122x122.jpeg\",\"caption\":\"Jean Pierre BAWELA\"},\"url\":\"https:\\\/\\\/macite.tg\\\/?author=2\"}]}<\/script>\n<!-- \/ Yoast SEO plugin. -->","yoast_head_json":{"title":"CONSEIL DES MINISTRES DU 22 F\u00c9VRIER\u00a0: Voici les grandes d\u00e9cisions de l\u2019ex\u00e9cutif togolais -","robots":{"index":"index","follow":"follow","max-snippet":"max-snippet:-1","max-image-preview":"max-image-preview:large","max-video-preview":"max-video-preview:-1"},"canonical":"https:\/\/macite.tg\/?p=3743","og_locale":"fr_FR","og_type":"article","og_title":"CONSEIL DES MINISTRES DU 22 F\u00c9VRIER\u00a0: Voici les grandes d\u00e9cisions de l\u2019ex\u00e9cutif togolais -","og_description":"L\u2019ensemble de l\u2019ex\u00e9cutif \u00e9tait r\u00e9uni, ce mercredi 22 f\u00e9vrier, autour du Chef de l\u2019Etat pour \u00e9changer sur divers sujets. Les travaux ont port\u00e9 sur deux (02) projets de d\u00e9cret et \u00e9cout\u00e9 cinq (05) communications, portant, notamment sur une \u00ab\u00a0meilleure organisation du secteur du transport routier\u00a0\u00bb, [&hellip;]","og_url":"https:\/\/macite.tg\/?p=3743","article_published_time":"2023-02-22T15:55:35+00:00","article_modified_time":"2023-02-22T15:55:36+00:00","og_image":[{"width":1080,"height":720,"url":"https:\/\/macite.tg\/wp-content\/uploads\/2023\/02\/IMG-20230118-WA0048.jpg","type":"image\/jpeg"}],"author":"Jean Pierre BAWELA","twitter_card":"summary_large_image","twitter_misc":{"\u00c9crit par":"Jean Pierre BAWELA","Dur\u00e9e de lecture estim\u00e9e":"8 minutes"},"schema":{"@context":"https:\/\/schema.org","@graph":[{"@type":"Article","@id":"https:\/\/macite.tg\/?p=3743#article","isPartOf":{"@id":"https:\/\/macite.tg\/?p=3743"},"author":{"name":"Jean Pierre BAWELA","@id":"https:\/\/macite.tg\/#\/schema\/person\/e9f2de7e5dbbe7770a9402c7ce82f5c2"},"headline":"CONSEIL DES MINISTRES DU 22 F\u00c9VRIER\u00a0: Voici les grandes d\u00e9cisions de l\u2019ex\u00e9cutif togolais","datePublished":"2023-02-22T15:55:35+00:00","dateModified":"2023-02-22T15:55:36+00:00","mainEntityOfPage":{"@id":"https:\/\/macite.tg\/?p=3743"},"wordCount":1527,"commentCount":0,"image":{"@id":"https:\/\/macite.tg\/?p=3743#primaryimage"},"thumbnailUrl":"https:\/\/macite.tg\/wp-content\/uploads\/2023\/02\/IMG-20230118-WA0048.jpg","articleSection":["ACTUALITE","POLITIQUE"],"inLanguage":"fr-FR","potentialAction":[{"@type":"CommentAction","name":"Comment","target":["https:\/\/macite.tg\/?p=3743#respond"]}]},{"@type":"WebPage","@id":"https:\/\/macite.tg\/?p=3743","url":"https:\/\/macite.tg\/?p=3743","name":"CONSEIL DES MINISTRES DU 22 F\u00c9VRIER\u00a0: Voici les grandes d\u00e9cisions de l\u2019ex\u00e9cutif togolais -","isPartOf":{"@id":"https:\/\/macite.tg\/#website"},"primaryImageOfPage":{"@id":"https:\/\/macite.tg\/?p=3743#primaryimage"},"image":{"@id":"https:\/\/macite.tg\/?p=3743#primaryimage"},"thumbnailUrl":"https:\/\/macite.tg\/wp-content\/uploads\/2023\/02\/IMG-20230118-WA0048.jpg","datePublished":"2023-02-22T15:55:35+00:00","dateModified":"2023-02-22T15:55:36+00:00","author":{"@id":"https:\/\/macite.tg\/#\/schema\/person\/e9f2de7e5dbbe7770a9402c7ce82f5c2"},"breadcrumb":{"@id":"https:\/\/macite.tg\/?p=3743#breadcrumb"},"inLanguage":"fr-FR","potentialAction":[{"@type":"ReadAction","target":["https:\/\/macite.tg\/?p=3743"]}]},{"@type":"ImageObject","inLanguage":"fr-FR","@id":"https:\/\/macite.tg\/?p=3743#primaryimage","url":"https:\/\/macite.tg\/wp-content\/uploads\/2023\/02\/IMG-20230118-WA0048.jpg","contentUrl":"https:\/\/macite.tg\/wp-content\/uploads\/2023\/02\/IMG-20230118-WA0048.jpg","width":1080,"height":720},{"@type":"BreadcrumbList","@id":"https:\/\/macite.tg\/?p=3743#breadcrumb","itemListElement":[{"@type":"ListItem","position":1,"name":"Accueil","item":"https:\/\/macite.tg\/"},{"@type":"ListItem","position":2,"name":"CONSEIL DES MINISTRES DU 22 F\u00c9VRIER\u00a0: Voici les grandes d\u00e9cisions de l\u2019ex\u00e9cutif togolais"}]},{"@type":"WebSite","@id":"https:\/\/macite.tg\/#website","url":"https:\/\/macite.tg\/","name":"","description":"L&#039;information, la bonne!!!","potentialAction":[{"@type":"SearchAction","target":{"@type":"EntryPoint","urlTemplate":"https:\/\/macite.tg\/?s={search_term_string}"},"query-input":{"@type":"PropertyValueSpecification","valueRequired":true,"valueName":"search_term_string"}}],"inLanguage":"fr-FR"},{"@type":"Person","@id":"https:\/\/macite.tg\/#\/schema\/person\/e9f2de7e5dbbe7770a9402c7ce82f5c2","name":"Jean Pierre BAWELA","image":{"@type":"ImageObject","inLanguage":"fr-FR","@id":"https:\/\/macite.tg\/wp-content\/uploads\/2023\/09\/WhatsApp-Image-2023-09-19-at-14.44.41-122x122.jpeg","url":"https:\/\/macite.tg\/wp-content\/uploads\/2023\/09\/WhatsApp-Image-2023-09-19-at-14.44.41-122x122.jpeg","contentUrl":"https:\/\/macite.tg\/wp-content\/uploads\/2023\/09\/WhatsApp-Image-2023-09-19-at-14.44.41-122x122.jpeg","caption":"Jean Pierre BAWELA"},"url":"https:\/\/macite.tg\/?author=2"}]}},"_links":{"self":[{"href":"https:\/\/macite.tg\/index.php?rest_route=\/wp\/v2\/posts\/3743","targetHints":{"allow":["GET"]}}],"collection":[{"href":"https:\/\/macite.tg\/index.php?rest_route=\/wp\/v2\/posts"}],"about":[{"href":"https:\/\/macite.tg\/index.php?rest_route=\/wp\/v2\/types\/post"}],"author":[{"embeddable":true,"href":"https:\/\/macite.tg\/index.php?rest_route=\/wp\/v2\/users\/2"}],"replies":[{"embeddable":true,"href":"https:\/\/macite.tg\/index.php?rest_route=%2Fwp%2Fv2%2Fcomments&post=3743"}],"version-history":[{"count":0,"href":"https:\/\/macite.tg\/index.php?rest_route=\/wp\/v2\/posts\/3743\/revisions"}],"wp:featuredmedia":[{"embeddable":true,"href":"https:\/\/macite.tg\/index.php?rest_route=\/wp\/v2\/media\/3745"}],"wp:attachment":[{"href":"https:\/\/macite.tg\/index.php?rest_route=%2Fwp%2Fv2%2Fmedia&parent=3743"}],"wp:term":[{"taxonomy":"category","embeddable":true,"href":"https:\/\/macite.tg\/index.php?rest_route=%2Fwp%2Fv2%2Fcategories&post=3743"},{"taxonomy":"post_tag","embeddable":true,"href":"https:\/\/macite.tg\/index.php?rest_route=%2Fwp%2Fv2%2Ftags&post=3743"}],"curies":[{"name":"wp","href":"https:\/\/api.w.org\/{rel}","templated":true}]}}