{"id":3736,"date":"2023-02-22T14:36:33","date_gmt":"2023-02-22T14:36:33","guid":{"rendered":"https:\/\/macite.info\/?p=3736"},"modified":"2023-02-22T14:36:34","modified_gmt":"2023-02-22T14:36:34","slug":"conseil-des-ministres-en-cours-decouvrez-les-sujets-a-lordre-du-jour","status":"publish","type":"post","link":"https:\/\/macite.tg\/?p=3736","title":{"rendered":"<strong>CONSEIL DES MINISTRES EN COURS\u00a0: D\u00e9couvrez les sujets \u00e0 l\u2019ordre du jour\u2026<\/strong>"},"content":{"rendered":"\n<p class=\"wp-block-paragraph\"><strong><em>A l\u2019ombre du tsunami du \u2018\u2019covid-gate\u2019\u2019, l\u2019ensemble de l\u2019ex\u00e9cutif togolais est en conseil des ministres autour du Chef de l\u2019Etat, Faure Essozimna Gnassingb\u00e9.<\/em><\/strong><\/p>\n\n\n\n<p class=\"wp-block-paragraph\">Plusieurs sujets sont \u00e0 l\u2019ordre du jour de cette rencontre qui se tient au lendemain du passage de l\u2019ex\u00e9cutif devant le Parlement. <\/p>\n\n\n<div class=\"wp-block-image\">\n<figure class=\"aligncenter size-large is-resized\"><img loading=\"lazy\" decoding=\"async\" src=\"https:\/\/macite.tg\/wp-content\/uploads\/2023\/02\/ANNONCES-1-1-1024x426.jpg\" alt=\"\" class=\"wp-image-3701\" width=\"747\" height=\"310\" srcset=\"https:\/\/macite.tg\/wp-content\/uploads\/2023\/02\/ANNONCES-1-1-1024x426.jpg 1024w, https:\/\/macite.tg\/wp-content\/uploads\/2023\/02\/ANNONCES-1-1-300x125.jpg 300w, https:\/\/macite.tg\/wp-content\/uploads\/2023\/02\/ANNONCES-1-1-768x319.jpg 768w, https:\/\/macite.tg\/wp-content\/uploads\/2023\/02\/ANNONCES-1-1.jpg 1080w\" sizes=\"auto, (max-width: 747px) 100vw, 747px\" \/><\/figure>\n<\/div>\n\n\n<p class=\"wp-block-paragraph\">On note entre autre, la poursuite de l\u2019examen de l\u2019avant-projet de loi portant r\u00e9glementation de la publicit\u00e9 au Togo, l\u2019examen des projets de d\u00e9crets relatifs aux m\u00e9tiers du secteur des transports routiers.<\/p>\n\n\n\n<p class=\"wp-block-paragraph\">Le clou de cette rencontre hebdomadaire de l\u2019ex\u00e9cutif sera les communications sur plusieurs sujets incluant, notamment la protection sociale et digitale des services publics de l\u2019administration togolaise.<\/p>\n\n\n\n<p class=\"wp-block-paragraph\"><strong><em>Nous y reviendrons&nbsp;!!!<\/em><\/strong><\/p>\n\n\n\n<p class=\"wp-block-paragraph\"><strong><em>@macite.info<\/em><\/strong><\/p>\n\n\n\n<p class=\"wp-block-paragraph\"><strong><em>E-mail&nbsp;: <\/em><\/strong><a href=\"mailto:maciteinfo@gmail.com\"><strong><em>maciteinfo@gmail.com<\/em><\/strong><\/a><strong><em>; <\/em><\/strong><a href=\"mailto:bawela1@gmail.com\"><strong><em>bawela1@gmail.com<\/em><\/strong><\/a><strong><em><\/em><\/strong><\/p>\n\n\n\n<p class=\"wp-block-paragraph\"><strong><em>Pour vos annonces, (publi)reportages, etc., joignez nous au (00228)91515309\/<strong>79872224<\/strong><\/em><\/strong><\/p>\n\n\n\n<p class=\"wp-block-paragraph\"><a href=\"http:\/\/www.macite.info\"><strong><em>www.macite.info<\/em><\/strong><\/a><strong><em>, L\u2019information, la bonne&nbsp;!<\/em><\/strong><\/p>\n\n\n","protected":false},"excerpt":{"rendered":"<p class=\"text-justify mb-2\" >A l\u2019ombre du tsunami du \u2018\u2019covid-gate\u2019\u2019, l\u2019ensemble de l\u2019ex\u00e9cutif togolais est en conseil des ministres autour du Chef de l\u2019Etat, Faure Essozimna Gnassingb\u00e9. Plusieurs sujets sont \u00e0 l\u2019ordre du jour de cette rencontre qui se tient au lendemain du passage de l\u2019ex\u00e9cutif devant le Parlement. [&hellip;]<\/p>\n","protected":false},"author":2,"featured_media":3739,"comment_status":"open","ping_status":"open","sticky":false,"template":"","format":"standard","meta":{"footnotes":""},"categories":[20],"tags":[],"class_list":["post-3736","post","type-post","status-publish","format-standard","has-post-thumbnail","hentry","category-actualite"],"yoast_head":"<!-- This site is optimized with the Yoast SEO plugin v28.4 - https:\/\/yoast.com\/product\/yoast-seo-wordpress\/ -->\n<title>CONSEIL DES MINISTRES EN COURS\u00a0: D\u00e9couvrez les sujets \u00e0 l\u2019ordre du jour\u2026 -<\/title>\n<meta name=\"robots\" content=\"index, follow, max-snippet:-1, max-image-preview:large, max-video-preview:-1\" \/>\n<link rel=\"canonical\" href=\"https:\/\/macite.tg\/?p=3736\" \/>\n<meta property=\"og:locale\" content=\"fr_FR\" \/>\n<meta property=\"og:type\" content=\"article\" \/>\n<meta property=\"og:title\" content=\"CONSEIL DES MINISTRES EN COURS\u00a0: D\u00e9couvrez les sujets \u00e0 l\u2019ordre du jour\u2026 -\" \/>\n<meta property=\"og:description\" content=\"A l\u2019ombre du tsunami du \u2018\u2019covid-gate\u2019\u2019, l\u2019ensemble de l\u2019ex\u00e9cutif togolais est en conseil des ministres autour du Chef de l\u2019Etat, Faure Essozimna Gnassingb\u00e9. Plusieurs sujets sont \u00e0 l\u2019ordre du jour de cette rencontre qui se tient au lendemain du passage de l\u2019ex\u00e9cutif devant le Parlement. [&hellip;]\" \/>\n<meta property=\"og:url\" content=\"https:\/\/macite.tg\/?p=3736\" \/>\n<meta property=\"article:published_time\" content=\"2023-02-22T14:36:33+00:00\" \/>\n<meta property=\"article:modified_time\" content=\"2023-02-22T14:36:34+00:00\" \/>\n<meta property=\"og:image\" content=\"https:\/\/macite.tg\/wp-content\/uploads\/2023\/02\/FEG-conseil.jpg\" \/>\n\t<meta property=\"og:image:width\" content=\"720\" \/>\n\t<meta property=\"og:image:height\" content=\"468\" \/>\n\t<meta property=\"og:image:type\" content=\"image\/jpeg\" \/>\n<meta name=\"author\" content=\"Jean Pierre BAWELA\" \/>\n<meta name=\"twitter:card\" content=\"summary_large_image\" \/>\n<meta name=\"twitter:label1\" content=\"\u00c9crit par\" \/>\n\t<meta name=\"twitter:data1\" content=\"Jean Pierre BAWELA\" \/>\n\t<meta name=\"twitter:label2\" content=\"Dur\u00e9e de lecture estim\u00e9e\" \/>\n\t<meta name=\"twitter:data2\" content=\"2 minutes\" \/>\n<script type=\"application\/ld+json\" class=\"yoast-schema-graph\">{\"@context\":\"https:\\\/\\\/schema.org\",\"@graph\":[{\"@type\":\"Article\",\"@id\":\"https:\\\/\\\/macite.tg\\\/?p=3736#article\",\"isPartOf\":{\"@id\":\"https:\\\/\\\/macite.tg\\\/?p=3736\"},\"author\":{\"name\":\"Jean Pierre BAWELA\",\"@id\":\"https:\\\/\\\/macite.tg\\\/#\\\/schema\\\/person\\\/e9f2de7e5dbbe7770a9402c7ce82f5c2\"},\"headline\":\"CONSEIL DES MINISTRES EN COURS\u00a0: D\u00e9couvrez les sujets \u00e0 l\u2019ordre du jour\u2026\",\"datePublished\":\"2023-02-22T14:36:33+00:00\",\"dateModified\":\"2023-02-22T14:36:34+00:00\",\"mainEntityOfPage\":{\"@id\":\"https:\\\/\\\/macite.tg\\\/?p=3736\"},\"wordCount\":164,\"commentCount\":0,\"image\":{\"@id\":\"https:\\\/\\\/macite.tg\\\/?p=3736#primaryimage\"},\"thumbnailUrl\":\"https:\\\/\\\/macite.tg\\\/wp-content\\\/uploads\\\/2023\\\/02\\\/FEG-conseil.jpg\",\"articleSection\":[\"ACTUALITE\"],\"inLanguage\":\"fr-FR\",\"potentialAction\":[{\"@type\":\"CommentAction\",\"name\":\"Comment\",\"target\":[\"https:\\\/\\\/macite.tg\\\/?p=3736#respond\"]}]},{\"@type\":\"WebPage\",\"@id\":\"https:\\\/\\\/macite.tg\\\/?p=3736\",\"url\":\"https:\\\/\\\/macite.tg\\\/?p=3736\",\"name\":\"CONSEIL DES MINISTRES EN COURS\u00a0: D\u00e9couvrez les sujets \u00e0 l\u2019ordre du jour\u2026 -\",\"isPartOf\":{\"@id\":\"https:\\\/\\\/macite.tg\\\/#website\"},\"primaryImageOfPage\":{\"@id\":\"https:\\\/\\\/macite.tg\\\/?p=3736#primaryimage\"},\"image\":{\"@id\":\"https:\\\/\\\/macite.tg\\\/?p=3736#primaryimage\"},\"thumbnailUrl\":\"https:\\\/\\\/macite.tg\\\/wp-content\\\/uploads\\\/2023\\\/02\\\/FEG-conseil.jpg\",\"datePublished\":\"2023-02-22T14:36:33+00:00\",\"dateModified\":\"2023-02-22T14:36:34+00:00\",\"author\":{\"@id\":\"https:\\\/\\\/macite.tg\\\/#\\\/schema\\\/person\\\/e9f2de7e5dbbe7770a9402c7ce82f5c2\"},\"breadcrumb\":{\"@id\":\"https:\\\/\\\/macite.tg\\\/?p=3736#breadcrumb\"},\"inLanguage\":\"fr-FR\",\"potentialAction\":[{\"@type\":\"ReadAction\",\"target\":[\"https:\\\/\\\/macite.tg\\\/?p=3736\"]}]},{\"@type\":\"ImageObject\",\"inLanguage\":\"fr-FR\",\"@id\":\"https:\\\/\\\/macite.tg\\\/?p=3736#primaryimage\",\"url\":\"https:\\\/\\\/macite.tg\\\/wp-content\\\/uploads\\\/2023\\\/02\\\/FEG-conseil.jpg\",\"contentUrl\":\"https:\\\/\\\/macite.tg\\\/wp-content\\\/uploads\\\/2023\\\/02\\\/FEG-conseil.jpg\",\"width\":720,\"height\":468},{\"@type\":\"BreadcrumbList\",\"@id\":\"https:\\\/\\\/macite.tg\\\/?p=3736#breadcrumb\",\"itemListElement\":[{\"@type\":\"ListItem\",\"position\":1,\"name\":\"Accueil\",\"item\":\"https:\\\/\\\/macite.tg\\\/\"},{\"@type\":\"ListItem\",\"position\":2,\"name\":\"CONSEIL DES MINISTRES EN COURS\u00a0: D\u00e9couvrez les sujets \u00e0 l\u2019ordre du jour\u2026\"}]},{\"@type\":\"WebSite\",\"@id\":\"https:\\\/\\\/macite.tg\\\/#website\",\"url\":\"https:\\\/\\\/macite.tg\\\/\",\"name\":\"\",\"description\":\"L&#039;information, la bonne!!!\",\"potentialAction\":[{\"@type\":\"SearchAction\",\"target\":{\"@type\":\"EntryPoint\",\"urlTemplate\":\"https:\\\/\\\/macite.tg\\\/?s={search_term_string}\"},\"query-input\":{\"@type\":\"PropertyValueSpecification\",\"valueRequired\":true,\"valueName\":\"search_term_string\"}}],\"inLanguage\":\"fr-FR\"},{\"@type\":\"Person\",\"@id\":\"https:\\\/\\\/macite.tg\\\/#\\\/schema\\\/person\\\/e9f2de7e5dbbe7770a9402c7ce82f5c2\",\"name\":\"Jean Pierre BAWELA\",\"image\":{\"@type\":\"ImageObject\",\"inLanguage\":\"fr-FR\",\"@id\":\"https:\\\/\\\/macite.tg\\\/wp-content\\\/uploads\\\/2023\\\/09\\\/WhatsApp-Image-2023-09-19-at-14.44.41-122x122.jpeg\",\"url\":\"https:\\\/\\\/macite.tg\\\/wp-content\\\/uploads\\\/2023\\\/09\\\/WhatsApp-Image-2023-09-19-at-14.44.41-122x122.jpeg\",\"contentUrl\":\"https:\\\/\\\/macite.tg\\\/wp-content\\\/uploads\\\/2023\\\/09\\\/WhatsApp-Image-2023-09-19-at-14.44.41-122x122.jpeg\",\"caption\":\"Jean Pierre BAWELA\"},\"url\":\"https:\\\/\\\/macite.tg\\\/?author=2\"}]}<\/script>\n<!-- \/ Yoast SEO plugin. -->","yoast_head_json":{"title":"CONSEIL DES MINISTRES EN COURS\u00a0: D\u00e9couvrez les sujets \u00e0 l\u2019ordre du jour\u2026 -","robots":{"index":"index","follow":"follow","max-snippet":"max-snippet:-1","max-image-preview":"max-image-preview:large","max-video-preview":"max-video-preview:-1"},"canonical":"https:\/\/macite.tg\/?p=3736","og_locale":"fr_FR","og_type":"article","og_title":"CONSEIL DES MINISTRES EN COURS\u00a0: D\u00e9couvrez les sujets \u00e0 l\u2019ordre du jour\u2026 -","og_description":"A l\u2019ombre du tsunami du \u2018\u2019covid-gate\u2019\u2019, l\u2019ensemble de l\u2019ex\u00e9cutif togolais est en conseil des ministres autour du Chef de l\u2019Etat, Faure Essozimna Gnassingb\u00e9. Plusieurs sujets sont \u00e0 l\u2019ordre du jour de cette rencontre qui se tient au lendemain du passage de l\u2019ex\u00e9cutif devant le Parlement. [&hellip;]","og_url":"https:\/\/macite.tg\/?p=3736","article_published_time":"2023-02-22T14:36:33+00:00","article_modified_time":"2023-02-22T14:36:34+00:00","og_image":[{"width":720,"height":468,"url":"https:\/\/macite.tg\/wp-content\/uploads\/2023\/02\/FEG-conseil.jpg","type":"image\/jpeg"}],"author":"Jean Pierre BAWELA","twitter_card":"summary_large_image","twitter_misc":{"\u00c9crit par":"Jean Pierre BAWELA","Dur\u00e9e de lecture estim\u00e9e":"2 minutes"},"schema":{"@context":"https:\/\/schema.org","@graph":[{"@type":"Article","@id":"https:\/\/macite.tg\/?p=3736#article","isPartOf":{"@id":"https:\/\/macite.tg\/?p=3736"},"author":{"name":"Jean Pierre BAWELA","@id":"https:\/\/macite.tg\/#\/schema\/person\/e9f2de7e5dbbe7770a9402c7ce82f5c2"},"headline":"CONSEIL DES MINISTRES EN COURS\u00a0: D\u00e9couvrez les sujets \u00e0 l\u2019ordre du jour\u2026","datePublished":"2023-02-22T14:36:33+00:00","dateModified":"2023-02-22T14:36:34+00:00","mainEntityOfPage":{"@id":"https:\/\/macite.tg\/?p=3736"},"wordCount":164,"commentCount":0,"image":{"@id":"https:\/\/macite.tg\/?p=3736#primaryimage"},"thumbnailUrl":"https:\/\/macite.tg\/wp-content\/uploads\/2023\/02\/FEG-conseil.jpg","articleSection":["ACTUALITE"],"inLanguage":"fr-FR","potentialAction":[{"@type":"CommentAction","name":"Comment","target":["https:\/\/macite.tg\/?p=3736#respond"]}]},{"@type":"WebPage","@id":"https:\/\/macite.tg\/?p=3736","url":"https:\/\/macite.tg\/?p=3736","name":"CONSEIL DES MINISTRES EN COURS\u00a0: D\u00e9couvrez les sujets \u00e0 l\u2019ordre du jour\u2026 -","isPartOf":{"@id":"https:\/\/macite.tg\/#website"},"primaryImageOfPage":{"@id":"https:\/\/macite.tg\/?p=3736#primaryimage"},"image":{"@id":"https:\/\/macite.tg\/?p=3736#primaryimage"},"thumbnailUrl":"https:\/\/macite.tg\/wp-content\/uploads\/2023\/02\/FEG-conseil.jpg","datePublished":"2023-02-22T14:36:33+00:00","dateModified":"2023-02-22T14:36:34+00:00","author":{"@id":"https:\/\/macite.tg\/#\/schema\/person\/e9f2de7e5dbbe7770a9402c7ce82f5c2"},"breadcrumb":{"@id":"https:\/\/macite.tg\/?p=3736#breadcrumb"},"inLanguage":"fr-FR","potentialAction":[{"@type":"ReadAction","target":["https:\/\/macite.tg\/?p=3736"]}]},{"@type":"ImageObject","inLanguage":"fr-FR","@id":"https:\/\/macite.tg\/?p=3736#primaryimage","url":"https:\/\/macite.tg\/wp-content\/uploads\/2023\/02\/FEG-conseil.jpg","contentUrl":"https:\/\/macite.tg\/wp-content\/uploads\/2023\/02\/FEG-conseil.jpg","width":720,"height":468},{"@type":"BreadcrumbList","@id":"https:\/\/macite.tg\/?p=3736#breadcrumb","itemListElement":[{"@type":"ListItem","position":1,"name":"Accueil","item":"https:\/\/macite.tg\/"},{"@type":"ListItem","position":2,"name":"CONSEIL DES MINISTRES EN COURS\u00a0: D\u00e9couvrez les sujets \u00e0 l\u2019ordre du jour\u2026"}]},{"@type":"WebSite","@id":"https:\/\/macite.tg\/#website","url":"https:\/\/macite.tg\/","name":"","description":"L&#039;information, la bonne!!!","potentialAction":[{"@type":"SearchAction","target":{"@type":"EntryPoint","urlTemplate":"https:\/\/macite.tg\/?s={search_term_string}"},"query-input":{"@type":"PropertyValueSpecification","valueRequired":true,"valueName":"search_term_string"}}],"inLanguage":"fr-FR"},{"@type":"Person","@id":"https:\/\/macite.tg\/#\/schema\/person\/e9f2de7e5dbbe7770a9402c7ce82f5c2","name":"Jean Pierre BAWELA","image":{"@type":"ImageObject","inLanguage":"fr-FR","@id":"https:\/\/macite.tg\/wp-content\/uploads\/2023\/09\/WhatsApp-Image-2023-09-19-at-14.44.41-122x122.jpeg","url":"https:\/\/macite.tg\/wp-content\/uploads\/2023\/09\/WhatsApp-Image-2023-09-19-at-14.44.41-122x122.jpeg","contentUrl":"https:\/\/macite.tg\/wp-content\/uploads\/2023\/09\/WhatsApp-Image-2023-09-19-at-14.44.41-122x122.jpeg","caption":"Jean Pierre BAWELA"},"url":"https:\/\/macite.tg\/?author=2"}]}},"_links":{"self":[{"href":"https:\/\/macite.tg\/index.php?rest_route=\/wp\/v2\/posts\/3736","targetHints":{"allow":["GET"]}}],"collection":[{"href":"https:\/\/macite.tg\/index.php?rest_route=\/wp\/v2\/posts"}],"about":[{"href":"https:\/\/macite.tg\/index.php?rest_route=\/wp\/v2\/types\/post"}],"author":[{"embeddable":true,"href":"https:\/\/macite.tg\/index.php?rest_route=\/wp\/v2\/users\/2"}],"replies":[{"embeddable":true,"href":"https:\/\/macite.tg\/index.php?rest_route=%2Fwp%2Fv2%2Fcomments&post=3736"}],"version-history":[{"count":0,"href":"https:\/\/macite.tg\/index.php?rest_route=\/wp\/v2\/posts\/3736\/revisions"}],"wp:featuredmedia":[{"embeddable":true,"href":"https:\/\/macite.tg\/index.php?rest_route=\/wp\/v2\/media\/3739"}],"wp:attachment":[{"href":"https:\/\/macite.tg\/index.php?rest_route=%2Fwp%2Fv2%2Fmedia&parent=3736"}],"wp:term":[{"taxonomy":"category","embeddable":true,"href":"https:\/\/macite.tg\/index.php?rest_route=%2Fwp%2Fv2%2Fcategories&post=3736"},{"taxonomy":"post_tag","embeddable":true,"href":"https:\/\/macite.tg\/index.php?rest_route=%2Fwp%2Fv2%2Ftags&post=3736"}],"curies":[{"name":"wp","href":"https:\/\/api.w.org\/{rel}","templated":true}]}}