{"id":3730,"date":"2023-02-22T11:39:34","date_gmt":"2023-02-22T11:39:34","guid":{"rendered":"https:\/\/macite.info\/?p=3730"},"modified":"2023-02-22T11:43:29","modified_gmt":"2023-02-22T11:43:29","slug":"affaire-ousmane-sonko-adji-sarr-la-chambre-daccusation-a-rendu-son-verdict-irrecevable","status":"publish","type":"post","link":"https:\/\/macite.tg\/?p=3730","title":{"rendered":"AFFAIRE OUSMANE SONKO \u2013 ADJI SARR\u00a0: La chambre d\u2019accusation a rendu son verdict\u2026 \u2018\u2019Irrecevable&#8230;\u2019\u2019"},"content":{"rendered":"\n<p class=\"wp-block-paragraph\"><strong><em>L\u2019affaire Ousmane Sonko-Adji Sarr a connu un nouveau d\u00e9veloppement, avec l\u2019annonce du d\u00e9lib\u00e9r\u00e9 de la Chambre d\u2019Accusation. Selon Ma\u00eetre Khoureychi BA, avocat de la d\u00e9fense, l\u2019appel introduit par Ousmane Sonko a \u00e9t\u00e9 rejet\u00e9.<\/em><\/strong><\/p>\n\n\n\n<p class=\"wp-block-paragraph\">La Chambre d\u2019Accusation a d\u00e9clar\u00e9 l\u2019appel irrecevable et a estim\u00e9 qu\u2019il n\u2019\u00e9tait pas n\u00e9cessaire de saisir le Conseil Constitutionnel pour examiner l\u2019exception d\u2019inconstitutionnalit\u00e9. Les d\u00e9tails de l\u2019affaire n\u2019ont pas encore \u00e9t\u00e9 communiqu\u00e9s.<\/p>\n\n\n\n<p class=\"wp-block-paragraph\">&nbsp;\u00ab<em> Affaire Ousmane SONKO-Adji SARR. La Chambre d\u2019Accusation a vid\u00e9 son d\u00e9lib\u00e9r\u00e9 ainsi qu\u2019il suit : 1\/l\u2019appel est irrecevable, 2\/il n\u2019y a pas lieu de saisir le Conseil Constitutionnel de l\u2019exception d\u2019inconstitutionnalit\u00e9<\/em> \u00bb a \u00e9crit Me Me Khoureychi BA sur sa page Facebook.<\/p>\n\n\n\n<figure class=\"wp-block-image size-large\"><img loading=\"lazy\" decoding=\"async\" width=\"1024\" height=\"426\" src=\"https:\/\/macite.tg\/wp-content\/uploads\/2023\/02\/ANNONCES-1-1-1024x426.jpg\" alt=\"\" class=\"wp-image-3701\" srcset=\"https:\/\/macite.tg\/wp-content\/uploads\/2023\/02\/ANNONCES-1-1-1024x426.jpg 1024w, https:\/\/macite.tg\/wp-content\/uploads\/2023\/02\/ANNONCES-1-1-300x125.jpg 300w, https:\/\/macite.tg\/wp-content\/uploads\/2023\/02\/ANNONCES-1-1-768x319.jpg 768w, https:\/\/macite.tg\/wp-content\/uploads\/2023\/02\/ANNONCES-1-1.jpg 1080w\" sizes=\"auto, (max-width: 1024px) 100vw, 1024px\" \/><\/figure>\n\n\n\n<p class=\"wp-block-paragraph\">La d\u00e9fense d\u2019Ousmane Sonko a introduit cet appel afin de soulever une exception d\u2019inconstitutionnalit\u00e9 devant la Chambre d\u2019Accusation de la Cour d\u2019Appel de Dakar, en invoquant l\u2019article 180 du Code de Proc\u00e9dure P\u00e9nale, qui interdit \u00e0 Ousmane Sonko de faire appel contre une d\u00e9cision prise par le juge d\u2019instruction.<\/p>\n\n\n\n<p class=\"wp-block-paragraph\">Les avocats de la d\u00e9fense ont demand\u00e9 \u00e0 la Chambre d\u2019Accusation de saisir le Conseil Constitutionnel pour savoir si les dispositions de l\u2019article 180 sont conformes \u00e0 la Constitution. La d\u00e9cision rendue ce mardi 21 f\u00e9vrier 2023 indique que l\u2019appel est d\u00e9clar\u00e9 irrecevable, ce qui signifie qu\u2019il n\u2019est pas consid\u00e9r\u00e9 comme valide et ne sera pas trait\u00e9 par la Chambre d\u2019Accusation.<\/p>\n\n\n\n<p class=\"wp-block-paragraph\">En outre, la Chambre d\u2019Accusation a estim\u00e9 qu\u2019il n\u2019\u00e9tait pas n\u00e9cessaire de saisir le Conseil Constitutionnel pour l\u2019exception d\u2019inconstitutionnalit\u00e9, ce qui signifie qu\u2019elle ne juge pas que la conformit\u00e9 de la loi \u00e0 la Constitution doit \u00eatre examin\u00e9e par le Conseil Constitutionnel.<\/p>\n\n\n\n<p class=\"wp-block-paragraph\">En r\u00e9sum\u00e9, la Chambre d\u2019Accusation a rejet\u00e9 l\u2019appel et a d\u00e9cid\u00e9 qu\u2019il n\u2019\u00e9tait pas n\u00e9cessaire de consulter le Conseil Constitutionnel pour examiner la conformit\u00e9 de la loi \u00e0 la Constitution.<\/p>\n\n\n\n<p class=\"wp-block-paragraph\"><strong>SeneNews<\/strong><\/p>\n\n\n\n<p class=\"wp-block-paragraph\"><strong><em>@macite.info<\/em><\/strong><\/p>\n\n\n\n<p class=\"wp-block-paragraph\"><strong><em>E-mail&nbsp;: <\/em><\/strong><a href=\"mailto:maciteinfo@gmail.com\"><strong><em>maciteinfo@gmail.com<\/em><\/strong><\/a><strong><em>; <\/em><\/strong><a href=\"mailto:bawela1@gmail.com\"><strong><em>bawela1@gmail.com<\/em><\/strong><\/a><\/p>\n\n\n\n<p class=\"wp-block-paragraph\"><strong><em>Pour vos annonces, (publi)reportages, etc., joignez nous au (00228)91515309\/<strong>79872224<\/strong><\/em><\/strong><\/p>\n\n\n\n<p class=\"wp-block-paragraph\"><a href=\"http:\/\/www.macite.info\"><strong><em>www.macite.info<\/em><\/strong><\/a><strong><em>, L\u2019information, la bonne&nbsp;!<\/em><\/strong><\/p>\n","protected":false},"excerpt":{"rendered":"<p class=\"text-justify mb-2\" >L\u2019affaire Ousmane Sonko-Adji Sarr a connu un nouveau d\u00e9veloppement, avec l\u2019annonce du d\u00e9lib\u00e9r\u00e9 de la Chambre d\u2019Accusation. Selon Ma\u00eetre Khoureychi BA, avocat de la d\u00e9fense, l\u2019appel introduit par Ousmane Sonko a \u00e9t\u00e9 rejet\u00e9. La Chambre d\u2019Accusation a d\u00e9clar\u00e9 l\u2019appel irrecevable et a estim\u00e9 qu\u2019il n\u2019\u00e9tait [&hellip;]<\/p>\n","protected":false},"author":2,"featured_media":3732,"comment_status":"open","ping_status":"open","sticky":false,"template":"","format":"standard","meta":{"footnotes":""},"categories":[20,26],"tags":[],"class_list":["post-3730","post","type-post","status-publish","format-standard","has-post-thumbnail","hentry","category-actualite","category-justice"],"yoast_head":"<!-- This site is optimized with the Yoast SEO plugin v28.4 - https:\/\/yoast.com\/product\/yoast-seo-wordpress\/ -->\n<title>AFFAIRE OUSMANE SONKO \u2013 ADJI SARR\u00a0: La chambre d\u2019accusation a rendu son verdict\u2026 \u2018\u2019Irrecevable...\u2019\u2019 -<\/title>\n<meta name=\"robots\" content=\"index, follow, max-snippet:-1, max-image-preview:large, max-video-preview:-1\" \/>\n<link rel=\"canonical\" href=\"https:\/\/macite.tg\/?p=3730\" \/>\n<meta property=\"og:locale\" content=\"fr_FR\" \/>\n<meta property=\"og:type\" content=\"article\" \/>\n<meta property=\"og:title\" content=\"AFFAIRE OUSMANE SONKO \u2013 ADJI SARR\u00a0: La chambre d\u2019accusation a rendu son verdict\u2026 \u2018\u2019Irrecevable...\u2019\u2019 -\" \/>\n<meta property=\"og:description\" content=\"L\u2019affaire Ousmane Sonko-Adji Sarr a connu un nouveau d\u00e9veloppement, avec l\u2019annonce du d\u00e9lib\u00e9r\u00e9 de la Chambre d\u2019Accusation. Selon Ma\u00eetre Khoureychi BA, avocat de la d\u00e9fense, l\u2019appel introduit par Ousmane Sonko a \u00e9t\u00e9 rejet\u00e9. La Chambre d\u2019Accusation a d\u00e9clar\u00e9 l\u2019appel irrecevable et a estim\u00e9 qu\u2019il n\u2019\u00e9tait [&hellip;]\" \/>\n<meta property=\"og:url\" content=\"https:\/\/macite.tg\/?p=3730\" \/>\n<meta property=\"article:published_time\" content=\"2023-02-22T11:39:34+00:00\" \/>\n<meta property=\"article:modified_time\" content=\"2023-02-22T11:43:29+00:00\" \/>\n<meta property=\"og:image\" content=\"https:\/\/macite.tg\/wp-content\/uploads\/2023\/02\/image-11.png\" \/>\n\t<meta property=\"og:image:width\" content=\"350\" \/>\n\t<meta property=\"og:image:height\" content=\"235\" \/>\n\t<meta property=\"og:image:type\" content=\"image\/png\" \/>\n<meta name=\"author\" content=\"Jean Pierre BAWELA\" \/>\n<meta name=\"twitter:card\" content=\"summary_large_image\" \/>\n<meta name=\"twitter:label1\" content=\"\u00c9crit par\" \/>\n\t<meta name=\"twitter:data1\" content=\"Jean Pierre BAWELA\" \/>\n<script type=\"application\/ld+json\" class=\"yoast-schema-graph\">{\"@context\":\"https:\\\/\\\/schema.org\",\"@graph\":[{\"@type\":\"Article\",\"@id\":\"https:\\\/\\\/macite.tg\\\/?p=3730#article\",\"isPartOf\":{\"@id\":\"https:\\\/\\\/macite.tg\\\/?p=3730\"},\"author\":{\"name\":\"Jean Pierre BAWELA\",\"@id\":\"https:\\\/\\\/macite.tg\\\/#\\\/schema\\\/person\\\/e9f2de7e5dbbe7770a9402c7ce82f5c2\"},\"headline\":\"AFFAIRE OUSMANE SONKO \u2013 ADJI SARR\u00a0: La chambre d\u2019accusation a rendu son verdict\u2026 \u2018\u2019Irrecevable&#8230;\u2019\u2019\",\"datePublished\":\"2023-02-22T11:39:34+00:00\",\"dateModified\":\"2023-02-22T11:43:29+00:00\",\"mainEntityOfPage\":{\"@id\":\"https:\\\/\\\/macite.tg\\\/?p=3730\"},\"wordCount\":386,\"commentCount\":0,\"image\":{\"@id\":\"https:\\\/\\\/macite.tg\\\/?p=3730#primaryimage\"},\"thumbnailUrl\":\"https:\\\/\\\/macite.tg\\\/wp-content\\\/uploads\\\/2023\\\/02\\\/image-11.png\",\"articleSection\":[\"ACTUALITE\",\"JUSTICE\"],\"inLanguage\":\"fr-FR\",\"potentialAction\":[{\"@type\":\"CommentAction\",\"name\":\"Comment\",\"target\":[\"https:\\\/\\\/macite.tg\\\/?p=3730#respond\"]}]},{\"@type\":\"WebPage\",\"@id\":\"https:\\\/\\\/macite.tg\\\/?p=3730\",\"url\":\"https:\\\/\\\/macite.tg\\\/?p=3730\",\"name\":\"AFFAIRE OUSMANE SONKO \u2013 ADJI SARR\u00a0: La chambre d\u2019accusation a rendu son verdict\u2026 \u2018\u2019Irrecevable...\u2019\u2019 -\",\"isPartOf\":{\"@id\":\"https:\\\/\\\/macite.tg\\\/#website\"},\"primaryImageOfPage\":{\"@id\":\"https:\\\/\\\/macite.tg\\\/?p=3730#primaryimage\"},\"image\":{\"@id\":\"https:\\\/\\\/macite.tg\\\/?p=3730#primaryimage\"},\"thumbnailUrl\":\"https:\\\/\\\/macite.tg\\\/wp-content\\\/uploads\\\/2023\\\/02\\\/image-11.png\",\"datePublished\":\"2023-02-22T11:39:34+00:00\",\"dateModified\":\"2023-02-22T11:43:29+00:00\",\"author\":{\"@id\":\"https:\\\/\\\/macite.tg\\\/#\\\/schema\\\/person\\\/e9f2de7e5dbbe7770a9402c7ce82f5c2\"},\"breadcrumb\":{\"@id\":\"https:\\\/\\\/macite.tg\\\/?p=3730#breadcrumb\"},\"inLanguage\":\"fr-FR\",\"potentialAction\":[{\"@type\":\"ReadAction\",\"target\":[\"https:\\\/\\\/macite.tg\\\/?p=3730\"]}]},{\"@type\":\"ImageObject\",\"inLanguage\":\"fr-FR\",\"@id\":\"https:\\\/\\\/macite.tg\\\/?p=3730#primaryimage\",\"url\":\"https:\\\/\\\/macite.tg\\\/wp-content\\\/uploads\\\/2023\\\/02\\\/image-11.png\",\"contentUrl\":\"https:\\\/\\\/macite.tg\\\/wp-content\\\/uploads\\\/2023\\\/02\\\/image-11.png\",\"width\":350,\"height\":235},{\"@type\":\"BreadcrumbList\",\"@id\":\"https:\\\/\\\/macite.tg\\\/?p=3730#breadcrumb\",\"itemListElement\":[{\"@type\":\"ListItem\",\"position\":1,\"name\":\"Accueil\",\"item\":\"https:\\\/\\\/macite.tg\\\/\"},{\"@type\":\"ListItem\",\"position\":2,\"name\":\"AFFAIRE OUSMANE SONKO \u2013 ADJI SARR\u00a0: La chambre d\u2019accusation a rendu son verdict\u2026 \u2018\u2019Irrecevable&#8230;\u2019\u2019\"}]},{\"@type\":\"WebSite\",\"@id\":\"https:\\\/\\\/macite.tg\\\/#website\",\"url\":\"https:\\\/\\\/macite.tg\\\/\",\"name\":\"\",\"description\":\"L&#039;information, la bonne!!!\",\"potentialAction\":[{\"@type\":\"SearchAction\",\"target\":{\"@type\":\"EntryPoint\",\"urlTemplate\":\"https:\\\/\\\/macite.tg\\\/?s={search_term_string}\"},\"query-input\":{\"@type\":\"PropertyValueSpecification\",\"valueRequired\":true,\"valueName\":\"search_term_string\"}}],\"inLanguage\":\"fr-FR\"},{\"@type\":\"Person\",\"@id\":\"https:\\\/\\\/macite.tg\\\/#\\\/schema\\\/person\\\/e9f2de7e5dbbe7770a9402c7ce82f5c2\",\"name\":\"Jean Pierre BAWELA\",\"image\":{\"@type\":\"ImageObject\",\"inLanguage\":\"fr-FR\",\"@id\":\"https:\\\/\\\/macite.tg\\\/wp-content\\\/uploads\\\/2023\\\/09\\\/WhatsApp-Image-2023-09-19-at-14.44.41-122x122.jpeg\",\"url\":\"https:\\\/\\\/macite.tg\\\/wp-content\\\/uploads\\\/2023\\\/09\\\/WhatsApp-Image-2023-09-19-at-14.44.41-122x122.jpeg\",\"contentUrl\":\"https:\\\/\\\/macite.tg\\\/wp-content\\\/uploads\\\/2023\\\/09\\\/WhatsApp-Image-2023-09-19-at-14.44.41-122x122.jpeg\",\"caption\":\"Jean Pierre BAWELA\"},\"url\":\"https:\\\/\\\/macite.tg\\\/?author=2\"}]}<\/script>\n<!-- \/ Yoast SEO plugin. -->","yoast_head_json":{"title":"AFFAIRE OUSMANE SONKO \u2013 ADJI SARR\u00a0: La chambre d\u2019accusation a rendu son verdict\u2026 \u2018\u2019Irrecevable...\u2019\u2019 -","robots":{"index":"index","follow":"follow","max-snippet":"max-snippet:-1","max-image-preview":"max-image-preview:large","max-video-preview":"max-video-preview:-1"},"canonical":"https:\/\/macite.tg\/?p=3730","og_locale":"fr_FR","og_type":"article","og_title":"AFFAIRE OUSMANE SONKO \u2013 ADJI SARR\u00a0: La chambre d\u2019accusation a rendu son verdict\u2026 \u2018\u2019Irrecevable...\u2019\u2019 -","og_description":"L\u2019affaire Ousmane Sonko-Adji Sarr a connu un nouveau d\u00e9veloppement, avec l\u2019annonce du d\u00e9lib\u00e9r\u00e9 de la Chambre d\u2019Accusation. Selon Ma\u00eetre Khoureychi BA, avocat de la d\u00e9fense, l\u2019appel introduit par Ousmane Sonko a \u00e9t\u00e9 rejet\u00e9. La Chambre d\u2019Accusation a d\u00e9clar\u00e9 l\u2019appel irrecevable et a estim\u00e9 qu\u2019il n\u2019\u00e9tait [&hellip;]","og_url":"https:\/\/macite.tg\/?p=3730","article_published_time":"2023-02-22T11:39:34+00:00","article_modified_time":"2023-02-22T11:43:29+00:00","og_image":[{"width":350,"height":235,"url":"https:\/\/macite.tg\/wp-content\/uploads\/2023\/02\/image-11.png","type":"image\/png"}],"author":"Jean Pierre BAWELA","twitter_card":"summary_large_image","twitter_misc":{"\u00c9crit par":"Jean Pierre BAWELA"},"schema":{"@context":"https:\/\/schema.org","@graph":[{"@type":"Article","@id":"https:\/\/macite.tg\/?p=3730#article","isPartOf":{"@id":"https:\/\/macite.tg\/?p=3730"},"author":{"name":"Jean Pierre BAWELA","@id":"https:\/\/macite.tg\/#\/schema\/person\/e9f2de7e5dbbe7770a9402c7ce82f5c2"},"headline":"AFFAIRE OUSMANE SONKO \u2013 ADJI SARR\u00a0: La chambre d\u2019accusation a rendu son verdict\u2026 \u2018\u2019Irrecevable&#8230;\u2019\u2019","datePublished":"2023-02-22T11:39:34+00:00","dateModified":"2023-02-22T11:43:29+00:00","mainEntityOfPage":{"@id":"https:\/\/macite.tg\/?p=3730"},"wordCount":386,"commentCount":0,"image":{"@id":"https:\/\/macite.tg\/?p=3730#primaryimage"},"thumbnailUrl":"https:\/\/macite.tg\/wp-content\/uploads\/2023\/02\/image-11.png","articleSection":["ACTUALITE","JUSTICE"],"inLanguage":"fr-FR","potentialAction":[{"@type":"CommentAction","name":"Comment","target":["https:\/\/macite.tg\/?p=3730#respond"]}]},{"@type":"WebPage","@id":"https:\/\/macite.tg\/?p=3730","url":"https:\/\/macite.tg\/?p=3730","name":"AFFAIRE OUSMANE SONKO \u2013 ADJI SARR\u00a0: La chambre d\u2019accusation a rendu son verdict\u2026 \u2018\u2019Irrecevable...\u2019\u2019 -","isPartOf":{"@id":"https:\/\/macite.tg\/#website"},"primaryImageOfPage":{"@id":"https:\/\/macite.tg\/?p=3730#primaryimage"},"image":{"@id":"https:\/\/macite.tg\/?p=3730#primaryimage"},"thumbnailUrl":"https:\/\/macite.tg\/wp-content\/uploads\/2023\/02\/image-11.png","datePublished":"2023-02-22T11:39:34+00:00","dateModified":"2023-02-22T11:43:29+00:00","author":{"@id":"https:\/\/macite.tg\/#\/schema\/person\/e9f2de7e5dbbe7770a9402c7ce82f5c2"},"breadcrumb":{"@id":"https:\/\/macite.tg\/?p=3730#breadcrumb"},"inLanguage":"fr-FR","potentialAction":[{"@type":"ReadAction","target":["https:\/\/macite.tg\/?p=3730"]}]},{"@type":"ImageObject","inLanguage":"fr-FR","@id":"https:\/\/macite.tg\/?p=3730#primaryimage","url":"https:\/\/macite.tg\/wp-content\/uploads\/2023\/02\/image-11.png","contentUrl":"https:\/\/macite.tg\/wp-content\/uploads\/2023\/02\/image-11.png","width":350,"height":235},{"@type":"BreadcrumbList","@id":"https:\/\/macite.tg\/?p=3730#breadcrumb","itemListElement":[{"@type":"ListItem","position":1,"name":"Accueil","item":"https:\/\/macite.tg\/"},{"@type":"ListItem","position":2,"name":"AFFAIRE OUSMANE SONKO \u2013 ADJI SARR\u00a0: La chambre d\u2019accusation a rendu son verdict\u2026 \u2018\u2019Irrecevable&#8230;\u2019\u2019"}]},{"@type":"WebSite","@id":"https:\/\/macite.tg\/#website","url":"https:\/\/macite.tg\/","name":"","description":"L&#039;information, la bonne!!!","potentialAction":[{"@type":"SearchAction","target":{"@type":"EntryPoint","urlTemplate":"https:\/\/macite.tg\/?s={search_term_string}"},"query-input":{"@type":"PropertyValueSpecification","valueRequired":true,"valueName":"search_term_string"}}],"inLanguage":"fr-FR"},{"@type":"Person","@id":"https:\/\/macite.tg\/#\/schema\/person\/e9f2de7e5dbbe7770a9402c7ce82f5c2","name":"Jean Pierre BAWELA","image":{"@type":"ImageObject","inLanguage":"fr-FR","@id":"https:\/\/macite.tg\/wp-content\/uploads\/2023\/09\/WhatsApp-Image-2023-09-19-at-14.44.41-122x122.jpeg","url":"https:\/\/macite.tg\/wp-content\/uploads\/2023\/09\/WhatsApp-Image-2023-09-19-at-14.44.41-122x122.jpeg","contentUrl":"https:\/\/macite.tg\/wp-content\/uploads\/2023\/09\/WhatsApp-Image-2023-09-19-at-14.44.41-122x122.jpeg","caption":"Jean Pierre BAWELA"},"url":"https:\/\/macite.tg\/?author=2"}]}},"_links":{"self":[{"href":"https:\/\/macite.tg\/index.php?rest_route=\/wp\/v2\/posts\/3730","targetHints":{"allow":["GET"]}}],"collection":[{"href":"https:\/\/macite.tg\/index.php?rest_route=\/wp\/v2\/posts"}],"about":[{"href":"https:\/\/macite.tg\/index.php?rest_route=\/wp\/v2\/types\/post"}],"author":[{"embeddable":true,"href":"https:\/\/macite.tg\/index.php?rest_route=\/wp\/v2\/users\/2"}],"replies":[{"embeddable":true,"href":"https:\/\/macite.tg\/index.php?rest_route=%2Fwp%2Fv2%2Fcomments&post=3730"}],"version-history":[{"count":0,"href":"https:\/\/macite.tg\/index.php?rest_route=\/wp\/v2\/posts\/3730\/revisions"}],"wp:featuredmedia":[{"embeddable":true,"href":"https:\/\/macite.tg\/index.php?rest_route=\/wp\/v2\/media\/3732"}],"wp:attachment":[{"href":"https:\/\/macite.tg\/index.php?rest_route=%2Fwp%2Fv2%2Fmedia&parent=3730"}],"wp:term":[{"taxonomy":"category","embeddable":true,"href":"https:\/\/macite.tg\/index.php?rest_route=%2Fwp%2Fv2%2Fcategories&post=3730"},{"taxonomy":"post_tag","embeddable":true,"href":"https:\/\/macite.tg\/index.php?rest_route=%2Fwp%2Fv2%2Ftags&post=3730"}],"curies":[{"name":"wp","href":"https:\/\/api.w.org\/{rel}","templated":true}]}}