{"id":3719,"date":"2023-02-22T11:16:10","date_gmt":"2023-02-22T11:16:10","guid":{"rendered":"https:\/\/macite.info\/?p=3719"},"modified":"2023-02-22T11:16:11","modified_gmt":"2023-02-22T11:16:11","slug":"leadership-feminin-4-camerounaises-dans-le-top-50-du-classement-forbes-afrique","status":"publish","type":"post","link":"https:\/\/macite.tg\/?p=3719","title":{"rendered":"<strong>LEADERSHIP F\u00c9MININ : 4 Camerounaises dans le top 50 du classement Forbes Afrique<\/strong>"},"content":{"rendered":"\n<p class=\"wp-block-paragraph\"><em><strong>Dans son num\u00e9ro de f\u00e9vrier-mars 2023, Forbes Afrique a class\u00e9 sur sa liste quatre camerounaises comme femmes influentes. D\u00e9couvrez ces femmes \u00e0 fort caract\u00e8res\u2026<\/strong><\/em><\/p>\n\n\n\n<p class=\"wp-block-paragraph\"><strong>Denise Epot\u00e9<\/strong><\/p>\n\n\n<div class=\"wp-block-image\">\n<figure class=\"alignleft size-full is-resized\"><img loading=\"lazy\" decoding=\"async\" src=\"https:\/\/macite.tg\/wp-content\/uploads\/2023\/02\/Denise-Epote.jpg\" alt=\"\" class=\"wp-image-3723\" width=\"315\" height=\"265\"\/><\/figure>\n<\/div>\n\n\n<p class=\"wp-block-paragraph\">Journaliste vedette multi-prim\u00e9e figurant r\u00e9guli\u00e8rement dans les classements des femmes les plus influentes du continent, Denise Epot\u00e9 est depuis d\u00e9but 2022 directrice Distribution, Marketing et Commercialisation de TV5Monde et PCA de TV5MONDE USA et AM\u00c9RIQUE latine, apr\u00e8s vingt-trois ann\u00e9es pass\u00e9es \u00e0 la direction Afrique de la cha\u00eene.<\/p>\n\n\n\n<p class=\"wp-block-paragraph\">Premi\u00e8re pr\u00e9sentatrice du journal \u00e0 la t\u00e9l\u00e9vision nationale camerounaise dans les ann\u00e9es&nbsp;1980-1990, elle a rejoint TV5 en 1994 en tant que charg\u00e9e des programmes avant de devenir seulement quatre ans plus tard directrice Afrique de la future TV5Monde, g\u00e9rant le marketing et la distribution de la cha\u00eene dans 48 pays du continent, en plus de son \u00e9mission hebdomadaire et d\u2019une chronique sur RFI.<\/p>\n\n\n\n<p class=\"wp-block-paragraph\">Sa nomination, intervenant au moment o\u00f9 la Principaut\u00e9 de Monaco entre dans le capital de la premi\u00e8re cha\u00eene g\u00e9n\u00e9raliste internationale d\u2019Afrique francophone, confirme son statut de pilier du groupe.<\/p>\n\n\n\n<p class=\"wp-block-paragraph\"><strong>Vera Songwe<\/strong><\/p>\n\n\n<div class=\"wp-block-image\">\n<figure class=\"alignright size-full is-resized\"><img loading=\"lazy\" decoding=\"async\" src=\"https:\/\/macite.tg\/wp-content\/uploads\/2023\/02\/Vera-Songwe.jpg\" alt=\"\" class=\"wp-image-3724\" width=\"329\" height=\"496\"\/><\/figure>\n<\/div>\n\n\n<p class=\"wp-block-paragraph\">Fonctionnaire internationale chevronn\u00e9e et premi\u00e8re femme \u00e0 avoir dirig\u00e9 la Commission \u00e9conomique pour l\u2019Afrique (CEA, de 2017 \u00e0 2022), Vera Songwe est aujourd\u2019hui pr\u00e9sidente du conseil d\u2019administration de la Liquidity &amp; Sustainability Facility (LSF).<\/p>\n\n\n\n<p class=\"wp-block-paragraph\">La structure, con\u00e7ue par la CEA en collaboration avec Afreximbank, est destin\u00e9e \u00e0 soutenir la liquidit\u00e9 des euro-obligations souveraines africaines et \u00e0 encourager les \u00e9missions obligataires vertes sur le continent africain.<\/p>\n\n\n\n<p class=\"wp-block-paragraph\">Lanc\u00e9e en 2021, en marge de la COP 26 de Glasgow et pilot\u00e9e sous la houlette de Vera Songwe, la LSF a lev\u00e9 100 millions de dollars en novembre dernier aupr\u00e8s de la banque am\u00e9ricaine Citibank. La Camerounaise est \u00e9galement membre du Brookings Institute Global Development and Africa Global Initiative.<\/p>\n\n\n\n<p class=\"wp-block-paragraph\"><strong>Kate Fotso<\/strong><\/p>\n\n\n<div class=\"wp-block-image\">\n<figure class=\"alignleft size-full is-resized\"><img loading=\"lazy\" decoding=\"async\" src=\"https:\/\/macite.tg\/wp-content\/uploads\/2023\/02\/Kate-Fotso.jpg\" alt=\"\" class=\"wp-image-3725\" width=\"320\" height=\"375\"\/><\/figure>\n<\/div>\n\n\n<p class=\"wp-block-paragraph\">Consid\u00e9r\u00e9e comme la reine de l\u2019agrobusiness camerounais, Kate Fotso est la fondatrice et directrice g\u00e9n\u00e9rale de Telcar Cocoa Ltd, une entreprise co-\u00e9tablie avec le g\u00e9ant de l\u2019agrobusiness Cargill (actionnaire \u00e0 49&nbsp;%), qui contr\u00f4le presque un tiers du march\u00e9 local des exportations de cacao. Une position qui fait de la <em>\u00ab<\/em><em>\u2009<\/em><em>dame de fer de l<\/em><em>\u2019<\/em><em>or brun<\/em><em>\u2009<\/em><em>\u00bb<\/em><em> <\/em>-par ailleurs pr\u00e9sidente du Syndicat des exportateurs camerounais de cacao -l\u2019une des femmes les plus riches et les plus puissantes du continent.<\/p>\n\n\n\n<p class=\"wp-block-paragraph\">Lanc\u00e9 en 2011 et d\u00e9nomm\u00e9 Coop Academy, son programme de certification du cacao a impliqu\u00e9 plus de 30\u2009000 producteurs de cacao&nbsp;et permis d\u2019attirer les premiers investissements de la SFI (Soci\u00e9t\u00e9 financi\u00e8re internationale, filiale de la Banque mondiale) dans l\u2019industrie cacaoy\u00e8re camerounaise.<\/p>\n\n\n\n<p class=\"wp-block-paragraph\"><strong>Carmen Kamgaing<\/strong><\/p>\n\n\n<div class=\"wp-block-image\">\n<figure class=\"alignright size-full is-resized\"><img loading=\"lazy\" decoding=\"async\" src=\"https:\/\/macite.tg\/wp-content\/uploads\/2023\/02\/Carmen-Kamgaing.jpg\" alt=\"\" class=\"wp-image-3726\" width=\"329\" height=\"329\" srcset=\"https:\/\/macite.tg\/wp-content\/uploads\/2023\/02\/Carmen-Kamgaing.jpg 225w, https:\/\/macite.tg\/wp-content\/uploads\/2023\/02\/Carmen-Kamgaing-150x150.jpg 150w, https:\/\/macite.tg\/wp-content\/uploads\/2023\/02\/Carmen-Kamgaing-122x122.jpg 122w\" sizes=\"auto, (max-width: 329px) 100vw, 329px\" \/><\/figure>\n<\/div>\n\n\n<p class=\"wp-block-paragraph\">Ing\u00e9nieure de formation, Carmen Kamgaing est la vice-pr\u00e9sidente Afrique en charge de la distribution chez Caterpillar, leader mondial de la construction d\u2019engins de g\u00e9nie civil (48 milliards de dollars de chiffre d\u2019affaires en 2021) et num\u00e9ro un de ce segment sur le continent africain.<\/p>\n\n\n\n<p class=\"wp-block-paragraph\">Dans les faits, la responsable d\u2019origine camerounaise couvre un r\u00e9seau de pr\u00e8s de 150 villes r\u00e9parties sur 50 pays et mobilisant plus de 15\u2009000 collaborateurs et distributeurs partenaires. De quoi pleinement capitaliser sur les perspectives prometteuses de la fili\u00e8re, en forte croissance sur le continent, mais aussi faire face \u00e0 une concurrence de plus en plus vive.<\/p>\n\n\n\n<p class=\"wp-block-paragraph\">Un d\u00e9fi de plus pour Carmen Kamgaing, qui dit <em>\u00ab<\/em><em>\u2009<\/em><em>aimer les challenges, l<\/em><em>\u2019<\/em><em>action et les r<\/em><em>\u00e9<\/em><em>sultats<\/em><em>\u2009<\/em><em>\u00bb<\/em>.<\/p>\n\n\n\n<p class=\"wp-block-paragraph\"><strong><u>Source<\/u><\/strong><strong>&nbsp;: msn.com<\/strong><\/p>\n\n\n\n<p class=\"wp-block-paragraph\"><strong><em>@macite.info<\/em><\/strong><\/p>\n\n\n\n<p class=\"wp-block-paragraph\"><strong><em>E-mail&nbsp;: <\/em><\/strong><a href=\"mailto:maciteinfo@gmail.com\"><strong><em>maciteinfo@gmail.com<\/em><\/strong><\/a><strong><em>; <\/em><\/strong><a href=\"mailto:bawela1@gmail.com\"><strong><em>bawela1@gmail.com<\/em><\/strong><\/a><\/p>\n\n\n\n<p class=\"wp-block-paragraph\"><strong><em>Pour vos annonces, (publi)reportages, etc., joignez nous au (00228)91515309\/<strong>79872224<\/strong><\/em><\/strong><\/p>\n\n\n\n<p class=\"wp-block-paragraph\"><a href=\"http:\/\/www.macite.info\"><strong><em>www.macite.info<\/em><\/strong><\/a><strong><em>, L\u2019information, la bonne&nbsp;!<\/em><\/strong><\/p>\n","protected":false},"excerpt":{"rendered":"<p class=\"text-justify mb-2\" >Dans son num\u00e9ro de f\u00e9vrier-mars 2023, Forbes Afrique a class\u00e9 sur sa liste quatre camerounaises comme femmes influentes. D\u00e9couvrez ces femmes \u00e0 fort caract\u00e8res\u2026 Denise Epot\u00e9 Journaliste vedette multi-prim\u00e9e figurant r\u00e9guli\u00e8rement dans les classements des femmes les plus influentes du continent, Denise Epot\u00e9 est depuis [&hellip;]<\/p>\n","protected":false},"author":2,"featured_media":3727,"comment_status":"open","ping_status":"open","sticky":false,"template":"","format":"standard","meta":{"footnotes":""},"categories":[20],"tags":[],"class_list":["post-3719","post","type-post","status-publish","format-standard","has-post-thumbnail","hentry","category-actualite"],"yoast_head":"<!-- This site is optimized with the Yoast SEO plugin v28.4 - https:\/\/yoast.com\/product\/yoast-seo-wordpress\/ -->\n<title>LEADERSHIP F\u00c9MININ : 4 Camerounaises dans le top 50 du classement Forbes Afrique -<\/title>\n<meta name=\"robots\" content=\"index, follow, max-snippet:-1, max-image-preview:large, max-video-preview:-1\" \/>\n<link rel=\"canonical\" href=\"https:\/\/macite.tg\/?p=3719\" \/>\n<meta property=\"og:locale\" content=\"fr_FR\" \/>\n<meta property=\"og:type\" content=\"article\" \/>\n<meta property=\"og:title\" content=\"LEADERSHIP F\u00c9MININ : 4 Camerounaises dans le top 50 du classement Forbes Afrique -\" \/>\n<meta property=\"og:description\" content=\"Dans son num\u00e9ro de f\u00e9vrier-mars 2023, Forbes Afrique a class\u00e9 sur sa liste quatre camerounaises comme femmes influentes. D\u00e9couvrez ces femmes \u00e0 fort caract\u00e8res\u2026 Denise Epot\u00e9 Journaliste vedette multi-prim\u00e9e figurant r\u00e9guli\u00e8rement dans les classements des femmes les plus influentes du continent, Denise Epot\u00e9 est depuis [&hellip;]\" \/>\n<meta property=\"og:url\" content=\"https:\/\/macite.tg\/?p=3719\" \/>\n<meta property=\"article:published_time\" content=\"2023-02-22T11:16:10+00:00\" \/>\n<meta property=\"article:modified_time\" content=\"2023-02-22T11:16:11+00:00\" \/>\n<meta property=\"og:image\" content=\"https:\/\/macite.tg\/wp-content\/uploads\/2023\/02\/AA17K2qg.png\" \/>\n\t<meta property=\"og:image:width\" content=\"454\" \/>\n\t<meta property=\"og:image:height\" content=\"174\" \/>\n\t<meta property=\"og:image:type\" content=\"image\/png\" \/>\n<meta name=\"author\" content=\"Jean Pierre BAWELA\" \/>\n<meta name=\"twitter:card\" content=\"summary_large_image\" \/>\n<meta name=\"twitter:label1\" content=\"\u00c9crit par\" \/>\n\t<meta name=\"twitter:data1\" content=\"Jean Pierre BAWELA\" \/>\n\t<meta name=\"twitter:label2\" content=\"Dur\u00e9e de lecture estim\u00e9e\" \/>\n\t<meta name=\"twitter:data2\" content=\"4 minutes\" \/>\n<script type=\"application\/ld+json\" class=\"yoast-schema-graph\">{\"@context\":\"https:\\\/\\\/schema.org\",\"@graph\":[{\"@type\":\"Article\",\"@id\":\"https:\\\/\\\/macite.tg\\\/?p=3719#article\",\"isPartOf\":{\"@id\":\"https:\\\/\\\/macite.tg\\\/?p=3719\"},\"author\":{\"name\":\"Jean Pierre BAWELA\",\"@id\":\"https:\\\/\\\/macite.tg\\\/#\\\/schema\\\/person\\\/e9f2de7e5dbbe7770a9402c7ce82f5c2\"},\"headline\":\"LEADERSHIP F\u00c9MININ : 4 Camerounaises dans le top 50 du classement Forbes Afrique\",\"datePublished\":\"2023-02-22T11:16:10+00:00\",\"dateModified\":\"2023-02-22T11:16:11+00:00\",\"mainEntityOfPage\":{\"@id\":\"https:\\\/\\\/macite.tg\\\/?p=3719\"},\"wordCount\":616,\"commentCount\":0,\"image\":{\"@id\":\"https:\\\/\\\/macite.tg\\\/?p=3719#primaryimage\"},\"thumbnailUrl\":\"https:\\\/\\\/macite.tg\\\/wp-content\\\/uploads\\\/2023\\\/02\\\/AA17K2qg.png\",\"articleSection\":[\"ACTUALITE\"],\"inLanguage\":\"fr-FR\",\"potentialAction\":[{\"@type\":\"CommentAction\",\"name\":\"Comment\",\"target\":[\"https:\\\/\\\/macite.tg\\\/?p=3719#respond\"]}]},{\"@type\":\"WebPage\",\"@id\":\"https:\\\/\\\/macite.tg\\\/?p=3719\",\"url\":\"https:\\\/\\\/macite.tg\\\/?p=3719\",\"name\":\"LEADERSHIP F\u00c9MININ : 4 Camerounaises dans le top 50 du classement Forbes Afrique -\",\"isPartOf\":{\"@id\":\"https:\\\/\\\/macite.tg\\\/#website\"},\"primaryImageOfPage\":{\"@id\":\"https:\\\/\\\/macite.tg\\\/?p=3719#primaryimage\"},\"image\":{\"@id\":\"https:\\\/\\\/macite.tg\\\/?p=3719#primaryimage\"},\"thumbnailUrl\":\"https:\\\/\\\/macite.tg\\\/wp-content\\\/uploads\\\/2023\\\/02\\\/AA17K2qg.png\",\"datePublished\":\"2023-02-22T11:16:10+00:00\",\"dateModified\":\"2023-02-22T11:16:11+00:00\",\"author\":{\"@id\":\"https:\\\/\\\/macite.tg\\\/#\\\/schema\\\/person\\\/e9f2de7e5dbbe7770a9402c7ce82f5c2\"},\"breadcrumb\":{\"@id\":\"https:\\\/\\\/macite.tg\\\/?p=3719#breadcrumb\"},\"inLanguage\":\"fr-FR\",\"potentialAction\":[{\"@type\":\"ReadAction\",\"target\":[\"https:\\\/\\\/macite.tg\\\/?p=3719\"]}]},{\"@type\":\"ImageObject\",\"inLanguage\":\"fr-FR\",\"@id\":\"https:\\\/\\\/macite.tg\\\/?p=3719#primaryimage\",\"url\":\"https:\\\/\\\/macite.tg\\\/wp-content\\\/uploads\\\/2023\\\/02\\\/AA17K2qg.png\",\"contentUrl\":\"https:\\\/\\\/macite.tg\\\/wp-content\\\/uploads\\\/2023\\\/02\\\/AA17K2qg.png\",\"width\":454,\"height\":174},{\"@type\":\"BreadcrumbList\",\"@id\":\"https:\\\/\\\/macite.tg\\\/?p=3719#breadcrumb\",\"itemListElement\":[{\"@type\":\"ListItem\",\"position\":1,\"name\":\"Accueil\",\"item\":\"https:\\\/\\\/macite.tg\\\/\"},{\"@type\":\"ListItem\",\"position\":2,\"name\":\"LEADERSHIP F\u00c9MININ : 4 Camerounaises dans le top 50 du classement Forbes Afrique\"}]},{\"@type\":\"WebSite\",\"@id\":\"https:\\\/\\\/macite.tg\\\/#website\",\"url\":\"https:\\\/\\\/macite.tg\\\/\",\"name\":\"\",\"description\":\"L&#039;information, la bonne!!!\",\"potentialAction\":[{\"@type\":\"SearchAction\",\"target\":{\"@type\":\"EntryPoint\",\"urlTemplate\":\"https:\\\/\\\/macite.tg\\\/?s={search_term_string}\"},\"query-input\":{\"@type\":\"PropertyValueSpecification\",\"valueRequired\":true,\"valueName\":\"search_term_string\"}}],\"inLanguage\":\"fr-FR\"},{\"@type\":\"Person\",\"@id\":\"https:\\\/\\\/macite.tg\\\/#\\\/schema\\\/person\\\/e9f2de7e5dbbe7770a9402c7ce82f5c2\",\"name\":\"Jean Pierre BAWELA\",\"image\":{\"@type\":\"ImageObject\",\"inLanguage\":\"fr-FR\",\"@id\":\"https:\\\/\\\/macite.tg\\\/wp-content\\\/uploads\\\/2023\\\/09\\\/WhatsApp-Image-2023-09-19-at-14.44.41-122x122.jpeg\",\"url\":\"https:\\\/\\\/macite.tg\\\/wp-content\\\/uploads\\\/2023\\\/09\\\/WhatsApp-Image-2023-09-19-at-14.44.41-122x122.jpeg\",\"contentUrl\":\"https:\\\/\\\/macite.tg\\\/wp-content\\\/uploads\\\/2023\\\/09\\\/WhatsApp-Image-2023-09-19-at-14.44.41-122x122.jpeg\",\"caption\":\"Jean Pierre BAWELA\"},\"url\":\"https:\\\/\\\/macite.tg\\\/?author=2\"}]}<\/script>\n<!-- \/ Yoast SEO plugin. -->","yoast_head_json":{"title":"LEADERSHIP F\u00c9MININ : 4 Camerounaises dans le top 50 du classement Forbes Afrique -","robots":{"index":"index","follow":"follow","max-snippet":"max-snippet:-1","max-image-preview":"max-image-preview:large","max-video-preview":"max-video-preview:-1"},"canonical":"https:\/\/macite.tg\/?p=3719","og_locale":"fr_FR","og_type":"article","og_title":"LEADERSHIP F\u00c9MININ : 4 Camerounaises dans le top 50 du classement Forbes Afrique -","og_description":"Dans son num\u00e9ro de f\u00e9vrier-mars 2023, Forbes Afrique a class\u00e9 sur sa liste quatre camerounaises comme femmes influentes. D\u00e9couvrez ces femmes \u00e0 fort caract\u00e8res\u2026 Denise Epot\u00e9 Journaliste vedette multi-prim\u00e9e figurant r\u00e9guli\u00e8rement dans les classements des femmes les plus influentes du continent, Denise Epot\u00e9 est depuis [&hellip;]","og_url":"https:\/\/macite.tg\/?p=3719","article_published_time":"2023-02-22T11:16:10+00:00","article_modified_time":"2023-02-22T11:16:11+00:00","og_image":[{"width":454,"height":174,"url":"https:\/\/macite.tg\/wp-content\/uploads\/2023\/02\/AA17K2qg.png","type":"image\/png"}],"author":"Jean Pierre BAWELA","twitter_card":"summary_large_image","twitter_misc":{"\u00c9crit par":"Jean Pierre BAWELA","Dur\u00e9e de lecture estim\u00e9e":"4 minutes"},"schema":{"@context":"https:\/\/schema.org","@graph":[{"@type":"Article","@id":"https:\/\/macite.tg\/?p=3719#article","isPartOf":{"@id":"https:\/\/macite.tg\/?p=3719"},"author":{"name":"Jean Pierre BAWELA","@id":"https:\/\/macite.tg\/#\/schema\/person\/e9f2de7e5dbbe7770a9402c7ce82f5c2"},"headline":"LEADERSHIP F\u00c9MININ : 4 Camerounaises dans le top 50 du classement Forbes Afrique","datePublished":"2023-02-22T11:16:10+00:00","dateModified":"2023-02-22T11:16:11+00:00","mainEntityOfPage":{"@id":"https:\/\/macite.tg\/?p=3719"},"wordCount":616,"commentCount":0,"image":{"@id":"https:\/\/macite.tg\/?p=3719#primaryimage"},"thumbnailUrl":"https:\/\/macite.tg\/wp-content\/uploads\/2023\/02\/AA17K2qg.png","articleSection":["ACTUALITE"],"inLanguage":"fr-FR","potentialAction":[{"@type":"CommentAction","name":"Comment","target":["https:\/\/macite.tg\/?p=3719#respond"]}]},{"@type":"WebPage","@id":"https:\/\/macite.tg\/?p=3719","url":"https:\/\/macite.tg\/?p=3719","name":"LEADERSHIP F\u00c9MININ : 4 Camerounaises dans le top 50 du classement Forbes Afrique -","isPartOf":{"@id":"https:\/\/macite.tg\/#website"},"primaryImageOfPage":{"@id":"https:\/\/macite.tg\/?p=3719#primaryimage"},"image":{"@id":"https:\/\/macite.tg\/?p=3719#primaryimage"},"thumbnailUrl":"https:\/\/macite.tg\/wp-content\/uploads\/2023\/02\/AA17K2qg.png","datePublished":"2023-02-22T11:16:10+00:00","dateModified":"2023-02-22T11:16:11+00:00","author":{"@id":"https:\/\/macite.tg\/#\/schema\/person\/e9f2de7e5dbbe7770a9402c7ce82f5c2"},"breadcrumb":{"@id":"https:\/\/macite.tg\/?p=3719#breadcrumb"},"inLanguage":"fr-FR","potentialAction":[{"@type":"ReadAction","target":["https:\/\/macite.tg\/?p=3719"]}]},{"@type":"ImageObject","inLanguage":"fr-FR","@id":"https:\/\/macite.tg\/?p=3719#primaryimage","url":"https:\/\/macite.tg\/wp-content\/uploads\/2023\/02\/AA17K2qg.png","contentUrl":"https:\/\/macite.tg\/wp-content\/uploads\/2023\/02\/AA17K2qg.png","width":454,"height":174},{"@type":"BreadcrumbList","@id":"https:\/\/macite.tg\/?p=3719#breadcrumb","itemListElement":[{"@type":"ListItem","position":1,"name":"Accueil","item":"https:\/\/macite.tg\/"},{"@type":"ListItem","position":2,"name":"LEADERSHIP F\u00c9MININ : 4 Camerounaises dans le top 50 du classement Forbes Afrique"}]},{"@type":"WebSite","@id":"https:\/\/macite.tg\/#website","url":"https:\/\/macite.tg\/","name":"","description":"L&#039;information, la bonne!!!","potentialAction":[{"@type":"SearchAction","target":{"@type":"EntryPoint","urlTemplate":"https:\/\/macite.tg\/?s={search_term_string}"},"query-input":{"@type":"PropertyValueSpecification","valueRequired":true,"valueName":"search_term_string"}}],"inLanguage":"fr-FR"},{"@type":"Person","@id":"https:\/\/macite.tg\/#\/schema\/person\/e9f2de7e5dbbe7770a9402c7ce82f5c2","name":"Jean Pierre BAWELA","image":{"@type":"ImageObject","inLanguage":"fr-FR","@id":"https:\/\/macite.tg\/wp-content\/uploads\/2023\/09\/WhatsApp-Image-2023-09-19-at-14.44.41-122x122.jpeg","url":"https:\/\/macite.tg\/wp-content\/uploads\/2023\/09\/WhatsApp-Image-2023-09-19-at-14.44.41-122x122.jpeg","contentUrl":"https:\/\/macite.tg\/wp-content\/uploads\/2023\/09\/WhatsApp-Image-2023-09-19-at-14.44.41-122x122.jpeg","caption":"Jean Pierre BAWELA"},"url":"https:\/\/macite.tg\/?author=2"}]}},"_links":{"self":[{"href":"https:\/\/macite.tg\/index.php?rest_route=\/wp\/v2\/posts\/3719","targetHints":{"allow":["GET"]}}],"collection":[{"href":"https:\/\/macite.tg\/index.php?rest_route=\/wp\/v2\/posts"}],"about":[{"href":"https:\/\/macite.tg\/index.php?rest_route=\/wp\/v2\/types\/post"}],"author":[{"embeddable":true,"href":"https:\/\/macite.tg\/index.php?rest_route=\/wp\/v2\/users\/2"}],"replies":[{"embeddable":true,"href":"https:\/\/macite.tg\/index.php?rest_route=%2Fwp%2Fv2%2Fcomments&post=3719"}],"version-history":[{"count":0,"href":"https:\/\/macite.tg\/index.php?rest_route=\/wp\/v2\/posts\/3719\/revisions"}],"wp:featuredmedia":[{"embeddable":true,"href":"https:\/\/macite.tg\/index.php?rest_route=\/wp\/v2\/media\/3727"}],"wp:attachment":[{"href":"https:\/\/macite.tg\/index.php?rest_route=%2Fwp%2Fv2%2Fmedia&parent=3719"}],"wp:term":[{"taxonomy":"category","embeddable":true,"href":"https:\/\/macite.tg\/index.php?rest_route=%2Fwp%2Fv2%2Fcategories&post=3719"},{"taxonomy":"post_tag","embeddable":true,"href":"https:\/\/macite.tg\/index.php?rest_route=%2Fwp%2Fv2%2Ftags&post=3719"}],"curies":[{"name":"wp","href":"https:\/\/api.w.org\/{rel}","templated":true}]}}