{"id":3693,"date":"2023-02-21T15:41:49","date_gmt":"2023-02-21T15:41:49","guid":{"rendered":"https:\/\/macite.info\/?p=3693"},"modified":"2023-02-21T15:53:23","modified_gmt":"2023-02-21T15:53:23","slug":"nawdba-bina-edition-8-les-fils-et-filles-de-niamtougou-a-lome-etaient-en-communion-samedi-dernier-a-atieme","status":"publish","type":"post","link":"https:\/\/macite.tg\/?p=3693","title":{"rendered":"NAWDBA BINA, \u00c9DITION 8\u00a0: Les fils et filles de Niamtougou \u00e0 Lom\u00e9 \u00e9taient en communion samedi dernier \u00e0 Ati\u00e9m\u00e9"},"content":{"rendered":"\n<p class=\"wp-block-paragraph\"><strong><em>La \u00a0\u00bbdiaspora\u00a0\u00bb de Niamtougou \u00e0 Lom\u00e9, notamment des quartiers Vakpossito, Logop\u00e9, L\u00e9gbassito, et Sogbossito, se sont retrouv\u00e9 le samedi 18 f\u00e9vrier pour l\u2019\u00e9dition 8 de \u2018\u2019Nawdba Bina\u2019\u2019. Cette manifestation culturelle annuelle qui permet \u00e0 ce peuple du Nord-Togo de se rem\u00e9morer les danses traditionnelle de leur terroir.<\/em><\/strong><\/p>\n\n\n\n<p class=\"wp-block-paragraph\">Ils \u00e9taient plusieurs centaines \u00e0 prendre d\u2019assaut la place publique d\u2019Ati\u00e9m\u00e9, \u00e0 Lom\u00e9, pour assister \u00e0 la huiti\u00e8me \u00e9dition&nbsp; de \u2018\u2019Nawdba Bina\u2019\u2019. Une occasion pour les Nawdba des diff\u00e9rents cantons de la capitale se retrouvent pour, d\u2019abord rendre gr\u00e2ce \u00e0 Dieu pour leur avoir permis de rentrer dans la nouvelle ann\u00e9e dans la paix et la joie, et ensuite se retrouver en famille, afin de perp\u00e9tuer la tradition de chez nous.<\/p>\n\n\n<div class=\"wp-block-image\">\n<figure class=\"aligncenter size-large is-resized\"><img loading=\"lazy\" decoding=\"async\" src=\"https:\/\/macite.tg\/wp-content\/uploads\/2023\/02\/IMG_20230218_180358_774-1024x768.jpg\" alt=\"\" class=\"wp-image-3695\" width=\"606\" height=\"455\" srcset=\"https:\/\/macite.tg\/wp-content\/uploads\/2023\/02\/IMG_20230218_180358_774-1024x768.jpg 1024w, https:\/\/macite.tg\/wp-content\/uploads\/2023\/02\/IMG_20230218_180358_774-300x225.jpg 300w, https:\/\/macite.tg\/wp-content\/uploads\/2023\/02\/IMG_20230218_180358_774-768x576.jpg 768w, https:\/\/macite.tg\/wp-content\/uploads\/2023\/02\/IMG_20230218_180358_774-1536x1152.jpg 1536w, https:\/\/macite.tg\/wp-content\/uploads\/2023\/02\/IMG_20230218_180358_774-2048x1536.jpg 2048w\" sizes=\"auto, (max-width: 606px) 100vw, 606px\" \/><figcaption class=\"wp-element-caption\"><strong><em>Une foule des grands jours pour c\u00e9l\u00e9brer Nawda Bina, \u00e9dition 2023 dans la liesse&#8230;<\/em><\/strong><\/figcaption><\/figure>\n<\/div>\n\n\n<p class=\"wp-block-paragraph\">\u2018\u2019Nawda Bina\u2019\u2019, \u00e9v\u00e9nement annuel, est une occasion de montrer \u00e0 la jeune g\u00e9n\u00e9ration toutes les danses du terroir Nawda, mais aussi une opportunit\u00e9 de retrouvaille et de communion autour des mets de chez nous, a soulign\u00e9 ce sexag\u00e9naire, sourire aux l\u00e8vres, dans un accoutrement in\u00e9dit.<\/p>\n\n\n\n<p class=\"wp-block-paragraph\"><em>\u00ab&nbsp;<\/em><em>Il n&rsquo;est pas question seulement que se retrouver lors des \u00e9v\u00e8nements malheureux, tels que les d\u00e9c\u00e8s et autres, pour voir qu&rsquo;on est \u00e0 Lom\u00e9. Il faut des organisations joyeuses, festives pour se retrouver et trinquer ensemble. Et nous voulons que ceux qui ne sont pas r\u00e9sidents dans nos cantons, viennent voir o\u00f9 nous sommes\u2026\u00bb,<\/em> a relev\u00e9 Espoir Kpanougou.<\/p>\n\n\n<div class=\"wp-block-image\">\n<figure class=\"aligncenter size-large is-resized\"><img loading=\"lazy\" decoding=\"async\" src=\"https:\/\/macite.tg\/wp-content\/uploads\/2023\/02\/ANNONCES-1-1024x426.jpg\" alt=\"\" class=\"wp-image-3456\" width=\"773\" height=\"321\" srcset=\"https:\/\/macite.tg\/wp-content\/uploads\/2023\/02\/ANNONCES-1-1024x426.jpg 1024w, https:\/\/macite.tg\/wp-content\/uploads\/2023\/02\/ANNONCES-1-300x125.jpg 300w, https:\/\/macite.tg\/wp-content\/uploads\/2023\/02\/ANNONCES-1-768x319.jpg 768w, https:\/\/macite.tg\/wp-content\/uploads\/2023\/02\/ANNONCES-1.jpg 1080w\" sizes=\"auto, (max-width: 773px) 100vw, 773px\" \/><\/figure>\n<\/div>\n\n\n<p class=\"wp-block-paragraph\">Et comme si cela ne suffisait pas, la soir\u00e9e s\u2019est poursuivie avec une organisation plus actualis\u00e9e de l\u2019\u00e9v\u00e9nement. &nbsp;Un orchestre, Nawda Djazz, a tenu en haleine, toute la soir\u00e9e, avec des morceaux \u00e9piques, dans une ambiance arros\u00e9e par la bi\u00e8re.<\/p>\n\n\n\n<p class=\"wp-block-paragraph\">Notons que \u2018\u2019Nawd Bina\u2019\u2019 regroupe toutes les vari\u00e9t\u00e9s de danses du terroir Nawda, notamment Bina, Kadjaga, Foca-Bina, Daga-Bina, Gokpalou, Kamgou, etc.<\/p>\n\n\n\n<p class=\"wp-block-paragraph\"><strong>JPB<\/strong><\/p>\n\n\n\n<p class=\"wp-block-paragraph\"><strong><em>@macite.info<\/em><\/strong><\/p>\n\n\n\n<p class=\"wp-block-paragraph\"><strong><em>E-mail&nbsp;: <\/em><\/strong><a href=\"mailto:maciteinfo@gmail.com\"><strong><em>maciteinfo@gmail.com<\/em><\/strong><\/a><strong><em>; <\/em><\/strong><a href=\"mailto:bawela1@gmail.com\"><strong><em>bawela1@gmail.com<\/em><\/strong><\/a><strong><em><\/em><\/strong><\/p>\n\n\n\n<p class=\"wp-block-paragraph\"><strong><em>Pour vos annonces, (publi)reportages, etc., joignez nous au (00228)91515309\/<strong>79872224<\/strong><\/em><\/strong><\/p>\n\n\n\n<p class=\"wp-block-paragraph\"><a href=\"http:\/\/www.macite.info\"><strong><em>www.macite.info<\/em><\/strong><\/a><strong><em>, L\u2019information, la bonne&nbsp;!<\/em><\/strong><\/p>\n","protected":false},"excerpt":{"rendered":"<p class=\"text-justify mb-2\" >La \u00a0\u00bbdiaspora\u00a0\u00bb de Niamtougou \u00e0 Lom\u00e9, notamment des quartiers Vakpossito, Logop\u00e9, L\u00e9gbassito, et Sogbossito, se sont retrouv\u00e9 le samedi 18 f\u00e9vrier pour l\u2019\u00e9dition 8 de \u2018\u2019Nawdba Bina\u2019\u2019. Cette manifestation culturelle annuelle qui permet \u00e0 ce peuple du Nord-Togo de se rem\u00e9morer les danses traditionnelle de [&hellip;]<\/p>\n","protected":false},"author":2,"featured_media":3694,"comment_status":"open","ping_status":"open","sticky":false,"template":"","format":"standard","meta":{"footnotes":""},"categories":[20,18],"tags":[],"class_list":["post-3693","post","type-post","status-publish","format-standard","has-post-thumbnail","hentry","category-actualite","category-culture"],"yoast_head":"<!-- This site is optimized with the Yoast SEO plugin v28.4 - https:\/\/yoast.com\/product\/yoast-seo-wordpress\/ -->\n<title>NAWDBA BINA, \u00c9DITION 8\u00a0: Les fils et filles de Niamtougou \u00e0 Lom\u00e9 \u00e9taient en communion samedi dernier \u00e0 Ati\u00e9m\u00e9 -<\/title>\n<meta name=\"robots\" content=\"index, follow, max-snippet:-1, max-image-preview:large, max-video-preview:-1\" \/>\n<link rel=\"canonical\" href=\"https:\/\/macite.tg\/?p=3693\" \/>\n<meta property=\"og:locale\" content=\"fr_FR\" \/>\n<meta property=\"og:type\" content=\"article\" \/>\n<meta property=\"og:title\" content=\"NAWDBA BINA, \u00c9DITION 8\u00a0: Les fils et filles de Niamtougou \u00e0 Lom\u00e9 \u00e9taient en communion samedi dernier \u00e0 Ati\u00e9m\u00e9 -\" \/>\n<meta property=\"og:description\" content=\"La \u00a0\u00bbdiaspora\u00a0\u00bb de Niamtougou \u00e0 Lom\u00e9, notamment des quartiers Vakpossito, Logop\u00e9, L\u00e9gbassito, et Sogbossito, se sont retrouv\u00e9 le samedi 18 f\u00e9vrier pour l\u2019\u00e9dition 8 de \u2018\u2019Nawdba Bina\u2019\u2019. Cette manifestation culturelle annuelle qui permet \u00e0 ce peuple du Nord-Togo de se rem\u00e9morer les danses traditionnelle de [&hellip;]\" \/>\n<meta property=\"og:url\" content=\"https:\/\/macite.tg\/?p=3693\" \/>\n<meta property=\"article:published_time\" content=\"2023-02-21T15:41:49+00:00\" \/>\n<meta property=\"article:modified_time\" content=\"2023-02-21T15:53:23+00:00\" \/>\n<meta property=\"og:image\" content=\"https:\/\/macite.tg\/wp-content\/uploads\/2023\/02\/Aa1.jpg\" \/>\n\t<meta property=\"og:image:width\" content=\"1500\" \/>\n\t<meta property=\"og:image:height\" content=\"1125\" \/>\n\t<meta property=\"og:image:type\" content=\"image\/jpeg\" \/>\n<meta name=\"author\" content=\"Jean Pierre BAWELA\" \/>\n<meta name=\"twitter:card\" content=\"summary_large_image\" \/>\n<meta name=\"twitter:label1\" content=\"\u00c9crit par\" \/>\n\t<meta name=\"twitter:data1\" content=\"Jean Pierre BAWELA\" \/>\n\t<meta name=\"twitter:label2\" content=\"Dur\u00e9e de lecture estim\u00e9e\" \/>\n\t<meta name=\"twitter:data2\" content=\"3 minutes\" \/>\n<script type=\"application\/ld+json\" class=\"yoast-schema-graph\">{\"@context\":\"https:\\\/\\\/schema.org\",\"@graph\":[{\"@type\":\"Article\",\"@id\":\"https:\\\/\\\/macite.tg\\\/?p=3693#article\",\"isPartOf\":{\"@id\":\"https:\\\/\\\/macite.tg\\\/?p=3693\"},\"author\":{\"name\":\"Jean Pierre BAWELA\",\"@id\":\"https:\\\/\\\/macite.tg\\\/#\\\/schema\\\/person\\\/e9f2de7e5dbbe7770a9402c7ce82f5c2\"},\"headline\":\"NAWDBA BINA, \u00c9DITION 8\u00a0: Les fils et filles de Niamtougou \u00e0 Lom\u00e9 \u00e9taient en communion samedi dernier \u00e0 Ati\u00e9m\u00e9\",\"datePublished\":\"2023-02-21T15:41:49+00:00\",\"dateModified\":\"2023-02-21T15:53:23+00:00\",\"mainEntityOfPage\":{\"@id\":\"https:\\\/\\\/macite.tg\\\/?p=3693\"},\"wordCount\":370,\"commentCount\":0,\"image\":{\"@id\":\"https:\\\/\\\/macite.tg\\\/?p=3693#primaryimage\"},\"thumbnailUrl\":\"https:\\\/\\\/macite.tg\\\/wp-content\\\/uploads\\\/2023\\\/02\\\/Aa1.jpg\",\"articleSection\":[\"ACTUALITE\",\"CULTURE\"],\"inLanguage\":\"fr-FR\",\"potentialAction\":[{\"@type\":\"CommentAction\",\"name\":\"Comment\",\"target\":[\"https:\\\/\\\/macite.tg\\\/?p=3693#respond\"]}]},{\"@type\":\"WebPage\",\"@id\":\"https:\\\/\\\/macite.tg\\\/?p=3693\",\"url\":\"https:\\\/\\\/macite.tg\\\/?p=3693\",\"name\":\"NAWDBA BINA, \u00c9DITION 8\u00a0: Les fils et filles de Niamtougou \u00e0 Lom\u00e9 \u00e9taient en communion samedi dernier \u00e0 Ati\u00e9m\u00e9 -\",\"isPartOf\":{\"@id\":\"https:\\\/\\\/macite.tg\\\/#website\"},\"primaryImageOfPage\":{\"@id\":\"https:\\\/\\\/macite.tg\\\/?p=3693#primaryimage\"},\"image\":{\"@id\":\"https:\\\/\\\/macite.tg\\\/?p=3693#primaryimage\"},\"thumbnailUrl\":\"https:\\\/\\\/macite.tg\\\/wp-content\\\/uploads\\\/2023\\\/02\\\/Aa1.jpg\",\"datePublished\":\"2023-02-21T15:41:49+00:00\",\"dateModified\":\"2023-02-21T15:53:23+00:00\",\"author\":{\"@id\":\"https:\\\/\\\/macite.tg\\\/#\\\/schema\\\/person\\\/e9f2de7e5dbbe7770a9402c7ce82f5c2\"},\"breadcrumb\":{\"@id\":\"https:\\\/\\\/macite.tg\\\/?p=3693#breadcrumb\"},\"inLanguage\":\"fr-FR\",\"potentialAction\":[{\"@type\":\"ReadAction\",\"target\":[\"https:\\\/\\\/macite.tg\\\/?p=3693\"]}]},{\"@type\":\"ImageObject\",\"inLanguage\":\"fr-FR\",\"@id\":\"https:\\\/\\\/macite.tg\\\/?p=3693#primaryimage\",\"url\":\"https:\\\/\\\/macite.tg\\\/wp-content\\\/uploads\\\/2023\\\/02\\\/Aa1.jpg\",\"contentUrl\":\"https:\\\/\\\/macite.tg\\\/wp-content\\\/uploads\\\/2023\\\/02\\\/Aa1.jpg\",\"width\":1500,\"height\":1125},{\"@type\":\"BreadcrumbList\",\"@id\":\"https:\\\/\\\/macite.tg\\\/?p=3693#breadcrumb\",\"itemListElement\":[{\"@type\":\"ListItem\",\"position\":1,\"name\":\"Accueil\",\"item\":\"https:\\\/\\\/macite.tg\\\/\"},{\"@type\":\"ListItem\",\"position\":2,\"name\":\"NAWDBA BINA, \u00c9DITION 8\u00a0: Les fils et filles de Niamtougou \u00e0 Lom\u00e9 \u00e9taient en communion samedi dernier \u00e0 Ati\u00e9m\u00e9\"}]},{\"@type\":\"WebSite\",\"@id\":\"https:\\\/\\\/macite.tg\\\/#website\",\"url\":\"https:\\\/\\\/macite.tg\\\/\",\"name\":\"\",\"description\":\"L&#039;information, la bonne!!!\",\"potentialAction\":[{\"@type\":\"SearchAction\",\"target\":{\"@type\":\"EntryPoint\",\"urlTemplate\":\"https:\\\/\\\/macite.tg\\\/?s={search_term_string}\"},\"query-input\":{\"@type\":\"PropertyValueSpecification\",\"valueRequired\":true,\"valueName\":\"search_term_string\"}}],\"inLanguage\":\"fr-FR\"},{\"@type\":\"Person\",\"@id\":\"https:\\\/\\\/macite.tg\\\/#\\\/schema\\\/person\\\/e9f2de7e5dbbe7770a9402c7ce82f5c2\",\"name\":\"Jean Pierre BAWELA\",\"image\":{\"@type\":\"ImageObject\",\"inLanguage\":\"fr-FR\",\"@id\":\"https:\\\/\\\/macite.tg\\\/wp-content\\\/uploads\\\/2023\\\/09\\\/WhatsApp-Image-2023-09-19-at-14.44.41-122x122.jpeg\",\"url\":\"https:\\\/\\\/macite.tg\\\/wp-content\\\/uploads\\\/2023\\\/09\\\/WhatsApp-Image-2023-09-19-at-14.44.41-122x122.jpeg\",\"contentUrl\":\"https:\\\/\\\/macite.tg\\\/wp-content\\\/uploads\\\/2023\\\/09\\\/WhatsApp-Image-2023-09-19-at-14.44.41-122x122.jpeg\",\"caption\":\"Jean Pierre BAWELA\"},\"url\":\"https:\\\/\\\/macite.tg\\\/?author=2\"}]}<\/script>\n<!-- \/ Yoast SEO plugin. -->","yoast_head_json":{"title":"NAWDBA BINA, \u00c9DITION 8\u00a0: Les fils et filles de Niamtougou \u00e0 Lom\u00e9 \u00e9taient en communion samedi dernier \u00e0 Ati\u00e9m\u00e9 -","robots":{"index":"index","follow":"follow","max-snippet":"max-snippet:-1","max-image-preview":"max-image-preview:large","max-video-preview":"max-video-preview:-1"},"canonical":"https:\/\/macite.tg\/?p=3693","og_locale":"fr_FR","og_type":"article","og_title":"NAWDBA BINA, \u00c9DITION 8\u00a0: Les fils et filles de Niamtougou \u00e0 Lom\u00e9 \u00e9taient en communion samedi dernier \u00e0 Ati\u00e9m\u00e9 -","og_description":"La \u00a0\u00bbdiaspora\u00a0\u00bb de Niamtougou \u00e0 Lom\u00e9, notamment des quartiers Vakpossito, Logop\u00e9, L\u00e9gbassito, et Sogbossito, se sont retrouv\u00e9 le samedi 18 f\u00e9vrier pour l\u2019\u00e9dition 8 de \u2018\u2019Nawdba Bina\u2019\u2019. Cette manifestation culturelle annuelle qui permet \u00e0 ce peuple du Nord-Togo de se rem\u00e9morer les danses traditionnelle de [&hellip;]","og_url":"https:\/\/macite.tg\/?p=3693","article_published_time":"2023-02-21T15:41:49+00:00","article_modified_time":"2023-02-21T15:53:23+00:00","og_image":[{"width":1500,"height":1125,"url":"https:\/\/macite.tg\/wp-content\/uploads\/2023\/02\/Aa1.jpg","type":"image\/jpeg"}],"author":"Jean Pierre BAWELA","twitter_card":"summary_large_image","twitter_misc":{"\u00c9crit par":"Jean Pierre BAWELA","Dur\u00e9e de lecture estim\u00e9e":"3 minutes"},"schema":{"@context":"https:\/\/schema.org","@graph":[{"@type":"Article","@id":"https:\/\/macite.tg\/?p=3693#article","isPartOf":{"@id":"https:\/\/macite.tg\/?p=3693"},"author":{"name":"Jean Pierre BAWELA","@id":"https:\/\/macite.tg\/#\/schema\/person\/e9f2de7e5dbbe7770a9402c7ce82f5c2"},"headline":"NAWDBA BINA, \u00c9DITION 8\u00a0: Les fils et filles de Niamtougou \u00e0 Lom\u00e9 \u00e9taient en communion samedi dernier \u00e0 Ati\u00e9m\u00e9","datePublished":"2023-02-21T15:41:49+00:00","dateModified":"2023-02-21T15:53:23+00:00","mainEntityOfPage":{"@id":"https:\/\/macite.tg\/?p=3693"},"wordCount":370,"commentCount":0,"image":{"@id":"https:\/\/macite.tg\/?p=3693#primaryimage"},"thumbnailUrl":"https:\/\/macite.tg\/wp-content\/uploads\/2023\/02\/Aa1.jpg","articleSection":["ACTUALITE","CULTURE"],"inLanguage":"fr-FR","potentialAction":[{"@type":"CommentAction","name":"Comment","target":["https:\/\/macite.tg\/?p=3693#respond"]}]},{"@type":"WebPage","@id":"https:\/\/macite.tg\/?p=3693","url":"https:\/\/macite.tg\/?p=3693","name":"NAWDBA BINA, \u00c9DITION 8\u00a0: Les fils et filles de Niamtougou \u00e0 Lom\u00e9 \u00e9taient en communion samedi dernier \u00e0 Ati\u00e9m\u00e9 -","isPartOf":{"@id":"https:\/\/macite.tg\/#website"},"primaryImageOfPage":{"@id":"https:\/\/macite.tg\/?p=3693#primaryimage"},"image":{"@id":"https:\/\/macite.tg\/?p=3693#primaryimage"},"thumbnailUrl":"https:\/\/macite.tg\/wp-content\/uploads\/2023\/02\/Aa1.jpg","datePublished":"2023-02-21T15:41:49+00:00","dateModified":"2023-02-21T15:53:23+00:00","author":{"@id":"https:\/\/macite.tg\/#\/schema\/person\/e9f2de7e5dbbe7770a9402c7ce82f5c2"},"breadcrumb":{"@id":"https:\/\/macite.tg\/?p=3693#breadcrumb"},"inLanguage":"fr-FR","potentialAction":[{"@type":"ReadAction","target":["https:\/\/macite.tg\/?p=3693"]}]},{"@type":"ImageObject","inLanguage":"fr-FR","@id":"https:\/\/macite.tg\/?p=3693#primaryimage","url":"https:\/\/macite.tg\/wp-content\/uploads\/2023\/02\/Aa1.jpg","contentUrl":"https:\/\/macite.tg\/wp-content\/uploads\/2023\/02\/Aa1.jpg","width":1500,"height":1125},{"@type":"BreadcrumbList","@id":"https:\/\/macite.tg\/?p=3693#breadcrumb","itemListElement":[{"@type":"ListItem","position":1,"name":"Accueil","item":"https:\/\/macite.tg\/"},{"@type":"ListItem","position":2,"name":"NAWDBA BINA, \u00c9DITION 8\u00a0: Les fils et filles de Niamtougou \u00e0 Lom\u00e9 \u00e9taient en communion samedi dernier \u00e0 Ati\u00e9m\u00e9"}]},{"@type":"WebSite","@id":"https:\/\/macite.tg\/#website","url":"https:\/\/macite.tg\/","name":"","description":"L&#039;information, la bonne!!!","potentialAction":[{"@type":"SearchAction","target":{"@type":"EntryPoint","urlTemplate":"https:\/\/macite.tg\/?s={search_term_string}"},"query-input":{"@type":"PropertyValueSpecification","valueRequired":true,"valueName":"search_term_string"}}],"inLanguage":"fr-FR"},{"@type":"Person","@id":"https:\/\/macite.tg\/#\/schema\/person\/e9f2de7e5dbbe7770a9402c7ce82f5c2","name":"Jean Pierre BAWELA","image":{"@type":"ImageObject","inLanguage":"fr-FR","@id":"https:\/\/macite.tg\/wp-content\/uploads\/2023\/09\/WhatsApp-Image-2023-09-19-at-14.44.41-122x122.jpeg","url":"https:\/\/macite.tg\/wp-content\/uploads\/2023\/09\/WhatsApp-Image-2023-09-19-at-14.44.41-122x122.jpeg","contentUrl":"https:\/\/macite.tg\/wp-content\/uploads\/2023\/09\/WhatsApp-Image-2023-09-19-at-14.44.41-122x122.jpeg","caption":"Jean Pierre BAWELA"},"url":"https:\/\/macite.tg\/?author=2"}]}},"_links":{"self":[{"href":"https:\/\/macite.tg\/index.php?rest_route=\/wp\/v2\/posts\/3693","targetHints":{"allow":["GET"]}}],"collection":[{"href":"https:\/\/macite.tg\/index.php?rest_route=\/wp\/v2\/posts"}],"about":[{"href":"https:\/\/macite.tg\/index.php?rest_route=\/wp\/v2\/types\/post"}],"author":[{"embeddable":true,"href":"https:\/\/macite.tg\/index.php?rest_route=\/wp\/v2\/users\/2"}],"replies":[{"embeddable":true,"href":"https:\/\/macite.tg\/index.php?rest_route=%2Fwp%2Fv2%2Fcomments&post=3693"}],"version-history":[{"count":0,"href":"https:\/\/macite.tg\/index.php?rest_route=\/wp\/v2\/posts\/3693\/revisions"}],"wp:featuredmedia":[{"embeddable":true,"href":"https:\/\/macite.tg\/index.php?rest_route=\/wp\/v2\/media\/3694"}],"wp:attachment":[{"href":"https:\/\/macite.tg\/index.php?rest_route=%2Fwp%2Fv2%2Fmedia&parent=3693"}],"wp:term":[{"taxonomy":"category","embeddable":true,"href":"https:\/\/macite.tg\/index.php?rest_route=%2Fwp%2Fv2%2Fcategories&post=3693"},{"taxonomy":"post_tag","embeddable":true,"href":"https:\/\/macite.tg\/index.php?rest_route=%2Fwp%2Fv2%2Ftags&post=3693"}],"curies":[{"name":"wp","href":"https:\/\/api.w.org\/{rel}","templated":true}]}}