{"id":3687,"date":"2023-02-21T12:26:43","date_gmt":"2023-02-21T12:26:43","guid":{"rendered":"https:\/\/macite.info\/?p=3687"},"modified":"2023-02-21T12:30:48","modified_gmt":"2023-02-21T12:30:48","slug":"developpement-a-la-base-pradeb-satisfecit-sur-toute-la-ligne","status":"publish","type":"post","link":"https:\/\/macite.tg\/?p=3687","title":{"rendered":"<strong>D\u00c9VELOPPEMENT A LA BASE\u00a0: PRADEB\u2026 Satisfecit sur toute la ligne<\/strong>"},"content":{"rendered":"<p class=\"MsoNormal\"><b style=\"mso-bidi-font-weight: normal;\"><span style=\"font-size: 12.0pt; line-height: 115%; font-family: 'Tw Cen MT','sans-serif';\">\u00a0<\/span><\/b><\/p>\n<p class=\"MsoNormal\"><b style=\"mso-bidi-font-weight: normal;\"><i style=\"mso-bidi-font-style: normal;\"><span style=\"font-size: 12.0pt; line-height: 115%; font-family: 'Tw Cen MT','sans-serif';\">Le programme d&rsquo;appui au d\u00e9veloppement \u00e0 la base (PRADEB) est arriv\u00e9 \u00e0 son terme. Il a \u00e9t\u00e9 officiellement cl\u00f4tur\u00e9 la semaine derni\u00e8re \u00e0 Lom\u00e9 apr\u00e8s une dizaine d&rsquo;ann\u00e9es de mise en \u0153uvre. Il avait pour but d&rsquo;am\u00e9liorer les conditions de vie des populations vuln\u00e9rables. <\/span><\/i><\/b><\/p>\n<p class=\"MsoNormal\"><span style=\"font-size: 12.0pt; line-height: 115%; font-family: 'Tw Cen MT','sans-serif';\">\u00a0<\/span><span style=\"font-size: 12.0pt; line-height: 115%; font-family: 'Tw Cen MT','sans-serif';\">Au moment du bilan, le Gouvernement informe le programme, soutenu par la Banque ouest-africaine de d\u00e9veloppement (BOAD), a\noctroy\u00e9 plus de 2 milliards FCFA de cr\u00e9dit \u00e0 1 260 jeunes et favoris\u00e9 la cr\u00e9ation de 8.660 emplois durables.il a permis la formation de 578 Groupements d&rsquo;int\u00e9r\u00eat \u00e9conomique (GIE) sur l&rsquo;ensemble du territoire national et installer 200 plateformes multifonctionnelles. <\/span><\/p>\n<p class=\"MsoNormal\"><span style=\"font-size: 12.0pt; line-height: 115%; font-family: 'Tw Cen MT','sans-serif';\">A sa cl\u00f4ture, le PRADEB est cr\u00e9dit\u00e9 d&rsquo;un taux d&rsquo;ex\u00e9cution technique global de 98,97% sur le plan technique, et de 97,12% sur\nle plan financier. <i style=\"mso-bidi-font-style: normal;\">\u00ab L&rsquo;impact est r\u00e9el sur la vie des communaut\u00e9s\u00a0\u00bb<\/i>, affirme Aristide Agbossoumonde, le coordonnateur du programme. <\/span><\/p>\n<p class=\"MsoNormal\"><span style=\"font-size: 12.0pt; line-height: 115%; font-family: 'Tw Cen MT','sans-serif';\">Les d\u00e9tails du bilan de la mise en \u0153uvre des trois composantes principales du PRADEB font ressortir ceci : Le volet <i style=\"mso-bidi-font-style: normal;\">\u00ab soutien aux activit\u00e9s \u00e9conomiques des groupements\u00a0\u00bb<\/i>, a form\u00e9 3582 membres de 578 GIE contre 500 initialement pr\u00e9vus ; permis d&rsquo;organiser 249 sessions de formations au lieu de 156 au profit des membres des GIE sur divers th\u00e9matiques ; facilit\u00e9 l&rsquo;acc\u00e8s aux services\nfinanciers \u00e0 283 GIE. <\/span><\/p>\n<p class=\"MsoNormal\"><span style=\"font-size: 12.0pt; line-height: 115%; font-family: 'Tw Cen MT','sans-serif';\">La composante <i style=\"mso-bidi-font-style: normal;\">\u00ab appui \u00e0 l&rsquo;installation des plateformes multifonctionnelles\u00a0\u00bb, <\/i>a construit 200 plateformes multifonctionnelles (PTFM) standards dont 8 avec micro r\u00e9seaux \u00e9lectriques et 12 avec micro r\u00e9seaux d&rsquo;adduction d&rsquo;eau ; accompagn\u00e9 \u00e0 la mise en place de 17 d\u00e9p\u00f4ts de vente de pi\u00e8ces de rechange ; organis\u00e9 112 sessions de formation en alphab\u00e9tisation. Quant \u00e0 la composante <i style=\"mso-bidi-font-style: normal;\">\u00ab\u00a0appui \u00e0 la promotion de l&#8217;emploi des jeunes\u00a0\u00bb<\/i>, elle a form\u00e9 4954 jeunes sur les techniques entrepreneuriales ainsi que 1333 jeunes\nsur la gestion de cr\u00e9dit en neuf (9) ans ; octroy\u00e9 des cr\u00e9dits \u00e0 1260 jeunes et a permis d&rsquo;organiser 122 sessions de formations au profit des jeunes. <\/span><\/p>\n<p class=\"MsoNormal\"><span style=\"font-size: 12.0pt; line-height: 115%; font-family: 'Tw Cen MT','sans-serif';\">Plusieurs t\u00e9moignages de l&rsquo;impact positif du programme sur la vie des b\u00e9n\u00e9ficiaires ont \u00e9t\u00e9 apport\u00e9s. Celui de KPOGO Komlan,\nmenuisier \u00e0 Wahala dans la pr\u00e9fecture de Haho, est illustratif.<span style=\"mso-spacerun: yes;\">\u00a0 <\/span>Gr\u00e2ce \u00e0 un cr\u00e9dit de 2 500 000francs CFA, il a pu r\u00e9aliser son projet de cr\u00e9ation d&rsquo;unit\u00e9s de rabotage et de scierie de bois qui a transform\u00e9 l&rsquo;activit\u00e9 de menuiserie dans la localit\u00e9. Il raconte : <i style=\"mso-bidi-font-style: normal;\">\u00ab Avant pour traiter le bois il faut aller \u00e0 Atakpam\u00e9 ou \u00e0 Nots\u00e8. Ce qui avait un impact n\u00e9gatif sur notre travail car le co\u00fbt du transport rendait nos productions trop ch\u00e8res. Cette unit\u00e9 a contribu\u00e9 \u00e0 la construction du nouveau march\u00e9 de la localit\u00e9 et du lyc\u00e9e de\nWahala\u00a0\u00bb,<\/i> a-t-il indiqu\u00e9. Depuis qu&rsquo;il a install\u00e9 son unit\u00e9 de rabotage et de scierie de bois, ses confr\u00e8res transforment le bois sur place et gagne du temps.<\/span><\/p>\n<p class=\"MsoNormal\"><span style=\"font-size: 12.0pt; line-height: 115%; font-family: 'Tw Cen MT','sans-serif';\">Dans le Nord du pays, des \u00e9leveurs, des couturi\u00e8res, des prestataires services ont tous salu\u00e9 la mise en place de ce projet par le\nGouvernement. Les autorit\u00e9s font savoir que des discussions sont en cours avec les partenaires techniques et financiers pour un PRADEB 2.<\/span><\/p>\n<strong><span style=\"font-family: 'Tw Cen MT','sans-serif';\">(In LE MEDIUM <span style=\"mso-spacerun: yes;\">\u00a0<\/span>n\u00b0541 du 21 au 27 F\u00e9vrier 2023)<\/span><\/strong>\n\n<!-- \/wp:post-content --><!-- wp:paragraph -->\n\n<em><b><span style=\"font-family: 'Tw Cen MT','sans-serif';\">@macite.info<\/span><\/b><\/em>\n\n<!-- \/wp:paragraph --><!-- wp:paragraph -->\n\n<em><b><span style=\"font-family: 'Tw Cen MT','sans-serif';\">E-mail\u00a0: <\/span><\/b><\/em><span style=\"font-family: 'Tw Cen MT','sans-serif';\"><a href=\"mailto:maciteinfo@gmail.com\"><em><b><span style=\"font-family: 'Tw Cen MT','sans-serif'; color: windowtext;\">maciteinfo@gmail.com<\/span><\/b><\/em><\/a><em><b><span style=\"font-family: 'Tw Cen MT','sans-serif';\">; <\/span><\/b><\/em><a href=\"mailto:bawela1@gmail.com\"><em><b><span style=\"font-family: 'Tw Cen MT','sans-serif'; color: windowtext;\">bawela1@gmail.com<\/span><\/b><\/em><\/a><\/span>\n\n<em><b><span style=\"font-family: 'Tw Cen MT','sans-serif';\"><!-- \/wp:paragraph --><!-- wp:paragraph -->Pour vos annonces, (publi)reportages, etc., joignez nous au (00228)91515309\/<\/span><\/b><\/em><strong><i><span style=\"font-family: 'Tw Cen MT','sans-serif';\">79872224<\/span><\/i><\/strong>\n\n<!-- \/wp:paragraph --><!-- wp:paragraph -->\n\n<span style=\"font-family: 'Tw Cen MT','sans-serif';\"><a href=\"http:\/\/www.macite.info\"><em><b><span style=\"font-family: 'Tw Cen MT','sans-serif'; color: windowtext;\">www.macite.info<\/span><\/b><\/em><\/a><em><b><span style=\"font-family: 'Tw Cen MT','sans-serif';\">, L\u2019information, la bonne\u00a0!<\/span><\/b><\/em><\/span>\n\n<!-- \/wp:paragraph -->","protected":false},"excerpt":{"rendered":"<p class=\"text-justify mb-2\" >\u00a0 Le programme d&rsquo;appui au d\u00e9veloppement \u00e0 la base (PRADEB) est arriv\u00e9 \u00e0 son terme. Il a \u00e9t\u00e9 officiellement cl\u00f4tur\u00e9 la semaine derni\u00e8re \u00e0 Lom\u00e9 apr\u00e8s une dizaine d&rsquo;ann\u00e9es de mise en \u0153uvre. Il avait pour but d&rsquo;am\u00e9liorer les conditions de vie des populations vuln\u00e9rables. [&hellip;]<\/p>\n","protected":false},"author":2,"featured_media":3689,"comment_status":"open","ping_status":"open","sticky":false,"template":"","format":"standard","meta":{"footnotes":""},"categories":[15],"tags":[],"class_list":["post-3687","post","type-post","status-publish","format-standard","has-post-thumbnail","hentry","category-developpement"],"yoast_head":"<!-- This site is optimized with the Yoast SEO plugin v28.4 - https:\/\/yoast.com\/product\/yoast-seo-wordpress\/ -->\n<title>D\u00c9VELOPPEMENT A LA BASE\u00a0: PRADEB\u2026 Satisfecit sur toute la ligne -<\/title>\n<meta name=\"robots\" content=\"index, follow, max-snippet:-1, max-image-preview:large, max-video-preview:-1\" \/>\n<link rel=\"canonical\" href=\"https:\/\/macite.tg\/?p=3687\" \/>\n<meta property=\"og:locale\" content=\"fr_FR\" \/>\n<meta property=\"og:type\" content=\"article\" \/>\n<meta property=\"og:title\" content=\"D\u00c9VELOPPEMENT A LA BASE\u00a0: PRADEB\u2026 Satisfecit sur toute la ligne -\" \/>\n<meta property=\"og:description\" content=\"\u00a0 Le programme d&rsquo;appui au d\u00e9veloppement \u00e0 la base (PRADEB) est arriv\u00e9 \u00e0 son terme. Il a \u00e9t\u00e9 officiellement cl\u00f4tur\u00e9 la semaine derni\u00e8re \u00e0 Lom\u00e9 apr\u00e8s une dizaine d&rsquo;ann\u00e9es de mise en \u0153uvre. Il avait pour but d&rsquo;am\u00e9liorer les conditions de vie des populations vuln\u00e9rables. [&hellip;]\" \/>\n<meta property=\"og:url\" content=\"https:\/\/macite.tg\/?p=3687\" \/>\n<meta property=\"article:published_time\" content=\"2023-02-21T12:26:43+00:00\" \/>\n<meta property=\"article:modified_time\" content=\"2023-02-21T12:30:48+00:00\" \/>\n<meta property=\"og:image\" content=\"https:\/\/macite.tg\/wp-content\/uploads\/2023\/02\/IMG-20230220-WA0086.jpg\" \/>\n\t<meta property=\"og:image:width\" content=\"1080\" \/>\n\t<meta property=\"og:image:height\" content=\"720\" \/>\n\t<meta property=\"og:image:type\" content=\"image\/jpeg\" \/>\n<meta name=\"author\" content=\"Jean Pierre BAWELA\" \/>\n<meta name=\"twitter:card\" content=\"summary_large_image\" \/>\n<meta name=\"twitter:label1\" content=\"\u00c9crit par\" \/>\n\t<meta name=\"twitter:data1\" content=\"Jean Pierre BAWELA\" \/>\n\t<meta name=\"twitter:label2\" content=\"Dur\u00e9e de lecture estim\u00e9e\" \/>\n\t<meta name=\"twitter:data2\" content=\"3 minutes\" \/>\n<script type=\"application\/ld+json\" class=\"yoast-schema-graph\">{\"@context\":\"https:\\\/\\\/schema.org\",\"@graph\":[{\"@type\":\"Article\",\"@id\":\"https:\\\/\\\/macite.tg\\\/?p=3687#article\",\"isPartOf\":{\"@id\":\"https:\\\/\\\/macite.tg\\\/?p=3687\"},\"author\":{\"name\":\"Jean Pierre BAWELA\",\"@id\":\"https:\\\/\\\/macite.tg\\\/#\\\/schema\\\/person\\\/e9f2de7e5dbbe7770a9402c7ce82f5c2\"},\"headline\":\"D\u00c9VELOPPEMENT A LA BASE\u00a0: PRADEB\u2026 Satisfecit sur toute la ligne\",\"datePublished\":\"2023-02-21T12:26:43+00:00\",\"dateModified\":\"2023-02-21T12:30:48+00:00\",\"mainEntityOfPage\":{\"@id\":\"https:\\\/\\\/macite.tg\\\/?p=3687\"},\"wordCount\":563,\"commentCount\":0,\"image\":{\"@id\":\"https:\\\/\\\/macite.tg\\\/?p=3687#primaryimage\"},\"thumbnailUrl\":\"https:\\\/\\\/macite.tg\\\/wp-content\\\/uploads\\\/2023\\\/02\\\/IMG-20230220-WA0086.jpg\",\"articleSection\":[\"DEVELOPPEMENT\"],\"inLanguage\":\"fr-FR\",\"potentialAction\":[{\"@type\":\"CommentAction\",\"name\":\"Comment\",\"target\":[\"https:\\\/\\\/macite.tg\\\/?p=3687#respond\"]}]},{\"@type\":\"WebPage\",\"@id\":\"https:\\\/\\\/macite.tg\\\/?p=3687\",\"url\":\"https:\\\/\\\/macite.tg\\\/?p=3687\",\"name\":\"D\u00c9VELOPPEMENT A LA BASE\u00a0: PRADEB\u2026 Satisfecit sur toute la ligne -\",\"isPartOf\":{\"@id\":\"https:\\\/\\\/macite.tg\\\/#website\"},\"primaryImageOfPage\":{\"@id\":\"https:\\\/\\\/macite.tg\\\/?p=3687#primaryimage\"},\"image\":{\"@id\":\"https:\\\/\\\/macite.tg\\\/?p=3687#primaryimage\"},\"thumbnailUrl\":\"https:\\\/\\\/macite.tg\\\/wp-content\\\/uploads\\\/2023\\\/02\\\/IMG-20230220-WA0086.jpg\",\"datePublished\":\"2023-02-21T12:26:43+00:00\",\"dateModified\":\"2023-02-21T12:30:48+00:00\",\"author\":{\"@id\":\"https:\\\/\\\/macite.tg\\\/#\\\/schema\\\/person\\\/e9f2de7e5dbbe7770a9402c7ce82f5c2\"},\"breadcrumb\":{\"@id\":\"https:\\\/\\\/macite.tg\\\/?p=3687#breadcrumb\"},\"inLanguage\":\"fr-FR\",\"potentialAction\":[{\"@type\":\"ReadAction\",\"target\":[\"https:\\\/\\\/macite.tg\\\/?p=3687\"]}]},{\"@type\":\"ImageObject\",\"inLanguage\":\"fr-FR\",\"@id\":\"https:\\\/\\\/macite.tg\\\/?p=3687#primaryimage\",\"url\":\"https:\\\/\\\/macite.tg\\\/wp-content\\\/uploads\\\/2023\\\/02\\\/IMG-20230220-WA0086.jpg\",\"contentUrl\":\"https:\\\/\\\/macite.tg\\\/wp-content\\\/uploads\\\/2023\\\/02\\\/IMG-20230220-WA0086.jpg\",\"width\":1080,\"height\":720},{\"@type\":\"BreadcrumbList\",\"@id\":\"https:\\\/\\\/macite.tg\\\/?p=3687#breadcrumb\",\"itemListElement\":[{\"@type\":\"ListItem\",\"position\":1,\"name\":\"Accueil\",\"item\":\"https:\\\/\\\/macite.tg\\\/\"},{\"@type\":\"ListItem\",\"position\":2,\"name\":\"D\u00c9VELOPPEMENT A LA BASE\u00a0: PRADEB\u2026 Satisfecit sur toute la ligne\"}]},{\"@type\":\"WebSite\",\"@id\":\"https:\\\/\\\/macite.tg\\\/#website\",\"url\":\"https:\\\/\\\/macite.tg\\\/\",\"name\":\"\",\"description\":\"L&#039;information, la bonne!!!\",\"potentialAction\":[{\"@type\":\"SearchAction\",\"target\":{\"@type\":\"EntryPoint\",\"urlTemplate\":\"https:\\\/\\\/macite.tg\\\/?s={search_term_string}\"},\"query-input\":{\"@type\":\"PropertyValueSpecification\",\"valueRequired\":true,\"valueName\":\"search_term_string\"}}],\"inLanguage\":\"fr-FR\"},{\"@type\":\"Person\",\"@id\":\"https:\\\/\\\/macite.tg\\\/#\\\/schema\\\/person\\\/e9f2de7e5dbbe7770a9402c7ce82f5c2\",\"name\":\"Jean Pierre BAWELA\",\"image\":{\"@type\":\"ImageObject\",\"inLanguage\":\"fr-FR\",\"@id\":\"https:\\\/\\\/macite.tg\\\/wp-content\\\/uploads\\\/2023\\\/09\\\/WhatsApp-Image-2023-09-19-at-14.44.41-122x122.jpeg\",\"url\":\"https:\\\/\\\/macite.tg\\\/wp-content\\\/uploads\\\/2023\\\/09\\\/WhatsApp-Image-2023-09-19-at-14.44.41-122x122.jpeg\",\"contentUrl\":\"https:\\\/\\\/macite.tg\\\/wp-content\\\/uploads\\\/2023\\\/09\\\/WhatsApp-Image-2023-09-19-at-14.44.41-122x122.jpeg\",\"caption\":\"Jean Pierre BAWELA\"},\"url\":\"https:\\\/\\\/macite.tg\\\/?author=2\"}]}<\/script>\n<!-- \/ Yoast SEO plugin. -->","yoast_head_json":{"title":"D\u00c9VELOPPEMENT A LA BASE\u00a0: PRADEB\u2026 Satisfecit sur toute la ligne -","robots":{"index":"index","follow":"follow","max-snippet":"max-snippet:-1","max-image-preview":"max-image-preview:large","max-video-preview":"max-video-preview:-1"},"canonical":"https:\/\/macite.tg\/?p=3687","og_locale":"fr_FR","og_type":"article","og_title":"D\u00c9VELOPPEMENT A LA BASE\u00a0: PRADEB\u2026 Satisfecit sur toute la ligne -","og_description":"\u00a0 Le programme d&rsquo;appui au d\u00e9veloppement \u00e0 la base (PRADEB) est arriv\u00e9 \u00e0 son terme. Il a \u00e9t\u00e9 officiellement cl\u00f4tur\u00e9 la semaine derni\u00e8re \u00e0 Lom\u00e9 apr\u00e8s une dizaine d&rsquo;ann\u00e9es de mise en \u0153uvre. Il avait pour but d&rsquo;am\u00e9liorer les conditions de vie des populations vuln\u00e9rables. [&hellip;]","og_url":"https:\/\/macite.tg\/?p=3687","article_published_time":"2023-02-21T12:26:43+00:00","article_modified_time":"2023-02-21T12:30:48+00:00","og_image":[{"width":1080,"height":720,"url":"https:\/\/macite.tg\/wp-content\/uploads\/2023\/02\/IMG-20230220-WA0086.jpg","type":"image\/jpeg"}],"author":"Jean Pierre BAWELA","twitter_card":"summary_large_image","twitter_misc":{"\u00c9crit par":"Jean Pierre BAWELA","Dur\u00e9e de lecture estim\u00e9e":"3 minutes"},"schema":{"@context":"https:\/\/schema.org","@graph":[{"@type":"Article","@id":"https:\/\/macite.tg\/?p=3687#article","isPartOf":{"@id":"https:\/\/macite.tg\/?p=3687"},"author":{"name":"Jean Pierre BAWELA","@id":"https:\/\/macite.tg\/#\/schema\/person\/e9f2de7e5dbbe7770a9402c7ce82f5c2"},"headline":"D\u00c9VELOPPEMENT A LA BASE\u00a0: PRADEB\u2026 Satisfecit sur toute la ligne","datePublished":"2023-02-21T12:26:43+00:00","dateModified":"2023-02-21T12:30:48+00:00","mainEntityOfPage":{"@id":"https:\/\/macite.tg\/?p=3687"},"wordCount":563,"commentCount":0,"image":{"@id":"https:\/\/macite.tg\/?p=3687#primaryimage"},"thumbnailUrl":"https:\/\/macite.tg\/wp-content\/uploads\/2023\/02\/IMG-20230220-WA0086.jpg","articleSection":["DEVELOPPEMENT"],"inLanguage":"fr-FR","potentialAction":[{"@type":"CommentAction","name":"Comment","target":["https:\/\/macite.tg\/?p=3687#respond"]}]},{"@type":"WebPage","@id":"https:\/\/macite.tg\/?p=3687","url":"https:\/\/macite.tg\/?p=3687","name":"D\u00c9VELOPPEMENT A LA BASE\u00a0: PRADEB\u2026 Satisfecit sur toute la ligne -","isPartOf":{"@id":"https:\/\/macite.tg\/#website"},"primaryImageOfPage":{"@id":"https:\/\/macite.tg\/?p=3687#primaryimage"},"image":{"@id":"https:\/\/macite.tg\/?p=3687#primaryimage"},"thumbnailUrl":"https:\/\/macite.tg\/wp-content\/uploads\/2023\/02\/IMG-20230220-WA0086.jpg","datePublished":"2023-02-21T12:26:43+00:00","dateModified":"2023-02-21T12:30:48+00:00","author":{"@id":"https:\/\/macite.tg\/#\/schema\/person\/e9f2de7e5dbbe7770a9402c7ce82f5c2"},"breadcrumb":{"@id":"https:\/\/macite.tg\/?p=3687#breadcrumb"},"inLanguage":"fr-FR","potentialAction":[{"@type":"ReadAction","target":["https:\/\/macite.tg\/?p=3687"]}]},{"@type":"ImageObject","inLanguage":"fr-FR","@id":"https:\/\/macite.tg\/?p=3687#primaryimage","url":"https:\/\/macite.tg\/wp-content\/uploads\/2023\/02\/IMG-20230220-WA0086.jpg","contentUrl":"https:\/\/macite.tg\/wp-content\/uploads\/2023\/02\/IMG-20230220-WA0086.jpg","width":1080,"height":720},{"@type":"BreadcrumbList","@id":"https:\/\/macite.tg\/?p=3687#breadcrumb","itemListElement":[{"@type":"ListItem","position":1,"name":"Accueil","item":"https:\/\/macite.tg\/"},{"@type":"ListItem","position":2,"name":"D\u00c9VELOPPEMENT A LA BASE\u00a0: PRADEB\u2026 Satisfecit sur toute la ligne"}]},{"@type":"WebSite","@id":"https:\/\/macite.tg\/#website","url":"https:\/\/macite.tg\/","name":"","description":"L&#039;information, la bonne!!!","potentialAction":[{"@type":"SearchAction","target":{"@type":"EntryPoint","urlTemplate":"https:\/\/macite.tg\/?s={search_term_string}"},"query-input":{"@type":"PropertyValueSpecification","valueRequired":true,"valueName":"search_term_string"}}],"inLanguage":"fr-FR"},{"@type":"Person","@id":"https:\/\/macite.tg\/#\/schema\/person\/e9f2de7e5dbbe7770a9402c7ce82f5c2","name":"Jean Pierre BAWELA","image":{"@type":"ImageObject","inLanguage":"fr-FR","@id":"https:\/\/macite.tg\/wp-content\/uploads\/2023\/09\/WhatsApp-Image-2023-09-19-at-14.44.41-122x122.jpeg","url":"https:\/\/macite.tg\/wp-content\/uploads\/2023\/09\/WhatsApp-Image-2023-09-19-at-14.44.41-122x122.jpeg","contentUrl":"https:\/\/macite.tg\/wp-content\/uploads\/2023\/09\/WhatsApp-Image-2023-09-19-at-14.44.41-122x122.jpeg","caption":"Jean Pierre BAWELA"},"url":"https:\/\/macite.tg\/?author=2"}]}},"_links":{"self":[{"href":"https:\/\/macite.tg\/index.php?rest_route=\/wp\/v2\/posts\/3687","targetHints":{"allow":["GET"]}}],"collection":[{"href":"https:\/\/macite.tg\/index.php?rest_route=\/wp\/v2\/posts"}],"about":[{"href":"https:\/\/macite.tg\/index.php?rest_route=\/wp\/v2\/types\/post"}],"author":[{"embeddable":true,"href":"https:\/\/macite.tg\/index.php?rest_route=\/wp\/v2\/users\/2"}],"replies":[{"embeddable":true,"href":"https:\/\/macite.tg\/index.php?rest_route=%2Fwp%2Fv2%2Fcomments&post=3687"}],"version-history":[{"count":0,"href":"https:\/\/macite.tg\/index.php?rest_route=\/wp\/v2\/posts\/3687\/revisions"}],"wp:featuredmedia":[{"embeddable":true,"href":"https:\/\/macite.tg\/index.php?rest_route=\/wp\/v2\/media\/3689"}],"wp:attachment":[{"href":"https:\/\/macite.tg\/index.php?rest_route=%2Fwp%2Fv2%2Fmedia&parent=3687"}],"wp:term":[{"taxonomy":"category","embeddable":true,"href":"https:\/\/macite.tg\/index.php?rest_route=%2Fwp%2Fv2%2Fcategories&post=3687"},{"taxonomy":"post_tag","embeddable":true,"href":"https:\/\/macite.tg\/index.php?rest_route=%2Fwp%2Fv2%2Ftags&post=3687"}],"curies":[{"name":"wp","href":"https:\/\/api.w.org\/{rel}","templated":true}]}}