{"id":363,"date":"2022-09-26T09:17:16","date_gmt":"2022-09-26T09:17:16","guid":{"rendered":"https:\/\/macite.info\/?p=363"},"modified":"2022-09-26T09:19:58","modified_gmt":"2022-09-26T09:19:58","slug":"don-de-fournitures-scolaires-le-depute-noel-de-poukn-au-chevet-de-600-orphelins-de-badja","status":"publish","type":"post","link":"https:\/\/macite.tg\/?p=363","title":{"rendered":"DON DE FOURNITURES SCOLAIRES: Le D\u00e9put\u00e9 No\u00ebl De Poukn au chevet de 600 orphelins de Badja"},"content":{"rendered":"\n<p class=\"wp-block-paragraph\"><strong><em>A 48 heures de la rentr\u00e9e scolaire, l\u2019association \u2018\u2019Mieux \u00catre pour Tous\u2019\u2019 d\u2019Agodokpo, dans le canton de Badja (pr\u00e9fecture de l\u2019Av\u00e9), a re\u00e7u la visite du d\u00e9put\u00e9 No\u00ebl De Poukn qui avait les bras charg\u00e9s de cadeaux.<\/em><\/strong><\/p>\n\n\n<div class=\"wp-block-image\">\n<figure class=\"aligncenter size-full is-resized\"><img loading=\"lazy\" decoding=\"async\" src=\"https:\/\/macite.tg\/wp-content\/uploads\/2022\/09\/Noel.jpg\" alt=\"\" class=\"wp-image-370\" width=\"731\" height=\"261\" srcset=\"https:\/\/macite.tg\/wp-content\/uploads\/2022\/09\/Noel.jpg 600w, https:\/\/macite.tg\/wp-content\/uploads\/2022\/09\/Noel-300x107.jpg 300w\" sizes=\"auto, (max-width: 731px) 100vw, 731px\" \/><figcaption><em><strong>Remise symbolique du don aux b\u00e9n\u00e9ficiaires.<\/strong><\/em><\/figcaption><\/figure>\n<\/div>\n\n\n<p class=\"wp-block-paragraph\">Une semaine apr\u00e8s avoir offert du mat\u00e9riel didactique aux \u00e9tablissements de l\u2019Oti-Nord, voici \u00e0 nouveau l\u2019honorable No\u00ebl De Poukn dans la pr\u00e9fecture de l\u2019Av\u00e9, o\u00f9 l\u2019homme au grand c\u0153ur a fait don de kits scolaires aux pensionnaires de l\u2019orphelinat \u2018\u2019Association Mieux \u00catre pour Tous\u2019\u2019, d\u2019Agodokpo, dans le canton de Badja.<\/p>\n\n\n\n<p class=\"wp-block-paragraph\">Ce geste de g\u00e9n\u00e9rosit\u00e9 du d\u00e9put\u00e9 No\u00ebl De Poukn, \u00e9galement pr\u00e9sident de l\u2019Action des Tropiques pour l\u2019Int\u00e9gration Rurale (ATIR), est une r\u00e9ponse \u00e0 la demande exprim\u00e9e par les responsables de cet orphelinat.<\/p>\n\n\n<div class=\"wp-block-image\">\n<figure class=\"aligncenter size-full is-resized\"><img loading=\"lazy\" decoding=\"async\" src=\"https:\/\/macite.tg\/wp-content\/uploads\/2022\/09\/IMG-20220925-WA0017.jpg\" alt=\"\" class=\"wp-image-366\" width=\"777\" height=\"582\" srcset=\"https:\/\/macite.tg\/wp-content\/uploads\/2022\/09\/IMG-20220925-WA0017.jpg 1024w, https:\/\/macite.tg\/wp-content\/uploads\/2022\/09\/IMG-20220925-WA0017-300x225.jpg 300w, https:\/\/macite.tg\/wp-content\/uploads\/2022\/09\/IMG-20220925-WA0017-768x576.jpg 768w\" sizes=\"auto, (max-width: 777px) 100vw, 777px\" \/><figcaption><em><strong>Photo de famille<\/strong><\/em><\/figcaption><\/figure>\n<\/div>\n\n\n<p class=\"wp-block-paragraph\">Il s\u2019agissait pour le d\u00e9put\u00e9 de la majorit\u00e9 au pouvoir, \u00e0 travers ce geste, de donner aux enfants des orphelinats, les m\u00eames chances d\u2019\u00e9ducation que les autres enfants.<\/p>\n\n\n\n<p class=\"wp-block-paragraph\">Compos\u00e9 de de fournitures scolaires, de vivres, et d\u2019un ch\u00e8que de 500 mille francs CFA, ce don devrait permettre \u00e0 pr\u00e8s de 600 orphelins de d\u00e9marrer dans de bonnes conditions, cette ann\u00e9e scolaire 2022-2023.&nbsp;<\/p>\n\n\n\n<p class=\"wp-block-paragraph\">Tout en t\u00e9moignant sa gratitude au Chef de l\u2019\u00c9tat qui, \u00e0 travers la gratuit\u00e9 de l\u2019\u00e9cole primaire et secondaire, garantit une \u00e9ducation de qualit\u00e9 \u00e0 tous les enfants sans discrimination, l\u2019honorable No\u00ebl De Poukn a soulign\u00e9 qu\u2019il \u00e9tait plus que n\u00e9cessaire pour son organisation de venir en aide aux couches les plus vuln\u00e9rables \u00e0 la veille de la rentr\u00e9e scolaire.<\/p>\n\n\n\n<p class=\"wp-block-paragraph\">Cette action de g\u00e9n\u00e9rosit\u00e9 a \u00e9t\u00e9 bien accueillie par le promoteur de l\u2019orphelinat \u2018\u2019Association Mieux \u00catre pour Tous\u2019\u2019, Roger Sodji. Il a, au nom des b\u00e9n\u00e9ficiaires, exprim\u00e9 toute sa gratitude au g\u00e9n\u00e9reux donateur.<\/p>\n\n\n<div class=\"wp-block-image\">\n<figure class=\"aligncenter size-full is-resized\"><img loading=\"lazy\" decoding=\"async\" src=\"https:\/\/macite.tg\/wp-content\/uploads\/2022\/09\/IMG-20220925-WA0024-1.jpg\" alt=\"\" class=\"wp-image-368\" width=\"749\" height=\"561\" srcset=\"https:\/\/macite.tg\/wp-content\/uploads\/2022\/09\/IMG-20220925-WA0024-1.jpg 1024w, https:\/\/macite.tg\/wp-content\/uploads\/2022\/09\/IMG-20220925-WA0024-1-300x225.jpg 300w, https:\/\/macite.tg\/wp-content\/uploads\/2022\/09\/IMG-20220925-WA0024-1-768x576.jpg 768w\" sizes=\"auto, (max-width: 749px) 100vw, 749px\" \/><figcaption><em><strong>Le D\u00e9put\u00e9 No\u00ebl De Poukn s&rsquo;adressant aux b\u00e9n\u00e9ficiaires.<\/strong><\/em><\/figcaption><\/figure>\n<\/div>\n\n\n<p class=\"wp-block-paragraph\">Ce sentiment partag\u00e9 par le chef canton de Badja, Togbui Komi Akoutsa Avogan VII. Pour ce gardien des us et coutumes, si le d\u00e9put\u00e9 No\u00ebl De Poukn, qui n\u2019est ni de la r\u00e9gion des Plateaux, encore moins de la pr\u00e9fecture de l\u2019Av\u00e9, est venu poser ce geste humanitaire, c\u2019est simplement que sa g\u00e9n\u00e9rosit\u00e9 n\u2019a pas de fronti\u00e8re. Le chef canton de Badja a, au nom des populations, remerci\u00e9 le D\u00e9put\u00e9 No\u00ebl De Poukn et les membres de son organisation, ATIR.<\/p>\n\n\n\n<p class=\"wp-block-paragraph\"><strong>JPB<\/strong><\/p>\n\n\n\n<p class=\"wp-block-paragraph\"><strong><em>@macite.info<\/em><\/strong><\/p>\n\n\n\n<p class=\"wp-block-paragraph\"><strong><em>E-mail&nbsp;: <\/em><\/strong><a href=\"mailto:maciteinfo@gmail.com\"><strong><em>maciteinfo@gmail.com<\/em><\/strong><\/a><strong><em>; <\/em><\/strong><a href=\"mailto:bawela1@gmail.com\"><strong><em>bawela1@gmail.com<\/em><\/strong><\/a><\/p>\n\n\n\n<p class=\"wp-block-paragraph\"><strong><em>Pour vos annonces, (publi)reportages, etc., joignez nous au (00228) 91515309\/<strong>79872224<\/strong><\/em><\/strong><em><\/em><\/p>\n\n\n\n<p class=\"wp-block-paragraph\"><a href=\"http:\/\/www.macite.info\"><strong><em>www.macite.info<\/em><\/strong><\/a><strong><em>, L\u2019information, la bonne&nbsp;!<\/em><\/strong><\/p>\n","protected":false},"excerpt":{"rendered":"<p class=\"text-justify mb-2\" >A 48 heures de la rentr\u00e9e scolaire, l\u2019association \u2018\u2019Mieux \u00catre pour Tous\u2019\u2019 d\u2019Agodokpo, dans le canton de Badja (pr\u00e9fecture de l\u2019Av\u00e9), a re\u00e7u la visite du d\u00e9put\u00e9 No\u00ebl De Poukn qui avait les bras charg\u00e9s de cadeaux. Une semaine apr\u00e8s avoir offert du mat\u00e9riel didactique [&hellip;]<\/p>\n","protected":false},"author":2,"featured_media":365,"comment_status":"open","ping_status":"open","sticky":false,"template":"","format":"standard","meta":{"footnotes":""},"categories":[6],"tags":[],"class_list":["post-363","post","type-post","status-publish","format-standard","has-post-thumbnail","hentry","category-societe"],"yoast_head":"<!-- This site is optimized with the Yoast SEO plugin v28.4 - https:\/\/yoast.com\/product\/yoast-seo-wordpress\/ -->\n<title>DON DE FOURNITURES SCOLAIRES: Le D\u00e9put\u00e9 No\u00ebl De Poukn au chevet de 600 orphelins de Badja -<\/title>\n<meta name=\"robots\" content=\"index, follow, max-snippet:-1, max-image-preview:large, max-video-preview:-1\" \/>\n<link rel=\"canonical\" href=\"https:\/\/macite.tg\/?p=363\" \/>\n<meta property=\"og:locale\" content=\"fr_FR\" \/>\n<meta property=\"og:type\" content=\"article\" \/>\n<meta property=\"og:title\" content=\"DON DE FOURNITURES SCOLAIRES: Le D\u00e9put\u00e9 No\u00ebl De Poukn au chevet de 600 orphelins de Badja -\" \/>\n<meta property=\"og:description\" content=\"A 48 heures de la rentr\u00e9e scolaire, l\u2019association \u2018\u2019Mieux \u00catre pour Tous\u2019\u2019 d\u2019Agodokpo, dans le canton de Badja (pr\u00e9fecture de l\u2019Av\u00e9), a re\u00e7u la visite du d\u00e9put\u00e9 No\u00ebl De Poukn qui avait les bras charg\u00e9s de cadeaux. Une semaine apr\u00e8s avoir offert du mat\u00e9riel didactique [&hellip;]\" \/>\n<meta property=\"og:url\" content=\"https:\/\/macite.tg\/?p=363\" \/>\n<meta property=\"article:published_time\" content=\"2022-09-26T09:17:16+00:00\" \/>\n<meta property=\"article:modified_time\" content=\"2022-09-26T09:19:58+00:00\" \/>\n<meta property=\"og:image\" content=\"https:\/\/macite.tg\/wp-content\/uploads\/2022\/09\/ANoel-1.jpg\" \/>\n\t<meta property=\"og:image:width\" content=\"600\" \/>\n\t<meta property=\"og:image:height\" content=\"204\" \/>\n\t<meta property=\"og:image:type\" content=\"image\/jpeg\" \/>\n<meta name=\"author\" content=\"Jean Pierre BAWELA\" \/>\n<meta name=\"twitter:card\" content=\"summary_large_image\" \/>\n<meta name=\"twitter:label1\" content=\"\u00c9crit par\" \/>\n\t<meta name=\"twitter:data1\" content=\"Jean Pierre BAWELA\" \/>\n\t<meta name=\"twitter:label2\" content=\"Dur\u00e9e de lecture estim\u00e9e\" \/>\n\t<meta name=\"twitter:data2\" content=\"3 minutes\" \/>\n<script type=\"application\/ld+json\" class=\"yoast-schema-graph\">{\"@context\":\"https:\\\/\\\/schema.org\",\"@graph\":[{\"@type\":\"Article\",\"@id\":\"https:\\\/\\\/macite.tg\\\/?p=363#article\",\"isPartOf\":{\"@id\":\"https:\\\/\\\/macite.tg\\\/?p=363\"},\"author\":{\"name\":\"Jean Pierre BAWELA\",\"@id\":\"https:\\\/\\\/macite.tg\\\/#\\\/schema\\\/person\\\/e9f2de7e5dbbe7770a9402c7ce82f5c2\"},\"headline\":\"DON DE FOURNITURES SCOLAIRES: Le D\u00e9put\u00e9 No\u00ebl De Poukn au chevet de 600 orphelins de Badja\",\"datePublished\":\"2022-09-26T09:17:16+00:00\",\"dateModified\":\"2022-09-26T09:19:58+00:00\",\"mainEntityOfPage\":{\"@id\":\"https:\\\/\\\/macite.tg\\\/?p=363\"},\"wordCount\":482,\"commentCount\":0,\"image\":{\"@id\":\"https:\\\/\\\/macite.tg\\\/?p=363#primaryimage\"},\"thumbnailUrl\":\"https:\\\/\\\/macite.tg\\\/wp-content\\\/uploads\\\/2022\\\/09\\\/ANoel-1.jpg\",\"articleSection\":[\"SOCIETE\"],\"inLanguage\":\"fr-FR\",\"potentialAction\":[{\"@type\":\"CommentAction\",\"name\":\"Comment\",\"target\":[\"https:\\\/\\\/macite.tg\\\/?p=363#respond\"]}]},{\"@type\":\"WebPage\",\"@id\":\"https:\\\/\\\/macite.tg\\\/?p=363\",\"url\":\"https:\\\/\\\/macite.tg\\\/?p=363\",\"name\":\"DON DE FOURNITURES SCOLAIRES: Le D\u00e9put\u00e9 No\u00ebl De Poukn au chevet de 600 orphelins de Badja -\",\"isPartOf\":{\"@id\":\"https:\\\/\\\/macite.tg\\\/#website\"},\"primaryImageOfPage\":{\"@id\":\"https:\\\/\\\/macite.tg\\\/?p=363#primaryimage\"},\"image\":{\"@id\":\"https:\\\/\\\/macite.tg\\\/?p=363#primaryimage\"},\"thumbnailUrl\":\"https:\\\/\\\/macite.tg\\\/wp-content\\\/uploads\\\/2022\\\/09\\\/ANoel-1.jpg\",\"datePublished\":\"2022-09-26T09:17:16+00:00\",\"dateModified\":\"2022-09-26T09:19:58+00:00\",\"author\":{\"@id\":\"https:\\\/\\\/macite.tg\\\/#\\\/schema\\\/person\\\/e9f2de7e5dbbe7770a9402c7ce82f5c2\"},\"breadcrumb\":{\"@id\":\"https:\\\/\\\/macite.tg\\\/?p=363#breadcrumb\"},\"inLanguage\":\"fr-FR\",\"potentialAction\":[{\"@type\":\"ReadAction\",\"target\":[\"https:\\\/\\\/macite.tg\\\/?p=363\"]}]},{\"@type\":\"ImageObject\",\"inLanguage\":\"fr-FR\",\"@id\":\"https:\\\/\\\/macite.tg\\\/?p=363#primaryimage\",\"url\":\"https:\\\/\\\/macite.tg\\\/wp-content\\\/uploads\\\/2022\\\/09\\\/ANoel-1.jpg\",\"contentUrl\":\"https:\\\/\\\/macite.tg\\\/wp-content\\\/uploads\\\/2022\\\/09\\\/ANoel-1.jpg\",\"width\":600,\"height\":204,\"caption\":\"Remise symbolique du ch\u00e8que et du don...\"},{\"@type\":\"BreadcrumbList\",\"@id\":\"https:\\\/\\\/macite.tg\\\/?p=363#breadcrumb\",\"itemListElement\":[{\"@type\":\"ListItem\",\"position\":1,\"name\":\"Accueil\",\"item\":\"https:\\\/\\\/macite.tg\\\/\"},{\"@type\":\"ListItem\",\"position\":2,\"name\":\"DON DE FOURNITURES SCOLAIRES: Le D\u00e9put\u00e9 No\u00ebl De Poukn au chevet de 600 orphelins de Badja\"}]},{\"@type\":\"WebSite\",\"@id\":\"https:\\\/\\\/macite.tg\\\/#website\",\"url\":\"https:\\\/\\\/macite.tg\\\/\",\"name\":\"\",\"description\":\"L&#039;information, la bonne!!!\",\"potentialAction\":[{\"@type\":\"SearchAction\",\"target\":{\"@type\":\"EntryPoint\",\"urlTemplate\":\"https:\\\/\\\/macite.tg\\\/?s={search_term_string}\"},\"query-input\":{\"@type\":\"PropertyValueSpecification\",\"valueRequired\":true,\"valueName\":\"search_term_string\"}}],\"inLanguage\":\"fr-FR\"},{\"@type\":\"Person\",\"@id\":\"https:\\\/\\\/macite.tg\\\/#\\\/schema\\\/person\\\/e9f2de7e5dbbe7770a9402c7ce82f5c2\",\"name\":\"Jean Pierre BAWELA\",\"image\":{\"@type\":\"ImageObject\",\"inLanguage\":\"fr-FR\",\"@id\":\"https:\\\/\\\/macite.tg\\\/wp-content\\\/uploads\\\/2023\\\/09\\\/WhatsApp-Image-2023-09-19-at-14.44.41-122x122.jpeg\",\"url\":\"https:\\\/\\\/macite.tg\\\/wp-content\\\/uploads\\\/2023\\\/09\\\/WhatsApp-Image-2023-09-19-at-14.44.41-122x122.jpeg\",\"contentUrl\":\"https:\\\/\\\/macite.tg\\\/wp-content\\\/uploads\\\/2023\\\/09\\\/WhatsApp-Image-2023-09-19-at-14.44.41-122x122.jpeg\",\"caption\":\"Jean Pierre BAWELA\"},\"url\":\"https:\\\/\\\/macite.tg\\\/?author=2\"}]}<\/script>\n<!-- \/ Yoast SEO plugin. -->","yoast_head_json":{"title":"DON DE FOURNITURES SCOLAIRES: Le D\u00e9put\u00e9 No\u00ebl De Poukn au chevet de 600 orphelins de Badja -","robots":{"index":"index","follow":"follow","max-snippet":"max-snippet:-1","max-image-preview":"max-image-preview:large","max-video-preview":"max-video-preview:-1"},"canonical":"https:\/\/macite.tg\/?p=363","og_locale":"fr_FR","og_type":"article","og_title":"DON DE FOURNITURES SCOLAIRES: Le D\u00e9put\u00e9 No\u00ebl De Poukn au chevet de 600 orphelins de Badja -","og_description":"A 48 heures de la rentr\u00e9e scolaire, l\u2019association \u2018\u2019Mieux \u00catre pour Tous\u2019\u2019 d\u2019Agodokpo, dans le canton de Badja (pr\u00e9fecture de l\u2019Av\u00e9), a re\u00e7u la visite du d\u00e9put\u00e9 No\u00ebl De Poukn qui avait les bras charg\u00e9s de cadeaux. Une semaine apr\u00e8s avoir offert du mat\u00e9riel didactique [&hellip;]","og_url":"https:\/\/macite.tg\/?p=363","article_published_time":"2022-09-26T09:17:16+00:00","article_modified_time":"2022-09-26T09:19:58+00:00","og_image":[{"width":600,"height":204,"url":"https:\/\/macite.tg\/wp-content\/uploads\/2022\/09\/ANoel-1.jpg","type":"image\/jpeg"}],"author":"Jean Pierre BAWELA","twitter_card":"summary_large_image","twitter_misc":{"\u00c9crit par":"Jean Pierre BAWELA","Dur\u00e9e de lecture estim\u00e9e":"3 minutes"},"schema":{"@context":"https:\/\/schema.org","@graph":[{"@type":"Article","@id":"https:\/\/macite.tg\/?p=363#article","isPartOf":{"@id":"https:\/\/macite.tg\/?p=363"},"author":{"name":"Jean Pierre BAWELA","@id":"https:\/\/macite.tg\/#\/schema\/person\/e9f2de7e5dbbe7770a9402c7ce82f5c2"},"headline":"DON DE FOURNITURES SCOLAIRES: Le D\u00e9put\u00e9 No\u00ebl De Poukn au chevet de 600 orphelins de Badja","datePublished":"2022-09-26T09:17:16+00:00","dateModified":"2022-09-26T09:19:58+00:00","mainEntityOfPage":{"@id":"https:\/\/macite.tg\/?p=363"},"wordCount":482,"commentCount":0,"image":{"@id":"https:\/\/macite.tg\/?p=363#primaryimage"},"thumbnailUrl":"https:\/\/macite.tg\/wp-content\/uploads\/2022\/09\/ANoel-1.jpg","articleSection":["SOCIETE"],"inLanguage":"fr-FR","potentialAction":[{"@type":"CommentAction","name":"Comment","target":["https:\/\/macite.tg\/?p=363#respond"]}]},{"@type":"WebPage","@id":"https:\/\/macite.tg\/?p=363","url":"https:\/\/macite.tg\/?p=363","name":"DON DE FOURNITURES SCOLAIRES: Le D\u00e9put\u00e9 No\u00ebl De Poukn au chevet de 600 orphelins de Badja -","isPartOf":{"@id":"https:\/\/macite.tg\/#website"},"primaryImageOfPage":{"@id":"https:\/\/macite.tg\/?p=363#primaryimage"},"image":{"@id":"https:\/\/macite.tg\/?p=363#primaryimage"},"thumbnailUrl":"https:\/\/macite.tg\/wp-content\/uploads\/2022\/09\/ANoel-1.jpg","datePublished":"2022-09-26T09:17:16+00:00","dateModified":"2022-09-26T09:19:58+00:00","author":{"@id":"https:\/\/macite.tg\/#\/schema\/person\/e9f2de7e5dbbe7770a9402c7ce82f5c2"},"breadcrumb":{"@id":"https:\/\/macite.tg\/?p=363#breadcrumb"},"inLanguage":"fr-FR","potentialAction":[{"@type":"ReadAction","target":["https:\/\/macite.tg\/?p=363"]}]},{"@type":"ImageObject","inLanguage":"fr-FR","@id":"https:\/\/macite.tg\/?p=363#primaryimage","url":"https:\/\/macite.tg\/wp-content\/uploads\/2022\/09\/ANoel-1.jpg","contentUrl":"https:\/\/macite.tg\/wp-content\/uploads\/2022\/09\/ANoel-1.jpg","width":600,"height":204,"caption":"Remise symbolique du ch\u00e8que et du don..."},{"@type":"BreadcrumbList","@id":"https:\/\/macite.tg\/?p=363#breadcrumb","itemListElement":[{"@type":"ListItem","position":1,"name":"Accueil","item":"https:\/\/macite.tg\/"},{"@type":"ListItem","position":2,"name":"DON DE FOURNITURES SCOLAIRES: Le D\u00e9put\u00e9 No\u00ebl De Poukn au chevet de 600 orphelins de Badja"}]},{"@type":"WebSite","@id":"https:\/\/macite.tg\/#website","url":"https:\/\/macite.tg\/","name":"","description":"L&#039;information, la bonne!!!","potentialAction":[{"@type":"SearchAction","target":{"@type":"EntryPoint","urlTemplate":"https:\/\/macite.tg\/?s={search_term_string}"},"query-input":{"@type":"PropertyValueSpecification","valueRequired":true,"valueName":"search_term_string"}}],"inLanguage":"fr-FR"},{"@type":"Person","@id":"https:\/\/macite.tg\/#\/schema\/person\/e9f2de7e5dbbe7770a9402c7ce82f5c2","name":"Jean Pierre BAWELA","image":{"@type":"ImageObject","inLanguage":"fr-FR","@id":"https:\/\/macite.tg\/wp-content\/uploads\/2023\/09\/WhatsApp-Image-2023-09-19-at-14.44.41-122x122.jpeg","url":"https:\/\/macite.tg\/wp-content\/uploads\/2023\/09\/WhatsApp-Image-2023-09-19-at-14.44.41-122x122.jpeg","contentUrl":"https:\/\/macite.tg\/wp-content\/uploads\/2023\/09\/WhatsApp-Image-2023-09-19-at-14.44.41-122x122.jpeg","caption":"Jean Pierre BAWELA"},"url":"https:\/\/macite.tg\/?author=2"}]}},"_links":{"self":[{"href":"https:\/\/macite.tg\/index.php?rest_route=\/wp\/v2\/posts\/363","targetHints":{"allow":["GET"]}}],"collection":[{"href":"https:\/\/macite.tg\/index.php?rest_route=\/wp\/v2\/posts"}],"about":[{"href":"https:\/\/macite.tg\/index.php?rest_route=\/wp\/v2\/types\/post"}],"author":[{"embeddable":true,"href":"https:\/\/macite.tg\/index.php?rest_route=\/wp\/v2\/users\/2"}],"replies":[{"embeddable":true,"href":"https:\/\/macite.tg\/index.php?rest_route=%2Fwp%2Fv2%2Fcomments&post=363"}],"version-history":[{"count":0,"href":"https:\/\/macite.tg\/index.php?rest_route=\/wp\/v2\/posts\/363\/revisions"}],"wp:featuredmedia":[{"embeddable":true,"href":"https:\/\/macite.tg\/index.php?rest_route=\/wp\/v2\/media\/365"}],"wp:attachment":[{"href":"https:\/\/macite.tg\/index.php?rest_route=%2Fwp%2Fv2%2Fmedia&parent=363"}],"wp:term":[{"taxonomy":"category","embeddable":true,"href":"https:\/\/macite.tg\/index.php?rest_route=%2Fwp%2Fv2%2Fcategories&post=363"},{"taxonomy":"post_tag","embeddable":true,"href":"https:\/\/macite.tg\/index.php?rest_route=%2Fwp%2Fv2%2Ftags&post=363"}],"curies":[{"name":"wp","href":"https:\/\/api.w.org\/{rel}","templated":true}]}}