{"id":3575,"date":"2023-02-15T18:04:57","date_gmt":"2023-02-15T18:04:57","guid":{"rendered":"https:\/\/macite.info\/?p=3575"},"modified":"2023-02-15T18:04:58","modified_gmt":"2023-02-15T18:04:58","slug":"conseil-des-ministres-du-15-fevrier-un-avant-projet-de-loi-trois-projets-de-decret-et-une-communication","status":"publish","type":"post","link":"https:\/\/macite.tg\/?p=3575","title":{"rendered":"<strong>CONSEIL DES MINISTRES DU 15 F\u00c9VRIER\u00a0: Un avant-projet de loi, trois projets de d\u00e9cret et une communication\u2026<\/strong>"},"content":{"rendered":"\n<p class=\"wp-block-paragraph\"><strong><em>L\u2019ensemble de l\u2019ex\u00e9cutif \u00e9tait r\u00e9uni, ce jour, autour du chef de l\u2019Etat, Faure Essozimna Gnassingb\u00e9, pour examiner, en conseil des ministres, des sujets qui engagent la R\u00e9publique.<\/em><\/strong><\/p>\n\n\n\n<p class=\"wp-block-paragraph\"><strong><em>Au menu des travaux, un avant-projet de loi, trois projets de d\u00e9cret et une communication qui ont port\u00e9 sur la publicit\u00e9 dans les m\u00e9dias audiovisuels dans notre pays, le d\u00e9ploiement de c\u00e2bles sous- marins en fibre optique, l\u2019implantation et l\u2019exploitation des installations class\u00e9es pour la protection de l\u2019environnement, entre autres.<\/em><\/strong><\/p>\n\n\n\n<p class=\"wp-block-paragraph\"><strong><em>Dans les lignes qui suivent, l\u2019int\u00e9gralit\u00e9 du communiqu\u00e9 ayant sanctionn\u00e9 les travaux de ce conseil des ministres de ce mercredi 15 f\u00e9vrier.<\/em><\/strong><\/p>\n\n\n<div class=\"wp-block-image\">\n<figure class=\"aligncenter size-large is-resized\"><img loading=\"lazy\" decoding=\"async\" src=\"https:\/\/macite.tg\/wp-content\/uploads\/2023\/01\/IMG-20230111-WA0085-1024x683.jpg\" alt=\"\" class=\"wp-image-2851\" width=\"674\" height=\"449\" srcset=\"https:\/\/macite.tg\/wp-content\/uploads\/2023\/01\/IMG-20230111-WA0085-1024x683.jpg 1024w, https:\/\/macite.tg\/wp-content\/uploads\/2023\/01\/IMG-20230111-WA0085-300x200.jpg 300w, https:\/\/macite.tg\/wp-content\/uploads\/2023\/01\/IMG-20230111-WA0085-768x512.jpg 768w, https:\/\/macite.tg\/wp-content\/uploads\/2023\/01\/IMG-20230111-WA0085-650x434.jpg 650w, https:\/\/macite.tg\/wp-content\/uploads\/2023\/01\/IMG-20230111-WA0085-730x487.jpg 730w, https:\/\/macite.tg\/wp-content\/uploads\/2023\/01\/IMG-20230111-WA0085-112x75.jpg 112w, https:\/\/macite.tg\/wp-content\/uploads\/2023\/01\/IMG-20230111-WA0085-425x283.jpg 425w, https:\/\/macite.tg\/wp-content\/uploads\/2023\/01\/IMG-20230111-WA0085-430x287.jpg 430w, https:\/\/macite.tg\/wp-content\/uploads\/2023\/01\/IMG-20230111-WA0085.jpg 1080w\" sizes=\"auto, (max-width: 674px) 100vw, 674px\" \/><figcaption class=\"wp-element-caption\"><em><strong>Une vue de l&rsquo;ex\u00e9cutif lors des travaux (Photo archives)<\/strong><\/em><\/figcaption><\/figure>\n<\/div>\n\n\n<p class=\"has-text-align-center wp-block-paragraph\"><strong><u>Communiqu\u00e9 du Conseil des Ministres -Lom\u00e9, mercredi 15 f\u00e9vrier 2023<\/u><\/strong><\/p>\n\n\n\n<p class=\"wp-block-paragraph\">1.&nbsp;&nbsp; Le conseil des ministres s\u2019est r\u00e9uni ce mercredi 15 f\u00e9vrier 2023 sous la pr\u00e9sidence de Son Excellence Monsieur Faure Essozimna GNASSINGBE, Pr\u00e9sident de la R\u00e9publique.<\/p>\n\n\n\n<p class=\"wp-block-paragraph\">2.&nbsp; Le conseil a examin\u00e9 un (01) avant-projet de loi, trois (03) projets de d\u00e9cret et \u00e9cout\u00e9 une (01) communication.<\/p>\n\n\n\n<p class=\"wp-block-paragraph\"><strong>I. Au titre de l\u2019avant-projet de loi,<\/strong><\/p>\n\n\n\n<p class=\"wp-block-paragraph\">3.&nbsp; Le conseil a examin\u00e9 en premi\u00e8re lecture l\u2019avant-projet portant r\u00e9glementation de la publicit\u00e9 en R\u00e9publique togolaise.<\/p>\n\n\n\n<p class=\"wp-block-paragraph\">4.&nbsp; Ce texte a pour objet de fixer les r\u00e8gles relatives \u00e0 la communication publicitaire, aux professions publicitaires et aux op\u00e9rations de parrainage de programmes ou de services de m\u00e9dias audiovisuels dans notre pays.<\/p>\n\n\n\n<p class=\"wp-block-paragraph\">5.&nbsp; L\u2019\u00e9tude sera poursuivie lors d\u2019un prochain conseil des ministres.<\/p>\n\n\n\n<p class=\"wp-block-paragraph\"><strong>II. Au titre des projets de d\u00e9cret,<\/strong><\/p>\n\n\n\n<p class=\"wp-block-paragraph\">6.&nbsp; Le conseil a examin\u00e9 et adopt\u00e9 un projet de d\u00e9cret fixant les conditions et les proc\u00e9dures d\u2019obtention d\u2019autorisations et de certificats relatifs \u00e0 la pose de c\u00e2bles sous-marins de fibre optique et\/ou la construction de chambres d\u2019atterrage au Togo dans le domaine public maritime.<\/p>\n\n\n\n<p class=\"wp-block-paragraph\">7. Avec l\u2019essor des r\u00e9seaux de communications qui constituent un des vecteurs de d\u00e9veloppement \u00e9conomique de nos Etats, il est opportun de disposer de plusieurs c\u00e2bles sous-marins afin de favoriser la mise en \u0153uvre de la majorit\u00e9 des projets de la feuille de route gouvernementale 2020-2025.<\/p>\n\n\n\n<p class=\"wp-block-paragraph\">8. Ce projet de d\u00e9cret vise \u00e0 d\u00e9finir la proc\u00e9dure de demande d\u2019autorisation de d\u00e9ploiement de c\u00e2bles sous- marins en fibre optique. Il pr\u00e9voit la digitalisation des demandes d\u2019autorisation de pose desdits c\u00e2bles.<\/p>\n\n\n\n<p class=\"wp-block-paragraph\">9.&nbsp; La mise en \u0153uvre de ce d\u00e9cret permet, entre autres, de pr\u00e9server et de prot\u00e9ger l\u2019environnement marin et de s\u2019assurer que cette activit\u00e9 soit men\u00e9e conform\u00e9ment aux r\u00e8gles de s\u00e9curit\u00e9 et de respect de la souverainet\u00e9 maritime de notre pays.<\/p>\n\n\n\n<p class=\"wp-block-paragraph\">10. Le conseil a ensuite examin\u00e9 et adopt\u00e9 en deuxi\u00e8me lecture le projet de d\u00e9cret fixant la nomenclature, les conditions et les modalit\u00e9s d\u2019implantation et d\u2019exploitation des installations class\u00e9es pour la protection de l\u2019environnement.<\/p>\n\n\n\n<p class=\"wp-block-paragraph\">11. Notre pays s\u2019est engag\u00e9 dans un processus d\u2019industrialisation \u00e0 grande \u00e9chelle sur toute l\u2019\u00e9tendue du territoire avec la mise en place d\u2019unit\u00e9s industrielles qui doivent faire l\u2019objet d\u2019une protection particuli\u00e8re selon la nomenclature des installations class\u00e9es. Il est \u00e0 cet \u00e9gard n\u00e9cessaire de soumettre ces installations \u00e0 une r\u00e9glementation sp\u00e9cifique, en vue de d\u00e9velopper les capacit\u00e9s de gestion des risques et dangers et de pr\u00e9venir la survenance des accidents \u00e0 l\u2019int\u00e9rieur et&nbsp; autour de ces installations.<\/p>\n\n\n\n<p class=\"wp-block-paragraph\">12.&nbsp; Le pr\u00e9sent d\u00e9cret vient d\u00e9finir un cadre \u00e0 cet effet tout en pr\u00e9servant l\u2019attractivit\u00e9 de notre pays pour les investisseurs d\u00e9sireux de d\u00e9velopper le tissu industriel national.<\/p>\n\n\n\n<p class=\"wp-block-paragraph\">13. Le conseil a enfin examin\u00e9 en premi\u00e8re lecture un projet de d\u00e9cret fixant les conditions d\u2019acc\u00e8s et d\u2019exercice de la profession de conducteur routier.<\/p>\n\n\n\n<p class=\"wp-block-paragraph\">14. Dans le cadre de la mise en \u0153uvre de la feuille de route, notre pays ambitionne de se positionner comme un hub logistique et de services en particulier dans le domaine des transports. Dans cet esprit, il est essentiel de professionnaliser ce secteur dans la droite ligne de l\u2019adoption r\u00e9cente de la loi d\u2019orientation sur les transports.<\/p>\n\n\n\n<p class=\"wp-block-paragraph\">15.&nbsp; L\u2019\u00e9tude de ce texte se poursuivra.<\/p>\n\n\n<div class=\"wp-block-image\">\n<figure class=\"aligncenter size-large is-resized\"><img loading=\"lazy\" decoding=\"async\" src=\"https:\/\/macite.tg\/wp-content\/uploads\/2023\/02\/ANNONCES-1-1024x426.jpg\" alt=\"\" class=\"wp-image-3456\" width=\"765\" height=\"318\" srcset=\"https:\/\/macite.tg\/wp-content\/uploads\/2023\/02\/ANNONCES-1-1024x426.jpg 1024w, https:\/\/macite.tg\/wp-content\/uploads\/2023\/02\/ANNONCES-1-300x125.jpg 300w, https:\/\/macite.tg\/wp-content\/uploads\/2023\/02\/ANNONCES-1-768x319.jpg 768w, https:\/\/macite.tg\/wp-content\/uploads\/2023\/02\/ANNONCES-1.jpg 1080w\" sizes=\"auto, (max-width: 765px) 100vw, 765px\" \/><\/figure>\n<\/div>\n\n\n<p class=\"wp-block-paragraph\"><strong>III. Au titre de la communication,<\/strong><\/p>\n\n\n\n<p class=\"wp-block-paragraph\">16.&nbsp; Le conseil a \u00e9cout\u00e9 une communication relative au projet de loi portant modification du code foncier et domanial ; pr\u00e9sent\u00e9e par le ministre de l\u2019urbanisme, de l\u2019habitat et de la r\u00e9forme fonci\u00e8re.<\/p>\n\n\n\n<p class=\"wp-block-paragraph\">17. Afin d\u2019acc\u00e9l\u00e9rer la r\u00e9alisation de projets structurants qui requiert la mise \u00e0 disposition rapide des sites, il est n\u00e9cessaire de prendre des mesures pour faciliter la mise en \u0153uvre de la proc\u00e9dure exceptionnelle d\u2019expropriation.<\/p>\n\n\n\n<p class=\"wp-block-paragraph\">18. Cette communication montre l\u2019importance de la loi portant modification du code foncier et domanial dont l\u2019adoption permettra au gouvernement de d\u00e9finir une proc\u00e9dure plus souple et efficace favorisant la prise de possession rapide des immeubles expropri\u00e9s en vue de la r\u00e9alisation des op\u00e9rations d\u2019urgence, dans le respect des droits des personnes affect\u00e9es par l\u2019expropriation.<\/p>\n\n\n\n<p class=\"wp-block-paragraph\"><strong>IV. Au titre des divers,<\/strong><\/p>\n\n\n\n<p class=\"wp-block-paragraph\">19. Le conseil a entendu un compte rendu relatif au processus de d\u00e9sencombrement des trottoirs dans le grand Lom\u00e9. Ce compte rendu a fait \u00e9tat des actions men\u00e9es par les pr\u00e9fets et les maires afin de sensibiliser suffisamment les acteurs de terrain.<\/p>\n\n\n\n<p class=\"wp-block-paragraph\">20.&nbsp; Le conseil, tout en saluant l\u2019esprit de bonne collaboration entre les autorit\u00e9s et les occupants a instruit pour que les actions se poursuivent dans le m\u00eame esprit afin de permettre que cette op\u00e9ration soit r\u00e9alis\u00e9e avec p\u00e9dagogie et dans le respect de la coh\u00e9sion sociale.<\/p>\n\n\n\n<p class=\"wp-block-paragraph\">21.&nbsp; Le conseil a ensuite entendu un compte rendu sur le bon d\u00e9roulement des fora r\u00e9gionaux des producteurs agricoles du Togo qui ont \u00e9t\u00e9 organis\u00e9s, \u00e0 l\u2019initiative de Son Excellence Monsieur Faure Essozimna Gnassingb\u00e9, Pr\u00e9sident de la R\u00e9publique. La prochaine \u00e9dition se tiendra dans la r\u00e9gion centrale du 23 au 25 f\u00e9vrier 2023.<\/p>\n\n\n\n<p class=\"wp-block-paragraph\">22. Enfin, le conseil a entendu un dernier compte rendu relatif \u00e0 une mission de prospection d\u2019une d\u00e9l\u00e9gation d\u2019une trentaine d\u2019investisseurs britanniques au Togo.&nbsp;<\/p>\n\n\n\n<p class=\"wp-block-paragraph\">23. Le conseil s\u2019est f\u00e9licit\u00e9 de cette mission qui traduit bien les retomb\u00e9es de l\u2019adh\u00e9sion de notre pays au Commonwealth et a encourag\u00e9 les membres du gouvernement \u00e0 poursuivre les actions visant \u00e0 renforcer l\u2019attractivit\u00e9 de l\u2019\u00e9conomie togolaise.<\/p>\n\n\n\n<p class=\"wp-block-paragraph\"><strong><em>Fait \u00e0 Lom\u00e9, le 15 f\u00e9vrier 2023<\/em><\/strong><\/p>\n\n\n\n<p class=\"wp-block-paragraph\"><strong><em>Le Conseil des Ministres<\/em><\/strong><\/p>\n\n\n\n<p class=\"wp-block-paragraph\"><strong><em>@macite.info<\/em><\/strong><\/p>\n\n\n\n<p class=\"wp-block-paragraph\"><strong><em>E-mail&nbsp;: <\/em><\/strong><a href=\"mailto:maciteinfo@gmail.com\"><strong><em>maciteinfo@gmail.com<\/em><\/strong><\/a><strong><em>; <\/em><\/strong><a href=\"mailto:bawela1@gmail.com\"><strong><em>bawela1@gmail.com<\/em><\/strong><\/a><strong><em><\/em><\/strong><\/p>\n\n\n\n<p class=\"wp-block-paragraph\"><strong><em>Pour vos annonces, (publi)reportages, etc., joignez nous au (00228)91515309\/<strong>79872224<\/strong><\/em><\/strong><\/p>\n\n\n\n<p class=\"wp-block-paragraph\"><a href=\"http:\/\/www.macite.info\"><strong><em>www.macite.info<\/em><\/strong><\/a><strong><em>, L\u2019information, la bonne&nbsp;!<\/em><\/strong><\/p>\n","protected":false},"excerpt":{"rendered":"<p class=\"text-justify mb-2\" >L\u2019ensemble de l\u2019ex\u00e9cutif \u00e9tait r\u00e9uni, ce jour, autour du chef de l\u2019Etat, Faure Essozimna Gnassingb\u00e9, pour examiner, en conseil des ministres, des sujets qui engagent la R\u00e9publique. Au menu des travaux, un avant-projet de loi, trois projets de d\u00e9cret et une communication qui ont port\u00e9 [&hellip;]<\/p>\n","protected":false},"author":2,"featured_media":2870,"comment_status":"open","ping_status":"open","sticky":false,"template":"","format":"standard","meta":{"footnotes":""},"categories":[20,1],"tags":[],"class_list":["post-3575","post","type-post","status-publish","format-standard","has-post-thumbnail","hentry","category-actualite","category-politique"],"yoast_head":"<!-- This site is optimized with the Yoast SEO plugin v28.4 - https:\/\/yoast.com\/product\/yoast-seo-wordpress\/ -->\n<title>CONSEIL DES MINISTRES DU 15 F\u00c9VRIER\u00a0: Un avant-projet de loi, trois projets de d\u00e9cret et une communication\u2026 -<\/title>\n<meta name=\"robots\" content=\"index, follow, max-snippet:-1, max-image-preview:large, max-video-preview:-1\" \/>\n<link rel=\"canonical\" href=\"https:\/\/macite.tg\/?p=3575\" \/>\n<meta property=\"og:locale\" content=\"fr_FR\" \/>\n<meta property=\"og:type\" content=\"article\" \/>\n<meta property=\"og:title\" content=\"CONSEIL DES MINISTRES DU 15 F\u00c9VRIER\u00a0: Un avant-projet de loi, trois projets de d\u00e9cret et une communication\u2026 -\" \/>\n<meta property=\"og:description\" content=\"L\u2019ensemble de l\u2019ex\u00e9cutif \u00e9tait r\u00e9uni, ce jour, autour du chef de l\u2019Etat, Faure Essozimna Gnassingb\u00e9, pour examiner, en conseil des ministres, des sujets qui engagent la R\u00e9publique. Au menu des travaux, un avant-projet de loi, trois projets de d\u00e9cret et une communication qui ont port\u00e9 [&hellip;]\" \/>\n<meta property=\"og:url\" content=\"https:\/\/macite.tg\/?p=3575\" \/>\n<meta property=\"article:published_time\" content=\"2023-02-15T18:04:57+00:00\" \/>\n<meta property=\"article:modified_time\" content=\"2023-02-15T18:04:58+00:00\" \/>\n<meta property=\"og:image\" content=\"https:\/\/macite.tg\/wp-content\/uploads\/2023\/01\/IMG-20230111-WA0084.jpg\" \/>\n\t<meta property=\"og:image:width\" content=\"1080\" \/>\n\t<meta property=\"og:image:height\" content=\"720\" \/>\n\t<meta property=\"og:image:type\" content=\"image\/jpeg\" \/>\n<meta name=\"author\" content=\"Jean Pierre BAWELA\" \/>\n<meta name=\"twitter:card\" content=\"summary_large_image\" \/>\n<meta name=\"twitter:label1\" content=\"\u00c9crit par\" \/>\n\t<meta name=\"twitter:data1\" content=\"Jean Pierre BAWELA\" \/>\n\t<meta name=\"twitter:label2\" content=\"Dur\u00e9e de lecture estim\u00e9e\" \/>\n\t<meta name=\"twitter:data2\" content=\"6 minutes\" \/>\n<script type=\"application\/ld+json\" class=\"yoast-schema-graph\">{\"@context\":\"https:\\\/\\\/schema.org\",\"@graph\":[{\"@type\":\"Article\",\"@id\":\"https:\\\/\\\/macite.tg\\\/?p=3575#article\",\"isPartOf\":{\"@id\":\"https:\\\/\\\/macite.tg\\\/?p=3575\"},\"author\":{\"name\":\"Jean Pierre BAWELA\",\"@id\":\"https:\\\/\\\/macite.tg\\\/#\\\/schema\\\/person\\\/e9f2de7e5dbbe7770a9402c7ce82f5c2\"},\"headline\":\"CONSEIL DES MINISTRES DU 15 F\u00c9VRIER\u00a0: Un avant-projet de loi, trois projets de d\u00e9cret et une communication\u2026\",\"datePublished\":\"2023-02-15T18:04:57+00:00\",\"dateModified\":\"2023-02-15T18:04:58+00:00\",\"mainEntityOfPage\":{\"@id\":\"https:\\\/\\\/macite.tg\\\/?p=3575\"},\"wordCount\":1152,\"commentCount\":0,\"image\":{\"@id\":\"https:\\\/\\\/macite.tg\\\/?p=3575#primaryimage\"},\"thumbnailUrl\":\"https:\\\/\\\/macite.tg\\\/wp-content\\\/uploads\\\/2023\\\/01\\\/IMG-20230111-WA0084.jpg\",\"articleSection\":[\"ACTUALITE\",\"POLITIQUE\"],\"inLanguage\":\"fr-FR\",\"potentialAction\":[{\"@type\":\"CommentAction\",\"name\":\"Comment\",\"target\":[\"https:\\\/\\\/macite.tg\\\/?p=3575#respond\"]}]},{\"@type\":\"WebPage\",\"@id\":\"https:\\\/\\\/macite.tg\\\/?p=3575\",\"url\":\"https:\\\/\\\/macite.tg\\\/?p=3575\",\"name\":\"CONSEIL DES MINISTRES DU 15 F\u00c9VRIER\u00a0: Un avant-projet de loi, trois projets de d\u00e9cret et une communication\u2026 -\",\"isPartOf\":{\"@id\":\"https:\\\/\\\/macite.tg\\\/#website\"},\"primaryImageOfPage\":{\"@id\":\"https:\\\/\\\/macite.tg\\\/?p=3575#primaryimage\"},\"image\":{\"@id\":\"https:\\\/\\\/macite.tg\\\/?p=3575#primaryimage\"},\"thumbnailUrl\":\"https:\\\/\\\/macite.tg\\\/wp-content\\\/uploads\\\/2023\\\/01\\\/IMG-20230111-WA0084.jpg\",\"datePublished\":\"2023-02-15T18:04:57+00:00\",\"dateModified\":\"2023-02-15T18:04:58+00:00\",\"author\":{\"@id\":\"https:\\\/\\\/macite.tg\\\/#\\\/schema\\\/person\\\/e9f2de7e5dbbe7770a9402c7ce82f5c2\"},\"breadcrumb\":{\"@id\":\"https:\\\/\\\/macite.tg\\\/?p=3575#breadcrumb\"},\"inLanguage\":\"fr-FR\",\"potentialAction\":[{\"@type\":\"ReadAction\",\"target\":[\"https:\\\/\\\/macite.tg\\\/?p=3575\"]}]},{\"@type\":\"ImageObject\",\"inLanguage\":\"fr-FR\",\"@id\":\"https:\\\/\\\/macite.tg\\\/?p=3575#primaryimage\",\"url\":\"https:\\\/\\\/macite.tg\\\/wp-content\\\/uploads\\\/2023\\\/01\\\/IMG-20230111-WA0084.jpg\",\"contentUrl\":\"https:\\\/\\\/macite.tg\\\/wp-content\\\/uploads\\\/2023\\\/01\\\/IMG-20230111-WA0084.jpg\",\"width\":1080,\"height\":720},{\"@type\":\"BreadcrumbList\",\"@id\":\"https:\\\/\\\/macite.tg\\\/?p=3575#breadcrumb\",\"itemListElement\":[{\"@type\":\"ListItem\",\"position\":1,\"name\":\"Accueil\",\"item\":\"https:\\\/\\\/macite.tg\\\/\"},{\"@type\":\"ListItem\",\"position\":2,\"name\":\"CONSEIL DES MINISTRES DU 15 F\u00c9VRIER\u00a0: Un avant-projet de loi, trois projets de d\u00e9cret et une communication\u2026\"}]},{\"@type\":\"WebSite\",\"@id\":\"https:\\\/\\\/macite.tg\\\/#website\",\"url\":\"https:\\\/\\\/macite.tg\\\/\",\"name\":\"\",\"description\":\"L&#039;information, la bonne!!!\",\"potentialAction\":[{\"@type\":\"SearchAction\",\"target\":{\"@type\":\"EntryPoint\",\"urlTemplate\":\"https:\\\/\\\/macite.tg\\\/?s={search_term_string}\"},\"query-input\":{\"@type\":\"PropertyValueSpecification\",\"valueRequired\":true,\"valueName\":\"search_term_string\"}}],\"inLanguage\":\"fr-FR\"},{\"@type\":\"Person\",\"@id\":\"https:\\\/\\\/macite.tg\\\/#\\\/schema\\\/person\\\/e9f2de7e5dbbe7770a9402c7ce82f5c2\",\"name\":\"Jean Pierre BAWELA\",\"image\":{\"@type\":\"ImageObject\",\"inLanguage\":\"fr-FR\",\"@id\":\"https:\\\/\\\/macite.tg\\\/wp-content\\\/uploads\\\/2023\\\/09\\\/WhatsApp-Image-2023-09-19-at-14.44.41-122x122.jpeg\",\"url\":\"https:\\\/\\\/macite.tg\\\/wp-content\\\/uploads\\\/2023\\\/09\\\/WhatsApp-Image-2023-09-19-at-14.44.41-122x122.jpeg\",\"contentUrl\":\"https:\\\/\\\/macite.tg\\\/wp-content\\\/uploads\\\/2023\\\/09\\\/WhatsApp-Image-2023-09-19-at-14.44.41-122x122.jpeg\",\"caption\":\"Jean Pierre BAWELA\"},\"url\":\"https:\\\/\\\/macite.tg\\\/?author=2\"}]}<\/script>\n<!-- \/ Yoast SEO plugin. -->","yoast_head_json":{"title":"CONSEIL DES MINISTRES DU 15 F\u00c9VRIER\u00a0: Un avant-projet de loi, trois projets de d\u00e9cret et une communication\u2026 -","robots":{"index":"index","follow":"follow","max-snippet":"max-snippet:-1","max-image-preview":"max-image-preview:large","max-video-preview":"max-video-preview:-1"},"canonical":"https:\/\/macite.tg\/?p=3575","og_locale":"fr_FR","og_type":"article","og_title":"CONSEIL DES MINISTRES DU 15 F\u00c9VRIER\u00a0: Un avant-projet de loi, trois projets de d\u00e9cret et une communication\u2026 -","og_description":"L\u2019ensemble de l\u2019ex\u00e9cutif \u00e9tait r\u00e9uni, ce jour, autour du chef de l\u2019Etat, Faure Essozimna Gnassingb\u00e9, pour examiner, en conseil des ministres, des sujets qui engagent la R\u00e9publique. Au menu des travaux, un avant-projet de loi, trois projets de d\u00e9cret et une communication qui ont port\u00e9 [&hellip;]","og_url":"https:\/\/macite.tg\/?p=3575","article_published_time":"2023-02-15T18:04:57+00:00","article_modified_time":"2023-02-15T18:04:58+00:00","og_image":[{"width":1080,"height":720,"url":"https:\/\/macite.tg\/wp-content\/uploads\/2023\/01\/IMG-20230111-WA0084.jpg","type":"image\/jpeg"}],"author":"Jean Pierre BAWELA","twitter_card":"summary_large_image","twitter_misc":{"\u00c9crit par":"Jean Pierre BAWELA","Dur\u00e9e de lecture estim\u00e9e":"6 minutes"},"schema":{"@context":"https:\/\/schema.org","@graph":[{"@type":"Article","@id":"https:\/\/macite.tg\/?p=3575#article","isPartOf":{"@id":"https:\/\/macite.tg\/?p=3575"},"author":{"name":"Jean Pierre BAWELA","@id":"https:\/\/macite.tg\/#\/schema\/person\/e9f2de7e5dbbe7770a9402c7ce82f5c2"},"headline":"CONSEIL DES MINISTRES DU 15 F\u00c9VRIER\u00a0: Un avant-projet de loi, trois projets de d\u00e9cret et une communication\u2026","datePublished":"2023-02-15T18:04:57+00:00","dateModified":"2023-02-15T18:04:58+00:00","mainEntityOfPage":{"@id":"https:\/\/macite.tg\/?p=3575"},"wordCount":1152,"commentCount":0,"image":{"@id":"https:\/\/macite.tg\/?p=3575#primaryimage"},"thumbnailUrl":"https:\/\/macite.tg\/wp-content\/uploads\/2023\/01\/IMG-20230111-WA0084.jpg","articleSection":["ACTUALITE","POLITIQUE"],"inLanguage":"fr-FR","potentialAction":[{"@type":"CommentAction","name":"Comment","target":["https:\/\/macite.tg\/?p=3575#respond"]}]},{"@type":"WebPage","@id":"https:\/\/macite.tg\/?p=3575","url":"https:\/\/macite.tg\/?p=3575","name":"CONSEIL DES MINISTRES DU 15 F\u00c9VRIER\u00a0: Un avant-projet de loi, trois projets de d\u00e9cret et une communication\u2026 -","isPartOf":{"@id":"https:\/\/macite.tg\/#website"},"primaryImageOfPage":{"@id":"https:\/\/macite.tg\/?p=3575#primaryimage"},"image":{"@id":"https:\/\/macite.tg\/?p=3575#primaryimage"},"thumbnailUrl":"https:\/\/macite.tg\/wp-content\/uploads\/2023\/01\/IMG-20230111-WA0084.jpg","datePublished":"2023-02-15T18:04:57+00:00","dateModified":"2023-02-15T18:04:58+00:00","author":{"@id":"https:\/\/macite.tg\/#\/schema\/person\/e9f2de7e5dbbe7770a9402c7ce82f5c2"},"breadcrumb":{"@id":"https:\/\/macite.tg\/?p=3575#breadcrumb"},"inLanguage":"fr-FR","potentialAction":[{"@type":"ReadAction","target":["https:\/\/macite.tg\/?p=3575"]}]},{"@type":"ImageObject","inLanguage":"fr-FR","@id":"https:\/\/macite.tg\/?p=3575#primaryimage","url":"https:\/\/macite.tg\/wp-content\/uploads\/2023\/01\/IMG-20230111-WA0084.jpg","contentUrl":"https:\/\/macite.tg\/wp-content\/uploads\/2023\/01\/IMG-20230111-WA0084.jpg","width":1080,"height":720},{"@type":"BreadcrumbList","@id":"https:\/\/macite.tg\/?p=3575#breadcrumb","itemListElement":[{"@type":"ListItem","position":1,"name":"Accueil","item":"https:\/\/macite.tg\/"},{"@type":"ListItem","position":2,"name":"CONSEIL DES MINISTRES DU 15 F\u00c9VRIER\u00a0: Un avant-projet de loi, trois projets de d\u00e9cret et une communication\u2026"}]},{"@type":"WebSite","@id":"https:\/\/macite.tg\/#website","url":"https:\/\/macite.tg\/","name":"","description":"L&#039;information, la bonne!!!","potentialAction":[{"@type":"SearchAction","target":{"@type":"EntryPoint","urlTemplate":"https:\/\/macite.tg\/?s={search_term_string}"},"query-input":{"@type":"PropertyValueSpecification","valueRequired":true,"valueName":"search_term_string"}}],"inLanguage":"fr-FR"},{"@type":"Person","@id":"https:\/\/macite.tg\/#\/schema\/person\/e9f2de7e5dbbe7770a9402c7ce82f5c2","name":"Jean Pierre BAWELA","image":{"@type":"ImageObject","inLanguage":"fr-FR","@id":"https:\/\/macite.tg\/wp-content\/uploads\/2023\/09\/WhatsApp-Image-2023-09-19-at-14.44.41-122x122.jpeg","url":"https:\/\/macite.tg\/wp-content\/uploads\/2023\/09\/WhatsApp-Image-2023-09-19-at-14.44.41-122x122.jpeg","contentUrl":"https:\/\/macite.tg\/wp-content\/uploads\/2023\/09\/WhatsApp-Image-2023-09-19-at-14.44.41-122x122.jpeg","caption":"Jean Pierre BAWELA"},"url":"https:\/\/macite.tg\/?author=2"}]}},"_links":{"self":[{"href":"https:\/\/macite.tg\/index.php?rest_route=\/wp\/v2\/posts\/3575","targetHints":{"allow":["GET"]}}],"collection":[{"href":"https:\/\/macite.tg\/index.php?rest_route=\/wp\/v2\/posts"}],"about":[{"href":"https:\/\/macite.tg\/index.php?rest_route=\/wp\/v2\/types\/post"}],"author":[{"embeddable":true,"href":"https:\/\/macite.tg\/index.php?rest_route=\/wp\/v2\/users\/2"}],"replies":[{"embeddable":true,"href":"https:\/\/macite.tg\/index.php?rest_route=%2Fwp%2Fv2%2Fcomments&post=3575"}],"version-history":[{"count":0,"href":"https:\/\/macite.tg\/index.php?rest_route=\/wp\/v2\/posts\/3575\/revisions"}],"wp:featuredmedia":[{"embeddable":true,"href":"https:\/\/macite.tg\/index.php?rest_route=\/wp\/v2\/media\/2870"}],"wp:attachment":[{"href":"https:\/\/macite.tg\/index.php?rest_route=%2Fwp%2Fv2%2Fmedia&parent=3575"}],"wp:term":[{"taxonomy":"category","embeddable":true,"href":"https:\/\/macite.tg\/index.php?rest_route=%2Fwp%2Fv2%2Fcategories&post=3575"},{"taxonomy":"post_tag","embeddable":true,"href":"https:\/\/macite.tg\/index.php?rest_route=%2Fwp%2Fv2%2Ftags&post=3575"}],"curies":[{"name":"wp","href":"https:\/\/api.w.org\/{rel}","templated":true}]}}