{"id":3561,"date":"2023-02-15T12:31:12","date_gmt":"2023-02-15T12:31:12","guid":{"rendered":"https:\/\/macite.info\/?p=3561"},"modified":"2023-02-15T12:40:48","modified_gmt":"2023-02-15T12:40:48","slug":"le-bolide-de-macky-sall-au-leader-de-pastef-au-lieu-daller-repondre-a-la-justice-il-est-la-a","status":"publish","type":"post","link":"https:\/\/macite.tg\/?p=3561","title":{"rendered":"LE BOLIDE DE MACKY SALL AU LEADER DE PASTEF\u00a0: <strong>\u00ab Au lieu d\u2019aller r\u00e9pondre \u00e0 la justice, il est l\u00e0 \u00e0\u2026 \u00bb<\/strong>"},"content":{"rendered":"\n<p class=\"wp-block-paragraph\"><strong><em>S\u2019exprimant au sujet des r\u00e9centes crises dans le pays, le pr\u00e9sident s\u00e9n\u00e9galais, n\u2019a pas fait de cadeau au leader du Pastef, Ousmane Sonko, qu\u2019il n\u2019a pas nomm\u00e9 express\u00e9ment\u2026<\/em><\/strong><\/p>\n\n\n\n<p class=\"wp-block-paragraph\">Lors d\u2019une r\u00e9union avec les dignitaires politiques de Bby du d\u00e9partement de Thi\u00e8s, le Pr\u00e9sident Macky Sall, s\u2019est d\u00e9foul\u00e9 sur le Maire de Ziguinchor, l\u2019opposant Ousmane Sonko. Bien que Macky Salle ne l\u2019ait pas cit\u00e9 nomm\u00e9ment, tout \u00e9tait r\u00e9uni pour que le message aille \u00e0 qui de droit.<\/p>\n\n\n<div class=\"wp-block-image\">\n<figure class=\"aligncenter size-large is-resized\"><img loading=\"lazy\" decoding=\"async\" src=\"https:\/\/macite.tg\/wp-content\/uploads\/2023\/02\/ANNONCES-1-1024x426.jpg\" alt=\"\" class=\"wp-image-3456\" width=\"721\" height=\"300\" srcset=\"https:\/\/macite.tg\/wp-content\/uploads\/2023\/02\/ANNONCES-1-1024x426.jpg 1024w, https:\/\/macite.tg\/wp-content\/uploads\/2023\/02\/ANNONCES-1-300x125.jpg 300w, https:\/\/macite.tg\/wp-content\/uploads\/2023\/02\/ANNONCES-1-768x319.jpg 768w, https:\/\/macite.tg\/wp-content\/uploads\/2023\/02\/ANNONCES-1.jpg 1080w\" sizes=\"auto, (max-width: 721px) 100vw, 721px\" \/><\/figure>\n<\/div>\n\n\n<p class=\"wp-block-paragraph\">&nbsp;Selon DakarMatin, une source, Conseill\u00e8re municipal de Thi\u00e8s, a rapport\u00e9 les propos de celui-ci&nbsp;: <em>\u00ab Au lieu d\u2019aller r\u00e9pondre \u00e0 la justice, mouy lambar lambari ci deuk bi (il est l\u00e0 \u00e0 d\u00e9ambuler dans le pays)\u2026 \u00bb<\/em>.<\/p>\n\n\n\n<p class=\"wp-block-paragraph\">&nbsp;On se rappelle que suite au meeting interdit de Ousmane Sonko, des manifestations avaient \u00e9clat\u00e9 au d\u00e9partement de Mback\u00e9. Cette situation avait pouss\u00e9 le Pr\u00e9sident s\u00e9n\u00e9galais \u00e0 convier ses hommes \u00e0 des r\u00e9unions en vue de desserrer le mouvement.<\/p>\n\n\n\n<p class=\"wp-block-paragraph\"><strong>JPB avec SenenNews<\/strong><\/p>\n\n\n\n<p class=\"wp-block-paragraph\"><strong><em>@macite.info<\/em><\/strong><\/p>\n\n\n\n<p class=\"wp-block-paragraph\"><strong><em>E-mail&nbsp;: <\/em><\/strong><a href=\"mailto:maciteinfo@gmail.com\"><strong><em>maciteinfo@gmail.com<\/em><\/strong><\/a><strong><em>; <\/em><\/strong><a href=\"mailto:bawela1@gmail.com\"><strong><em>bawela1@gmail.com<\/em><\/strong><\/a><\/p>\n\n\n\n<p class=\"wp-block-paragraph\"><strong><em>Pour vos annonces, (publi)reportages, etc., joignez nous au (00228)91515309\/<\/em><\/strong><strong>79872224<\/strong><\/p>\n\n\n\n<p class=\"wp-block-paragraph\"><a href=\"http:\/\/www.macite.info\"><strong><em>www.macite.info<\/em><\/strong><\/a><strong><em>, L\u2019information, la bonne&nbsp;!<\/em><\/strong><\/p>\n","protected":false},"excerpt":{"rendered":"<p class=\"text-justify mb-2\" >S\u2019exprimant au sujet des r\u00e9centes crises dans le pays, le pr\u00e9sident s\u00e9n\u00e9galais, n\u2019a pas fait de cadeau au leader du Pastef, Ousmane Sonko, qu\u2019il n\u2019a pas nomm\u00e9 express\u00e9ment\u2026 Lors d\u2019une r\u00e9union avec les dignitaires politiques de Bby du d\u00e9partement de Thi\u00e8s, le Pr\u00e9sident Macky Sall, [&hellip;]<\/p>\n","protected":false},"author":2,"featured_media":3562,"comment_status":"open","ping_status":"open","sticky":false,"template":"","format":"standard","meta":{"footnotes":""},"categories":[20,1],"tags":[],"class_list":["post-3561","post","type-post","status-publish","format-standard","has-post-thumbnail","hentry","category-actualite","category-politique"],"yoast_head":"<!-- This site is optimized with the Yoast SEO plugin v28.4 - https:\/\/yoast.com\/product\/yoast-seo-wordpress\/ -->\n<title>LE BOLIDE DE MACKY SALL AU LEADER DE PASTEF\u00a0: \u00ab Au lieu d\u2019aller r\u00e9pondre \u00e0 la justice, il est l\u00e0 \u00e0\u2026 \u00bb -<\/title>\n<meta name=\"robots\" content=\"index, follow, max-snippet:-1, max-image-preview:large, max-video-preview:-1\" \/>\n<link rel=\"canonical\" href=\"https:\/\/macite.tg\/?p=3561\" \/>\n<meta property=\"og:locale\" content=\"fr_FR\" \/>\n<meta property=\"og:type\" content=\"article\" \/>\n<meta property=\"og:title\" content=\"LE BOLIDE DE MACKY SALL AU LEADER DE PASTEF\u00a0: \u00ab Au lieu d\u2019aller r\u00e9pondre \u00e0 la justice, il est l\u00e0 \u00e0\u2026 \u00bb -\" \/>\n<meta property=\"og:description\" content=\"S\u2019exprimant au sujet des r\u00e9centes crises dans le pays, le pr\u00e9sident s\u00e9n\u00e9galais, n\u2019a pas fait de cadeau au leader du Pastef, Ousmane Sonko, qu\u2019il n\u2019a pas nomm\u00e9 express\u00e9ment\u2026 Lors d\u2019une r\u00e9union avec les dignitaires politiques de Bby du d\u00e9partement de Thi\u00e8s, le Pr\u00e9sident Macky Sall, [&hellip;]\" \/>\n<meta property=\"og:url\" content=\"https:\/\/macite.tg\/?p=3561\" \/>\n<meta property=\"article:published_time\" content=\"2023-02-15T12:31:12+00:00\" \/>\n<meta property=\"article:modified_time\" content=\"2023-02-15T12:40:48+00:00\" \/>\n<meta property=\"og:image\" content=\"https:\/\/macite.tg\/wp-content\/uploads\/2023\/02\/sans-titre-4-1-1024x596-1-696x405-1.jpg\" \/>\n\t<meta property=\"og:image:width\" content=\"696\" \/>\n\t<meta property=\"og:image:height\" content=\"405\" \/>\n\t<meta property=\"og:image:type\" content=\"image\/jpeg\" \/>\n<meta name=\"author\" content=\"Jean Pierre BAWELA\" \/>\n<meta name=\"twitter:card\" content=\"summary_large_image\" \/>\n<meta name=\"twitter:label1\" content=\"\u00c9crit par\" \/>\n\t<meta name=\"twitter:data1\" content=\"Jean Pierre BAWELA\" \/>\n\t<meta name=\"twitter:label2\" content=\"Dur\u00e9e de lecture estim\u00e9e\" \/>\n\t<meta name=\"twitter:data2\" content=\"2 minutes\" \/>\n<script type=\"application\/ld+json\" class=\"yoast-schema-graph\">{\"@context\":\"https:\\\/\\\/schema.org\",\"@graph\":[{\"@type\":\"Article\",\"@id\":\"https:\\\/\\\/macite.tg\\\/?p=3561#article\",\"isPartOf\":{\"@id\":\"https:\\\/\\\/macite.tg\\\/?p=3561\"},\"author\":{\"name\":\"Jean Pierre BAWELA\",\"@id\":\"https:\\\/\\\/macite.tg\\\/#\\\/schema\\\/person\\\/e9f2de7e5dbbe7770a9402c7ce82f5c2\"},\"headline\":\"LE BOLIDE DE MACKY SALL AU LEADER DE PASTEF\u00a0: \u00ab Au lieu d\u2019aller r\u00e9pondre \u00e0 la justice, il est l\u00e0 \u00e0\u2026 \u00bb\",\"datePublished\":\"2023-02-15T12:31:12+00:00\",\"dateModified\":\"2023-02-15T12:40:48+00:00\",\"mainEntityOfPage\":{\"@id\":\"https:\\\/\\\/macite.tg\\\/?p=3561\"},\"wordCount\":228,\"commentCount\":0,\"image\":{\"@id\":\"https:\\\/\\\/macite.tg\\\/?p=3561#primaryimage\"},\"thumbnailUrl\":\"https:\\\/\\\/macite.tg\\\/wp-content\\\/uploads\\\/2023\\\/02\\\/sans-titre-4-1-1024x596-1-696x405-1.jpg\",\"articleSection\":[\"ACTUALITE\",\"POLITIQUE\"],\"inLanguage\":\"fr-FR\",\"potentialAction\":[{\"@type\":\"CommentAction\",\"name\":\"Comment\",\"target\":[\"https:\\\/\\\/macite.tg\\\/?p=3561#respond\"]}]},{\"@type\":\"WebPage\",\"@id\":\"https:\\\/\\\/macite.tg\\\/?p=3561\",\"url\":\"https:\\\/\\\/macite.tg\\\/?p=3561\",\"name\":\"LE BOLIDE DE MACKY SALL AU LEADER DE PASTEF\u00a0: \u00ab Au lieu d\u2019aller r\u00e9pondre \u00e0 la justice, il est l\u00e0 \u00e0\u2026 \u00bb -\",\"isPartOf\":{\"@id\":\"https:\\\/\\\/macite.tg\\\/#website\"},\"primaryImageOfPage\":{\"@id\":\"https:\\\/\\\/macite.tg\\\/?p=3561#primaryimage\"},\"image\":{\"@id\":\"https:\\\/\\\/macite.tg\\\/?p=3561#primaryimage\"},\"thumbnailUrl\":\"https:\\\/\\\/macite.tg\\\/wp-content\\\/uploads\\\/2023\\\/02\\\/sans-titre-4-1-1024x596-1-696x405-1.jpg\",\"datePublished\":\"2023-02-15T12:31:12+00:00\",\"dateModified\":\"2023-02-15T12:40:48+00:00\",\"author\":{\"@id\":\"https:\\\/\\\/macite.tg\\\/#\\\/schema\\\/person\\\/e9f2de7e5dbbe7770a9402c7ce82f5c2\"},\"breadcrumb\":{\"@id\":\"https:\\\/\\\/macite.tg\\\/?p=3561#breadcrumb\"},\"inLanguage\":\"fr-FR\",\"potentialAction\":[{\"@type\":\"ReadAction\",\"target\":[\"https:\\\/\\\/macite.tg\\\/?p=3561\"]}]},{\"@type\":\"ImageObject\",\"inLanguage\":\"fr-FR\",\"@id\":\"https:\\\/\\\/macite.tg\\\/?p=3561#primaryimage\",\"url\":\"https:\\\/\\\/macite.tg\\\/wp-content\\\/uploads\\\/2023\\\/02\\\/sans-titre-4-1-1024x596-1-696x405-1.jpg\",\"contentUrl\":\"https:\\\/\\\/macite.tg\\\/wp-content\\\/uploads\\\/2023\\\/02\\\/sans-titre-4-1-1024x596-1-696x405-1.jpg\",\"width\":696,\"height\":405},{\"@type\":\"BreadcrumbList\",\"@id\":\"https:\\\/\\\/macite.tg\\\/?p=3561#breadcrumb\",\"itemListElement\":[{\"@type\":\"ListItem\",\"position\":1,\"name\":\"Accueil\",\"item\":\"https:\\\/\\\/macite.tg\\\/\"},{\"@type\":\"ListItem\",\"position\":2,\"name\":\"LE BOLIDE DE MACKY SALL AU LEADER DE PASTEF\u00a0: \u00ab Au lieu d\u2019aller r\u00e9pondre \u00e0 la justice, il est l\u00e0 \u00e0\u2026 \u00bb\"}]},{\"@type\":\"WebSite\",\"@id\":\"https:\\\/\\\/macite.tg\\\/#website\",\"url\":\"https:\\\/\\\/macite.tg\\\/\",\"name\":\"\",\"description\":\"L&#039;information, la bonne!!!\",\"potentialAction\":[{\"@type\":\"SearchAction\",\"target\":{\"@type\":\"EntryPoint\",\"urlTemplate\":\"https:\\\/\\\/macite.tg\\\/?s={search_term_string}\"},\"query-input\":{\"@type\":\"PropertyValueSpecification\",\"valueRequired\":true,\"valueName\":\"search_term_string\"}}],\"inLanguage\":\"fr-FR\"},{\"@type\":\"Person\",\"@id\":\"https:\\\/\\\/macite.tg\\\/#\\\/schema\\\/person\\\/e9f2de7e5dbbe7770a9402c7ce82f5c2\",\"name\":\"Jean Pierre BAWELA\",\"image\":{\"@type\":\"ImageObject\",\"inLanguage\":\"fr-FR\",\"@id\":\"https:\\\/\\\/macite.tg\\\/wp-content\\\/uploads\\\/2023\\\/09\\\/WhatsApp-Image-2023-09-19-at-14.44.41-122x122.jpeg\",\"url\":\"https:\\\/\\\/macite.tg\\\/wp-content\\\/uploads\\\/2023\\\/09\\\/WhatsApp-Image-2023-09-19-at-14.44.41-122x122.jpeg\",\"contentUrl\":\"https:\\\/\\\/macite.tg\\\/wp-content\\\/uploads\\\/2023\\\/09\\\/WhatsApp-Image-2023-09-19-at-14.44.41-122x122.jpeg\",\"caption\":\"Jean Pierre BAWELA\"},\"url\":\"https:\\\/\\\/macite.tg\\\/?author=2\"}]}<\/script>\n<!-- \/ Yoast SEO plugin. -->","yoast_head_json":{"title":"LE BOLIDE DE MACKY SALL AU LEADER DE PASTEF\u00a0: \u00ab Au lieu d\u2019aller r\u00e9pondre \u00e0 la justice, il est l\u00e0 \u00e0\u2026 \u00bb -","robots":{"index":"index","follow":"follow","max-snippet":"max-snippet:-1","max-image-preview":"max-image-preview:large","max-video-preview":"max-video-preview:-1"},"canonical":"https:\/\/macite.tg\/?p=3561","og_locale":"fr_FR","og_type":"article","og_title":"LE BOLIDE DE MACKY SALL AU LEADER DE PASTEF\u00a0: \u00ab Au lieu d\u2019aller r\u00e9pondre \u00e0 la justice, il est l\u00e0 \u00e0\u2026 \u00bb -","og_description":"S\u2019exprimant au sujet des r\u00e9centes crises dans le pays, le pr\u00e9sident s\u00e9n\u00e9galais, n\u2019a pas fait de cadeau au leader du Pastef, Ousmane Sonko, qu\u2019il n\u2019a pas nomm\u00e9 express\u00e9ment\u2026 Lors d\u2019une r\u00e9union avec les dignitaires politiques de Bby du d\u00e9partement de Thi\u00e8s, le Pr\u00e9sident Macky Sall, [&hellip;]","og_url":"https:\/\/macite.tg\/?p=3561","article_published_time":"2023-02-15T12:31:12+00:00","article_modified_time":"2023-02-15T12:40:48+00:00","og_image":[{"width":696,"height":405,"url":"https:\/\/macite.tg\/wp-content\/uploads\/2023\/02\/sans-titre-4-1-1024x596-1-696x405-1.jpg","type":"image\/jpeg"}],"author":"Jean Pierre BAWELA","twitter_card":"summary_large_image","twitter_misc":{"\u00c9crit par":"Jean Pierre BAWELA","Dur\u00e9e de lecture estim\u00e9e":"2 minutes"},"schema":{"@context":"https:\/\/schema.org","@graph":[{"@type":"Article","@id":"https:\/\/macite.tg\/?p=3561#article","isPartOf":{"@id":"https:\/\/macite.tg\/?p=3561"},"author":{"name":"Jean Pierre BAWELA","@id":"https:\/\/macite.tg\/#\/schema\/person\/e9f2de7e5dbbe7770a9402c7ce82f5c2"},"headline":"LE BOLIDE DE MACKY SALL AU LEADER DE PASTEF\u00a0: \u00ab Au lieu d\u2019aller r\u00e9pondre \u00e0 la justice, il est l\u00e0 \u00e0\u2026 \u00bb","datePublished":"2023-02-15T12:31:12+00:00","dateModified":"2023-02-15T12:40:48+00:00","mainEntityOfPage":{"@id":"https:\/\/macite.tg\/?p=3561"},"wordCount":228,"commentCount":0,"image":{"@id":"https:\/\/macite.tg\/?p=3561#primaryimage"},"thumbnailUrl":"https:\/\/macite.tg\/wp-content\/uploads\/2023\/02\/sans-titre-4-1-1024x596-1-696x405-1.jpg","articleSection":["ACTUALITE","POLITIQUE"],"inLanguage":"fr-FR","potentialAction":[{"@type":"CommentAction","name":"Comment","target":["https:\/\/macite.tg\/?p=3561#respond"]}]},{"@type":"WebPage","@id":"https:\/\/macite.tg\/?p=3561","url":"https:\/\/macite.tg\/?p=3561","name":"LE BOLIDE DE MACKY SALL AU LEADER DE PASTEF\u00a0: \u00ab Au lieu d\u2019aller r\u00e9pondre \u00e0 la justice, il est l\u00e0 \u00e0\u2026 \u00bb -","isPartOf":{"@id":"https:\/\/macite.tg\/#website"},"primaryImageOfPage":{"@id":"https:\/\/macite.tg\/?p=3561#primaryimage"},"image":{"@id":"https:\/\/macite.tg\/?p=3561#primaryimage"},"thumbnailUrl":"https:\/\/macite.tg\/wp-content\/uploads\/2023\/02\/sans-titre-4-1-1024x596-1-696x405-1.jpg","datePublished":"2023-02-15T12:31:12+00:00","dateModified":"2023-02-15T12:40:48+00:00","author":{"@id":"https:\/\/macite.tg\/#\/schema\/person\/e9f2de7e5dbbe7770a9402c7ce82f5c2"},"breadcrumb":{"@id":"https:\/\/macite.tg\/?p=3561#breadcrumb"},"inLanguage":"fr-FR","potentialAction":[{"@type":"ReadAction","target":["https:\/\/macite.tg\/?p=3561"]}]},{"@type":"ImageObject","inLanguage":"fr-FR","@id":"https:\/\/macite.tg\/?p=3561#primaryimage","url":"https:\/\/macite.tg\/wp-content\/uploads\/2023\/02\/sans-titre-4-1-1024x596-1-696x405-1.jpg","contentUrl":"https:\/\/macite.tg\/wp-content\/uploads\/2023\/02\/sans-titre-4-1-1024x596-1-696x405-1.jpg","width":696,"height":405},{"@type":"BreadcrumbList","@id":"https:\/\/macite.tg\/?p=3561#breadcrumb","itemListElement":[{"@type":"ListItem","position":1,"name":"Accueil","item":"https:\/\/macite.tg\/"},{"@type":"ListItem","position":2,"name":"LE BOLIDE DE MACKY SALL AU LEADER DE PASTEF\u00a0: \u00ab Au lieu d\u2019aller r\u00e9pondre \u00e0 la justice, il est l\u00e0 \u00e0\u2026 \u00bb"}]},{"@type":"WebSite","@id":"https:\/\/macite.tg\/#website","url":"https:\/\/macite.tg\/","name":"","description":"L&#039;information, la bonne!!!","potentialAction":[{"@type":"SearchAction","target":{"@type":"EntryPoint","urlTemplate":"https:\/\/macite.tg\/?s={search_term_string}"},"query-input":{"@type":"PropertyValueSpecification","valueRequired":true,"valueName":"search_term_string"}}],"inLanguage":"fr-FR"},{"@type":"Person","@id":"https:\/\/macite.tg\/#\/schema\/person\/e9f2de7e5dbbe7770a9402c7ce82f5c2","name":"Jean Pierre BAWELA","image":{"@type":"ImageObject","inLanguage":"fr-FR","@id":"https:\/\/macite.tg\/wp-content\/uploads\/2023\/09\/WhatsApp-Image-2023-09-19-at-14.44.41-122x122.jpeg","url":"https:\/\/macite.tg\/wp-content\/uploads\/2023\/09\/WhatsApp-Image-2023-09-19-at-14.44.41-122x122.jpeg","contentUrl":"https:\/\/macite.tg\/wp-content\/uploads\/2023\/09\/WhatsApp-Image-2023-09-19-at-14.44.41-122x122.jpeg","caption":"Jean Pierre BAWELA"},"url":"https:\/\/macite.tg\/?author=2"}]}},"_links":{"self":[{"href":"https:\/\/macite.tg\/index.php?rest_route=\/wp\/v2\/posts\/3561","targetHints":{"allow":["GET"]}}],"collection":[{"href":"https:\/\/macite.tg\/index.php?rest_route=\/wp\/v2\/posts"}],"about":[{"href":"https:\/\/macite.tg\/index.php?rest_route=\/wp\/v2\/types\/post"}],"author":[{"embeddable":true,"href":"https:\/\/macite.tg\/index.php?rest_route=\/wp\/v2\/users\/2"}],"replies":[{"embeddable":true,"href":"https:\/\/macite.tg\/index.php?rest_route=%2Fwp%2Fv2%2Fcomments&post=3561"}],"version-history":[{"count":0,"href":"https:\/\/macite.tg\/index.php?rest_route=\/wp\/v2\/posts\/3561\/revisions"}],"wp:featuredmedia":[{"embeddable":true,"href":"https:\/\/macite.tg\/index.php?rest_route=\/wp\/v2\/media\/3562"}],"wp:attachment":[{"href":"https:\/\/macite.tg\/index.php?rest_route=%2Fwp%2Fv2%2Fmedia&parent=3561"}],"wp:term":[{"taxonomy":"category","embeddable":true,"href":"https:\/\/macite.tg\/index.php?rest_route=%2Fwp%2Fv2%2Fcategories&post=3561"},{"taxonomy":"post_tag","embeddable":true,"href":"https:\/\/macite.tg\/index.php?rest_route=%2Fwp%2Fv2%2Ftags&post=3561"}],"curies":[{"name":"wp","href":"https:\/\/api.w.org\/{rel}","templated":true}]}}