{"id":3552,"date":"2023-02-15T10:59:26","date_gmt":"2023-02-15T10:59:26","guid":{"rendered":"https:\/\/macite.info\/?p=3552"},"modified":"2023-02-15T10:59:27","modified_gmt":"2023-02-15T10:59:27","slug":"togo-developpement-durable-2023-2026-lome-et-le-systeme-des-unies-scellent-un-nouveau-cadre-de-partenariat","status":"publish","type":"post","link":"https:\/\/macite.tg\/?p=3552","title":{"rendered":"TOGO \/ D\u00c9VELOPPEMENT DURABLE\u00a02023-2026 : Lom\u00e9 et le Syst\u00e8me des Unies scellent un nouveau cadre de partenariat"},"content":{"rendered":"\n<p class=\"wp-block-paragraph\"><\/p>\n\n\n\n<p class=\"wp-block-paragraph\"><strong><em>Lom\u00e9 et le Syst\u00e8me des Nations Unies ont d\u00e9sormais un nouveau cadre triennal de coop\u00e9ration pour le d\u00e9veloppement durable. Ce nouvel instrument de coop\u00e9ration, pour la p\u00e9riode 2023-2026, a \u00e9t\u00e9 paraph\u00e9, hier 14 f\u00e9vrier \u00e0 Lom\u00e9, par <\/em><\/strong><strong><em>la ministre, Secr\u00e9taire g\u00e9n\u00e9rale de la Pr\u00e9sidence de la R\u00e9publique, Sandra Ablamba Johnson, et Aliou Dia, Coordonnateur par int\u00e9rim du Syst\u00e8me des Nations Unies (SNU).<\/em><\/strong><\/p>\n\n\n\n<p class=\"wp-block-paragraph\">Le Togo et le SNU ont d\u00e9fini une maquette pr\u00e9cise des diff\u00e9rentes interventions des organisations onusienne, ceci pour les trois prochaines ann\u00e9es. Hier 14 f\u00e9vrier, les deux parties ont paraph\u00e9 cet instrument essentiel de coop\u00e9ration.<\/p>\n\n\n<div class=\"wp-block-image\">\n<figure class=\"aligncenter size-large is-resized\"><img decoding=\"async\" src=\"https:\/\/macite.tg\/wp-content\/uploads\/2023\/02\/IMG-20230214-WA0142-1024x682.jpg\" alt=\"\" class=\"wp-image-3554\" width=\"-203\" height=\"-134\" srcset=\"https:\/\/macite.tg\/wp-content\/uploads\/2023\/02\/IMG-20230214-WA0142-1024x682.jpg 1024w, https:\/\/macite.tg\/wp-content\/uploads\/2023\/02\/IMG-20230214-WA0142-300x200.jpg 300w, https:\/\/macite.tg\/wp-content\/uploads\/2023\/02\/IMG-20230214-WA0142-768x512.jpg 768w, https:\/\/macite.tg\/wp-content\/uploads\/2023\/02\/IMG-20230214-WA0142-1536x1023.jpg 1536w, https:\/\/macite.tg\/wp-content\/uploads\/2023\/02\/IMG-20230214-WA0142-650x434.jpg 650w, https:\/\/macite.tg\/wp-content\/uploads\/2023\/02\/IMG-20230214-WA0142-730x487.jpg 730w, https:\/\/macite.tg\/wp-content\/uploads\/2023\/02\/IMG-20230214-WA0142-112x75.jpg 112w, https:\/\/macite.tg\/wp-content\/uploads\/2023\/02\/IMG-20230214-WA0142-425x283.jpg 425w, https:\/\/macite.tg\/wp-content\/uploads\/2023\/02\/IMG-20230214-WA0142-430x287.jpg 430w, https:\/\/macite.tg\/wp-content\/uploads\/2023\/02\/IMG-20230214-WA0142.jpg 1600w\" sizes=\"(max-width: 1024px) 100vw, 1024px\" \/><figcaption class=\"wp-element-caption\"><em><strong>Une vue de l&rsquo;assistance lors de la c\u00e9r\u00e9monie de signature&#8230;<\/strong><\/em><\/figcaption><\/figure>\n<\/div>\n\n\n<p class=\"wp-block-paragraph\">Ledit document s\u2019articule autour de trois axes principaux, \u00e0 savoir&nbsp;: une croissance inclusive, avec des emplois d\u00e9cents et un environnement durable&nbsp;; le d\u00e9veloppement du capital humain avec un acc\u00e8s plus inclusif aux services sociaux de base et une protection sociale pour tous&nbsp;; et enfin une gouvernance plus inclusive, efficace et redevable, avec un fort accent sur les droits de l\u2019homme, la s\u00e9curit\u00e9 et la coh\u00e9sion.&nbsp;<\/p>\n\n\n\n<p class=\"wp-block-paragraph\">D\u2019un co\u00fbt global de 247 millions $, environ 150 milliards de nos francs, ce plan cadre de coop\u00e9ration qui s\u2019aligne sur la feuille de route gouvernementale 2020-2025.<\/p>\n\n\n<div class=\"wp-block-image\">\n<figure class=\"aligncenter size-large is-resized\"><img loading=\"lazy\" decoding=\"async\" src=\"https:\/\/macite.tg\/wp-content\/uploads\/2023\/02\/ANNONCES-1-1024x426.jpg\" alt=\"\" class=\"wp-image-3456\" width=\"753\" height=\"313\" srcset=\"https:\/\/macite.tg\/wp-content\/uploads\/2023\/02\/ANNONCES-1-1024x426.jpg 1024w, https:\/\/macite.tg\/wp-content\/uploads\/2023\/02\/ANNONCES-1-300x125.jpg 300w, https:\/\/macite.tg\/wp-content\/uploads\/2023\/02\/ANNONCES-1-768x319.jpg 768w, https:\/\/macite.tg\/wp-content\/uploads\/2023\/02\/ANNONCES-1.jpg 1080w\" sizes=\"auto, (max-width: 753px) 100vw, 753px\" \/><\/figure>\n<\/div>\n\n\n<p class=\"wp-block-paragraph\">Selon Sandra Ablamba Johnson, <em>\u00ab&nbsp;<\/em><em>ce qui est notamment attendu du Cadre de Coop\u00e9ration des Nations Unies pour le D\u00e9veloppement Durable, introduit par la r\u00e9solution 72\/279 de l&rsquo;Assembl\u00e9e G\u00e9n\u00e9rale en 2018 comme le principal instrument d\u00e9di\u00e9 \u00e0 la planification et la mise en \u0153uvre des activit\u00e9s de d\u00e9veloppement des Nations Unies, c\u2019est (i) d\u2019abord d\u2019\u00eatre ax\u00e9 sur les besoins du pays, (ii) ensuite d\u2019\u00eatre bas\u00e9 sur des partenariats ouverts, int\u00e9gr\u00e9s et transformationnels (iii) et enfin d\u2019\u00eatre porteur de changement&nbsp;\u00bb<\/em>.<\/p>\n\n\n\n<p class=\"wp-block-paragraph\">Ce nouveau <em>\u00ab <\/em><em>cadre<\/em><em> de coop\u00e9ration va contribuer \u00e0 la r\u00e9alisation des ambitions du gouvernement et produire des changements r\u00e9els au b\u00e9n\u00e9fice des populations et particuli\u00e8rement celles les plus vuln\u00e9rables. Nous ne voulons laisser personne de c\u00f4t\u00e9&nbsp;\u00bb<\/em>, a-t-elle soulign\u00e9.<\/p>\n\n\n<div class=\"wp-block-image\">\n<figure class=\"aligncenter size-large is-resized\"><img loading=\"lazy\" decoding=\"async\" src=\"https:\/\/macite.tg\/wp-content\/uploads\/2023\/02\/IMG-20230214-WA0143-1024x625.jpg\" alt=\"\" class=\"wp-image-3555\" width=\"717\" height=\"437\" srcset=\"https:\/\/macite.tg\/wp-content\/uploads\/2023\/02\/IMG-20230214-WA0143-1024x625.jpg 1024w, https:\/\/macite.tg\/wp-content\/uploads\/2023\/02\/IMG-20230214-WA0143-300x183.jpg 300w, https:\/\/macite.tg\/wp-content\/uploads\/2023\/02\/IMG-20230214-WA0143-768x469.jpg 768w, https:\/\/macite.tg\/wp-content\/uploads\/2023\/02\/IMG-20230214-WA0143-1536x938.jpg 1536w, https:\/\/macite.tg\/wp-content\/uploads\/2023\/02\/IMG-20230214-WA0143.jpg 1600w\" sizes=\"auto, (max-width: 717px) 100vw, 717px\" \/><figcaption class=\"wp-element-caption\"><em><strong>Photo de famille \u00e0 l&rsquo;issue de la c\u00e9r\u00e9monie.<\/strong><\/em><\/figcaption><\/figure>\n<\/div>\n\n\n<p class=\"wp-block-paragraph\">&nbsp;Pour le Coordinateur du SYNU, <em>\u00ab&nbsp;<\/em><em>le plan cadre de coop\u00e9ration pour le d\u00e9veloppement durable (\u2026) r\u00e9sulte de la volont\u00e9 du gouvernement togolais et des agences du syst\u00e8me des Nations Unies d\u2019\u00e9courter le pr\u00e9c\u00e9dent cadre de coop\u00e9ration afin de mieux aligner les r\u00e9alisations des agences, fonds et programmes sur les priorit\u00e9s de la feuille de route gouvernementale Togo 2025 \u00bb.<\/em><\/p>\n\n\n\n<p class=\"wp-block-paragraph\"><strong>JPB<\/strong><\/p>\n\n\n\n<p class=\"wp-block-paragraph\"><strong><em>@macite.info<\/em><\/strong><\/p>\n\n\n\n<p class=\"wp-block-paragraph\"><strong><em>E-mail&nbsp;: <\/em><\/strong><a href=\"mailto:maciteinfo@gmail.com\"><strong><em>maciteinfo@gmail.com<\/em><\/strong><\/a><strong><em>; <\/em><\/strong><a href=\"mailto:bawela1@gmail.com\"><strong><em>bawela1@gmail.com<\/em><\/strong><\/a><strong><em><\/em><\/strong><\/p>\n\n\n\n<p class=\"wp-block-paragraph\"><strong><em>Pour vos annonces, (publi)reportages, etc., joignez nous au (00228)91515309\/<strong>79872224<\/strong><\/em><\/strong><em><\/em><\/p>\n\n\n\n<p class=\"wp-block-paragraph\"><a href=\"http:\/\/www.macite.info\"><strong><em>www.macite.info<\/em><\/strong><\/a><strong><em>, L\u2019information, la bonne&nbsp;!<\/em><\/strong><\/p>\n\n\n\n<p class=\"wp-block-paragraph\"><\/p>\n","protected":false},"excerpt":{"rendered":"<p class=\"text-justify mb-2\" >Lom\u00e9 et le Syst\u00e8me des Nations Unies ont d\u00e9sormais un nouveau cadre triennal de coop\u00e9ration pour le d\u00e9veloppement durable. Ce nouvel instrument de coop\u00e9ration, pour la p\u00e9riode 2023-2026, a \u00e9t\u00e9 paraph\u00e9, hier 14 f\u00e9vrier \u00e0 Lom\u00e9, par la ministre, Secr\u00e9taire g\u00e9n\u00e9rale de la Pr\u00e9sidence de [&hellip;]<\/p>\n","protected":false},"author":2,"featured_media":3553,"comment_status":"open","ping_status":"open","sticky":false,"template":"","format":"standard","meta":{"footnotes":""},"categories":[15],"tags":[],"class_list":["post-3552","post","type-post","status-publish","format-standard","has-post-thumbnail","hentry","category-developpement"],"yoast_head":"<!-- This site is optimized with the Yoast SEO plugin v28.4 - https:\/\/yoast.com\/product\/yoast-seo-wordpress\/ -->\n<title>TOGO \/ D\u00c9VELOPPEMENT DURABLE\u00a02023-2026 : Lom\u00e9 et le Syst\u00e8me des Unies scellent un nouveau cadre de partenariat -<\/title>\n<meta name=\"robots\" content=\"index, follow, max-snippet:-1, max-image-preview:large, max-video-preview:-1\" \/>\n<link rel=\"canonical\" href=\"https:\/\/macite.tg\/?p=3552\" \/>\n<meta property=\"og:locale\" content=\"fr_FR\" \/>\n<meta property=\"og:type\" content=\"article\" \/>\n<meta property=\"og:title\" content=\"TOGO \/ D\u00c9VELOPPEMENT DURABLE\u00a02023-2026 : Lom\u00e9 et le Syst\u00e8me des Unies scellent un nouveau cadre de partenariat -\" \/>\n<meta property=\"og:description\" content=\"Lom\u00e9 et le Syst\u00e8me des Nations Unies ont d\u00e9sormais un nouveau cadre triennal de coop\u00e9ration pour le d\u00e9veloppement durable. Ce nouvel instrument de coop\u00e9ration, pour la p\u00e9riode 2023-2026, a \u00e9t\u00e9 paraph\u00e9, hier 14 f\u00e9vrier \u00e0 Lom\u00e9, par la ministre, Secr\u00e9taire g\u00e9n\u00e9rale de la Pr\u00e9sidence de [&hellip;]\" \/>\n<meta property=\"og:url\" content=\"https:\/\/macite.tg\/?p=3552\" \/>\n<meta property=\"article:published_time\" content=\"2023-02-15T10:59:26+00:00\" \/>\n<meta property=\"article:modified_time\" content=\"2023-02-15T10:59:27+00:00\" \/>\n<meta property=\"og:image\" content=\"https:\/\/macite.tg\/wp-content\/uploads\/2023\/02\/IMG-20230214-WA0140.jpg\" \/>\n\t<meta property=\"og:image:width\" content=\"1600\" \/>\n\t<meta property=\"og:image:height\" content=\"1280\" \/>\n\t<meta property=\"og:image:type\" content=\"image\/jpeg\" \/>\n<meta name=\"author\" content=\"Jean Pierre BAWELA\" \/>\n<meta name=\"twitter:card\" content=\"summary_large_image\" \/>\n<meta name=\"twitter:label1\" content=\"\u00c9crit par\" \/>\n\t<meta name=\"twitter:data1\" content=\"Jean Pierre BAWELA\" \/>\n\t<meta name=\"twitter:label2\" content=\"Dur\u00e9e de lecture estim\u00e9e\" \/>\n\t<meta name=\"twitter:data2\" content=\"3 minutes\" \/>\n<script type=\"application\/ld+json\" class=\"yoast-schema-graph\">{\"@context\":\"https:\\\/\\\/schema.org\",\"@graph\":[{\"@type\":\"Article\",\"@id\":\"https:\\\/\\\/macite.tg\\\/?p=3552#article\",\"isPartOf\":{\"@id\":\"https:\\\/\\\/macite.tg\\\/?p=3552\"},\"author\":{\"name\":\"Jean Pierre BAWELA\",\"@id\":\"https:\\\/\\\/macite.tg\\\/#\\\/schema\\\/person\\\/e9f2de7e5dbbe7770a9402c7ce82f5c2\"},\"headline\":\"TOGO \\\/ D\u00c9VELOPPEMENT DURABLE\u00a02023-2026 : Lom\u00e9 et le Syst\u00e8me des Unies scellent un nouveau cadre de partenariat\",\"datePublished\":\"2023-02-15T10:59:26+00:00\",\"dateModified\":\"2023-02-15T10:59:27+00:00\",\"mainEntityOfPage\":{\"@id\":\"https:\\\/\\\/macite.tg\\\/?p=3552\"},\"wordCount\":494,\"commentCount\":0,\"image\":{\"@id\":\"https:\\\/\\\/macite.tg\\\/?p=3552#primaryimage\"},\"thumbnailUrl\":\"https:\\\/\\\/macite.tg\\\/wp-content\\\/uploads\\\/2023\\\/02\\\/IMG-20230214-WA0140.jpg\",\"articleSection\":[\"DEVELOPPEMENT\"],\"inLanguage\":\"fr-FR\",\"potentialAction\":[{\"@type\":\"CommentAction\",\"name\":\"Comment\",\"target\":[\"https:\\\/\\\/macite.tg\\\/?p=3552#respond\"]}]},{\"@type\":\"WebPage\",\"@id\":\"https:\\\/\\\/macite.tg\\\/?p=3552\",\"url\":\"https:\\\/\\\/macite.tg\\\/?p=3552\",\"name\":\"TOGO \\\/ D\u00c9VELOPPEMENT DURABLE\u00a02023-2026 : Lom\u00e9 et le Syst\u00e8me des Unies scellent un nouveau cadre de partenariat -\",\"isPartOf\":{\"@id\":\"https:\\\/\\\/macite.tg\\\/#website\"},\"primaryImageOfPage\":{\"@id\":\"https:\\\/\\\/macite.tg\\\/?p=3552#primaryimage\"},\"image\":{\"@id\":\"https:\\\/\\\/macite.tg\\\/?p=3552#primaryimage\"},\"thumbnailUrl\":\"https:\\\/\\\/macite.tg\\\/wp-content\\\/uploads\\\/2023\\\/02\\\/IMG-20230214-WA0140.jpg\",\"datePublished\":\"2023-02-15T10:59:26+00:00\",\"dateModified\":\"2023-02-15T10:59:27+00:00\",\"author\":{\"@id\":\"https:\\\/\\\/macite.tg\\\/#\\\/schema\\\/person\\\/e9f2de7e5dbbe7770a9402c7ce82f5c2\"},\"breadcrumb\":{\"@id\":\"https:\\\/\\\/macite.tg\\\/?p=3552#breadcrumb\"},\"inLanguage\":\"fr-FR\",\"potentialAction\":[{\"@type\":\"ReadAction\",\"target\":[\"https:\\\/\\\/macite.tg\\\/?p=3552\"]}]},{\"@type\":\"ImageObject\",\"inLanguage\":\"fr-FR\",\"@id\":\"https:\\\/\\\/macite.tg\\\/?p=3552#primaryimage\",\"url\":\"https:\\\/\\\/macite.tg\\\/wp-content\\\/uploads\\\/2023\\\/02\\\/IMG-20230214-WA0140.jpg\",\"contentUrl\":\"https:\\\/\\\/macite.tg\\\/wp-content\\\/uploads\\\/2023\\\/02\\\/IMG-20230214-WA0140.jpg\",\"width\":1600,\"height\":1280},{\"@type\":\"BreadcrumbList\",\"@id\":\"https:\\\/\\\/macite.tg\\\/?p=3552#breadcrumb\",\"itemListElement\":[{\"@type\":\"ListItem\",\"position\":1,\"name\":\"Accueil\",\"item\":\"https:\\\/\\\/macite.tg\\\/\"},{\"@type\":\"ListItem\",\"position\":2,\"name\":\"TOGO \\\/ D\u00c9VELOPPEMENT DURABLE\u00a02023-2026 : Lom\u00e9 et le Syst\u00e8me des Unies scellent un nouveau cadre de partenariat\"}]},{\"@type\":\"WebSite\",\"@id\":\"https:\\\/\\\/macite.tg\\\/#website\",\"url\":\"https:\\\/\\\/macite.tg\\\/\",\"name\":\"\",\"description\":\"L&#039;information, la bonne!!!\",\"potentialAction\":[{\"@type\":\"SearchAction\",\"target\":{\"@type\":\"EntryPoint\",\"urlTemplate\":\"https:\\\/\\\/macite.tg\\\/?s={search_term_string}\"},\"query-input\":{\"@type\":\"PropertyValueSpecification\",\"valueRequired\":true,\"valueName\":\"search_term_string\"}}],\"inLanguage\":\"fr-FR\"},{\"@type\":\"Person\",\"@id\":\"https:\\\/\\\/macite.tg\\\/#\\\/schema\\\/person\\\/e9f2de7e5dbbe7770a9402c7ce82f5c2\",\"name\":\"Jean Pierre BAWELA\",\"image\":{\"@type\":\"ImageObject\",\"inLanguage\":\"fr-FR\",\"@id\":\"https:\\\/\\\/macite.tg\\\/wp-content\\\/uploads\\\/2023\\\/09\\\/WhatsApp-Image-2023-09-19-at-14.44.41-122x122.jpeg\",\"url\":\"https:\\\/\\\/macite.tg\\\/wp-content\\\/uploads\\\/2023\\\/09\\\/WhatsApp-Image-2023-09-19-at-14.44.41-122x122.jpeg\",\"contentUrl\":\"https:\\\/\\\/macite.tg\\\/wp-content\\\/uploads\\\/2023\\\/09\\\/WhatsApp-Image-2023-09-19-at-14.44.41-122x122.jpeg\",\"caption\":\"Jean Pierre BAWELA\"},\"url\":\"https:\\\/\\\/macite.tg\\\/?author=2\"}]}<\/script>\n<!-- \/ Yoast SEO plugin. -->","yoast_head_json":{"title":"TOGO \/ D\u00c9VELOPPEMENT DURABLE\u00a02023-2026 : Lom\u00e9 et le Syst\u00e8me des Unies scellent un nouveau cadre de partenariat -","robots":{"index":"index","follow":"follow","max-snippet":"max-snippet:-1","max-image-preview":"max-image-preview:large","max-video-preview":"max-video-preview:-1"},"canonical":"https:\/\/macite.tg\/?p=3552","og_locale":"fr_FR","og_type":"article","og_title":"TOGO \/ D\u00c9VELOPPEMENT DURABLE\u00a02023-2026 : Lom\u00e9 et le Syst\u00e8me des Unies scellent un nouveau cadre de partenariat -","og_description":"Lom\u00e9 et le Syst\u00e8me des Nations Unies ont d\u00e9sormais un nouveau cadre triennal de coop\u00e9ration pour le d\u00e9veloppement durable. Ce nouvel instrument de coop\u00e9ration, pour la p\u00e9riode 2023-2026, a \u00e9t\u00e9 paraph\u00e9, hier 14 f\u00e9vrier \u00e0 Lom\u00e9, par la ministre, Secr\u00e9taire g\u00e9n\u00e9rale de la Pr\u00e9sidence de [&hellip;]","og_url":"https:\/\/macite.tg\/?p=3552","article_published_time":"2023-02-15T10:59:26+00:00","article_modified_time":"2023-02-15T10:59:27+00:00","og_image":[{"width":1600,"height":1280,"url":"https:\/\/macite.tg\/wp-content\/uploads\/2023\/02\/IMG-20230214-WA0140.jpg","type":"image\/jpeg"}],"author":"Jean Pierre BAWELA","twitter_card":"summary_large_image","twitter_misc":{"\u00c9crit par":"Jean Pierre BAWELA","Dur\u00e9e de lecture estim\u00e9e":"3 minutes"},"schema":{"@context":"https:\/\/schema.org","@graph":[{"@type":"Article","@id":"https:\/\/macite.tg\/?p=3552#article","isPartOf":{"@id":"https:\/\/macite.tg\/?p=3552"},"author":{"name":"Jean Pierre BAWELA","@id":"https:\/\/macite.tg\/#\/schema\/person\/e9f2de7e5dbbe7770a9402c7ce82f5c2"},"headline":"TOGO \/ D\u00c9VELOPPEMENT DURABLE\u00a02023-2026 : Lom\u00e9 et le Syst\u00e8me des Unies scellent un nouveau cadre de partenariat","datePublished":"2023-02-15T10:59:26+00:00","dateModified":"2023-02-15T10:59:27+00:00","mainEntityOfPage":{"@id":"https:\/\/macite.tg\/?p=3552"},"wordCount":494,"commentCount":0,"image":{"@id":"https:\/\/macite.tg\/?p=3552#primaryimage"},"thumbnailUrl":"https:\/\/macite.tg\/wp-content\/uploads\/2023\/02\/IMG-20230214-WA0140.jpg","articleSection":["DEVELOPPEMENT"],"inLanguage":"fr-FR","potentialAction":[{"@type":"CommentAction","name":"Comment","target":["https:\/\/macite.tg\/?p=3552#respond"]}]},{"@type":"WebPage","@id":"https:\/\/macite.tg\/?p=3552","url":"https:\/\/macite.tg\/?p=3552","name":"TOGO \/ D\u00c9VELOPPEMENT DURABLE\u00a02023-2026 : Lom\u00e9 et le Syst\u00e8me des Unies scellent un nouveau cadre de partenariat -","isPartOf":{"@id":"https:\/\/macite.tg\/#website"},"primaryImageOfPage":{"@id":"https:\/\/macite.tg\/?p=3552#primaryimage"},"image":{"@id":"https:\/\/macite.tg\/?p=3552#primaryimage"},"thumbnailUrl":"https:\/\/macite.tg\/wp-content\/uploads\/2023\/02\/IMG-20230214-WA0140.jpg","datePublished":"2023-02-15T10:59:26+00:00","dateModified":"2023-02-15T10:59:27+00:00","author":{"@id":"https:\/\/macite.tg\/#\/schema\/person\/e9f2de7e5dbbe7770a9402c7ce82f5c2"},"breadcrumb":{"@id":"https:\/\/macite.tg\/?p=3552#breadcrumb"},"inLanguage":"fr-FR","potentialAction":[{"@type":"ReadAction","target":["https:\/\/macite.tg\/?p=3552"]}]},{"@type":"ImageObject","inLanguage":"fr-FR","@id":"https:\/\/macite.tg\/?p=3552#primaryimage","url":"https:\/\/macite.tg\/wp-content\/uploads\/2023\/02\/IMG-20230214-WA0140.jpg","contentUrl":"https:\/\/macite.tg\/wp-content\/uploads\/2023\/02\/IMG-20230214-WA0140.jpg","width":1600,"height":1280},{"@type":"BreadcrumbList","@id":"https:\/\/macite.tg\/?p=3552#breadcrumb","itemListElement":[{"@type":"ListItem","position":1,"name":"Accueil","item":"https:\/\/macite.tg\/"},{"@type":"ListItem","position":2,"name":"TOGO \/ D\u00c9VELOPPEMENT DURABLE\u00a02023-2026 : Lom\u00e9 et le Syst\u00e8me des Unies scellent un nouveau cadre de partenariat"}]},{"@type":"WebSite","@id":"https:\/\/macite.tg\/#website","url":"https:\/\/macite.tg\/","name":"","description":"L&#039;information, la bonne!!!","potentialAction":[{"@type":"SearchAction","target":{"@type":"EntryPoint","urlTemplate":"https:\/\/macite.tg\/?s={search_term_string}"},"query-input":{"@type":"PropertyValueSpecification","valueRequired":true,"valueName":"search_term_string"}}],"inLanguage":"fr-FR"},{"@type":"Person","@id":"https:\/\/macite.tg\/#\/schema\/person\/e9f2de7e5dbbe7770a9402c7ce82f5c2","name":"Jean Pierre BAWELA","image":{"@type":"ImageObject","inLanguage":"fr-FR","@id":"https:\/\/macite.tg\/wp-content\/uploads\/2023\/09\/WhatsApp-Image-2023-09-19-at-14.44.41-122x122.jpeg","url":"https:\/\/macite.tg\/wp-content\/uploads\/2023\/09\/WhatsApp-Image-2023-09-19-at-14.44.41-122x122.jpeg","contentUrl":"https:\/\/macite.tg\/wp-content\/uploads\/2023\/09\/WhatsApp-Image-2023-09-19-at-14.44.41-122x122.jpeg","caption":"Jean Pierre BAWELA"},"url":"https:\/\/macite.tg\/?author=2"}]}},"_links":{"self":[{"href":"https:\/\/macite.tg\/index.php?rest_route=\/wp\/v2\/posts\/3552","targetHints":{"allow":["GET"]}}],"collection":[{"href":"https:\/\/macite.tg\/index.php?rest_route=\/wp\/v2\/posts"}],"about":[{"href":"https:\/\/macite.tg\/index.php?rest_route=\/wp\/v2\/types\/post"}],"author":[{"embeddable":true,"href":"https:\/\/macite.tg\/index.php?rest_route=\/wp\/v2\/users\/2"}],"replies":[{"embeddable":true,"href":"https:\/\/macite.tg\/index.php?rest_route=%2Fwp%2Fv2%2Fcomments&post=3552"}],"version-history":[{"count":0,"href":"https:\/\/macite.tg\/index.php?rest_route=\/wp\/v2\/posts\/3552\/revisions"}],"wp:featuredmedia":[{"embeddable":true,"href":"https:\/\/macite.tg\/index.php?rest_route=\/wp\/v2\/media\/3553"}],"wp:attachment":[{"href":"https:\/\/macite.tg\/index.php?rest_route=%2Fwp%2Fv2%2Fmedia&parent=3552"}],"wp:term":[{"taxonomy":"category","embeddable":true,"href":"https:\/\/macite.tg\/index.php?rest_route=%2Fwp%2Fv2%2Fcategories&post=3552"},{"taxonomy":"post_tag","embeddable":true,"href":"https:\/\/macite.tg\/index.php?rest_route=%2Fwp%2Fv2%2Ftags&post=3552"}],"curies":[{"name":"wp","href":"https:\/\/api.w.org\/{rel}","templated":true}]}}