{"id":3539,"date":"2023-02-14T17:48:21","date_gmt":"2023-02-14T17:48:21","guid":{"rendered":"https:\/\/macite.info\/?p=3539"},"modified":"2023-02-14T17:48:22","modified_gmt":"2023-02-14T17:48:22","slug":"triste-nouvelle-lancienne-athlete-senegalaise-kene-ndoye-nest-plus","status":"publish","type":"post","link":"https:\/\/macite.tg\/?p=3539","title":{"rendered":"<strong>TRISTE NOUVELLE : L\u2019ancienne athl\u00e8te s\u00e9n\u00e9galaise K\u00e9ne Ndoye, n\u2019est plus\u00a0!<\/strong>"},"content":{"rendered":"\n<p class=\"wp-block-paragraph\"><strong><em>Gravement malade depuis 2012, l\u2019athl\u00e8te internationale S\u00e9n\u00e9galaise, K\u00e9ne Ndoye (44 ans) n\u2019est plus. En effet, le d\u00e9c\u00e8s de la sp\u00e9cialiste du triple saut et du saut en longueur est survenu dans la nuit du 13 au 14 f\u00e9vrier 2023 des suites d\u2019une longue maladie.<\/em><\/strong><\/p>\n\n\n\n<p class=\"wp-block-paragraph\">K\u00e8ne Ndoye \u00e9tait alit\u00e9e depuis une dizaine d\u2019ann\u00e9es. Depuis plus de deux ans, les m\u00e9dias locaux avaient alert\u00e9 sur l\u2019\u00e9tat de sant\u00e9 de l\u2019athl\u00e8te qui se d\u00e9gradait. En plus de l\u2019intervention de la fondation Mory Tall qui a propos\u00e9 une prise en charge totale des frais m\u00e9dicaux de l\u2019athl\u00e8te, le ministre des Sports a envoy\u00e9 une d\u00e9l\u00e9gation au domicile de l\u2019ancienne internationale avec une enveloppe de 10 millions FCFA destin\u00e9s aux soins m\u00e9dicaux. Une information confirm\u00e9e par un proche de la famille Ndoye.<\/p>\n\n\n<div class=\"wp-block-image\">\n<figure class=\"aligncenter size-large is-resized\"><img loading=\"lazy\" decoding=\"async\" src=\"https:\/\/macite.tg\/wp-content\/uploads\/2023\/02\/ANNONCES-1-1024x426.jpg\" alt=\"\" class=\"wp-image-3456\" width=\"765\" height=\"318\" srcset=\"https:\/\/macite.tg\/wp-content\/uploads\/2023\/02\/ANNONCES-1-1024x426.jpg 1024w, https:\/\/macite.tg\/wp-content\/uploads\/2023\/02\/ANNONCES-1-300x125.jpg 300w, https:\/\/macite.tg\/wp-content\/uploads\/2023\/02\/ANNONCES-1-768x319.jpg 768w, https:\/\/macite.tg\/wp-content\/uploads\/2023\/02\/ANNONCES-1.jpg 1080w\" sizes=\"auto, (max-width: 765px) 100vw, 765px\" \/><\/figure>\n<\/div>\n\n\n<p class=\"wp-block-paragraph\">En effet, apr\u00e8s plusieurs ann\u00e9es de souffrance en silence, K\u00e9ne Ndoye qui avait quitt\u00e9 l\u2019Italie pour rentrer au bercail, a v\u00e9cu des moments difficiles d\u00e9laiss\u00e9e par le monde sportif. Le d\u00e9c\u00e8s de Pape Bouba Diop aura eu un effet d\u2019\u00e9lectrochoc sur l\u2019opinion qui s\u2019est empar\u00e9e de l\u2019affaire, inondant les r\u00e9seaux de messages de soutien et d\u2019appel \u00e0 l\u2019aide, sentant l\u2019urgence et le caract\u00e8re d\u00e9plorable de la situation.<\/p>\n\n\n\n<p class=\"wp-block-paragraph\">Athl\u00e8te de haut niveau, K\u00e9ne Ndoye aura repr\u00e9sent\u00e9 le S\u00e9n\u00e9gal partout en Afrique et dans le monde avant de voir la maladie prendre le dessus sur elle. Quasiment paralys\u00e9e par moment avec de grandes difficult\u00e9s pour marcher, et faire certains gestes, l\u2019ex sp\u00e9cialiste du triple saut et du saut en longueur avait, il y a deux mois d\u00e9j\u00e0, t\u00e9moign\u00e9 en ces termes dans les colonnes du quotidien sportif Stades.<\/p>\n\n\n\n<p class=\"wp-block-paragraph\">\u00ab <em>Moi, ce que j\u2019ai toujours r\u00e9clam\u00e9 ce sont mes primes de 2006. Je n\u2019ai jamais re\u00e7u de primes malgr\u00e9 toutes les m\u00e9dailles que j\u2019ai eues dans ma carri\u00e8re.\u00a0J\u2019ai gagn\u00e9 dans ma carri\u00e8re 13 m\u00e9dailles d\u2019Afrique, une m\u00e9daille mondiale et 02 m\u00e9dailles islamiques.<\/em> \u00bb<\/p>\n\n\n\n<p class=\"wp-block-paragraph\">Un cri du c\u0153ur d\u00e9chirant qui a \u00e9t\u00e9 pendant longtemps ignor\u00e9 par les autorit\u00e9s s\u00e9n\u00e9galaises en charge du sport et pr\u00e9cis\u00e9ment de l\u2019athl\u00e9tisme.<\/p>\n\n\n\n<p class=\"wp-block-paragraph\"><strong><u>Source<\/u><\/strong><strong>&nbsp;: SeneNews<\/strong><\/p>\n\n\n\n<p class=\"wp-block-paragraph\"><strong><em>@macite.info<\/em><\/strong><\/p>\n\n\n\n<p class=\"wp-block-paragraph\"><strong><em>E-mail&nbsp;: <\/em><\/strong><a href=\"mailto:maciteinfo@gmail.com\"><strong><em>maciteinfo@gmail.com<\/em><\/strong><\/a><strong><em>; <\/em><\/strong><a href=\"mailto:bawela1@gmail.com\"><strong><em>bawela1@gmail.com<\/em><\/strong><\/a><\/p>\n\n\n\n<p class=\"wp-block-paragraph\"><strong><em>Pour vos annonces, (publi)reportages, etc., joignez nous au (00228)91515309\/<strong>79872224<\/strong><\/em><\/strong><\/p>\n\n\n\n<p class=\"wp-block-paragraph\"><a href=\"http:\/\/www.macite.info\"><strong><em>www.macite.info<\/em><\/strong><\/a><strong><em>, L\u2019information, la bonne&nbsp;!<\/em><\/strong><\/p>\n","protected":false},"excerpt":{"rendered":"<p class=\"text-justify mb-2\" >Gravement malade depuis 2012, l\u2019athl\u00e8te internationale S\u00e9n\u00e9galaise, K\u00e9ne Ndoye (44 ans) n\u2019est plus. En effet, le d\u00e9c\u00e8s de la sp\u00e9cialiste du triple saut et du saut en longueur est survenu dans la nuit du 13 au 14 f\u00e9vrier 2023 des suites d\u2019une longue maladie. K\u00e8ne [&hellip;]<\/p>\n","protected":false},"author":2,"featured_media":3545,"comment_status":"open","ping_status":"open","sticky":false,"template":"","format":"standard","meta":{"footnotes":""},"categories":[35],"tags":[],"class_list":["post-3539","post","type-post","status-publish","format-standard","has-post-thumbnail","hentry","category-necrologie"],"yoast_head":"<!-- This site is optimized with the Yoast SEO plugin v28.4 - https:\/\/yoast.com\/product\/yoast-seo-wordpress\/ -->\n<title>TRISTE NOUVELLE : L\u2019ancienne athl\u00e8te s\u00e9n\u00e9galaise K\u00e9ne Ndoye, n\u2019est plus\u00a0! -<\/title>\n<meta name=\"robots\" content=\"index, follow, max-snippet:-1, max-image-preview:large, max-video-preview:-1\" \/>\n<link rel=\"canonical\" href=\"https:\/\/macite.tg\/?p=3539\" \/>\n<meta property=\"og:locale\" content=\"fr_FR\" \/>\n<meta property=\"og:type\" content=\"article\" \/>\n<meta property=\"og:title\" content=\"TRISTE NOUVELLE : L\u2019ancienne athl\u00e8te s\u00e9n\u00e9galaise K\u00e9ne Ndoye, n\u2019est plus\u00a0! -\" \/>\n<meta property=\"og:description\" content=\"Gravement malade depuis 2012, l\u2019athl\u00e8te internationale S\u00e9n\u00e9galaise, K\u00e9ne Ndoye (44 ans) n\u2019est plus. En effet, le d\u00e9c\u00e8s de la sp\u00e9cialiste du triple saut et du saut en longueur est survenu dans la nuit du 13 au 14 f\u00e9vrier 2023 des suites d\u2019une longue maladie. K\u00e8ne [&hellip;]\" \/>\n<meta property=\"og:url\" content=\"https:\/\/macite.tg\/?p=3539\" \/>\n<meta property=\"article:published_time\" content=\"2023-02-14T17:48:21+00:00\" \/>\n<meta property=\"article:modified_time\" content=\"2023-02-14T17:48:22+00:00\" \/>\n<meta property=\"og:image\" content=\"https:\/\/macite.tg\/wp-content\/uploads\/2023\/02\/Athlete-senegalaise.jpg\" \/>\n\t<meta property=\"og:image:width\" content=\"696\" \/>\n\t<meta property=\"og:image:height\" content=\"522\" \/>\n\t<meta property=\"og:image:type\" content=\"image\/jpeg\" \/>\n<meta name=\"author\" content=\"Jean Pierre BAWELA\" \/>\n<meta name=\"twitter:card\" content=\"summary_large_image\" \/>\n<meta name=\"twitter:label1\" content=\"\u00c9crit par\" \/>\n\t<meta name=\"twitter:data1\" content=\"Jean Pierre BAWELA\" \/>\n\t<meta name=\"twitter:label2\" content=\"Dur\u00e9e de lecture estim\u00e9e\" \/>\n\t<meta name=\"twitter:data2\" content=\"2 minutes\" \/>\n<script type=\"application\/ld+json\" class=\"yoast-schema-graph\">{\"@context\":\"https:\\\/\\\/schema.org\",\"@graph\":[{\"@type\":\"Article\",\"@id\":\"https:\\\/\\\/macite.tg\\\/?p=3539#article\",\"isPartOf\":{\"@id\":\"https:\\\/\\\/macite.tg\\\/?p=3539\"},\"author\":{\"name\":\"Jean Pierre BAWELA\",\"@id\":\"https:\\\/\\\/macite.tg\\\/#\\\/schema\\\/person\\\/e9f2de7e5dbbe7770a9402c7ce82f5c2\"},\"headline\":\"TRISTE NOUVELLE : L\u2019ancienne athl\u00e8te s\u00e9n\u00e9galaise K\u00e9ne Ndoye, n\u2019est plus\u00a0!\",\"datePublished\":\"2023-02-14T17:48:21+00:00\",\"dateModified\":\"2023-02-14T17:48:22+00:00\",\"mainEntityOfPage\":{\"@id\":\"https:\\\/\\\/macite.tg\\\/?p=3539\"},\"wordCount\":447,\"commentCount\":0,\"image\":{\"@id\":\"https:\\\/\\\/macite.tg\\\/?p=3539#primaryimage\"},\"thumbnailUrl\":\"https:\\\/\\\/macite.tg\\\/wp-content\\\/uploads\\\/2023\\\/02\\\/Athlete-senegalaise.jpg\",\"articleSection\":[\"NECROLOGIE\"],\"inLanguage\":\"fr-FR\",\"potentialAction\":[{\"@type\":\"CommentAction\",\"name\":\"Comment\",\"target\":[\"https:\\\/\\\/macite.tg\\\/?p=3539#respond\"]}]},{\"@type\":\"WebPage\",\"@id\":\"https:\\\/\\\/macite.tg\\\/?p=3539\",\"url\":\"https:\\\/\\\/macite.tg\\\/?p=3539\",\"name\":\"TRISTE NOUVELLE : L\u2019ancienne athl\u00e8te s\u00e9n\u00e9galaise K\u00e9ne Ndoye, n\u2019est plus\u00a0! -\",\"isPartOf\":{\"@id\":\"https:\\\/\\\/macite.tg\\\/#website\"},\"primaryImageOfPage\":{\"@id\":\"https:\\\/\\\/macite.tg\\\/?p=3539#primaryimage\"},\"image\":{\"@id\":\"https:\\\/\\\/macite.tg\\\/?p=3539#primaryimage\"},\"thumbnailUrl\":\"https:\\\/\\\/macite.tg\\\/wp-content\\\/uploads\\\/2023\\\/02\\\/Athlete-senegalaise.jpg\",\"datePublished\":\"2023-02-14T17:48:21+00:00\",\"dateModified\":\"2023-02-14T17:48:22+00:00\",\"author\":{\"@id\":\"https:\\\/\\\/macite.tg\\\/#\\\/schema\\\/person\\\/e9f2de7e5dbbe7770a9402c7ce82f5c2\"},\"breadcrumb\":{\"@id\":\"https:\\\/\\\/macite.tg\\\/?p=3539#breadcrumb\"},\"inLanguage\":\"fr-FR\",\"potentialAction\":[{\"@type\":\"ReadAction\",\"target\":[\"https:\\\/\\\/macite.tg\\\/?p=3539\"]}]},{\"@type\":\"ImageObject\",\"inLanguage\":\"fr-FR\",\"@id\":\"https:\\\/\\\/macite.tg\\\/?p=3539#primaryimage\",\"url\":\"https:\\\/\\\/macite.tg\\\/wp-content\\\/uploads\\\/2023\\\/02\\\/Athlete-senegalaise.jpg\",\"contentUrl\":\"https:\\\/\\\/macite.tg\\\/wp-content\\\/uploads\\\/2023\\\/02\\\/Athlete-senegalaise.jpg\",\"width\":696,\"height\":522},{\"@type\":\"BreadcrumbList\",\"@id\":\"https:\\\/\\\/macite.tg\\\/?p=3539#breadcrumb\",\"itemListElement\":[{\"@type\":\"ListItem\",\"position\":1,\"name\":\"Accueil\",\"item\":\"https:\\\/\\\/macite.tg\\\/\"},{\"@type\":\"ListItem\",\"position\":2,\"name\":\"TRISTE NOUVELLE : L\u2019ancienne athl\u00e8te s\u00e9n\u00e9galaise K\u00e9ne Ndoye, n\u2019est plus\u00a0!\"}]},{\"@type\":\"WebSite\",\"@id\":\"https:\\\/\\\/macite.tg\\\/#website\",\"url\":\"https:\\\/\\\/macite.tg\\\/\",\"name\":\"\",\"description\":\"L&#039;information, la bonne!!!\",\"potentialAction\":[{\"@type\":\"SearchAction\",\"target\":{\"@type\":\"EntryPoint\",\"urlTemplate\":\"https:\\\/\\\/macite.tg\\\/?s={search_term_string}\"},\"query-input\":{\"@type\":\"PropertyValueSpecification\",\"valueRequired\":true,\"valueName\":\"search_term_string\"}}],\"inLanguage\":\"fr-FR\"},{\"@type\":\"Person\",\"@id\":\"https:\\\/\\\/macite.tg\\\/#\\\/schema\\\/person\\\/e9f2de7e5dbbe7770a9402c7ce82f5c2\",\"name\":\"Jean Pierre BAWELA\",\"image\":{\"@type\":\"ImageObject\",\"inLanguage\":\"fr-FR\",\"@id\":\"https:\\\/\\\/macite.tg\\\/wp-content\\\/uploads\\\/2023\\\/09\\\/WhatsApp-Image-2023-09-19-at-14.44.41-122x122.jpeg\",\"url\":\"https:\\\/\\\/macite.tg\\\/wp-content\\\/uploads\\\/2023\\\/09\\\/WhatsApp-Image-2023-09-19-at-14.44.41-122x122.jpeg\",\"contentUrl\":\"https:\\\/\\\/macite.tg\\\/wp-content\\\/uploads\\\/2023\\\/09\\\/WhatsApp-Image-2023-09-19-at-14.44.41-122x122.jpeg\",\"caption\":\"Jean Pierre BAWELA\"},\"url\":\"https:\\\/\\\/macite.tg\\\/?author=2\"}]}<\/script>\n<!-- \/ Yoast SEO plugin. -->","yoast_head_json":{"title":"TRISTE NOUVELLE : L\u2019ancienne athl\u00e8te s\u00e9n\u00e9galaise K\u00e9ne Ndoye, n\u2019est plus\u00a0! -","robots":{"index":"index","follow":"follow","max-snippet":"max-snippet:-1","max-image-preview":"max-image-preview:large","max-video-preview":"max-video-preview:-1"},"canonical":"https:\/\/macite.tg\/?p=3539","og_locale":"fr_FR","og_type":"article","og_title":"TRISTE NOUVELLE : L\u2019ancienne athl\u00e8te s\u00e9n\u00e9galaise K\u00e9ne Ndoye, n\u2019est plus\u00a0! -","og_description":"Gravement malade depuis 2012, l\u2019athl\u00e8te internationale S\u00e9n\u00e9galaise, K\u00e9ne Ndoye (44 ans) n\u2019est plus. En effet, le d\u00e9c\u00e8s de la sp\u00e9cialiste du triple saut et du saut en longueur est survenu dans la nuit du 13 au 14 f\u00e9vrier 2023 des suites d\u2019une longue maladie. K\u00e8ne [&hellip;]","og_url":"https:\/\/macite.tg\/?p=3539","article_published_time":"2023-02-14T17:48:21+00:00","article_modified_time":"2023-02-14T17:48:22+00:00","og_image":[{"width":696,"height":522,"url":"https:\/\/macite.tg\/wp-content\/uploads\/2023\/02\/Athlete-senegalaise.jpg","type":"image\/jpeg"}],"author":"Jean Pierre BAWELA","twitter_card":"summary_large_image","twitter_misc":{"\u00c9crit par":"Jean Pierre BAWELA","Dur\u00e9e de lecture estim\u00e9e":"2 minutes"},"schema":{"@context":"https:\/\/schema.org","@graph":[{"@type":"Article","@id":"https:\/\/macite.tg\/?p=3539#article","isPartOf":{"@id":"https:\/\/macite.tg\/?p=3539"},"author":{"name":"Jean Pierre BAWELA","@id":"https:\/\/macite.tg\/#\/schema\/person\/e9f2de7e5dbbe7770a9402c7ce82f5c2"},"headline":"TRISTE NOUVELLE : L\u2019ancienne athl\u00e8te s\u00e9n\u00e9galaise K\u00e9ne Ndoye, n\u2019est plus\u00a0!","datePublished":"2023-02-14T17:48:21+00:00","dateModified":"2023-02-14T17:48:22+00:00","mainEntityOfPage":{"@id":"https:\/\/macite.tg\/?p=3539"},"wordCount":447,"commentCount":0,"image":{"@id":"https:\/\/macite.tg\/?p=3539#primaryimage"},"thumbnailUrl":"https:\/\/macite.tg\/wp-content\/uploads\/2023\/02\/Athlete-senegalaise.jpg","articleSection":["NECROLOGIE"],"inLanguage":"fr-FR","potentialAction":[{"@type":"CommentAction","name":"Comment","target":["https:\/\/macite.tg\/?p=3539#respond"]}]},{"@type":"WebPage","@id":"https:\/\/macite.tg\/?p=3539","url":"https:\/\/macite.tg\/?p=3539","name":"TRISTE NOUVELLE : L\u2019ancienne athl\u00e8te s\u00e9n\u00e9galaise K\u00e9ne Ndoye, n\u2019est plus\u00a0! -","isPartOf":{"@id":"https:\/\/macite.tg\/#website"},"primaryImageOfPage":{"@id":"https:\/\/macite.tg\/?p=3539#primaryimage"},"image":{"@id":"https:\/\/macite.tg\/?p=3539#primaryimage"},"thumbnailUrl":"https:\/\/macite.tg\/wp-content\/uploads\/2023\/02\/Athlete-senegalaise.jpg","datePublished":"2023-02-14T17:48:21+00:00","dateModified":"2023-02-14T17:48:22+00:00","author":{"@id":"https:\/\/macite.tg\/#\/schema\/person\/e9f2de7e5dbbe7770a9402c7ce82f5c2"},"breadcrumb":{"@id":"https:\/\/macite.tg\/?p=3539#breadcrumb"},"inLanguage":"fr-FR","potentialAction":[{"@type":"ReadAction","target":["https:\/\/macite.tg\/?p=3539"]}]},{"@type":"ImageObject","inLanguage":"fr-FR","@id":"https:\/\/macite.tg\/?p=3539#primaryimage","url":"https:\/\/macite.tg\/wp-content\/uploads\/2023\/02\/Athlete-senegalaise.jpg","contentUrl":"https:\/\/macite.tg\/wp-content\/uploads\/2023\/02\/Athlete-senegalaise.jpg","width":696,"height":522},{"@type":"BreadcrumbList","@id":"https:\/\/macite.tg\/?p=3539#breadcrumb","itemListElement":[{"@type":"ListItem","position":1,"name":"Accueil","item":"https:\/\/macite.tg\/"},{"@type":"ListItem","position":2,"name":"TRISTE NOUVELLE : L\u2019ancienne athl\u00e8te s\u00e9n\u00e9galaise K\u00e9ne Ndoye, n\u2019est plus\u00a0!"}]},{"@type":"WebSite","@id":"https:\/\/macite.tg\/#website","url":"https:\/\/macite.tg\/","name":"","description":"L&#039;information, la bonne!!!","potentialAction":[{"@type":"SearchAction","target":{"@type":"EntryPoint","urlTemplate":"https:\/\/macite.tg\/?s={search_term_string}"},"query-input":{"@type":"PropertyValueSpecification","valueRequired":true,"valueName":"search_term_string"}}],"inLanguage":"fr-FR"},{"@type":"Person","@id":"https:\/\/macite.tg\/#\/schema\/person\/e9f2de7e5dbbe7770a9402c7ce82f5c2","name":"Jean Pierre BAWELA","image":{"@type":"ImageObject","inLanguage":"fr-FR","@id":"https:\/\/macite.tg\/wp-content\/uploads\/2023\/09\/WhatsApp-Image-2023-09-19-at-14.44.41-122x122.jpeg","url":"https:\/\/macite.tg\/wp-content\/uploads\/2023\/09\/WhatsApp-Image-2023-09-19-at-14.44.41-122x122.jpeg","contentUrl":"https:\/\/macite.tg\/wp-content\/uploads\/2023\/09\/WhatsApp-Image-2023-09-19-at-14.44.41-122x122.jpeg","caption":"Jean Pierre BAWELA"},"url":"https:\/\/macite.tg\/?author=2"}]}},"_links":{"self":[{"href":"https:\/\/macite.tg\/index.php?rest_route=\/wp\/v2\/posts\/3539","targetHints":{"allow":["GET"]}}],"collection":[{"href":"https:\/\/macite.tg\/index.php?rest_route=\/wp\/v2\/posts"}],"about":[{"href":"https:\/\/macite.tg\/index.php?rest_route=\/wp\/v2\/types\/post"}],"author":[{"embeddable":true,"href":"https:\/\/macite.tg\/index.php?rest_route=\/wp\/v2\/users\/2"}],"replies":[{"embeddable":true,"href":"https:\/\/macite.tg\/index.php?rest_route=%2Fwp%2Fv2%2Fcomments&post=3539"}],"version-history":[{"count":0,"href":"https:\/\/macite.tg\/index.php?rest_route=\/wp\/v2\/posts\/3539\/revisions"}],"wp:featuredmedia":[{"embeddable":true,"href":"https:\/\/macite.tg\/index.php?rest_route=\/wp\/v2\/media\/3545"}],"wp:attachment":[{"href":"https:\/\/macite.tg\/index.php?rest_route=%2Fwp%2Fv2%2Fmedia&parent=3539"}],"wp:term":[{"taxonomy":"category","embeddable":true,"href":"https:\/\/macite.tg\/index.php?rest_route=%2Fwp%2Fv2%2Fcategories&post=3539"},{"taxonomy":"post_tag","embeddable":true,"href":"https:\/\/macite.tg\/index.php?rest_route=%2Fwp%2Fv2%2Ftags&post=3539"}],"curies":[{"name":"wp","href":"https:\/\/api.w.org\/{rel}","templated":true}]}}