{"id":3533,"date":"2023-02-14T12:43:58","date_gmt":"2023-02-14T12:43:58","guid":{"rendered":"https:\/\/macite.info\/?p=3533"},"modified":"2023-02-14T12:43:59","modified_gmt":"2023-02-14T12:43:59","slug":"commerce-3e-trimestre-hausse-de-183-du-chiffre-daffaires-de-lactivite-de-commerce-glissement-annuel","status":"publish","type":"post","link":"https:\/\/macite.tg\/?p=3533","title":{"rendered":"<strong>COMMERCE (3\u00e8 trimestre) : Hausse de 18,3% du chiffre d&rsquo;affaires de l&rsquo;activit\u00e9 de commerce (Glissement annuel)<\/strong>"},"content":{"rendered":"\n<p class=\"wp-block-paragraph\"><\/p>\n\n\n\n<p class=\"wp-block-paragraph\"><strong><em>L&rsquo;activit\u00e9 de commerce au 3\u00e8 trimestre de 2022 connait une croissance avec une augmentation du chiffre d&rsquo;affaires de 4,0%, par rapport au 2\u00e8 trimestre de 2022. Selon l&rsquo;Institut National de la Statistique et des \u00c9tudes \u00c9conomiques et D\u00e9mographiques (INSEED), qui publie les chiffres, cette augmentation s&rsquo;explique par la hausse du chiffre d&rsquo;affaires des activit\u00e9s du \u00a0\u00bb Commerce de d\u00e9tail \u00a0\u00bb (+10,6%) et celle du \u00a0\u00bb Commerce et r\u00e9paration d&rsquo;automobiles et de motocycles \u00a0\u00bb (+14,2%). Cependant, on observe une diminution du chiffre d&rsquo;affaires au niveau de \u00a0\u00bb commerce de gros et activit\u00e9s interm\u00e9diaires \u00a0\u00bb (-8,7%).<\/em><\/strong><\/p>\n\n\n\n<p class=\"wp-block-paragraph\">Cette croissance conforte la bonne dynamique de la reprise des activit\u00e9s de commerce,&nbsp;&nbsp;&nbsp; observ\u00e9e depuis le 3\u00e8 trimestre 2020. En glissement annuel, le chiffre d&rsquo;affaires de l&rsquo;activit\u00e9 de commerce s&rsquo;appr\u00e9cie de 18,3%%.<\/p>\n\n\n\n<p class=\"wp-block-paragraph\">L&rsquo;activit\u00e9 de \u00a0\u00bb Commerce et r\u00e9paration d&rsquo;automobiles et de motocycles \u00a0\u00bb connait, au 3\u00e8 trimestre de 2022, une hausse de 14,2% de son chiffre d&rsquo;affaires, comparativement au trimestre pr\u00e9c\u00e9dent.<\/p>\n\n\n\n<p class=\"wp-block-paragraph\">Cette hausse s&rsquo;explique par une augmentation de 8,1% du chiffre d&rsquo;affaires de l&rsquo;activit\u00e9 du \u00a0\u00bb Commerce de v\u00e9hicules automobiles \u00ab\u00a0, de 9,4% de celui du \u00a0\u00bb Commerce de pi\u00e8ces d\u00e9tach\u00e9es et d&rsquo;accessoires automobiles \u00ab\u00a0, de 48,4% du chiffre d&rsquo;affaires de l&rsquo;activit\u00e9 du \u00a0\u00bb Commerce et r\u00e9paration de motocycles \u00a0\u00bb et de 1,6% du chiffre d&rsquo;affaire des activit\u00e9s de \u00a0\u00bb Entretien et r\u00e9paration de v\u00e9hicules automobiles \u00a0\u00bb En glissement annuel, le chiffre d&rsquo;affaires de l&rsquo;activit\u00e9 de \u00a0\u00bb Commerce et r\u00e9paration d&rsquo;automobiles et de motocycles \u00a0\u00bb s&rsquo;appr\u00e9cie de 4,8%.<\/p>\n\n\n<div class=\"wp-block-image\">\n<figure class=\"aligncenter size-large is-resized\"><img loading=\"lazy\" decoding=\"async\" src=\"https:\/\/macite.tg\/wp-content\/uploads\/2023\/02\/ANNONCES-1-1024x426.jpg\" alt=\"\" class=\"wp-image-3456\" width=\"768\" height=\"319\" srcset=\"https:\/\/macite.tg\/wp-content\/uploads\/2023\/02\/ANNONCES-1-1024x426.jpg 1024w, https:\/\/macite.tg\/wp-content\/uploads\/2023\/02\/ANNONCES-1-300x125.jpg 300w, https:\/\/macite.tg\/wp-content\/uploads\/2023\/02\/ANNONCES-1-768x319.jpg 768w, https:\/\/macite.tg\/wp-content\/uploads\/2023\/02\/ANNONCES-1.jpg 1080w\" sizes=\"auto, (max-width: 768px) 100vw, 768px\" \/><\/figure>\n<\/div>\n\n\n<p class=\"wp-block-paragraph\">Au 3\u00e8 trimestre de 2022, l&rsquo;activit\u00e9 de \u00a0\u00bb Commerce de gros et activit\u00e9s des interm\u00e9diaires \u00a0\u00bb observe une baisse de 8,7% de son chiffre d&rsquo;affaires, par rapport au 2\u00e8 trimestre de 2022. Cette baisse s&rsquo;explique, surtout, par une diminution du chiffre d&rsquo;affaires des activit\u00e9s de \u00a0\u00bb Commerce de gros de produits agricoles bruts, d&rsquo;animaux vivants, produits alimentaires, boissons et tabac \u00a0\u00bb (+1,9%), de celui des activit\u00e9s de \u00a0\u00bb Commerce de gros de produits interm\u00e9diaires non agricoles \u00a0\u00bb (+8,4%); des activit\u00e9s de \u00a0\u00bb Commerce de gros de biens de consommation non alimentaires \u00a0\u00bb (+20,7%) et des activit\u00e9s de \u00a0\u00bb Commerce de gros de machines, d&rsquo;\u00e9quipements et fournitures \u00a0\u00bb (+31,6%).<\/p>\n\n\n\n<p class=\"wp-block-paragraph\">En revanche, au cours de la p\u00e9riode sous revue, on observe une augmentation du chiffre d&rsquo;affaires des activit\u00e9s de \u00a0\u00bb Commerce de gros non sp\u00e9cialis\u00e9 \u00a0\u00bb (+80,4%) Le chiffre d&rsquo;affaires de l&rsquo;activit\u00e9 de \u00a0\u00bb Commerce de gros et activit\u00e9s des interm\u00e9diaires \u00a0\u00bb baisse de 13,1%, en glissement annuel.<\/p>\n\n\n\n<p class=\"wp-block-paragraph\">Par rapport au trimestre pr\u00e9c\u00e9dent, le chiffre d&rsquo;affaires des activit\u00e9s de \u00a0\u00bb Commerce de d\u00e9tail \u00ab\u00a0, au 3\u00e8 trimestre 2022, observe une croissance de 10,6%. Cette croissance est due \u00e0 la hausse du chiffre d&rsquo;affaires des activit\u00e9s de \u00a0\u00bb Commerce en magasin non sp\u00e9cialis\u00e9 \u00a0\u00bb (+103,8%) et celles de \u00a0\u00bb Commerce de d\u00e9tail en magasin sp\u00e9cialis\u00e9 \u00a0\u00bb (+6,0%). Le chiffre d&rsquo;affaires de l&rsquo;activit\u00e9 de \u00a0\u00bb Commerce de d\u00e9tail \u00a0\u00bb s&rsquo;appr\u00e9cie de 43,9% en glissement annuel.<\/p>\n\n\n\n<p class=\"wp-block-paragraph\"><strong>(In LE MEDIUM n\u00b0540 du 14 au 20 F\u00e9vrier 2023)<\/strong><\/p>\n\n\n\n<p class=\"wp-block-paragraph\"><strong><em>@macite.info<\/em><\/strong><\/p>\n\n\n\n<p class=\"wp-block-paragraph\"><strong><em>E-mail&nbsp;: <\/em><\/strong><a href=\"mailto:maciteinfo@gmail.com\"><strong><em>maciteinfo@gmail.com<\/em><\/strong><\/a><strong><em>; <\/em><\/strong><a href=\"mailto:bawela1@gmail.com\"><strong><em>bawela1@gmail.com<\/em><\/strong><\/a><strong><em><\/em><\/strong><\/p>\n\n\n\n<p class=\"wp-block-paragraph\"><strong><em>Pour vos annonces, (publi)reportages, etc., joignez nous au (00228)91515309\/<strong>79872224<\/strong><\/em><\/strong><\/p>\n\n\n\n<p class=\"wp-block-paragraph\"><a href=\"http:\/\/www.macite.info\"><strong><em>www.macite.info<\/em><\/strong><\/a><strong><em>, L\u2019information, la bonne&nbsp;!<\/em><\/strong><\/p>\n","protected":false},"excerpt":{"rendered":"<p class=\"text-justify mb-2\" >L&rsquo;activit\u00e9 de commerce au 3\u00e8 trimestre de 2022 connait une croissance avec une augmentation du chiffre d&rsquo;affaires de 4,0%, par rapport au 2\u00e8 trimestre de 2022. Selon l&rsquo;Institut National de la Statistique et des \u00c9tudes \u00c9conomiques et D\u00e9mographiques (INSEED), qui publie les chiffres, cette augmentation [&hellip;]<\/p>\n","protected":false},"author":2,"featured_media":3537,"comment_status":"open","ping_status":"open","sticky":false,"template":"","format":"standard","meta":{"footnotes":""},"categories":[3],"tags":[],"class_list":["post-3533","post","type-post","status-publish","format-standard","has-post-thumbnail","hentry","category-economie"],"yoast_head":"<!-- This site is optimized with the Yoast SEO plugin v28.4 - https:\/\/yoast.com\/product\/yoast-seo-wordpress\/ -->\n<title>COMMERCE (3\u00e8 trimestre) : Hausse de 18,3% du chiffre d&#039;affaires de l&#039;activit\u00e9 de commerce (Glissement annuel) -<\/title>\n<meta name=\"robots\" content=\"index, follow, max-snippet:-1, max-image-preview:large, max-video-preview:-1\" \/>\n<link rel=\"canonical\" href=\"https:\/\/macite.tg\/?p=3533\" \/>\n<meta property=\"og:locale\" content=\"fr_FR\" \/>\n<meta property=\"og:type\" content=\"article\" \/>\n<meta property=\"og:title\" content=\"COMMERCE (3\u00e8 trimestre) : Hausse de 18,3% du chiffre d&#039;affaires de l&#039;activit\u00e9 de commerce (Glissement annuel) -\" \/>\n<meta property=\"og:description\" content=\"L&rsquo;activit\u00e9 de commerce au 3\u00e8 trimestre de 2022 connait une croissance avec une augmentation du chiffre d&rsquo;affaires de 4,0%, par rapport au 2\u00e8 trimestre de 2022. Selon l&rsquo;Institut National de la Statistique et des \u00c9tudes \u00c9conomiques et D\u00e9mographiques (INSEED), qui publie les chiffres, cette augmentation [&hellip;]\" \/>\n<meta property=\"og:url\" content=\"https:\/\/macite.tg\/?p=3533\" \/>\n<meta property=\"article:published_time\" content=\"2023-02-14T12:43:58+00:00\" \/>\n<meta property=\"article:modified_time\" content=\"2023-02-14T12:43:59+00:00\" \/>\n<meta property=\"og:image\" content=\"https:\/\/macite.tg\/wp-content\/uploads\/2023\/02\/commerce.jpg\" \/>\n\t<meta property=\"og:image:width\" content=\"276\" \/>\n\t<meta property=\"og:image:height\" content=\"183\" \/>\n\t<meta property=\"og:image:type\" content=\"image\/jpeg\" \/>\n<meta name=\"author\" content=\"Jean Pierre BAWELA\" \/>\n<meta name=\"twitter:card\" content=\"summary_large_image\" \/>\n<meta name=\"twitter:label1\" content=\"\u00c9crit par\" \/>\n\t<meta name=\"twitter:data1\" content=\"Jean Pierre BAWELA\" \/>\n\t<meta name=\"twitter:label2\" content=\"Dur\u00e9e de lecture estim\u00e9e\" \/>\n\t<meta name=\"twitter:data2\" content=\"3 minutes\" \/>\n<script type=\"application\/ld+json\" class=\"yoast-schema-graph\">{\"@context\":\"https:\\\/\\\/schema.org\",\"@graph\":[{\"@type\":\"Article\",\"@id\":\"https:\\\/\\\/macite.tg\\\/?p=3533#article\",\"isPartOf\":{\"@id\":\"https:\\\/\\\/macite.tg\\\/?p=3533\"},\"author\":{\"name\":\"Jean Pierre BAWELA\",\"@id\":\"https:\\\/\\\/macite.tg\\\/#\\\/schema\\\/person\\\/e9f2de7e5dbbe7770a9402c7ce82f5c2\"},\"headline\":\"COMMERCE (3\u00e8 trimestre) : Hausse de 18,3% du chiffre d&rsquo;affaires de l&rsquo;activit\u00e9 de commerce (Glissement annuel)\",\"datePublished\":\"2023-02-14T12:43:58+00:00\",\"dateModified\":\"2023-02-14T12:43:59+00:00\",\"mainEntityOfPage\":{\"@id\":\"https:\\\/\\\/macite.tg\\\/?p=3533\"},\"wordCount\":532,\"commentCount\":0,\"image\":{\"@id\":\"https:\\\/\\\/macite.tg\\\/?p=3533#primaryimage\"},\"thumbnailUrl\":\"https:\\\/\\\/macite.tg\\\/wp-content\\\/uploads\\\/2023\\\/02\\\/commerce.jpg\",\"articleSection\":[\"ECONOMIE\"],\"inLanguage\":\"fr-FR\",\"potentialAction\":[{\"@type\":\"CommentAction\",\"name\":\"Comment\",\"target\":[\"https:\\\/\\\/macite.tg\\\/?p=3533#respond\"]}]},{\"@type\":\"WebPage\",\"@id\":\"https:\\\/\\\/macite.tg\\\/?p=3533\",\"url\":\"https:\\\/\\\/macite.tg\\\/?p=3533\",\"name\":\"COMMERCE (3\u00e8 trimestre) : Hausse de 18,3% du chiffre d'affaires de l'activit\u00e9 de commerce (Glissement annuel) -\",\"isPartOf\":{\"@id\":\"https:\\\/\\\/macite.tg\\\/#website\"},\"primaryImageOfPage\":{\"@id\":\"https:\\\/\\\/macite.tg\\\/?p=3533#primaryimage\"},\"image\":{\"@id\":\"https:\\\/\\\/macite.tg\\\/?p=3533#primaryimage\"},\"thumbnailUrl\":\"https:\\\/\\\/macite.tg\\\/wp-content\\\/uploads\\\/2023\\\/02\\\/commerce.jpg\",\"datePublished\":\"2023-02-14T12:43:58+00:00\",\"dateModified\":\"2023-02-14T12:43:59+00:00\",\"author\":{\"@id\":\"https:\\\/\\\/macite.tg\\\/#\\\/schema\\\/person\\\/e9f2de7e5dbbe7770a9402c7ce82f5c2\"},\"breadcrumb\":{\"@id\":\"https:\\\/\\\/macite.tg\\\/?p=3533#breadcrumb\"},\"inLanguage\":\"fr-FR\",\"potentialAction\":[{\"@type\":\"ReadAction\",\"target\":[\"https:\\\/\\\/macite.tg\\\/?p=3533\"]}]},{\"@type\":\"ImageObject\",\"inLanguage\":\"fr-FR\",\"@id\":\"https:\\\/\\\/macite.tg\\\/?p=3533#primaryimage\",\"url\":\"https:\\\/\\\/macite.tg\\\/wp-content\\\/uploads\\\/2023\\\/02\\\/commerce.jpg\",\"contentUrl\":\"https:\\\/\\\/macite.tg\\\/wp-content\\\/uploads\\\/2023\\\/02\\\/commerce.jpg\",\"width\":276,\"height\":183},{\"@type\":\"BreadcrumbList\",\"@id\":\"https:\\\/\\\/macite.tg\\\/?p=3533#breadcrumb\",\"itemListElement\":[{\"@type\":\"ListItem\",\"position\":1,\"name\":\"Accueil\",\"item\":\"https:\\\/\\\/macite.tg\\\/\"},{\"@type\":\"ListItem\",\"position\":2,\"name\":\"COMMERCE (3\u00e8 trimestre) : Hausse de 18,3% du chiffre d&rsquo;affaires de l&rsquo;activit\u00e9 de commerce (Glissement annuel)\"}]},{\"@type\":\"WebSite\",\"@id\":\"https:\\\/\\\/macite.tg\\\/#website\",\"url\":\"https:\\\/\\\/macite.tg\\\/\",\"name\":\"\",\"description\":\"L&#039;information, la bonne!!!\",\"potentialAction\":[{\"@type\":\"SearchAction\",\"target\":{\"@type\":\"EntryPoint\",\"urlTemplate\":\"https:\\\/\\\/macite.tg\\\/?s={search_term_string}\"},\"query-input\":{\"@type\":\"PropertyValueSpecification\",\"valueRequired\":true,\"valueName\":\"search_term_string\"}}],\"inLanguage\":\"fr-FR\"},{\"@type\":\"Person\",\"@id\":\"https:\\\/\\\/macite.tg\\\/#\\\/schema\\\/person\\\/e9f2de7e5dbbe7770a9402c7ce82f5c2\",\"name\":\"Jean Pierre BAWELA\",\"image\":{\"@type\":\"ImageObject\",\"inLanguage\":\"fr-FR\",\"@id\":\"https:\\\/\\\/macite.tg\\\/wp-content\\\/uploads\\\/2023\\\/09\\\/WhatsApp-Image-2023-09-19-at-14.44.41-122x122.jpeg\",\"url\":\"https:\\\/\\\/macite.tg\\\/wp-content\\\/uploads\\\/2023\\\/09\\\/WhatsApp-Image-2023-09-19-at-14.44.41-122x122.jpeg\",\"contentUrl\":\"https:\\\/\\\/macite.tg\\\/wp-content\\\/uploads\\\/2023\\\/09\\\/WhatsApp-Image-2023-09-19-at-14.44.41-122x122.jpeg\",\"caption\":\"Jean Pierre BAWELA\"},\"url\":\"https:\\\/\\\/macite.tg\\\/?author=2\"}]}<\/script>\n<!-- \/ Yoast SEO plugin. -->","yoast_head_json":{"title":"COMMERCE (3\u00e8 trimestre) : Hausse de 18,3% du chiffre d'affaires de l'activit\u00e9 de commerce (Glissement annuel) -","robots":{"index":"index","follow":"follow","max-snippet":"max-snippet:-1","max-image-preview":"max-image-preview:large","max-video-preview":"max-video-preview:-1"},"canonical":"https:\/\/macite.tg\/?p=3533","og_locale":"fr_FR","og_type":"article","og_title":"COMMERCE (3\u00e8 trimestre) : Hausse de 18,3% du chiffre d'affaires de l'activit\u00e9 de commerce (Glissement annuel) -","og_description":"L&rsquo;activit\u00e9 de commerce au 3\u00e8 trimestre de 2022 connait une croissance avec une augmentation du chiffre d&rsquo;affaires de 4,0%, par rapport au 2\u00e8 trimestre de 2022. Selon l&rsquo;Institut National de la Statistique et des \u00c9tudes \u00c9conomiques et D\u00e9mographiques (INSEED), qui publie les chiffres, cette augmentation [&hellip;]","og_url":"https:\/\/macite.tg\/?p=3533","article_published_time":"2023-02-14T12:43:58+00:00","article_modified_time":"2023-02-14T12:43:59+00:00","og_image":[{"width":276,"height":183,"url":"https:\/\/macite.tg\/wp-content\/uploads\/2023\/02\/commerce.jpg","type":"image\/jpeg"}],"author":"Jean Pierre BAWELA","twitter_card":"summary_large_image","twitter_misc":{"\u00c9crit par":"Jean Pierre BAWELA","Dur\u00e9e de lecture estim\u00e9e":"3 minutes"},"schema":{"@context":"https:\/\/schema.org","@graph":[{"@type":"Article","@id":"https:\/\/macite.tg\/?p=3533#article","isPartOf":{"@id":"https:\/\/macite.tg\/?p=3533"},"author":{"name":"Jean Pierre BAWELA","@id":"https:\/\/macite.tg\/#\/schema\/person\/e9f2de7e5dbbe7770a9402c7ce82f5c2"},"headline":"COMMERCE (3\u00e8 trimestre) : Hausse de 18,3% du chiffre d&rsquo;affaires de l&rsquo;activit\u00e9 de commerce (Glissement annuel)","datePublished":"2023-02-14T12:43:58+00:00","dateModified":"2023-02-14T12:43:59+00:00","mainEntityOfPage":{"@id":"https:\/\/macite.tg\/?p=3533"},"wordCount":532,"commentCount":0,"image":{"@id":"https:\/\/macite.tg\/?p=3533#primaryimage"},"thumbnailUrl":"https:\/\/macite.tg\/wp-content\/uploads\/2023\/02\/commerce.jpg","articleSection":["ECONOMIE"],"inLanguage":"fr-FR","potentialAction":[{"@type":"CommentAction","name":"Comment","target":["https:\/\/macite.tg\/?p=3533#respond"]}]},{"@type":"WebPage","@id":"https:\/\/macite.tg\/?p=3533","url":"https:\/\/macite.tg\/?p=3533","name":"COMMERCE (3\u00e8 trimestre) : Hausse de 18,3% du chiffre d'affaires de l'activit\u00e9 de commerce (Glissement annuel) -","isPartOf":{"@id":"https:\/\/macite.tg\/#website"},"primaryImageOfPage":{"@id":"https:\/\/macite.tg\/?p=3533#primaryimage"},"image":{"@id":"https:\/\/macite.tg\/?p=3533#primaryimage"},"thumbnailUrl":"https:\/\/macite.tg\/wp-content\/uploads\/2023\/02\/commerce.jpg","datePublished":"2023-02-14T12:43:58+00:00","dateModified":"2023-02-14T12:43:59+00:00","author":{"@id":"https:\/\/macite.tg\/#\/schema\/person\/e9f2de7e5dbbe7770a9402c7ce82f5c2"},"breadcrumb":{"@id":"https:\/\/macite.tg\/?p=3533#breadcrumb"},"inLanguage":"fr-FR","potentialAction":[{"@type":"ReadAction","target":["https:\/\/macite.tg\/?p=3533"]}]},{"@type":"ImageObject","inLanguage":"fr-FR","@id":"https:\/\/macite.tg\/?p=3533#primaryimage","url":"https:\/\/macite.tg\/wp-content\/uploads\/2023\/02\/commerce.jpg","contentUrl":"https:\/\/macite.tg\/wp-content\/uploads\/2023\/02\/commerce.jpg","width":276,"height":183},{"@type":"BreadcrumbList","@id":"https:\/\/macite.tg\/?p=3533#breadcrumb","itemListElement":[{"@type":"ListItem","position":1,"name":"Accueil","item":"https:\/\/macite.tg\/"},{"@type":"ListItem","position":2,"name":"COMMERCE (3\u00e8 trimestre) : Hausse de 18,3% du chiffre d&rsquo;affaires de l&rsquo;activit\u00e9 de commerce (Glissement annuel)"}]},{"@type":"WebSite","@id":"https:\/\/macite.tg\/#website","url":"https:\/\/macite.tg\/","name":"","description":"L&#039;information, la bonne!!!","potentialAction":[{"@type":"SearchAction","target":{"@type":"EntryPoint","urlTemplate":"https:\/\/macite.tg\/?s={search_term_string}"},"query-input":{"@type":"PropertyValueSpecification","valueRequired":true,"valueName":"search_term_string"}}],"inLanguage":"fr-FR"},{"@type":"Person","@id":"https:\/\/macite.tg\/#\/schema\/person\/e9f2de7e5dbbe7770a9402c7ce82f5c2","name":"Jean Pierre BAWELA","image":{"@type":"ImageObject","inLanguage":"fr-FR","@id":"https:\/\/macite.tg\/wp-content\/uploads\/2023\/09\/WhatsApp-Image-2023-09-19-at-14.44.41-122x122.jpeg","url":"https:\/\/macite.tg\/wp-content\/uploads\/2023\/09\/WhatsApp-Image-2023-09-19-at-14.44.41-122x122.jpeg","contentUrl":"https:\/\/macite.tg\/wp-content\/uploads\/2023\/09\/WhatsApp-Image-2023-09-19-at-14.44.41-122x122.jpeg","caption":"Jean Pierre BAWELA"},"url":"https:\/\/macite.tg\/?author=2"}]}},"_links":{"self":[{"href":"https:\/\/macite.tg\/index.php?rest_route=\/wp\/v2\/posts\/3533","targetHints":{"allow":["GET"]}}],"collection":[{"href":"https:\/\/macite.tg\/index.php?rest_route=\/wp\/v2\/posts"}],"about":[{"href":"https:\/\/macite.tg\/index.php?rest_route=\/wp\/v2\/types\/post"}],"author":[{"embeddable":true,"href":"https:\/\/macite.tg\/index.php?rest_route=\/wp\/v2\/users\/2"}],"replies":[{"embeddable":true,"href":"https:\/\/macite.tg\/index.php?rest_route=%2Fwp%2Fv2%2Fcomments&post=3533"}],"version-history":[{"count":0,"href":"https:\/\/macite.tg\/index.php?rest_route=\/wp\/v2\/posts\/3533\/revisions"}],"wp:featuredmedia":[{"embeddable":true,"href":"https:\/\/macite.tg\/index.php?rest_route=\/wp\/v2\/media\/3537"}],"wp:attachment":[{"href":"https:\/\/macite.tg\/index.php?rest_route=%2Fwp%2Fv2%2Fmedia&parent=3533"}],"wp:term":[{"taxonomy":"category","embeddable":true,"href":"https:\/\/macite.tg\/index.php?rest_route=%2Fwp%2Fv2%2Fcategories&post=3533"},{"taxonomy":"post_tag","embeddable":true,"href":"https:\/\/macite.tg\/index.php?rest_route=%2Fwp%2Fv2%2Ftags&post=3533"}],"curies":[{"name":"wp","href":"https:\/\/api.w.org\/{rel}","templated":true}]}}