{"id":352,"date":"2022-09-23T19:00:49","date_gmt":"2022-09-23T19:00:49","guid":{"rendered":"https:\/\/macite.info\/?p=352"},"modified":"2022-09-23T19:00:50","modified_gmt":"2022-09-23T19:00:50","slug":"journee-exceptionnelle-tous-en-tenue-de-sport-et-baskets-demain-24-septembre","status":"publish","type":"post","link":"https:\/\/macite.tg\/?p=352","title":{"rendered":"JOURN\u00c9E EXCEPTIONNELLE\u00a0: Tous en tenue de sport et baskets demain 24 septembre\u2026"},"content":{"rendered":"\n<p class=\"wp-block-paragraph\"><strong><em>Demain samedi est un grand jour pour les Togolais. Le 24 septembre est instaur\u00e9 comme Journ\u00e9e nationale du sport par les plus hautes autorit\u00e9s du pays qui veulent en faire un socle du \u00ab\u00a0vivre ensemble et de la coh\u00e9sion sociale\u00a0\u00bb.<\/em><\/strong><\/p>\n\n\n\n<p class=\"wp-block-paragraph\">Le Togo va c\u00e9l\u00e9brer sa premi\u00e8re Journ\u00e9e nationale du sport demain samedi 24 septembre sur toute l\u2019\u00e9tendue du territoire national. Petits et grands, jeunes et vieux, hommes et femmes togolais ou r\u00e9sidant sur le territoire, sont invit\u00e9s \u00e0 faire une pause, ce samedi 24 septembre, entre 7h et 10h, afin de se consacrer \u00e0 une activit\u00e9 sportive.<\/p>\n\n\n<div class=\"wp-block-image\">\n<figure class=\"aligncenter size-full is-resized\"><img loading=\"lazy\" decoding=\"async\" src=\"https:\/\/macite.tg\/wp-content\/uploads\/2022\/09\/Otr30b.jpeg\" alt=\"\" class=\"wp-image-80\" width=\"314\" height=\"314\" srcset=\"https:\/\/macite.tg\/wp-content\/uploads\/2022\/09\/Otr30b.jpeg 720w, https:\/\/macite.tg\/wp-content\/uploads\/2022\/09\/Otr30b-300x300.jpeg 300w, https:\/\/macite.tg\/wp-content\/uploads\/2022\/09\/Otr30b-150x150.jpeg 150w\" sizes=\"auto, (max-width: 314px) 100vw, 314px\" \/><\/figure>\n<\/div>\n\n\n<p class=\"wp-block-paragraph\">L\u2019objectif pour l\u2019ex\u00e9cutif, est de permettre \u00e0 tous de contribuer, tant soit peu, \u00e0 cette activit\u00e9 nationale, et faire front contre les maladies non transmissibles, et plancher ensemble sur des \u00ab&nbsp;<em>questions du vivre ensemble et de coh\u00e9sion sociale&nbsp;\u00bb. <\/em>Il s\u2019agit \u00e9galement de faire la promotion des activit\u00e9s physiques et sportives dans l\u2019optique d\u2019am\u00e9liorer le bien-\u00eatre et la sant\u00e9 des populations.<\/p>\n\n\n\n<p class=\"wp-block-paragraph\">Pour cette premi\u00e8re \u00e9dition, les communes sont mises \u00e0 contribution afin d\u2019une meilleure inclusion, de toutes les filles et tous les fils du Togo.<\/p>\n\n\n\n<p class=\"wp-block-paragraph\">Demain donc, sous le coup de 7h, il serait loisible de voir, sauf situation extraordinaire, en tenue de sport, ministres, d\u00e9put\u00e9s, diplomates, et\u2026.les initiateurs de cette journ\u00e9e qui marque une rupture avec le dialogue d\u2019il y a quelques mois, au temps de la crise sanitaire.<\/p>\n\n\n\n<p class=\"wp-block-paragraph\">Le sport, c\u2019est la vie&nbsp;! Dites <strong>NON<\/strong> \u00e0 la s\u00e9dentarit\u00e9&nbsp;! Bougez et \u00e9liminez les d\u00e9chets de votre corps afin de vivre plus sainement et plus longtemps&nbsp;!<\/p>\n\n\n\n<p class=\"wp-block-paragraph\"><strong>JPB<\/strong><\/p>\n\n\n<div class=\"wp-block-image\">\n<figure class=\"aligncenter size-full is-resized\"><img loading=\"lazy\" decoding=\"async\" src=\"https:\/\/macite.tg\/wp-content\/uploads\/2022\/09\/24-journee-du-sport.jpg\" alt=\"\" class=\"wp-image-354\" width=\"435\" height=\"615\" srcset=\"https:\/\/macite.tg\/wp-content\/uploads\/2022\/09\/24-journee-du-sport.jpg 636w, https:\/\/macite.tg\/wp-content\/uploads\/2022\/09\/24-journee-du-sport-212x300.jpg 212w\" sizes=\"auto, (max-width: 435px) 100vw, 435px\" \/><\/figure>\n<\/div>\n\n\n<p class=\"wp-block-paragraph\"><strong><em>@macite.info<\/em><\/strong><\/p>\n\n\n\n<p class=\"wp-block-paragraph\"><strong><em>E-mail&nbsp;: <\/em><\/strong><a href=\"mailto:maciteinfo@gmail.com\"><strong><em>maciteinfo@gmail.com<\/em><\/strong><\/a><strong><em>; <\/em><\/strong><a href=\"mailto:bawela1@gmail.com\"><strong><em>bawela1@gmail.com<\/em><\/strong><\/a><\/p>\n\n\n\n<p class=\"wp-block-paragraph\"><strong><em>Pour vos annonces, (publi)reportages, etc., joignez nous au (00228) 91515309\/<strong>79872224<\/strong><\/em><\/strong><em><\/em><\/p>\n\n\n\n<p class=\"wp-block-paragraph\"><a href=\"http:\/\/www.macite.info\"><strong><em>www.macite.info<\/em><\/strong><\/a><strong><em>, L\u2019information, la bonne&nbsp;!<\/em><\/strong><\/p>\n","protected":false},"excerpt":{"rendered":"<p class=\"text-justify mb-2\" >Demain samedi est un grand jour pour les Togolais. Le 24 septembre est instaur\u00e9 comme Journ\u00e9e nationale du sport par les plus hautes autorit\u00e9s du pays qui veulent en faire un socle du \u00ab\u00a0vivre ensemble et de la coh\u00e9sion sociale\u00a0\u00bb. Le Togo va c\u00e9l\u00e9brer sa [&hellip;]<\/p>\n","protected":false},"author":2,"featured_media":353,"comment_status":"open","ping_status":"open","sticky":false,"template":"","format":"standard","meta":{"footnotes":""},"categories":[7],"tags":[],"class_list":["post-352","post","type-post","status-publish","format-standard","has-post-thumbnail","hentry","category-sports"],"yoast_head":"<!-- This site is optimized with the Yoast SEO plugin v28.4 - https:\/\/yoast.com\/product\/yoast-seo-wordpress\/ -->\n<title>JOURN\u00c9E EXCEPTIONNELLE\u00a0: Tous en tenue de sport et baskets demain 24 septembre\u2026 -<\/title>\n<meta name=\"robots\" content=\"index, follow, max-snippet:-1, max-image-preview:large, max-video-preview:-1\" \/>\n<link rel=\"canonical\" href=\"https:\/\/macite.tg\/?p=352\" \/>\n<meta property=\"og:locale\" content=\"fr_FR\" \/>\n<meta property=\"og:type\" content=\"article\" \/>\n<meta property=\"og:title\" content=\"JOURN\u00c9E EXCEPTIONNELLE\u00a0: Tous en tenue de sport et baskets demain 24 septembre\u2026 -\" \/>\n<meta property=\"og:description\" content=\"Demain samedi est un grand jour pour les Togolais. Le 24 septembre est instaur\u00e9 comme Journ\u00e9e nationale du sport par les plus hautes autorit\u00e9s du pays qui veulent en faire un socle du \u00ab\u00a0vivre ensemble et de la coh\u00e9sion sociale\u00a0\u00bb. Le Togo va c\u00e9l\u00e9brer sa [&hellip;]\" \/>\n<meta property=\"og:url\" content=\"https:\/\/macite.tg\/?p=352\" \/>\n<meta property=\"article:published_time\" content=\"2022-09-23T19:00:49+00:00\" \/>\n<meta property=\"article:modified_time\" content=\"2022-09-23T19:00:50+00:00\" \/>\n<meta property=\"og:image\" content=\"https:\/\/macite.tg\/wp-content\/uploads\/2022\/09\/Membres-du-gouvernement-et-organisateurs-drainant-la-foule-660x400-1.jpg\" \/>\n\t<meta property=\"og:image:width\" content=\"660\" \/>\n\t<meta property=\"og:image:height\" content=\"400\" \/>\n\t<meta property=\"og:image:type\" content=\"image\/jpeg\" \/>\n<meta name=\"author\" content=\"Jean Pierre BAWELA\" \/>\n<meta name=\"twitter:card\" content=\"summary_large_image\" \/>\n<meta name=\"twitter:label1\" content=\"\u00c9crit par\" \/>\n\t<meta name=\"twitter:data1\" content=\"Jean Pierre BAWELA\" \/>\n\t<meta name=\"twitter:label2\" content=\"Dur\u00e9e de lecture estim\u00e9e\" \/>\n\t<meta name=\"twitter:data2\" content=\"2 minutes\" \/>\n<script type=\"application\/ld+json\" class=\"yoast-schema-graph\">{\"@context\":\"https:\\\/\\\/schema.org\",\"@graph\":[{\"@type\":\"Article\",\"@id\":\"https:\\\/\\\/macite.tg\\\/?p=352#article\",\"isPartOf\":{\"@id\":\"https:\\\/\\\/macite.tg\\\/?p=352\"},\"author\":{\"name\":\"Jean Pierre BAWELA\",\"@id\":\"https:\\\/\\\/macite.tg\\\/#\\\/schema\\\/person\\\/e9f2de7e5dbbe7770a9402c7ce82f5c2\"},\"headline\":\"JOURN\u00c9E EXCEPTIONNELLE\u00a0: Tous en tenue de sport et baskets demain 24 septembre\u2026\",\"datePublished\":\"2022-09-23T19:00:49+00:00\",\"dateModified\":\"2022-09-23T19:00:50+00:00\",\"mainEntityOfPage\":{\"@id\":\"https:\\\/\\\/macite.tg\\\/?p=352\"},\"wordCount\":318,\"commentCount\":0,\"image\":{\"@id\":\"https:\\\/\\\/macite.tg\\\/?p=352#primaryimage\"},\"thumbnailUrl\":\"https:\\\/\\\/macite.tg\\\/wp-content\\\/uploads\\\/2022\\\/09\\\/Membres-du-gouvernement-et-organisateurs-drainant-la-foule-660x400-1.jpg\",\"articleSection\":[\"SPORTS\"],\"inLanguage\":\"fr-FR\",\"potentialAction\":[{\"@type\":\"CommentAction\",\"name\":\"Comment\",\"target\":[\"https:\\\/\\\/macite.tg\\\/?p=352#respond\"]}]},{\"@type\":\"WebPage\",\"@id\":\"https:\\\/\\\/macite.tg\\\/?p=352\",\"url\":\"https:\\\/\\\/macite.tg\\\/?p=352\",\"name\":\"JOURN\u00c9E EXCEPTIONNELLE\u00a0: Tous en tenue de sport et baskets demain 24 septembre\u2026 -\",\"isPartOf\":{\"@id\":\"https:\\\/\\\/macite.tg\\\/#website\"},\"primaryImageOfPage\":{\"@id\":\"https:\\\/\\\/macite.tg\\\/?p=352#primaryimage\"},\"image\":{\"@id\":\"https:\\\/\\\/macite.tg\\\/?p=352#primaryimage\"},\"thumbnailUrl\":\"https:\\\/\\\/macite.tg\\\/wp-content\\\/uploads\\\/2022\\\/09\\\/Membres-du-gouvernement-et-organisateurs-drainant-la-foule-660x400-1.jpg\",\"datePublished\":\"2022-09-23T19:00:49+00:00\",\"dateModified\":\"2022-09-23T19:00:50+00:00\",\"author\":{\"@id\":\"https:\\\/\\\/macite.tg\\\/#\\\/schema\\\/person\\\/e9f2de7e5dbbe7770a9402c7ce82f5c2\"},\"breadcrumb\":{\"@id\":\"https:\\\/\\\/macite.tg\\\/?p=352#breadcrumb\"},\"inLanguage\":\"fr-FR\",\"potentialAction\":[{\"@type\":\"ReadAction\",\"target\":[\"https:\\\/\\\/macite.tg\\\/?p=352\"]}]},{\"@type\":\"ImageObject\",\"inLanguage\":\"fr-FR\",\"@id\":\"https:\\\/\\\/macite.tg\\\/?p=352#primaryimage\",\"url\":\"https:\\\/\\\/macite.tg\\\/wp-content\\\/uploads\\\/2022\\\/09\\\/Membres-du-gouvernement-et-organisateurs-drainant-la-foule-660x400-1.jpg\",\"contentUrl\":\"https:\\\/\\\/macite.tg\\\/wp-content\\\/uploads\\\/2022\\\/09\\\/Membres-du-gouvernement-et-organisateurs-drainant-la-foule-660x400-1.jpg\",\"width\":660,\"height\":400},{\"@type\":\"BreadcrumbList\",\"@id\":\"https:\\\/\\\/macite.tg\\\/?p=352#breadcrumb\",\"itemListElement\":[{\"@type\":\"ListItem\",\"position\":1,\"name\":\"Accueil\",\"item\":\"https:\\\/\\\/macite.tg\\\/\"},{\"@type\":\"ListItem\",\"position\":2,\"name\":\"JOURN\u00c9E EXCEPTIONNELLE\u00a0: Tous en tenue de sport et baskets demain 24 septembre\u2026\"}]},{\"@type\":\"WebSite\",\"@id\":\"https:\\\/\\\/macite.tg\\\/#website\",\"url\":\"https:\\\/\\\/macite.tg\\\/\",\"name\":\"\",\"description\":\"L&#039;information, la bonne!!!\",\"potentialAction\":[{\"@type\":\"SearchAction\",\"target\":{\"@type\":\"EntryPoint\",\"urlTemplate\":\"https:\\\/\\\/macite.tg\\\/?s={search_term_string}\"},\"query-input\":{\"@type\":\"PropertyValueSpecification\",\"valueRequired\":true,\"valueName\":\"search_term_string\"}}],\"inLanguage\":\"fr-FR\"},{\"@type\":\"Person\",\"@id\":\"https:\\\/\\\/macite.tg\\\/#\\\/schema\\\/person\\\/e9f2de7e5dbbe7770a9402c7ce82f5c2\",\"name\":\"Jean Pierre BAWELA\",\"image\":{\"@type\":\"ImageObject\",\"inLanguage\":\"fr-FR\",\"@id\":\"https:\\\/\\\/macite.tg\\\/wp-content\\\/uploads\\\/2023\\\/09\\\/WhatsApp-Image-2023-09-19-at-14.44.41-122x122.jpeg\",\"url\":\"https:\\\/\\\/macite.tg\\\/wp-content\\\/uploads\\\/2023\\\/09\\\/WhatsApp-Image-2023-09-19-at-14.44.41-122x122.jpeg\",\"contentUrl\":\"https:\\\/\\\/macite.tg\\\/wp-content\\\/uploads\\\/2023\\\/09\\\/WhatsApp-Image-2023-09-19-at-14.44.41-122x122.jpeg\",\"caption\":\"Jean Pierre BAWELA\"},\"url\":\"https:\\\/\\\/macite.tg\\\/?author=2\"}]}<\/script>\n<!-- \/ Yoast SEO plugin. -->","yoast_head_json":{"title":"JOURN\u00c9E EXCEPTIONNELLE\u00a0: Tous en tenue de sport et baskets demain 24 septembre\u2026 -","robots":{"index":"index","follow":"follow","max-snippet":"max-snippet:-1","max-image-preview":"max-image-preview:large","max-video-preview":"max-video-preview:-1"},"canonical":"https:\/\/macite.tg\/?p=352","og_locale":"fr_FR","og_type":"article","og_title":"JOURN\u00c9E EXCEPTIONNELLE\u00a0: Tous en tenue de sport et baskets demain 24 septembre\u2026 -","og_description":"Demain samedi est un grand jour pour les Togolais. Le 24 septembre est instaur\u00e9 comme Journ\u00e9e nationale du sport par les plus hautes autorit\u00e9s du pays qui veulent en faire un socle du \u00ab\u00a0vivre ensemble et de la coh\u00e9sion sociale\u00a0\u00bb. Le Togo va c\u00e9l\u00e9brer sa [&hellip;]","og_url":"https:\/\/macite.tg\/?p=352","article_published_time":"2022-09-23T19:00:49+00:00","article_modified_time":"2022-09-23T19:00:50+00:00","og_image":[{"width":660,"height":400,"url":"https:\/\/macite.tg\/wp-content\/uploads\/2022\/09\/Membres-du-gouvernement-et-organisateurs-drainant-la-foule-660x400-1.jpg","type":"image\/jpeg"}],"author":"Jean Pierre BAWELA","twitter_card":"summary_large_image","twitter_misc":{"\u00c9crit par":"Jean Pierre BAWELA","Dur\u00e9e de lecture estim\u00e9e":"2 minutes"},"schema":{"@context":"https:\/\/schema.org","@graph":[{"@type":"Article","@id":"https:\/\/macite.tg\/?p=352#article","isPartOf":{"@id":"https:\/\/macite.tg\/?p=352"},"author":{"name":"Jean Pierre BAWELA","@id":"https:\/\/macite.tg\/#\/schema\/person\/e9f2de7e5dbbe7770a9402c7ce82f5c2"},"headline":"JOURN\u00c9E EXCEPTIONNELLE\u00a0: Tous en tenue de sport et baskets demain 24 septembre\u2026","datePublished":"2022-09-23T19:00:49+00:00","dateModified":"2022-09-23T19:00:50+00:00","mainEntityOfPage":{"@id":"https:\/\/macite.tg\/?p=352"},"wordCount":318,"commentCount":0,"image":{"@id":"https:\/\/macite.tg\/?p=352#primaryimage"},"thumbnailUrl":"https:\/\/macite.tg\/wp-content\/uploads\/2022\/09\/Membres-du-gouvernement-et-organisateurs-drainant-la-foule-660x400-1.jpg","articleSection":["SPORTS"],"inLanguage":"fr-FR","potentialAction":[{"@type":"CommentAction","name":"Comment","target":["https:\/\/macite.tg\/?p=352#respond"]}]},{"@type":"WebPage","@id":"https:\/\/macite.tg\/?p=352","url":"https:\/\/macite.tg\/?p=352","name":"JOURN\u00c9E EXCEPTIONNELLE\u00a0: Tous en tenue de sport et baskets demain 24 septembre\u2026 -","isPartOf":{"@id":"https:\/\/macite.tg\/#website"},"primaryImageOfPage":{"@id":"https:\/\/macite.tg\/?p=352#primaryimage"},"image":{"@id":"https:\/\/macite.tg\/?p=352#primaryimage"},"thumbnailUrl":"https:\/\/macite.tg\/wp-content\/uploads\/2022\/09\/Membres-du-gouvernement-et-organisateurs-drainant-la-foule-660x400-1.jpg","datePublished":"2022-09-23T19:00:49+00:00","dateModified":"2022-09-23T19:00:50+00:00","author":{"@id":"https:\/\/macite.tg\/#\/schema\/person\/e9f2de7e5dbbe7770a9402c7ce82f5c2"},"breadcrumb":{"@id":"https:\/\/macite.tg\/?p=352#breadcrumb"},"inLanguage":"fr-FR","potentialAction":[{"@type":"ReadAction","target":["https:\/\/macite.tg\/?p=352"]}]},{"@type":"ImageObject","inLanguage":"fr-FR","@id":"https:\/\/macite.tg\/?p=352#primaryimage","url":"https:\/\/macite.tg\/wp-content\/uploads\/2022\/09\/Membres-du-gouvernement-et-organisateurs-drainant-la-foule-660x400-1.jpg","contentUrl":"https:\/\/macite.tg\/wp-content\/uploads\/2022\/09\/Membres-du-gouvernement-et-organisateurs-drainant-la-foule-660x400-1.jpg","width":660,"height":400},{"@type":"BreadcrumbList","@id":"https:\/\/macite.tg\/?p=352#breadcrumb","itemListElement":[{"@type":"ListItem","position":1,"name":"Accueil","item":"https:\/\/macite.tg\/"},{"@type":"ListItem","position":2,"name":"JOURN\u00c9E EXCEPTIONNELLE\u00a0: Tous en tenue de sport et baskets demain 24 septembre\u2026"}]},{"@type":"WebSite","@id":"https:\/\/macite.tg\/#website","url":"https:\/\/macite.tg\/","name":"","description":"L&#039;information, la bonne!!!","potentialAction":[{"@type":"SearchAction","target":{"@type":"EntryPoint","urlTemplate":"https:\/\/macite.tg\/?s={search_term_string}"},"query-input":{"@type":"PropertyValueSpecification","valueRequired":true,"valueName":"search_term_string"}}],"inLanguage":"fr-FR"},{"@type":"Person","@id":"https:\/\/macite.tg\/#\/schema\/person\/e9f2de7e5dbbe7770a9402c7ce82f5c2","name":"Jean Pierre BAWELA","image":{"@type":"ImageObject","inLanguage":"fr-FR","@id":"https:\/\/macite.tg\/wp-content\/uploads\/2023\/09\/WhatsApp-Image-2023-09-19-at-14.44.41-122x122.jpeg","url":"https:\/\/macite.tg\/wp-content\/uploads\/2023\/09\/WhatsApp-Image-2023-09-19-at-14.44.41-122x122.jpeg","contentUrl":"https:\/\/macite.tg\/wp-content\/uploads\/2023\/09\/WhatsApp-Image-2023-09-19-at-14.44.41-122x122.jpeg","caption":"Jean Pierre BAWELA"},"url":"https:\/\/macite.tg\/?author=2"}]}},"_links":{"self":[{"href":"https:\/\/macite.tg\/index.php?rest_route=\/wp\/v2\/posts\/352","targetHints":{"allow":["GET"]}}],"collection":[{"href":"https:\/\/macite.tg\/index.php?rest_route=\/wp\/v2\/posts"}],"about":[{"href":"https:\/\/macite.tg\/index.php?rest_route=\/wp\/v2\/types\/post"}],"author":[{"embeddable":true,"href":"https:\/\/macite.tg\/index.php?rest_route=\/wp\/v2\/users\/2"}],"replies":[{"embeddable":true,"href":"https:\/\/macite.tg\/index.php?rest_route=%2Fwp%2Fv2%2Fcomments&post=352"}],"version-history":[{"count":0,"href":"https:\/\/macite.tg\/index.php?rest_route=\/wp\/v2\/posts\/352\/revisions"}],"wp:featuredmedia":[{"embeddable":true,"href":"https:\/\/macite.tg\/index.php?rest_route=\/wp\/v2\/media\/353"}],"wp:attachment":[{"href":"https:\/\/macite.tg\/index.php?rest_route=%2Fwp%2Fv2%2Fmedia&parent=352"}],"wp:term":[{"taxonomy":"category","embeddable":true,"href":"https:\/\/macite.tg\/index.php?rest_route=%2Fwp%2Fv2%2Fcategories&post=352"},{"taxonomy":"post_tag","embeddable":true,"href":"https:\/\/macite.tg\/index.php?rest_route=%2Fwp%2Fv2%2Ftags&post=352"}],"curies":[{"name":"wp","href":"https:\/\/api.w.org\/{rel}","templated":true}]}}