{"id":3518,"date":"2023-02-14T10:29:26","date_gmt":"2023-02-14T10:29:26","guid":{"rendered":"https:\/\/macite.info\/?p=3518"},"modified":"2023-02-14T10:36:22","modified_gmt":"2023-02-14T10:36:22","slug":"fopat-plateaux-lengagement-de-faure-a-accompagner-les-producteurs-agricoles","status":"publish","type":"post","link":"https:\/\/macite.tg\/?p=3518","title":{"rendered":"<strong>FOPAT &#8211; PLATEAUX : L&rsquo;engagement de Faure \u00e0 accompagner les producteurs agricoles<\/strong>"},"content":{"rendered":"\n<p class=\"wp-block-paragraph\"><strong><em>Le tour de la r\u00e9gion des Plateaux du forum des producteurs agricoles vient de passer. Comme pour les pr\u00e9c\u00e9dents (r\u00e9gions des savanes et maritimes), il s&rsquo;est achev\u00e9 avec le dialogue direct du Chef de l&rsquo;Etat, Faure Gnassingb\u00e9, avec les producteurs agricoles de la r\u00e9gion.<\/em><\/strong><\/p>\n\n\n\n<p class=\"wp-block-paragraph\">Ces derniers ont pu exposer leurs probl\u00e8mes et leurs dol\u00e9ances. Car, depuis quelques ann\u00e9es d\u00e9j\u00e0, les cultures sont en souffrance. Il s&rsquo;agit des feux de v\u00e9g\u00e9tation qui causent chaque ann\u00e9e des d\u00e9g\u00e2ts importants de destruction de plantations ; La d\u00e9forestation ; les probl\u00e8mes de la ma\u00eetrise de l&rsquo;eau et de la m\u00e9canisation de l&rsquo;agriculture ; la baisse des revenus des planteurs togolais ; Le vieillissement des vergers ; Les effets li\u00e9s au changement climatique&#8230;<\/p>\n\n\n<div class=\"wp-block-image\">\n<figure class=\"aligncenter size-large is-resized\"><img loading=\"lazy\" decoding=\"async\" src=\"https:\/\/macite.tg\/wp-content\/uploads\/2023\/02\/IMG-20230212-WA0018-1024x683.jpg\" alt=\"\" class=\"wp-image-3522\" width=\"564\" height=\"376\" srcset=\"https:\/\/macite.tg\/wp-content\/uploads\/2023\/02\/IMG-20230212-WA0018-1024x683.jpg 1024w, https:\/\/macite.tg\/wp-content\/uploads\/2023\/02\/IMG-20230212-WA0018-300x200.jpg 300w, https:\/\/macite.tg\/wp-content\/uploads\/2023\/02\/IMG-20230212-WA0018-768x512.jpg 768w, https:\/\/macite.tg\/wp-content\/uploads\/2023\/02\/IMG-20230212-WA0018-650x434.jpg 650w, https:\/\/macite.tg\/wp-content\/uploads\/2023\/02\/IMG-20230212-WA0018-730x487.jpg 730w, https:\/\/macite.tg\/wp-content\/uploads\/2023\/02\/IMG-20230212-WA0018-112x75.jpg 112w, https:\/\/macite.tg\/wp-content\/uploads\/2023\/02\/IMG-20230212-WA0018-425x283.jpg 425w, https:\/\/macite.tg\/wp-content\/uploads\/2023\/02\/IMG-20230212-WA0018-430x287.jpg 430w, https:\/\/macite.tg\/wp-content\/uploads\/2023\/02\/IMG-20230212-WA0018.jpg 1080w\" sizes=\"auto, (max-width: 564px) 100vw, 564px\" \/><figcaption class=\"wp-element-caption\"><em><strong>Dans la foul\u00e9e, le PR a \u00e9chang\u00e9 avec les t\u00eates couronn\u00e9es de la r\u00e9gion des Plateaux.. <\/strong><\/em><\/figcaption><\/figure>\n<\/div>\n\n\n<p class=\"wp-block-paragraph\">Et pourtant, la r\u00e9gion des plateaux est consid\u00e9r\u00e9e comme le grenier du pays, avec la production des fruits, des produits vivriers (ma\u00efs, riz, haricot, fonio, igname, manioc etc.) et des produits de rentes (Caf\u00e9, cacao, palmier \u00e0 huile, coton).&nbsp; La p\u00eache n&rsquo;est pas du reste. Des projets aussi y sont mis en \u0153uvre : des zones d&rsquo;am\u00e9nagement agricole planifi\u00e9es, \u00e0 la disposition de 2800 producteurs dans 35 cantons ; Des machines agricoles mises \u00e0 leur disposition ; 9 sites de bas-fond am\u00e9nag\u00e9s pour la culture de riz ( 20 sont en cours d&rsquo;am\u00e9nagement) ; des kits d&rsquo;irrigation, des syst\u00e8mes solaires d&rsquo;irrigations et des motopompes sont mis \u00e0 disposition, des retenues d&rsquo;eau pour le maraichage. Ces actions ont permis de remonter un peu la pente de la production de la zone pour se situer \u00e0 1, 4 millions de tonnes en 2022.<\/p>\n\n\n<div class=\"wp-block-image\">\n<figure class=\"aligncenter size-large is-resized\"><img loading=\"lazy\" decoding=\"async\" src=\"https:\/\/macite.tg\/wp-content\/uploads\/2023\/02\/ANNONCES-1-1024x426.jpg\" alt=\"\" class=\"wp-image-3456\" width=\"760\" height=\"316\" srcset=\"https:\/\/macite.tg\/wp-content\/uploads\/2023\/02\/ANNONCES-1-1024x426.jpg 1024w, https:\/\/macite.tg\/wp-content\/uploads\/2023\/02\/ANNONCES-1-300x125.jpg 300w, https:\/\/macite.tg\/wp-content\/uploads\/2023\/02\/ANNONCES-1-768x319.jpg 768w, https:\/\/macite.tg\/wp-content\/uploads\/2023\/02\/ANNONCES-1.jpg 1080w\" sizes=\"auto, (max-width: 760px) 100vw, 760px\" \/><\/figure>\n<\/div>\n\n\n<p class=\"wp-block-paragraph\">Au minist\u00e8re de l&rsquo;Agriculture, on indique que face aux enjeux majeurs qui entravent l&rsquo;am\u00e9lioration de la productivit\u00e9 des vergers et la professionnalisation des acteurs, ces deux fili\u00e8res font partie des fili\u00e8res prioritaires pour le Gouvernement togolais ; et de ce fait, sont inscrites dans tous les programmes de d\u00e9veloppement agricole du pays. De 2020 \u00e0 2022, on note : l&rsquo;appui \u00e0 l&rsquo;entretien et \u00e0 la fertilisation des plantations de caf\u00e9iers ; l&rsquo;appui \u00e0 la r\u00e9g\u00e9n\u00e9ration de vieilles caf\u00e9i\u00e8res par le recepage ; l&rsquo;appui \u00e0 la protection phytosanitaire des plantations de cacaoyers, avec des insecticides et des fongicides ; l&rsquo;appui \u00e0 l&rsquo;installation de nouvelles plantations de caf\u00e9iers et de cacaoyers, mis \u00e0 la disposition des planteurs entre 2020 et 2022 etc. <em>\u00a0\u00bb Ces actions ont permis de passer d&rsquo;une production de 22 006 tonnes en 2020 \u00e0 23 106 tonnes en 2021 pour le caf\u00e9, et de 15 030 tonnes en 2020 \u00e0 15 782 tonnes en 2021 pour le cacao \u00ab\u00a0, <\/em>affirme le Gouvernement.<\/p>\n\n\n<div class=\"wp-block-image\">\n<figure class=\"aligncenter size-large is-resized\"><img loading=\"lazy\" decoding=\"async\" src=\"https:\/\/macite.tg\/wp-content\/uploads\/2023\/02\/IMG-20230212-WA0006-1024x683.jpg\" alt=\"\" class=\"wp-image-3523\" width=\"570\" height=\"380\" srcset=\"https:\/\/macite.tg\/wp-content\/uploads\/2023\/02\/IMG-20230212-WA0006-1024x683.jpg 1024w, https:\/\/macite.tg\/wp-content\/uploads\/2023\/02\/IMG-20230212-WA0006-300x200.jpg 300w, https:\/\/macite.tg\/wp-content\/uploads\/2023\/02\/IMG-20230212-WA0006-768x512.jpg 768w, https:\/\/macite.tg\/wp-content\/uploads\/2023\/02\/IMG-20230212-WA0006-650x434.jpg 650w, https:\/\/macite.tg\/wp-content\/uploads\/2023\/02\/IMG-20230212-WA0006-730x487.jpg 730w, https:\/\/macite.tg\/wp-content\/uploads\/2023\/02\/IMG-20230212-WA0006-112x75.jpg 112w, https:\/\/macite.tg\/wp-content\/uploads\/2023\/02\/IMG-20230212-WA0006-425x283.jpg 425w, https:\/\/macite.tg\/wp-content\/uploads\/2023\/02\/IMG-20230212-WA0006-430x287.jpg 430w, https:\/\/macite.tg\/wp-content\/uploads\/2023\/02\/IMG-20230212-WA0006.jpg 1080w\" sizes=\"auto, (max-width: 570px) 100vw, 570px\" \/><figcaption class=\"wp-element-caption\"><strong><em>Une belle ambiance des jours de f\u00eate&#8230;<\/em><\/strong><\/figcaption><\/figure>\n<\/div>\n\n\n<p class=\"wp-block-paragraph\">Faure Gnassingb\u00e9 a rappel\u00e9 tous ces efforts que fait le Gouvernement \u00e0 l&rsquo;endroit des producteurs agricoles de la r\u00e9gion. Il a promis mobiliser davantage de moyens pour une production plus grande et plus profitable aux agriculteurs togolais. Ces derniers sont retourn\u00e9s sur leurs terres, enivr\u00e9s des paroles encourageantes du Chef de l&rsquo;Etat, promettant aussi de les mettre en pratique, d&rsquo;autant plus qu&rsquo;un important \u00e9quipement de mat\u00e9riels agricoles (motoculteurs, d\u00e9cortiqueuses de riz, des semoirs de ma\u00efs, des machines moissonneuses et batteuses de riz, des pulv\u00e9risateurs et autres) leur ont \u00e9t\u00e9 offert. Quant au Gouvernement, notamment le minist\u00e8re de l&rsquo;agriculture, il a d\u00e9j\u00e0 le regard tourn\u00e9 vers le prochain FoPAT de la r\u00e9gion centrale ou de la Kara.<\/p>\n\n\n\n<p class=\"wp-block-paragraph\">Il est \u00e0 rappeler que Le FoPAT constitue un cadre id\u00e9al pour davantage \u00e9changer de ces interventions du gouvernement et recueillir leurs contributions, en vue d&rsquo;une meilleure atteinte des objectifs de la feuille de route gouvernementale Togo 2025. Il permet aussi de pr\u00e9senter les mesures prises par le gouvernement pour la transformation structurelle du secteur agricole, \u00e0 travers la mise en place des agropoles, le d\u00e9veloppement des ZAAP et ZAPB, la carte de fertilit\u00e9 des sols, l&rsquo;irrigation, l&rsquo;ATA, etc.<\/p>\n\n\n\n<p class=\"wp-block-paragraph\"><strong>Ali SAMBA (In LE MEDIUM n\u00b0540 du 14 au 20 F\u00e9vrier 2023)<\/strong><\/p>\n\n\n\n<p class=\"wp-block-paragraph\"><strong><em>@macite.info<\/em><\/strong><\/p>\n\n\n\n<p class=\"wp-block-paragraph\"><strong><em>E-mail&nbsp;: <\/em><\/strong><a href=\"mailto:maciteinfo@gmail.com\"><strong><em>maciteinfo@gmail.com<\/em><\/strong><\/a><strong><em>; <\/em><\/strong><a href=\"mailto:bawela1@gmail.com\"><strong><em>bawela1@gmail.com<\/em><\/strong><\/a><strong><em><\/em><\/strong><\/p>\n\n\n\n<p class=\"wp-block-paragraph\"><strong><em>Pour vos annonces, (publi)reportages, etc., joignez nous au (00228)91515309\/<strong>79872224<\/strong><\/em><\/strong><\/p>\n\n\n\n<p class=\"wp-block-paragraph\"><a href=\"http:\/\/www.macite.info\"><strong><em>www.macite.info<\/em><\/strong><\/a><strong><em>, L\u2019information, la bonne&nbsp;!<\/em><\/strong><\/p>\n","protected":false},"excerpt":{"rendered":"<p class=\"text-justify mb-2\" >Le tour de la r\u00e9gion des Plateaux du forum des producteurs agricoles vient de passer. Comme pour les pr\u00e9c\u00e9dents (r\u00e9gions des savanes et maritimes), il s&rsquo;est achev\u00e9 avec le dialogue direct du Chef de l&rsquo;Etat, Faure Gnassingb\u00e9, avec les producteurs agricoles de la r\u00e9gion. Ces [&hellip;]<\/p>\n","protected":false},"author":2,"featured_media":3520,"comment_status":"open","ping_status":"open","sticky":false,"template":"","format":"standard","meta":{"footnotes":""},"categories":[22],"tags":[],"class_list":["post-3518","post","type-post","status-publish","format-standard","has-post-thumbnail","hentry","category-agriculture"],"yoast_head":"<!-- This site is optimized with the Yoast SEO plugin v28.4 - https:\/\/yoast.com\/product\/yoast-seo-wordpress\/ -->\n<title>FOPAT - PLATEAUX : L&#039;engagement de Faure \u00e0 accompagner les producteurs agricoles -<\/title>\n<meta name=\"robots\" content=\"index, follow, max-snippet:-1, max-image-preview:large, max-video-preview:-1\" \/>\n<link rel=\"canonical\" href=\"https:\/\/macite.tg\/?p=3518\" \/>\n<meta property=\"og:locale\" content=\"fr_FR\" \/>\n<meta property=\"og:type\" content=\"article\" \/>\n<meta property=\"og:title\" content=\"FOPAT - PLATEAUX : L&#039;engagement de Faure \u00e0 accompagner les producteurs agricoles -\" \/>\n<meta property=\"og:description\" content=\"Le tour de la r\u00e9gion des Plateaux du forum des producteurs agricoles vient de passer. Comme pour les pr\u00e9c\u00e9dents (r\u00e9gions des savanes et maritimes), il s&rsquo;est achev\u00e9 avec le dialogue direct du Chef de l&rsquo;Etat, Faure Gnassingb\u00e9, avec les producteurs agricoles de la r\u00e9gion. Ces [&hellip;]\" \/>\n<meta property=\"og:url\" content=\"https:\/\/macite.tg\/?p=3518\" \/>\n<meta property=\"article:published_time\" content=\"2023-02-14T10:29:26+00:00\" \/>\n<meta property=\"article:modified_time\" content=\"2023-02-14T10:36:22+00:00\" \/>\n<meta property=\"og:image\" content=\"https:\/\/macite.tg\/wp-content\/uploads\/2023\/02\/APla.jpg\" \/>\n\t<meta property=\"og:image:width\" content=\"541\" \/>\n\t<meta property=\"og:image:height\" content=\"177\" \/>\n\t<meta property=\"og:image:type\" content=\"image\/jpeg\" \/>\n<meta name=\"author\" content=\"Jean Pierre BAWELA\" \/>\n<meta name=\"twitter:card\" content=\"summary_large_image\" \/>\n<meta name=\"twitter:label1\" content=\"\u00c9crit par\" \/>\n\t<meta name=\"twitter:data1\" content=\"Jean Pierre BAWELA\" \/>\n\t<meta name=\"twitter:label2\" content=\"Dur\u00e9e de lecture estim\u00e9e\" \/>\n\t<meta name=\"twitter:data2\" content=\"4 minutes\" \/>\n<script type=\"application\/ld+json\" class=\"yoast-schema-graph\">{\"@context\":\"https:\\\/\\\/schema.org\",\"@graph\":[{\"@type\":\"Article\",\"@id\":\"https:\\\/\\\/macite.tg\\\/?p=3518#article\",\"isPartOf\":{\"@id\":\"https:\\\/\\\/macite.tg\\\/?p=3518\"},\"author\":{\"name\":\"Jean Pierre BAWELA\",\"@id\":\"https:\\\/\\\/macite.tg\\\/#\\\/schema\\\/person\\\/e9f2de7e5dbbe7770a9402c7ce82f5c2\"},\"headline\":\"FOPAT &#8211; PLATEAUX : L&rsquo;engagement de Faure \u00e0 accompagner les producteurs agricoles\",\"datePublished\":\"2023-02-14T10:29:26+00:00\",\"dateModified\":\"2023-02-14T10:36:22+00:00\",\"mainEntityOfPage\":{\"@id\":\"https:\\\/\\\/macite.tg\\\/?p=3518\"},\"wordCount\":720,\"commentCount\":0,\"image\":{\"@id\":\"https:\\\/\\\/macite.tg\\\/?p=3518#primaryimage\"},\"thumbnailUrl\":\"https:\\\/\\\/macite.tg\\\/wp-content\\\/uploads\\\/2023\\\/02\\\/APla.jpg\",\"articleSection\":[\"AGRICULTURE\"],\"inLanguage\":\"fr-FR\",\"potentialAction\":[{\"@type\":\"CommentAction\",\"name\":\"Comment\",\"target\":[\"https:\\\/\\\/macite.tg\\\/?p=3518#respond\"]}]},{\"@type\":\"WebPage\",\"@id\":\"https:\\\/\\\/macite.tg\\\/?p=3518\",\"url\":\"https:\\\/\\\/macite.tg\\\/?p=3518\",\"name\":\"FOPAT - PLATEAUX : L'engagement de Faure \u00e0 accompagner les producteurs agricoles -\",\"isPartOf\":{\"@id\":\"https:\\\/\\\/macite.tg\\\/#website\"},\"primaryImageOfPage\":{\"@id\":\"https:\\\/\\\/macite.tg\\\/?p=3518#primaryimage\"},\"image\":{\"@id\":\"https:\\\/\\\/macite.tg\\\/?p=3518#primaryimage\"},\"thumbnailUrl\":\"https:\\\/\\\/macite.tg\\\/wp-content\\\/uploads\\\/2023\\\/02\\\/APla.jpg\",\"datePublished\":\"2023-02-14T10:29:26+00:00\",\"dateModified\":\"2023-02-14T10:36:22+00:00\",\"author\":{\"@id\":\"https:\\\/\\\/macite.tg\\\/#\\\/schema\\\/person\\\/e9f2de7e5dbbe7770a9402c7ce82f5c2\"},\"breadcrumb\":{\"@id\":\"https:\\\/\\\/macite.tg\\\/?p=3518#breadcrumb\"},\"inLanguage\":\"fr-FR\",\"potentialAction\":[{\"@type\":\"ReadAction\",\"target\":[\"https:\\\/\\\/macite.tg\\\/?p=3518\"]}]},{\"@type\":\"ImageObject\",\"inLanguage\":\"fr-FR\",\"@id\":\"https:\\\/\\\/macite.tg\\\/?p=3518#primaryimage\",\"url\":\"https:\\\/\\\/macite.tg\\\/wp-content\\\/uploads\\\/2023\\\/02\\\/APla.jpg\",\"contentUrl\":\"https:\\\/\\\/macite.tg\\\/wp-content\\\/uploads\\\/2023\\\/02\\\/APla.jpg\",\"width\":541,\"height\":177,\"caption\":\"Ici, le Chef de l'Etat \u00e9changeant avec le monde agricole de la r\u00e9gion Maritime, \u00e0 Ts\u00e9vi\u00e9. (Photo archives).\"},{\"@type\":\"BreadcrumbList\",\"@id\":\"https:\\\/\\\/macite.tg\\\/?p=3518#breadcrumb\",\"itemListElement\":[{\"@type\":\"ListItem\",\"position\":1,\"name\":\"Accueil\",\"item\":\"https:\\\/\\\/macite.tg\\\/\"},{\"@type\":\"ListItem\",\"position\":2,\"name\":\"FOPAT &#8211; PLATEAUX : L&rsquo;engagement de Faure \u00e0 accompagner les producteurs agricoles\"}]},{\"@type\":\"WebSite\",\"@id\":\"https:\\\/\\\/macite.tg\\\/#website\",\"url\":\"https:\\\/\\\/macite.tg\\\/\",\"name\":\"\",\"description\":\"L&#039;information, la bonne!!!\",\"potentialAction\":[{\"@type\":\"SearchAction\",\"target\":{\"@type\":\"EntryPoint\",\"urlTemplate\":\"https:\\\/\\\/macite.tg\\\/?s={search_term_string}\"},\"query-input\":{\"@type\":\"PropertyValueSpecification\",\"valueRequired\":true,\"valueName\":\"search_term_string\"}}],\"inLanguage\":\"fr-FR\"},{\"@type\":\"Person\",\"@id\":\"https:\\\/\\\/macite.tg\\\/#\\\/schema\\\/person\\\/e9f2de7e5dbbe7770a9402c7ce82f5c2\",\"name\":\"Jean Pierre BAWELA\",\"image\":{\"@type\":\"ImageObject\",\"inLanguage\":\"fr-FR\",\"@id\":\"https:\\\/\\\/macite.tg\\\/wp-content\\\/uploads\\\/2023\\\/09\\\/WhatsApp-Image-2023-09-19-at-14.44.41-122x122.jpeg\",\"url\":\"https:\\\/\\\/macite.tg\\\/wp-content\\\/uploads\\\/2023\\\/09\\\/WhatsApp-Image-2023-09-19-at-14.44.41-122x122.jpeg\",\"contentUrl\":\"https:\\\/\\\/macite.tg\\\/wp-content\\\/uploads\\\/2023\\\/09\\\/WhatsApp-Image-2023-09-19-at-14.44.41-122x122.jpeg\",\"caption\":\"Jean Pierre BAWELA\"},\"url\":\"https:\\\/\\\/macite.tg\\\/?author=2\"}]}<\/script>\n<!-- \/ Yoast SEO plugin. -->","yoast_head_json":{"title":"FOPAT - PLATEAUX : L'engagement de Faure \u00e0 accompagner les producteurs agricoles -","robots":{"index":"index","follow":"follow","max-snippet":"max-snippet:-1","max-image-preview":"max-image-preview:large","max-video-preview":"max-video-preview:-1"},"canonical":"https:\/\/macite.tg\/?p=3518","og_locale":"fr_FR","og_type":"article","og_title":"FOPAT - PLATEAUX : L'engagement de Faure \u00e0 accompagner les producteurs agricoles -","og_description":"Le tour de la r\u00e9gion des Plateaux du forum des producteurs agricoles vient de passer. Comme pour les pr\u00e9c\u00e9dents (r\u00e9gions des savanes et maritimes), il s&rsquo;est achev\u00e9 avec le dialogue direct du Chef de l&rsquo;Etat, Faure Gnassingb\u00e9, avec les producteurs agricoles de la r\u00e9gion. Ces [&hellip;]","og_url":"https:\/\/macite.tg\/?p=3518","article_published_time":"2023-02-14T10:29:26+00:00","article_modified_time":"2023-02-14T10:36:22+00:00","og_image":[{"width":541,"height":177,"url":"https:\/\/macite.tg\/wp-content\/uploads\/2023\/02\/APla.jpg","type":"image\/jpeg"}],"author":"Jean Pierre BAWELA","twitter_card":"summary_large_image","twitter_misc":{"\u00c9crit par":"Jean Pierre BAWELA","Dur\u00e9e de lecture estim\u00e9e":"4 minutes"},"schema":{"@context":"https:\/\/schema.org","@graph":[{"@type":"Article","@id":"https:\/\/macite.tg\/?p=3518#article","isPartOf":{"@id":"https:\/\/macite.tg\/?p=3518"},"author":{"name":"Jean Pierre BAWELA","@id":"https:\/\/macite.tg\/#\/schema\/person\/e9f2de7e5dbbe7770a9402c7ce82f5c2"},"headline":"FOPAT &#8211; PLATEAUX : L&rsquo;engagement de Faure \u00e0 accompagner les producteurs agricoles","datePublished":"2023-02-14T10:29:26+00:00","dateModified":"2023-02-14T10:36:22+00:00","mainEntityOfPage":{"@id":"https:\/\/macite.tg\/?p=3518"},"wordCount":720,"commentCount":0,"image":{"@id":"https:\/\/macite.tg\/?p=3518#primaryimage"},"thumbnailUrl":"https:\/\/macite.tg\/wp-content\/uploads\/2023\/02\/APla.jpg","articleSection":["AGRICULTURE"],"inLanguage":"fr-FR","potentialAction":[{"@type":"CommentAction","name":"Comment","target":["https:\/\/macite.tg\/?p=3518#respond"]}]},{"@type":"WebPage","@id":"https:\/\/macite.tg\/?p=3518","url":"https:\/\/macite.tg\/?p=3518","name":"FOPAT - PLATEAUX : L'engagement de Faure \u00e0 accompagner les producteurs agricoles -","isPartOf":{"@id":"https:\/\/macite.tg\/#website"},"primaryImageOfPage":{"@id":"https:\/\/macite.tg\/?p=3518#primaryimage"},"image":{"@id":"https:\/\/macite.tg\/?p=3518#primaryimage"},"thumbnailUrl":"https:\/\/macite.tg\/wp-content\/uploads\/2023\/02\/APla.jpg","datePublished":"2023-02-14T10:29:26+00:00","dateModified":"2023-02-14T10:36:22+00:00","author":{"@id":"https:\/\/macite.tg\/#\/schema\/person\/e9f2de7e5dbbe7770a9402c7ce82f5c2"},"breadcrumb":{"@id":"https:\/\/macite.tg\/?p=3518#breadcrumb"},"inLanguage":"fr-FR","potentialAction":[{"@type":"ReadAction","target":["https:\/\/macite.tg\/?p=3518"]}]},{"@type":"ImageObject","inLanguage":"fr-FR","@id":"https:\/\/macite.tg\/?p=3518#primaryimage","url":"https:\/\/macite.tg\/wp-content\/uploads\/2023\/02\/APla.jpg","contentUrl":"https:\/\/macite.tg\/wp-content\/uploads\/2023\/02\/APla.jpg","width":541,"height":177,"caption":"Ici, le Chef de l'Etat \u00e9changeant avec le monde agricole de la r\u00e9gion Maritime, \u00e0 Ts\u00e9vi\u00e9. (Photo archives)."},{"@type":"BreadcrumbList","@id":"https:\/\/macite.tg\/?p=3518#breadcrumb","itemListElement":[{"@type":"ListItem","position":1,"name":"Accueil","item":"https:\/\/macite.tg\/"},{"@type":"ListItem","position":2,"name":"FOPAT &#8211; PLATEAUX : L&rsquo;engagement de Faure \u00e0 accompagner les producteurs agricoles"}]},{"@type":"WebSite","@id":"https:\/\/macite.tg\/#website","url":"https:\/\/macite.tg\/","name":"","description":"L&#039;information, la bonne!!!","potentialAction":[{"@type":"SearchAction","target":{"@type":"EntryPoint","urlTemplate":"https:\/\/macite.tg\/?s={search_term_string}"},"query-input":{"@type":"PropertyValueSpecification","valueRequired":true,"valueName":"search_term_string"}}],"inLanguage":"fr-FR"},{"@type":"Person","@id":"https:\/\/macite.tg\/#\/schema\/person\/e9f2de7e5dbbe7770a9402c7ce82f5c2","name":"Jean Pierre BAWELA","image":{"@type":"ImageObject","inLanguage":"fr-FR","@id":"https:\/\/macite.tg\/wp-content\/uploads\/2023\/09\/WhatsApp-Image-2023-09-19-at-14.44.41-122x122.jpeg","url":"https:\/\/macite.tg\/wp-content\/uploads\/2023\/09\/WhatsApp-Image-2023-09-19-at-14.44.41-122x122.jpeg","contentUrl":"https:\/\/macite.tg\/wp-content\/uploads\/2023\/09\/WhatsApp-Image-2023-09-19-at-14.44.41-122x122.jpeg","caption":"Jean Pierre BAWELA"},"url":"https:\/\/macite.tg\/?author=2"}]}},"_links":{"self":[{"href":"https:\/\/macite.tg\/index.php?rest_route=\/wp\/v2\/posts\/3518","targetHints":{"allow":["GET"]}}],"collection":[{"href":"https:\/\/macite.tg\/index.php?rest_route=\/wp\/v2\/posts"}],"about":[{"href":"https:\/\/macite.tg\/index.php?rest_route=\/wp\/v2\/types\/post"}],"author":[{"embeddable":true,"href":"https:\/\/macite.tg\/index.php?rest_route=\/wp\/v2\/users\/2"}],"replies":[{"embeddable":true,"href":"https:\/\/macite.tg\/index.php?rest_route=%2Fwp%2Fv2%2Fcomments&post=3518"}],"version-history":[{"count":0,"href":"https:\/\/macite.tg\/index.php?rest_route=\/wp\/v2\/posts\/3518\/revisions"}],"wp:featuredmedia":[{"embeddable":true,"href":"https:\/\/macite.tg\/index.php?rest_route=\/wp\/v2\/media\/3520"}],"wp:attachment":[{"href":"https:\/\/macite.tg\/index.php?rest_route=%2Fwp%2Fv2%2Fmedia&parent=3518"}],"wp:term":[{"taxonomy":"category","embeddable":true,"href":"https:\/\/macite.tg\/index.php?rest_route=%2Fwp%2Fv2%2Fcategories&post=3518"},{"taxonomy":"post_tag","embeddable":true,"href":"https:\/\/macite.tg\/index.php?rest_route=%2Fwp%2Fv2%2Ftags&post=3518"}],"curies":[{"name":"wp","href":"https:\/\/api.w.org\/{rel}","templated":true}]}}