{"id":3496,"date":"2023-02-10T17:34:15","date_gmt":"2023-02-10T17:34:15","guid":{"rendered":"https:\/\/macite.info\/?p=3496"},"modified":"2023-02-10T17:35:21","modified_gmt":"2023-02-10T17:35:21","slug":"efe-deux-chercheurs-dor-mauritaniens-abattus-par-les-troupes-algeriennes","status":"publish","type":"post","link":"https:\/\/macite.tg\/?p=3496","title":{"rendered":"EFE: Deux chercheurs d&rsquo;or mauritaniens abattus par les troupes algeriennes"},"content":{"rendered":"\n<p class=\"wp-block-paragraph\"><strong><em>Nouakchott &#8211; (EFE) : Deux chercheurs d&rsquo;or mauritaniens ont \u00e9t\u00e9 tu\u00e9s aujourd&rsquo;hui par des tirs des troupes alg\u00e9riennes, a appris EFE d&rsquo;une source s\u00e9curitaire \u00e0 Zouerate, la ville mauritanienne la plus proche de la fronti\u00e8re avec l&rsquo;Alg\u00e9rie.<\/em><\/strong><\/p>\n\n\n\n<p class=\"wp-block-paragraph\">Les deux victimes ont \u00e9t\u00e9 abattues alors qu&rsquo;elles recherchaient de l&rsquo;or selon des proc\u00e9d\u00e9s artisanaux en territoire alg\u00e9rien, a pr\u00e9cis\u00e9 la source. <\/p>\n\n\n\n<p class=\"wp-block-paragraph\">Un troisi\u00e8me orpailleur mauritanien a \u00e9t\u00e9 bless\u00e9 et a rejoint un poste de sant\u00e9 au nord de Zouerate, a ajout\u00e9 la m\u00eame source. <\/p>\n\n\n<div class=\"wp-block-image\">\n<figure class=\"aligncenter size-large is-resized\"><img loading=\"lazy\" decoding=\"async\" src=\"https:\/\/macite.tg\/wp-content\/uploads\/2023\/02\/ANNONCES-1-1024x426.jpg\" alt=\"\" class=\"wp-image-3456\" width=\"478\" height=\"199\" srcset=\"https:\/\/macite.tg\/wp-content\/uploads\/2023\/02\/ANNONCES-1-1024x426.jpg 1024w, https:\/\/macite.tg\/wp-content\/uploads\/2023\/02\/ANNONCES-1-300x125.jpg 300w, https:\/\/macite.tg\/wp-content\/uploads\/2023\/02\/ANNONCES-1-768x319.jpg 768w, https:\/\/macite.tg\/wp-content\/uploads\/2023\/02\/ANNONCES-1.jpg 1080w\" sizes=\"auto, (max-width: 478px) 100vw, 478px\" \/><\/figure>\n<\/div>\n\n\n<p class=\"wp-block-paragraph\">Les soldats alg\u00e9riens ont \u00e9galement confisqu\u00e9 deux v\u00e9hicules d\u00e9tenus par les Mauritaniens. L&rsquo;arm\u00e9e mauritanienne a averti \u00e0 plusieurs reprises ces mineurs des dangers qu&rsquo;ils courent en traversant ou m\u00eame en s&rsquo;approchant de la fronti\u00e8re nord de la Mauritanie, o\u00f9 elle borde l&rsquo;Alg\u00e9rie et le sud du Maroc.<\/p>\n\n\n\n<p class=\"wp-block-paragraph\"><strong><em>@macite.info<\/em><\/strong><\/p>\n\n\n\n<p class=\"wp-block-paragraph\"><strong><em>E-mail&nbsp;:&nbsp;<\/em><\/strong><a href=\"mailto:maciteinfo@gmail.com\"><strong><em>maciteinfo@gmail.com<\/em><\/strong><\/a><strong><em>;&nbsp;<\/em><\/strong><a href=\"mailto:bawela1@gmail.com\"><strong><em>bawela1@gmail.com<\/em><\/strong><\/a><strong><em><\/em><\/strong><\/p>\n\n\n\n<p class=\"wp-block-paragraph\"><strong><em>Pour vos annonces, (publi)reportages, etc., joignez nous au (00228)91515309\/<strong>79872224<\/strong><\/em><\/strong><\/p>\n\n\n\n<p class=\"wp-block-paragraph\"><a href=\"http:\/\/www.macite.info\/\"><strong><em>www.macite.info<\/em><\/strong><\/a><strong><em>, L\u2019information, la bonne\u00a0!<\/em><\/strong><\/p>\n","protected":false},"excerpt":{"rendered":"<p class=\"text-justify mb-2\" >Nouakchott &#8211; (EFE) : Deux chercheurs d&rsquo;or mauritaniens ont \u00e9t\u00e9 tu\u00e9s aujourd&rsquo;hui par des tirs des troupes alg\u00e9riennes, a appris EFE d&rsquo;une source s\u00e9curitaire \u00e0 Zouerate, la ville mauritanienne la plus proche de la fronti\u00e8re avec l&rsquo;Alg\u00e9rie. Les deux victimes ont \u00e9t\u00e9 abattues alors qu&rsquo;elles [&hellip;]<\/p>\n","protected":false},"author":2,"featured_media":3497,"comment_status":"open","ping_status":"open","sticky":false,"template":"","format":"standard","meta":{"footnotes":""},"categories":[20],"tags":[],"class_list":["post-3496","post","type-post","status-publish","format-standard","has-post-thumbnail","hentry","category-actualite"],"yoast_head":"<!-- This site is optimized with the Yoast SEO plugin v28.4 - https:\/\/yoast.com\/product\/yoast-seo-wordpress\/ -->\n<title>EFE: Deux chercheurs d&#039;or mauritaniens abattus par les troupes algeriennes -<\/title>\n<meta name=\"robots\" content=\"index, follow, max-snippet:-1, max-image-preview:large, max-video-preview:-1\" \/>\n<link rel=\"canonical\" href=\"https:\/\/macite.tg\/?p=3496\" \/>\n<meta property=\"og:locale\" content=\"fr_FR\" \/>\n<meta property=\"og:type\" content=\"article\" \/>\n<meta property=\"og:title\" content=\"EFE: Deux chercheurs d&#039;or mauritaniens abattus par les troupes algeriennes -\" \/>\n<meta property=\"og:description\" content=\"Nouakchott &#8211; (EFE) : Deux chercheurs d&rsquo;or mauritaniens ont \u00e9t\u00e9 tu\u00e9s aujourd&rsquo;hui par des tirs des troupes alg\u00e9riennes, a appris EFE d&rsquo;une source s\u00e9curitaire \u00e0 Zouerate, la ville mauritanienne la plus proche de la fronti\u00e8re avec l&rsquo;Alg\u00e9rie. Les deux victimes ont \u00e9t\u00e9 abattues alors qu&rsquo;elles [&hellip;]\" \/>\n<meta property=\"og:url\" content=\"https:\/\/macite.tg\/?p=3496\" \/>\n<meta property=\"article:published_time\" content=\"2023-02-10T17:34:15+00:00\" \/>\n<meta property=\"article:modified_time\" content=\"2023-02-10T17:35:21+00:00\" \/>\n<meta property=\"og:image\" content=\"https:\/\/macite.tg\/wp-content\/uploads\/2023\/02\/IMG-20230210-WA0096.jpg\" \/>\n\t<meta property=\"og:image:width\" content=\"565\" \/>\n\t<meta property=\"og:image:height\" content=\"376\" \/>\n\t<meta property=\"og:image:type\" content=\"image\/jpeg\" \/>\n<meta name=\"author\" content=\"Jean Pierre BAWELA\" \/>\n<meta name=\"twitter:card\" content=\"summary_large_image\" \/>\n<meta name=\"twitter:label1\" content=\"\u00c9crit par\" \/>\n\t<meta name=\"twitter:data1\" content=\"Jean Pierre BAWELA\" \/>\n\t<meta name=\"twitter:label2\" content=\"Dur\u00e9e de lecture estim\u00e9e\" \/>\n\t<meta name=\"twitter:data2\" content=\"1 minute\" \/>\n<script type=\"application\/ld+json\" class=\"yoast-schema-graph\">{\"@context\":\"https:\\\/\\\/schema.org\",\"@graph\":[{\"@type\":\"Article\",\"@id\":\"https:\\\/\\\/macite.tg\\\/?p=3496#article\",\"isPartOf\":{\"@id\":\"https:\\\/\\\/macite.tg\\\/?p=3496\"},\"author\":{\"name\":\"Jean Pierre BAWELA\",\"@id\":\"https:\\\/\\\/macite.tg\\\/#\\\/schema\\\/person\\\/e9f2de7e5dbbe7770a9402c7ce82f5c2\"},\"headline\":\"EFE: Deux chercheurs d&rsquo;or mauritaniens abattus par les troupes algeriennes\",\"datePublished\":\"2023-02-10T17:34:15+00:00\",\"dateModified\":\"2023-02-10T17:35:21+00:00\",\"mainEntityOfPage\":{\"@id\":\"https:\\\/\\\/macite.tg\\\/?p=3496\"},\"wordCount\":193,\"commentCount\":0,\"image\":{\"@id\":\"https:\\\/\\\/macite.tg\\\/?p=3496#primaryimage\"},\"thumbnailUrl\":\"https:\\\/\\\/macite.tg\\\/wp-content\\\/uploads\\\/2023\\\/02\\\/IMG-20230210-WA0096.jpg\",\"articleSection\":[\"ACTUALITE\"],\"inLanguage\":\"fr-FR\",\"potentialAction\":[{\"@type\":\"CommentAction\",\"name\":\"Comment\",\"target\":[\"https:\\\/\\\/macite.tg\\\/?p=3496#respond\"]}]},{\"@type\":\"WebPage\",\"@id\":\"https:\\\/\\\/macite.tg\\\/?p=3496\",\"url\":\"https:\\\/\\\/macite.tg\\\/?p=3496\",\"name\":\"EFE: Deux chercheurs d'or mauritaniens abattus par les troupes algeriennes -\",\"isPartOf\":{\"@id\":\"https:\\\/\\\/macite.tg\\\/#website\"},\"primaryImageOfPage\":{\"@id\":\"https:\\\/\\\/macite.tg\\\/?p=3496#primaryimage\"},\"image\":{\"@id\":\"https:\\\/\\\/macite.tg\\\/?p=3496#primaryimage\"},\"thumbnailUrl\":\"https:\\\/\\\/macite.tg\\\/wp-content\\\/uploads\\\/2023\\\/02\\\/IMG-20230210-WA0096.jpg\",\"datePublished\":\"2023-02-10T17:34:15+00:00\",\"dateModified\":\"2023-02-10T17:35:21+00:00\",\"author\":{\"@id\":\"https:\\\/\\\/macite.tg\\\/#\\\/schema\\\/person\\\/e9f2de7e5dbbe7770a9402c7ce82f5c2\"},\"breadcrumb\":{\"@id\":\"https:\\\/\\\/macite.tg\\\/?p=3496#breadcrumb\"},\"inLanguage\":\"fr-FR\",\"potentialAction\":[{\"@type\":\"ReadAction\",\"target\":[\"https:\\\/\\\/macite.tg\\\/?p=3496\"]}]},{\"@type\":\"ImageObject\",\"inLanguage\":\"fr-FR\",\"@id\":\"https:\\\/\\\/macite.tg\\\/?p=3496#primaryimage\",\"url\":\"https:\\\/\\\/macite.tg\\\/wp-content\\\/uploads\\\/2023\\\/02\\\/IMG-20230210-WA0096.jpg\",\"contentUrl\":\"https:\\\/\\\/macite.tg\\\/wp-content\\\/uploads\\\/2023\\\/02\\\/IMG-20230210-WA0096.jpg\",\"width\":565,\"height\":376},{\"@type\":\"BreadcrumbList\",\"@id\":\"https:\\\/\\\/macite.tg\\\/?p=3496#breadcrumb\",\"itemListElement\":[{\"@type\":\"ListItem\",\"position\":1,\"name\":\"Accueil\",\"item\":\"https:\\\/\\\/macite.tg\\\/\"},{\"@type\":\"ListItem\",\"position\":2,\"name\":\"EFE: Deux chercheurs d&rsquo;or mauritaniens abattus par les troupes algeriennes\"}]},{\"@type\":\"WebSite\",\"@id\":\"https:\\\/\\\/macite.tg\\\/#website\",\"url\":\"https:\\\/\\\/macite.tg\\\/\",\"name\":\"\",\"description\":\"L&#039;information, la bonne!!!\",\"potentialAction\":[{\"@type\":\"SearchAction\",\"target\":{\"@type\":\"EntryPoint\",\"urlTemplate\":\"https:\\\/\\\/macite.tg\\\/?s={search_term_string}\"},\"query-input\":{\"@type\":\"PropertyValueSpecification\",\"valueRequired\":true,\"valueName\":\"search_term_string\"}}],\"inLanguage\":\"fr-FR\"},{\"@type\":\"Person\",\"@id\":\"https:\\\/\\\/macite.tg\\\/#\\\/schema\\\/person\\\/e9f2de7e5dbbe7770a9402c7ce82f5c2\",\"name\":\"Jean Pierre BAWELA\",\"image\":{\"@type\":\"ImageObject\",\"inLanguage\":\"fr-FR\",\"@id\":\"https:\\\/\\\/macite.tg\\\/wp-content\\\/uploads\\\/2023\\\/09\\\/WhatsApp-Image-2023-09-19-at-14.44.41-122x122.jpeg\",\"url\":\"https:\\\/\\\/macite.tg\\\/wp-content\\\/uploads\\\/2023\\\/09\\\/WhatsApp-Image-2023-09-19-at-14.44.41-122x122.jpeg\",\"contentUrl\":\"https:\\\/\\\/macite.tg\\\/wp-content\\\/uploads\\\/2023\\\/09\\\/WhatsApp-Image-2023-09-19-at-14.44.41-122x122.jpeg\",\"caption\":\"Jean Pierre BAWELA\"},\"url\":\"https:\\\/\\\/macite.tg\\\/?author=2\"}]}<\/script>\n<!-- \/ Yoast SEO plugin. -->","yoast_head_json":{"title":"EFE: Deux chercheurs d'or mauritaniens abattus par les troupes algeriennes -","robots":{"index":"index","follow":"follow","max-snippet":"max-snippet:-1","max-image-preview":"max-image-preview:large","max-video-preview":"max-video-preview:-1"},"canonical":"https:\/\/macite.tg\/?p=3496","og_locale":"fr_FR","og_type":"article","og_title":"EFE: Deux chercheurs d'or mauritaniens abattus par les troupes algeriennes -","og_description":"Nouakchott &#8211; (EFE) : Deux chercheurs d&rsquo;or mauritaniens ont \u00e9t\u00e9 tu\u00e9s aujourd&rsquo;hui par des tirs des troupes alg\u00e9riennes, a appris EFE d&rsquo;une source s\u00e9curitaire \u00e0 Zouerate, la ville mauritanienne la plus proche de la fronti\u00e8re avec l&rsquo;Alg\u00e9rie. Les deux victimes ont \u00e9t\u00e9 abattues alors qu&rsquo;elles [&hellip;]","og_url":"https:\/\/macite.tg\/?p=3496","article_published_time":"2023-02-10T17:34:15+00:00","article_modified_time":"2023-02-10T17:35:21+00:00","og_image":[{"width":565,"height":376,"url":"https:\/\/macite.tg\/wp-content\/uploads\/2023\/02\/IMG-20230210-WA0096.jpg","type":"image\/jpeg"}],"author":"Jean Pierre BAWELA","twitter_card":"summary_large_image","twitter_misc":{"\u00c9crit par":"Jean Pierre BAWELA","Dur\u00e9e de lecture estim\u00e9e":"1 minute"},"schema":{"@context":"https:\/\/schema.org","@graph":[{"@type":"Article","@id":"https:\/\/macite.tg\/?p=3496#article","isPartOf":{"@id":"https:\/\/macite.tg\/?p=3496"},"author":{"name":"Jean Pierre BAWELA","@id":"https:\/\/macite.tg\/#\/schema\/person\/e9f2de7e5dbbe7770a9402c7ce82f5c2"},"headline":"EFE: Deux chercheurs d&rsquo;or mauritaniens abattus par les troupes algeriennes","datePublished":"2023-02-10T17:34:15+00:00","dateModified":"2023-02-10T17:35:21+00:00","mainEntityOfPage":{"@id":"https:\/\/macite.tg\/?p=3496"},"wordCount":193,"commentCount":0,"image":{"@id":"https:\/\/macite.tg\/?p=3496#primaryimage"},"thumbnailUrl":"https:\/\/macite.tg\/wp-content\/uploads\/2023\/02\/IMG-20230210-WA0096.jpg","articleSection":["ACTUALITE"],"inLanguage":"fr-FR","potentialAction":[{"@type":"CommentAction","name":"Comment","target":["https:\/\/macite.tg\/?p=3496#respond"]}]},{"@type":"WebPage","@id":"https:\/\/macite.tg\/?p=3496","url":"https:\/\/macite.tg\/?p=3496","name":"EFE: Deux chercheurs d'or mauritaniens abattus par les troupes algeriennes -","isPartOf":{"@id":"https:\/\/macite.tg\/#website"},"primaryImageOfPage":{"@id":"https:\/\/macite.tg\/?p=3496#primaryimage"},"image":{"@id":"https:\/\/macite.tg\/?p=3496#primaryimage"},"thumbnailUrl":"https:\/\/macite.tg\/wp-content\/uploads\/2023\/02\/IMG-20230210-WA0096.jpg","datePublished":"2023-02-10T17:34:15+00:00","dateModified":"2023-02-10T17:35:21+00:00","author":{"@id":"https:\/\/macite.tg\/#\/schema\/person\/e9f2de7e5dbbe7770a9402c7ce82f5c2"},"breadcrumb":{"@id":"https:\/\/macite.tg\/?p=3496#breadcrumb"},"inLanguage":"fr-FR","potentialAction":[{"@type":"ReadAction","target":["https:\/\/macite.tg\/?p=3496"]}]},{"@type":"ImageObject","inLanguage":"fr-FR","@id":"https:\/\/macite.tg\/?p=3496#primaryimage","url":"https:\/\/macite.tg\/wp-content\/uploads\/2023\/02\/IMG-20230210-WA0096.jpg","contentUrl":"https:\/\/macite.tg\/wp-content\/uploads\/2023\/02\/IMG-20230210-WA0096.jpg","width":565,"height":376},{"@type":"BreadcrumbList","@id":"https:\/\/macite.tg\/?p=3496#breadcrumb","itemListElement":[{"@type":"ListItem","position":1,"name":"Accueil","item":"https:\/\/macite.tg\/"},{"@type":"ListItem","position":2,"name":"EFE: Deux chercheurs d&rsquo;or mauritaniens abattus par les troupes algeriennes"}]},{"@type":"WebSite","@id":"https:\/\/macite.tg\/#website","url":"https:\/\/macite.tg\/","name":"","description":"L&#039;information, la bonne!!!","potentialAction":[{"@type":"SearchAction","target":{"@type":"EntryPoint","urlTemplate":"https:\/\/macite.tg\/?s={search_term_string}"},"query-input":{"@type":"PropertyValueSpecification","valueRequired":true,"valueName":"search_term_string"}}],"inLanguage":"fr-FR"},{"@type":"Person","@id":"https:\/\/macite.tg\/#\/schema\/person\/e9f2de7e5dbbe7770a9402c7ce82f5c2","name":"Jean Pierre BAWELA","image":{"@type":"ImageObject","inLanguage":"fr-FR","@id":"https:\/\/macite.tg\/wp-content\/uploads\/2023\/09\/WhatsApp-Image-2023-09-19-at-14.44.41-122x122.jpeg","url":"https:\/\/macite.tg\/wp-content\/uploads\/2023\/09\/WhatsApp-Image-2023-09-19-at-14.44.41-122x122.jpeg","contentUrl":"https:\/\/macite.tg\/wp-content\/uploads\/2023\/09\/WhatsApp-Image-2023-09-19-at-14.44.41-122x122.jpeg","caption":"Jean Pierre BAWELA"},"url":"https:\/\/macite.tg\/?author=2"}]}},"_links":{"self":[{"href":"https:\/\/macite.tg\/index.php?rest_route=\/wp\/v2\/posts\/3496","targetHints":{"allow":["GET"]}}],"collection":[{"href":"https:\/\/macite.tg\/index.php?rest_route=\/wp\/v2\/posts"}],"about":[{"href":"https:\/\/macite.tg\/index.php?rest_route=\/wp\/v2\/types\/post"}],"author":[{"embeddable":true,"href":"https:\/\/macite.tg\/index.php?rest_route=\/wp\/v2\/users\/2"}],"replies":[{"embeddable":true,"href":"https:\/\/macite.tg\/index.php?rest_route=%2Fwp%2Fv2%2Fcomments&post=3496"}],"version-history":[{"count":0,"href":"https:\/\/macite.tg\/index.php?rest_route=\/wp\/v2\/posts\/3496\/revisions"}],"wp:featuredmedia":[{"embeddable":true,"href":"https:\/\/macite.tg\/index.php?rest_route=\/wp\/v2\/media\/3497"}],"wp:attachment":[{"href":"https:\/\/macite.tg\/index.php?rest_route=%2Fwp%2Fv2%2Fmedia&parent=3496"}],"wp:term":[{"taxonomy":"category","embeddable":true,"href":"https:\/\/macite.tg\/index.php?rest_route=%2Fwp%2Fv2%2Fcategories&post=3496"},{"taxonomy":"post_tag","embeddable":true,"href":"https:\/\/macite.tg\/index.php?rest_route=%2Fwp%2Fv2%2Ftags&post=3496"}],"curies":[{"name":"wp","href":"https:\/\/api.w.org\/{rel}","templated":true}]}}