{"id":3493,"date":"2023-02-10T14:34:21","date_gmt":"2023-02-10T14:34:21","guid":{"rendered":"https:\/\/macite.info\/?p=3493"},"modified":"2023-02-10T14:34:22","modified_gmt":"2023-02-10T14:34:22","slug":"secret-du-palais-pour-un-projet-non-abouti-ce-ministre-se-fait-humilie-en-plein-conseil-des-ministres","status":"publish","type":"post","link":"https:\/\/macite.tg\/?p=3493","title":{"rendered":"<strong>SECRET DU PALAIS \/ POUR UN PROJET NON ABOUTI\u00a0: Ce ministre se fait humili\u00e9 en plein Conseil des ministres\u2026<\/strong>"},"content":{"rendered":"\n<p class=\"wp-block-paragraph\"><strong><em>La sc\u00e8ne est inhabituelle mais r\u00e9elle. Elle s\u2019est d\u00e9roul\u00e9e, hier jeudi en conseil des ministres, au S\u00e9n\u00e9gal. Le Chef de l\u2019\u00c9tat, Macky Sall s\u2019est emport\u00e9 et a humili\u00e9 l\u2019un des membres du gouvernement\u2026<\/em><\/strong><\/p>\n\n\n\n<p class=\"wp-block-paragraph\">En effet, Macky Sall s\u2019est d\u00e9cha\u00een\u00e9 hier en conseil des ministres contre la ministre de la Formations professionnelles, de l\u2019apprentissage et de l\u2019insertion, Mariama Sarr.<\/p>\n\n\n\n<p class=\"wp-block-paragraph\">A l\u2019origine de grosse col\u00e8re, les \u00e9changes sur le retard de a construction du lyc\u00e9e de Sandiara, qui n\u2019a toujours pas \u00e9t\u00e9 effectif.<\/p>\n\n\n\n<p class=\"wp-block-paragraph\">Selon le confr\u00e8re Les Echos, le pr\u00e9sident s\u00e9n\u00e9galais a surpris sa ministre qui ne s\u2019attendait pas \u00e0 une telle charge. <em>\u00ab&nbsp;Pourquoi depuis 8 ans, on peine \u00e0 terminer le travail&nbsp;\u00bb,<\/em> a demand\u00e9, sur un ton incisif, le Pr\u00e9sident \u00e0 son ministre.<\/p>\n\n\n<div class=\"wp-block-image\">\n<figure class=\"aligncenter size-large is-resized\"><img loading=\"lazy\" decoding=\"async\" src=\"https:\/\/macite.tg\/wp-content\/uploads\/2023\/02\/ANNONCES-1-1024x426.jpg\" alt=\"\" class=\"wp-image-3456\" width=\"764\" height=\"317\" srcset=\"https:\/\/macite.tg\/wp-content\/uploads\/2023\/02\/ANNONCES-1-1024x426.jpg 1024w, https:\/\/macite.tg\/wp-content\/uploads\/2023\/02\/ANNONCES-1-300x125.jpg 300w, https:\/\/macite.tg\/wp-content\/uploads\/2023\/02\/ANNONCES-1-768x319.jpg 768w, https:\/\/macite.tg\/wp-content\/uploads\/2023\/02\/ANNONCES-1.jpg 1080w\" sizes=\"auto, (max-width: 764px) 100vw, 764px\" \/><\/figure>\n<\/div>\n\n\n<p class=\"wp-block-paragraph\">Surprise par la question, Mariama Sarr a soulign\u00e9 que c\u2019est l\u2019entreprise avec qui l\u2019\u00c9tat a contract\u00e9 qui a des probl\u00e8mes, mais ils ont saisi l\u2019agent judiciaire de l\u2019\u00c9tat pour r\u00e9silier le contrat.<\/p>\n\n\n\n<p class=\"wp-block-paragraph\">\u00a0\u00ab\u00a0Non\u00a0\u00bb, lui coupe le Pr\u00e9sident qui revient \u00e0 la charge devant toute l\u2019assistance\u00a0:\u00a0<em>\u00ab\u00a0Ce n\u2019est pas l\u2019agent judiciaire de l\u2019\u00c9tat de r\u00e9soudre ce probl\u00e8me, ses comp\u00e9tences sont autres.\u00a0\u00bb.<\/em><\/p>\n\n\n\n<p class=\"wp-block-paragraph\">Et la ministre Mariama Sarr de r\u00e9pondre&nbsp;: <em>\u00ab&nbsp;Si&nbsp;! Monsieur le Pr\u00e9sident&nbsp;\u00bb<\/em>, poussant son interlocuteur \u00e0 bout.<\/p>\n\n\n\n<p class=\"wp-block-paragraph\">Le pr\u00e9sident se d\u00e9cha\u00eene et lui demande de <em>\u00ab&nbsp;parler plus fort&nbsp;\u00bb<\/em> avant de lui donner une le\u00e7on de proc\u00e9dure. <em>\u00ab&nbsp;C\u2019est la Direction des march\u00e9s publics qu\u2019il faut saisir. Si l\u2019entreprise ne peut pas remplir sa part de contrat, il faut le r\u00e9silier et trouver un autre. Voyez-vous avec le ministre des Finances comment me r\u00e9gler ce probl\u00e8me&nbsp;\u00bb,<\/em> a martel\u00e9 le chef de l\u2019Etat sur un ton ferme.<\/p>\n\n\n\n<p class=\"wp-block-paragraph\"><strong>Avec SeneNews.<\/strong><\/p>\n\n\n\n<p class=\"wp-block-paragraph\"><strong><em>@macite.info<\/em><\/strong><\/p>\n\n\n\n<p class=\"wp-block-paragraph\"><strong><em>E-mail&nbsp;: <\/em><\/strong><a href=\"mailto:maciteinfo@gmail.com\"><strong><em>maciteinfo@gmail.com<\/em><\/strong><\/a><strong><em>; <\/em><\/strong><a href=\"mailto:bawela1@gmail.com\"><strong><em>bawela1@gmail.com<\/em><\/strong><\/a><strong><em><\/em><\/strong><\/p>\n\n\n\n<p class=\"wp-block-paragraph\"><strong><em>Pour vos annonces, (publi)reportages, etc., joignez nous au (00228)91515309\/<strong>79872224<\/strong><\/em><\/strong><\/p>\n\n\n\n<p class=\"wp-block-paragraph\"><a href=\"http:\/\/www.macite.info\"><strong><em>www.macite.info<\/em><\/strong><\/a><strong><em>, L\u2019information, la bonne&nbsp;!<\/em><\/strong><\/p>\n","protected":false},"excerpt":{"rendered":"<p class=\"text-justify mb-2\" >La sc\u00e8ne est inhabituelle mais r\u00e9elle. Elle s\u2019est d\u00e9roul\u00e9e, hier jeudi en conseil des ministres, au S\u00e9n\u00e9gal. Le Chef de l\u2019\u00c9tat, Macky Sall s\u2019est emport\u00e9 et a humili\u00e9 l\u2019un des membres du gouvernement\u2026 En effet, Macky Sall s\u2019est d\u00e9cha\u00een\u00e9 hier en conseil des ministres contre [&hellip;]<\/p>\n","protected":false},"author":2,"featured_media":3494,"comment_status":"open","ping_status":"open","sticky":false,"template":"","format":"standard","meta":{"footnotes":""},"categories":[1],"tags":[],"class_list":["post-3493","post","type-post","status-publish","format-standard","has-post-thumbnail","hentry","category-politique"],"yoast_head":"<!-- This site is optimized with the Yoast SEO plugin v28.4 - https:\/\/yoast.com\/product\/yoast-seo-wordpress\/ -->\n<title>SECRET DU PALAIS \/ POUR UN PROJET NON ABOUTI\u00a0: Ce ministre se fait humili\u00e9 en plein Conseil des ministres\u2026 -<\/title>\n<meta name=\"robots\" content=\"index, follow, max-snippet:-1, max-image-preview:large, max-video-preview:-1\" \/>\n<link rel=\"canonical\" href=\"https:\/\/macite.tg\/?p=3493\" \/>\n<meta property=\"og:locale\" content=\"fr_FR\" \/>\n<meta property=\"og:type\" content=\"article\" \/>\n<meta property=\"og:title\" content=\"SECRET DU PALAIS \/ POUR UN PROJET NON ABOUTI\u00a0: Ce ministre se fait humili\u00e9 en plein Conseil des ministres\u2026 -\" \/>\n<meta property=\"og:description\" content=\"La sc\u00e8ne est inhabituelle mais r\u00e9elle. Elle s\u2019est d\u00e9roul\u00e9e, hier jeudi en conseil des ministres, au S\u00e9n\u00e9gal. Le Chef de l\u2019\u00c9tat, Macky Sall s\u2019est emport\u00e9 et a humili\u00e9 l\u2019un des membres du gouvernement\u2026 En effet, Macky Sall s\u2019est d\u00e9cha\u00een\u00e9 hier en conseil des ministres contre [&hellip;]\" \/>\n<meta property=\"og:url\" content=\"https:\/\/macite.tg\/?p=3493\" \/>\n<meta property=\"article:published_time\" content=\"2023-02-10T14:34:21+00:00\" \/>\n<meta property=\"article:modified_time\" content=\"2023-02-10T14:34:22+00:00\" \/>\n<meta property=\"og:image\" content=\"https:\/\/macite.tg\/wp-content\/uploads\/2023\/02\/Maky-et-Marriam.jpg\" \/>\n\t<meta property=\"og:image:width\" content=\"419\" \/>\n\t<meta property=\"og:image:height\" content=\"120\" \/>\n\t<meta property=\"og:image:type\" content=\"image\/jpeg\" \/>\n<meta name=\"author\" content=\"Jean Pierre BAWELA\" \/>\n<meta name=\"twitter:card\" content=\"summary_large_image\" \/>\n<meta name=\"twitter:label1\" content=\"\u00c9crit par\" \/>\n\t<meta name=\"twitter:data1\" content=\"Jean Pierre BAWELA\" \/>\n\t<meta name=\"twitter:label2\" content=\"Dur\u00e9e de lecture estim\u00e9e\" \/>\n\t<meta name=\"twitter:data2\" content=\"2 minutes\" \/>\n<script type=\"application\/ld+json\" class=\"yoast-schema-graph\">{\"@context\":\"https:\\\/\\\/schema.org\",\"@graph\":[{\"@type\":\"Article\",\"@id\":\"https:\\\/\\\/macite.tg\\\/?p=3493#article\",\"isPartOf\":{\"@id\":\"https:\\\/\\\/macite.tg\\\/?p=3493\"},\"author\":{\"name\":\"Jean Pierre BAWELA\",\"@id\":\"https:\\\/\\\/macite.tg\\\/#\\\/schema\\\/person\\\/e9f2de7e5dbbe7770a9402c7ce82f5c2\"},\"headline\":\"SECRET DU PALAIS \\\/ POUR UN PROJET NON ABOUTI\u00a0: Ce ministre se fait humili\u00e9 en plein Conseil des ministres\u2026\",\"datePublished\":\"2023-02-10T14:34:21+00:00\",\"dateModified\":\"2023-02-10T14:34:22+00:00\",\"mainEntityOfPage\":{\"@id\":\"https:\\\/\\\/macite.tg\\\/?p=3493\"},\"wordCount\":371,\"commentCount\":0,\"image\":{\"@id\":\"https:\\\/\\\/macite.tg\\\/?p=3493#primaryimage\"},\"thumbnailUrl\":\"https:\\\/\\\/macite.tg\\\/wp-content\\\/uploads\\\/2023\\\/02\\\/Maky-et-Marriam.jpg\",\"articleSection\":[\"POLITIQUE\"],\"inLanguage\":\"fr-FR\",\"potentialAction\":[{\"@type\":\"CommentAction\",\"name\":\"Comment\",\"target\":[\"https:\\\/\\\/macite.tg\\\/?p=3493#respond\"]}]},{\"@type\":\"WebPage\",\"@id\":\"https:\\\/\\\/macite.tg\\\/?p=3493\",\"url\":\"https:\\\/\\\/macite.tg\\\/?p=3493\",\"name\":\"SECRET DU PALAIS \\\/ POUR UN PROJET NON ABOUTI\u00a0: Ce ministre se fait humili\u00e9 en plein Conseil des ministres\u2026 -\",\"isPartOf\":{\"@id\":\"https:\\\/\\\/macite.tg\\\/#website\"},\"primaryImageOfPage\":{\"@id\":\"https:\\\/\\\/macite.tg\\\/?p=3493#primaryimage\"},\"image\":{\"@id\":\"https:\\\/\\\/macite.tg\\\/?p=3493#primaryimage\"},\"thumbnailUrl\":\"https:\\\/\\\/macite.tg\\\/wp-content\\\/uploads\\\/2023\\\/02\\\/Maky-et-Marriam.jpg\",\"datePublished\":\"2023-02-10T14:34:21+00:00\",\"dateModified\":\"2023-02-10T14:34:22+00:00\",\"author\":{\"@id\":\"https:\\\/\\\/macite.tg\\\/#\\\/schema\\\/person\\\/e9f2de7e5dbbe7770a9402c7ce82f5c2\"},\"breadcrumb\":{\"@id\":\"https:\\\/\\\/macite.tg\\\/?p=3493#breadcrumb\"},\"inLanguage\":\"fr-FR\",\"potentialAction\":[{\"@type\":\"ReadAction\",\"target\":[\"https:\\\/\\\/macite.tg\\\/?p=3493\"]}]},{\"@type\":\"ImageObject\",\"inLanguage\":\"fr-FR\",\"@id\":\"https:\\\/\\\/macite.tg\\\/?p=3493#primaryimage\",\"url\":\"https:\\\/\\\/macite.tg\\\/wp-content\\\/uploads\\\/2023\\\/02\\\/Maky-et-Marriam.jpg\",\"contentUrl\":\"https:\\\/\\\/macite.tg\\\/wp-content\\\/uploads\\\/2023\\\/02\\\/Maky-et-Marriam.jpg\",\"width\":419,\"height\":120},{\"@type\":\"BreadcrumbList\",\"@id\":\"https:\\\/\\\/macite.tg\\\/?p=3493#breadcrumb\",\"itemListElement\":[{\"@type\":\"ListItem\",\"position\":1,\"name\":\"Accueil\",\"item\":\"https:\\\/\\\/macite.tg\\\/\"},{\"@type\":\"ListItem\",\"position\":2,\"name\":\"SECRET DU PALAIS \\\/ POUR UN PROJET NON ABOUTI\u00a0: Ce ministre se fait humili\u00e9 en plein Conseil des ministres\u2026\"}]},{\"@type\":\"WebSite\",\"@id\":\"https:\\\/\\\/macite.tg\\\/#website\",\"url\":\"https:\\\/\\\/macite.tg\\\/\",\"name\":\"\",\"description\":\"L&#039;information, la bonne!!!\",\"potentialAction\":[{\"@type\":\"SearchAction\",\"target\":{\"@type\":\"EntryPoint\",\"urlTemplate\":\"https:\\\/\\\/macite.tg\\\/?s={search_term_string}\"},\"query-input\":{\"@type\":\"PropertyValueSpecification\",\"valueRequired\":true,\"valueName\":\"search_term_string\"}}],\"inLanguage\":\"fr-FR\"},{\"@type\":\"Person\",\"@id\":\"https:\\\/\\\/macite.tg\\\/#\\\/schema\\\/person\\\/e9f2de7e5dbbe7770a9402c7ce82f5c2\",\"name\":\"Jean Pierre BAWELA\",\"image\":{\"@type\":\"ImageObject\",\"inLanguage\":\"fr-FR\",\"@id\":\"https:\\\/\\\/macite.tg\\\/wp-content\\\/uploads\\\/2023\\\/09\\\/WhatsApp-Image-2023-09-19-at-14.44.41-122x122.jpeg\",\"url\":\"https:\\\/\\\/macite.tg\\\/wp-content\\\/uploads\\\/2023\\\/09\\\/WhatsApp-Image-2023-09-19-at-14.44.41-122x122.jpeg\",\"contentUrl\":\"https:\\\/\\\/macite.tg\\\/wp-content\\\/uploads\\\/2023\\\/09\\\/WhatsApp-Image-2023-09-19-at-14.44.41-122x122.jpeg\",\"caption\":\"Jean Pierre BAWELA\"},\"url\":\"https:\\\/\\\/macite.tg\\\/?author=2\"}]}<\/script>\n<!-- \/ Yoast SEO plugin. -->","yoast_head_json":{"title":"SECRET DU PALAIS \/ POUR UN PROJET NON ABOUTI\u00a0: Ce ministre se fait humili\u00e9 en plein Conseil des ministres\u2026 -","robots":{"index":"index","follow":"follow","max-snippet":"max-snippet:-1","max-image-preview":"max-image-preview:large","max-video-preview":"max-video-preview:-1"},"canonical":"https:\/\/macite.tg\/?p=3493","og_locale":"fr_FR","og_type":"article","og_title":"SECRET DU PALAIS \/ POUR UN PROJET NON ABOUTI\u00a0: Ce ministre se fait humili\u00e9 en plein Conseil des ministres\u2026 -","og_description":"La sc\u00e8ne est inhabituelle mais r\u00e9elle. Elle s\u2019est d\u00e9roul\u00e9e, hier jeudi en conseil des ministres, au S\u00e9n\u00e9gal. Le Chef de l\u2019\u00c9tat, Macky Sall s\u2019est emport\u00e9 et a humili\u00e9 l\u2019un des membres du gouvernement\u2026 En effet, Macky Sall s\u2019est d\u00e9cha\u00een\u00e9 hier en conseil des ministres contre [&hellip;]","og_url":"https:\/\/macite.tg\/?p=3493","article_published_time":"2023-02-10T14:34:21+00:00","article_modified_time":"2023-02-10T14:34:22+00:00","og_image":[{"width":419,"height":120,"url":"https:\/\/macite.tg\/wp-content\/uploads\/2023\/02\/Maky-et-Marriam.jpg","type":"image\/jpeg"}],"author":"Jean Pierre BAWELA","twitter_card":"summary_large_image","twitter_misc":{"\u00c9crit par":"Jean Pierre BAWELA","Dur\u00e9e de lecture estim\u00e9e":"2 minutes"},"schema":{"@context":"https:\/\/schema.org","@graph":[{"@type":"Article","@id":"https:\/\/macite.tg\/?p=3493#article","isPartOf":{"@id":"https:\/\/macite.tg\/?p=3493"},"author":{"name":"Jean Pierre BAWELA","@id":"https:\/\/macite.tg\/#\/schema\/person\/e9f2de7e5dbbe7770a9402c7ce82f5c2"},"headline":"SECRET DU PALAIS \/ POUR UN PROJET NON ABOUTI\u00a0: Ce ministre se fait humili\u00e9 en plein Conseil des ministres\u2026","datePublished":"2023-02-10T14:34:21+00:00","dateModified":"2023-02-10T14:34:22+00:00","mainEntityOfPage":{"@id":"https:\/\/macite.tg\/?p=3493"},"wordCount":371,"commentCount":0,"image":{"@id":"https:\/\/macite.tg\/?p=3493#primaryimage"},"thumbnailUrl":"https:\/\/macite.tg\/wp-content\/uploads\/2023\/02\/Maky-et-Marriam.jpg","articleSection":["POLITIQUE"],"inLanguage":"fr-FR","potentialAction":[{"@type":"CommentAction","name":"Comment","target":["https:\/\/macite.tg\/?p=3493#respond"]}]},{"@type":"WebPage","@id":"https:\/\/macite.tg\/?p=3493","url":"https:\/\/macite.tg\/?p=3493","name":"SECRET DU PALAIS \/ POUR UN PROJET NON ABOUTI\u00a0: Ce ministre se fait humili\u00e9 en plein Conseil des ministres\u2026 -","isPartOf":{"@id":"https:\/\/macite.tg\/#website"},"primaryImageOfPage":{"@id":"https:\/\/macite.tg\/?p=3493#primaryimage"},"image":{"@id":"https:\/\/macite.tg\/?p=3493#primaryimage"},"thumbnailUrl":"https:\/\/macite.tg\/wp-content\/uploads\/2023\/02\/Maky-et-Marriam.jpg","datePublished":"2023-02-10T14:34:21+00:00","dateModified":"2023-02-10T14:34:22+00:00","author":{"@id":"https:\/\/macite.tg\/#\/schema\/person\/e9f2de7e5dbbe7770a9402c7ce82f5c2"},"breadcrumb":{"@id":"https:\/\/macite.tg\/?p=3493#breadcrumb"},"inLanguage":"fr-FR","potentialAction":[{"@type":"ReadAction","target":["https:\/\/macite.tg\/?p=3493"]}]},{"@type":"ImageObject","inLanguage":"fr-FR","@id":"https:\/\/macite.tg\/?p=3493#primaryimage","url":"https:\/\/macite.tg\/wp-content\/uploads\/2023\/02\/Maky-et-Marriam.jpg","contentUrl":"https:\/\/macite.tg\/wp-content\/uploads\/2023\/02\/Maky-et-Marriam.jpg","width":419,"height":120},{"@type":"BreadcrumbList","@id":"https:\/\/macite.tg\/?p=3493#breadcrumb","itemListElement":[{"@type":"ListItem","position":1,"name":"Accueil","item":"https:\/\/macite.tg\/"},{"@type":"ListItem","position":2,"name":"SECRET DU PALAIS \/ POUR UN PROJET NON ABOUTI\u00a0: Ce ministre se fait humili\u00e9 en plein Conseil des ministres\u2026"}]},{"@type":"WebSite","@id":"https:\/\/macite.tg\/#website","url":"https:\/\/macite.tg\/","name":"","description":"L&#039;information, la bonne!!!","potentialAction":[{"@type":"SearchAction","target":{"@type":"EntryPoint","urlTemplate":"https:\/\/macite.tg\/?s={search_term_string}"},"query-input":{"@type":"PropertyValueSpecification","valueRequired":true,"valueName":"search_term_string"}}],"inLanguage":"fr-FR"},{"@type":"Person","@id":"https:\/\/macite.tg\/#\/schema\/person\/e9f2de7e5dbbe7770a9402c7ce82f5c2","name":"Jean Pierre BAWELA","image":{"@type":"ImageObject","inLanguage":"fr-FR","@id":"https:\/\/macite.tg\/wp-content\/uploads\/2023\/09\/WhatsApp-Image-2023-09-19-at-14.44.41-122x122.jpeg","url":"https:\/\/macite.tg\/wp-content\/uploads\/2023\/09\/WhatsApp-Image-2023-09-19-at-14.44.41-122x122.jpeg","contentUrl":"https:\/\/macite.tg\/wp-content\/uploads\/2023\/09\/WhatsApp-Image-2023-09-19-at-14.44.41-122x122.jpeg","caption":"Jean Pierre BAWELA"},"url":"https:\/\/macite.tg\/?author=2"}]}},"_links":{"self":[{"href":"https:\/\/macite.tg\/index.php?rest_route=\/wp\/v2\/posts\/3493","targetHints":{"allow":["GET"]}}],"collection":[{"href":"https:\/\/macite.tg\/index.php?rest_route=\/wp\/v2\/posts"}],"about":[{"href":"https:\/\/macite.tg\/index.php?rest_route=\/wp\/v2\/types\/post"}],"author":[{"embeddable":true,"href":"https:\/\/macite.tg\/index.php?rest_route=\/wp\/v2\/users\/2"}],"replies":[{"embeddable":true,"href":"https:\/\/macite.tg\/index.php?rest_route=%2Fwp%2Fv2%2Fcomments&post=3493"}],"version-history":[{"count":0,"href":"https:\/\/macite.tg\/index.php?rest_route=\/wp\/v2\/posts\/3493\/revisions"}],"wp:featuredmedia":[{"embeddable":true,"href":"https:\/\/macite.tg\/index.php?rest_route=\/wp\/v2\/media\/3494"}],"wp:attachment":[{"href":"https:\/\/macite.tg\/index.php?rest_route=%2Fwp%2Fv2%2Fmedia&parent=3493"}],"wp:term":[{"taxonomy":"category","embeddable":true,"href":"https:\/\/macite.tg\/index.php?rest_route=%2Fwp%2Fv2%2Fcategories&post=3493"},{"taxonomy":"post_tag","embeddable":true,"href":"https:\/\/macite.tg\/index.php?rest_route=%2Fwp%2Fv2%2Ftags&post=3493"}],"curies":[{"name":"wp","href":"https:\/\/api.w.org\/{rel}","templated":true}]}}