{"id":3489,"date":"2023-02-10T13:46:33","date_gmt":"2023-02-10T13:46:33","guid":{"rendered":"https:\/\/macite.info\/?p=3489"},"modified":"2023-02-10T13:46:34","modified_gmt":"2023-02-10T13:46:34","slug":"programme-durgence-pour-la-region-des-savanes-un-an-apres-gouvernement-et-partenaires-font-le-point","status":"publish","type":"post","link":"https:\/\/macite.tg\/?p=3489","title":{"rendered":"PROGRAMME D&rsquo;URGENCE POUR LA R\u00c9GION DES SAVANES\u00a0: Un an apr\u00e8s, Gouvernement et partenaires font le point"},"content":{"rendered":"\n<p class=\"wp-block-paragraph\"><strong><em>L\u2019ex\u00e9cutif togolais et ses partenaires techniques et financiers font, ce vendredi 10 f\u00e9vrier \u00e0 la Primature, l\u2019\u00e9tat d\u2019avancement du Programme d\u2019urgence de renforcement de la r\u00e9silience des populations vuln\u00e9rables dans la r\u00e9gion des Savanes, lanc\u00e9 d\u00e9but 2022.<\/em><\/strong><\/p>\n\n\n<div class=\"wp-block-image\">\n<figure class=\"aligncenter size-full is-resized\"><img loading=\"lazy\" decoding=\"async\" src=\"https:\/\/macite.tg\/wp-content\/uploads\/2023\/02\/Gouve-et-partenaires-.jpg\" alt=\"\" class=\"wp-image-3491\" width=\"770\" height=\"170\" srcset=\"https:\/\/macite.tg\/wp-content\/uploads\/2023\/02\/Gouve-et-partenaires-.jpg 560w, https:\/\/macite.tg\/wp-content\/uploads\/2023\/02\/Gouve-et-partenaires--300x66.jpg 300w\" sizes=\"auto, (max-width: 770px) 100vw, 770px\" \/><figcaption class=\"wp-element-caption\"><em><strong>Une vue de<\/strong><\/em><strong><em>s membres du<\/em><\/strong> <em><strong>Gouvernement (dt) et des partenaires techniques et financiers (g) ce jour \u00e0 la Primature&#8230;<\/strong><\/em><\/figcaption><\/figure>\n<\/div>\n\n\n<p class=\"wp-block-paragraph\">Cette rencontre pr\u00e9sid\u00e9e par la Cheffe du Gouvernement, Mme Victoire Tom\u00e9gah-Dogb\u00e9, est une occasion pour le gouvernement de faire point des actions et r\u00e9alisation dans le cadre de ce Programme dot\u00e9 d\u2019une enveloppe de 50 milliards de nos francs.<\/p>\n\n\n\n<p class=\"wp-block-paragraph\">Selon le gouvernement, &nbsp;un an apr\u00e8s son d\u00e9marrage, plusieurs secteurs sont touch\u00e9s par ce Programme, notamment la sant\u00e9, l&rsquo;\u00e9ducation, l&rsquo;agriculture, les t\u00e9l\u00e9communications, le d\u00e9veloppement inclusif, entre autres. Ce programme a permis <em>\u00ab&nbsp;d&rsquo;am\u00e9liorer de 15 \u00e0 20% le r\u00e9seau de pistes rurales, de permettre \u00e0 80 mille personnes d&rsquo;acc\u00e9der \u00e0 l&rsquo;eau potable et \u00e0 15 mille m\u00e9nages suppl\u00e9mentaires de b\u00e9n\u00e9ficier de l&rsquo;acc\u00e8s \u00e0 l&rsquo;\u00e9lectricit\u00e9&nbsp;\u00bb, <\/em>souligne-t-on au gouvernement.<\/p>\n\n\n<div class=\"wp-block-image\">\n<figure class=\"aligncenter size-large is-resized\"><img loading=\"lazy\" decoding=\"async\" src=\"https:\/\/macite.tg\/wp-content\/uploads\/2023\/02\/ANNONCES-1-1024x426.jpg\" alt=\"\" class=\"wp-image-3456\" width=\"738\" height=\"307\" srcset=\"https:\/\/macite.tg\/wp-content\/uploads\/2023\/02\/ANNONCES-1-1024x426.jpg 1024w, https:\/\/macite.tg\/wp-content\/uploads\/2023\/02\/ANNONCES-1-300x125.jpg 300w, https:\/\/macite.tg\/wp-content\/uploads\/2023\/02\/ANNONCES-1-768x319.jpg 768w, https:\/\/macite.tg\/wp-content\/uploads\/2023\/02\/ANNONCES-1.jpg 1080w\" sizes=\"auto, (max-width: 738px) 100vw, 738px\" \/><\/figure>\n<\/div>\n\n\n<p class=\"wp-block-paragraph\">Au rang des d\u00e9fis encore \u00e0 relever, l\u2019ex\u00e9cutif ponte du doigt l&rsquo;am\u00e9lioration de la coordination et l&rsquo;acc\u00e9l\u00e9ration des proc\u00e9dures administratives et techniques.<\/p>\n\n\n\n<p class=\"wp-block-paragraph\">Tout en saluant la forte mobilisation des partenaires techniques et financiers, et la qualit\u00e9 des relations entre le Togo et ses partenaires techniques et financiers, Madame le Premier ministre a appel\u00e9 \u00e0 consolider les acquis et \u00e0 renforcer davantage les actions de mobilisation des ressources. Et pour accompagner l\u2019Etat togolais dans le m\u00eame exercice avec les r\u00e9gions de la Kara et Centrale,&nbsp; Mme Victoire Tom\u00e9gah-Dogb\u00e9 invite les partenaires \u00e0 \u00eatre non seulement \u00e0 l\u2019\u00e9coute, mais \u00e0 \u00eatre disponibles et flexible dans la mobilisation des ressources.<\/p>\n\n\n\n<p class=\"wp-block-paragraph\"><strong>JPB<\/strong><\/p>\n\n\n\n<p class=\"wp-block-paragraph\"><strong><em>@macite.info<\/em><\/strong><\/p>\n\n\n\n<p class=\"wp-block-paragraph\"><strong><em>E-mail&nbsp;: <\/em><\/strong><a href=\"mailto:maciteinfo@gmail.com\"><strong>maciteinfo@gmail.com<\/strong><\/a><strong><em>; <\/em><\/strong><a href=\"mailto:bawela1@gmail.com\"><strong>bawela1@gmail.com<\/strong><\/a><strong><em><\/em><\/strong><\/p>\n\n\n\n<p class=\"wp-block-paragraph\"><strong><em>Pour vos annonces, (publi)reportages, etc., joignez nous au (00228)91515309\/<strong>79872224<\/strong><\/em><\/strong><\/p>\n\n\n\n<p class=\"wp-block-paragraph\"><a href=\"http:\/\/www.macite.info\"><strong>www.macite.info<\/strong><\/a><strong><em>, L\u2019information, la bonne&nbsp;!<\/em><\/strong><\/p>\n","protected":false},"excerpt":{"rendered":"<p class=\"text-justify mb-2\" >L\u2019ex\u00e9cutif togolais et ses partenaires techniques et financiers font, ce vendredi 10 f\u00e9vrier \u00e0 la Primature, l\u2019\u00e9tat d\u2019avancement du Programme d\u2019urgence de renforcement de la r\u00e9silience des populations vuln\u00e9rables dans la r\u00e9gion des Savanes, lanc\u00e9 d\u00e9but 2022. Cette rencontre pr\u00e9sid\u00e9e par la Cheffe du Gouvernement, [&hellip;]<\/p>\n","protected":false},"author":2,"featured_media":3490,"comment_status":"open","ping_status":"open","sticky":false,"template":"","format":"standard","meta":{"footnotes":""},"categories":[20,15],"tags":[],"class_list":["post-3489","post","type-post","status-publish","format-standard","has-post-thumbnail","hentry","category-actualite","category-developpement"],"yoast_head":"<!-- This site is optimized with the Yoast SEO plugin v28.4 - https:\/\/yoast.com\/product\/yoast-seo-wordpress\/ -->\n<title>PROGRAMME D&#039;URGENCE POUR LA R\u00c9GION DES SAVANES\u00a0: Un an apr\u00e8s, Gouvernement et partenaires font le point -<\/title>\n<meta name=\"robots\" content=\"index, follow, max-snippet:-1, max-image-preview:large, max-video-preview:-1\" \/>\n<link rel=\"canonical\" href=\"https:\/\/macite.tg\/?p=3489\" \/>\n<meta property=\"og:locale\" content=\"fr_FR\" \/>\n<meta property=\"og:type\" content=\"article\" \/>\n<meta property=\"og:title\" content=\"PROGRAMME D&#039;URGENCE POUR LA R\u00c9GION DES SAVANES\u00a0: Un an apr\u00e8s, Gouvernement et partenaires font le point -\" \/>\n<meta property=\"og:description\" content=\"L\u2019ex\u00e9cutif togolais et ses partenaires techniques et financiers font, ce vendredi 10 f\u00e9vrier \u00e0 la Primature, l\u2019\u00e9tat d\u2019avancement du Programme d\u2019urgence de renforcement de la r\u00e9silience des populations vuln\u00e9rables dans la r\u00e9gion des Savanes, lanc\u00e9 d\u00e9but 2022. Cette rencontre pr\u00e9sid\u00e9e par la Cheffe du Gouvernement, [&hellip;]\" \/>\n<meta property=\"og:url\" content=\"https:\/\/macite.tg\/?p=3489\" \/>\n<meta property=\"article:published_time\" content=\"2023-02-10T13:46:33+00:00\" \/>\n<meta property=\"article:modified_time\" content=\"2023-02-10T13:46:34+00:00\" \/>\n<meta property=\"og:image\" content=\"https:\/\/macite.tg\/wp-content\/uploads\/2023\/02\/IMG-20230210-WA0050.jpg\" \/>\n\t<meta property=\"og:image:width\" content=\"1080\" \/>\n\t<meta property=\"og:image:height\" content=\"720\" \/>\n\t<meta property=\"og:image:type\" content=\"image\/jpeg\" \/>\n<meta name=\"author\" content=\"Jean Pierre BAWELA\" \/>\n<meta name=\"twitter:card\" content=\"summary_large_image\" \/>\n<meta name=\"twitter:label1\" content=\"\u00c9crit par\" \/>\n\t<meta name=\"twitter:data1\" content=\"Jean Pierre BAWELA\" \/>\n\t<meta name=\"twitter:label2\" content=\"Dur\u00e9e de lecture estim\u00e9e\" \/>\n\t<meta name=\"twitter:data2\" content=\"2 minutes\" \/>\n<script type=\"application\/ld+json\" class=\"yoast-schema-graph\">{\"@context\":\"https:\\\/\\\/schema.org\",\"@graph\":[{\"@type\":\"Article\",\"@id\":\"https:\\\/\\\/macite.tg\\\/?p=3489#article\",\"isPartOf\":{\"@id\":\"https:\\\/\\\/macite.tg\\\/?p=3489\"},\"author\":{\"name\":\"Jean Pierre BAWELA\",\"@id\":\"https:\\\/\\\/macite.tg\\\/#\\\/schema\\\/person\\\/e9f2de7e5dbbe7770a9402c7ce82f5c2\"},\"headline\":\"PROGRAMME D&rsquo;URGENCE POUR LA R\u00c9GION DES SAVANES\u00a0: Un an apr\u00e8s, Gouvernement et partenaires font le point\",\"datePublished\":\"2023-02-10T13:46:33+00:00\",\"dateModified\":\"2023-02-10T13:46:34+00:00\",\"mainEntityOfPage\":{\"@id\":\"https:\\\/\\\/macite.tg\\\/?p=3489\"},\"wordCount\":350,\"commentCount\":0,\"image\":{\"@id\":\"https:\\\/\\\/macite.tg\\\/?p=3489#primaryimage\"},\"thumbnailUrl\":\"https:\\\/\\\/macite.tg\\\/wp-content\\\/uploads\\\/2023\\\/02\\\/IMG-20230210-WA0050.jpg\",\"articleSection\":[\"ACTUALITE\",\"DEVELOPPEMENT\"],\"inLanguage\":\"fr-FR\",\"potentialAction\":[{\"@type\":\"CommentAction\",\"name\":\"Comment\",\"target\":[\"https:\\\/\\\/macite.tg\\\/?p=3489#respond\"]}]},{\"@type\":\"WebPage\",\"@id\":\"https:\\\/\\\/macite.tg\\\/?p=3489\",\"url\":\"https:\\\/\\\/macite.tg\\\/?p=3489\",\"name\":\"PROGRAMME D'URGENCE POUR LA R\u00c9GION DES SAVANES\u00a0: Un an apr\u00e8s, Gouvernement et partenaires font le point -\",\"isPartOf\":{\"@id\":\"https:\\\/\\\/macite.tg\\\/#website\"},\"primaryImageOfPage\":{\"@id\":\"https:\\\/\\\/macite.tg\\\/?p=3489#primaryimage\"},\"image\":{\"@id\":\"https:\\\/\\\/macite.tg\\\/?p=3489#primaryimage\"},\"thumbnailUrl\":\"https:\\\/\\\/macite.tg\\\/wp-content\\\/uploads\\\/2023\\\/02\\\/IMG-20230210-WA0050.jpg\",\"datePublished\":\"2023-02-10T13:46:33+00:00\",\"dateModified\":\"2023-02-10T13:46:34+00:00\",\"author\":{\"@id\":\"https:\\\/\\\/macite.tg\\\/#\\\/schema\\\/person\\\/e9f2de7e5dbbe7770a9402c7ce82f5c2\"},\"breadcrumb\":{\"@id\":\"https:\\\/\\\/macite.tg\\\/?p=3489#breadcrumb\"},\"inLanguage\":\"fr-FR\",\"potentialAction\":[{\"@type\":\"ReadAction\",\"target\":[\"https:\\\/\\\/macite.tg\\\/?p=3489\"]}]},{\"@type\":\"ImageObject\",\"inLanguage\":\"fr-FR\",\"@id\":\"https:\\\/\\\/macite.tg\\\/?p=3489#primaryimage\",\"url\":\"https:\\\/\\\/macite.tg\\\/wp-content\\\/uploads\\\/2023\\\/02\\\/IMG-20230210-WA0050.jpg\",\"contentUrl\":\"https:\\\/\\\/macite.tg\\\/wp-content\\\/uploads\\\/2023\\\/02\\\/IMG-20230210-WA0050.jpg\",\"width\":1080,\"height\":720},{\"@type\":\"BreadcrumbList\",\"@id\":\"https:\\\/\\\/macite.tg\\\/?p=3489#breadcrumb\",\"itemListElement\":[{\"@type\":\"ListItem\",\"position\":1,\"name\":\"Accueil\",\"item\":\"https:\\\/\\\/macite.tg\\\/\"},{\"@type\":\"ListItem\",\"position\":2,\"name\":\"PROGRAMME D&rsquo;URGENCE POUR LA R\u00c9GION DES SAVANES\u00a0: Un an apr\u00e8s, Gouvernement et partenaires font le point\"}]},{\"@type\":\"WebSite\",\"@id\":\"https:\\\/\\\/macite.tg\\\/#website\",\"url\":\"https:\\\/\\\/macite.tg\\\/\",\"name\":\"\",\"description\":\"L&#039;information, la bonne!!!\",\"potentialAction\":[{\"@type\":\"SearchAction\",\"target\":{\"@type\":\"EntryPoint\",\"urlTemplate\":\"https:\\\/\\\/macite.tg\\\/?s={search_term_string}\"},\"query-input\":{\"@type\":\"PropertyValueSpecification\",\"valueRequired\":true,\"valueName\":\"search_term_string\"}}],\"inLanguage\":\"fr-FR\"},{\"@type\":\"Person\",\"@id\":\"https:\\\/\\\/macite.tg\\\/#\\\/schema\\\/person\\\/e9f2de7e5dbbe7770a9402c7ce82f5c2\",\"name\":\"Jean Pierre BAWELA\",\"image\":{\"@type\":\"ImageObject\",\"inLanguage\":\"fr-FR\",\"@id\":\"https:\\\/\\\/macite.tg\\\/wp-content\\\/uploads\\\/2023\\\/09\\\/WhatsApp-Image-2023-09-19-at-14.44.41-122x122.jpeg\",\"url\":\"https:\\\/\\\/macite.tg\\\/wp-content\\\/uploads\\\/2023\\\/09\\\/WhatsApp-Image-2023-09-19-at-14.44.41-122x122.jpeg\",\"contentUrl\":\"https:\\\/\\\/macite.tg\\\/wp-content\\\/uploads\\\/2023\\\/09\\\/WhatsApp-Image-2023-09-19-at-14.44.41-122x122.jpeg\",\"caption\":\"Jean Pierre BAWELA\"},\"url\":\"https:\\\/\\\/macite.tg\\\/?author=2\"}]}<\/script>\n<!-- \/ Yoast SEO plugin. -->","yoast_head_json":{"title":"PROGRAMME D'URGENCE POUR LA R\u00c9GION DES SAVANES\u00a0: Un an apr\u00e8s, Gouvernement et partenaires font le point -","robots":{"index":"index","follow":"follow","max-snippet":"max-snippet:-1","max-image-preview":"max-image-preview:large","max-video-preview":"max-video-preview:-1"},"canonical":"https:\/\/macite.tg\/?p=3489","og_locale":"fr_FR","og_type":"article","og_title":"PROGRAMME D'URGENCE POUR LA R\u00c9GION DES SAVANES\u00a0: Un an apr\u00e8s, Gouvernement et partenaires font le point -","og_description":"L\u2019ex\u00e9cutif togolais et ses partenaires techniques et financiers font, ce vendredi 10 f\u00e9vrier \u00e0 la Primature, l\u2019\u00e9tat d\u2019avancement du Programme d\u2019urgence de renforcement de la r\u00e9silience des populations vuln\u00e9rables dans la r\u00e9gion des Savanes, lanc\u00e9 d\u00e9but 2022. Cette rencontre pr\u00e9sid\u00e9e par la Cheffe du Gouvernement, [&hellip;]","og_url":"https:\/\/macite.tg\/?p=3489","article_published_time":"2023-02-10T13:46:33+00:00","article_modified_time":"2023-02-10T13:46:34+00:00","og_image":[{"width":1080,"height":720,"url":"https:\/\/macite.tg\/wp-content\/uploads\/2023\/02\/IMG-20230210-WA0050.jpg","type":"image\/jpeg"}],"author":"Jean Pierre BAWELA","twitter_card":"summary_large_image","twitter_misc":{"\u00c9crit par":"Jean Pierre BAWELA","Dur\u00e9e de lecture estim\u00e9e":"2 minutes"},"schema":{"@context":"https:\/\/schema.org","@graph":[{"@type":"Article","@id":"https:\/\/macite.tg\/?p=3489#article","isPartOf":{"@id":"https:\/\/macite.tg\/?p=3489"},"author":{"name":"Jean Pierre BAWELA","@id":"https:\/\/macite.tg\/#\/schema\/person\/e9f2de7e5dbbe7770a9402c7ce82f5c2"},"headline":"PROGRAMME D&rsquo;URGENCE POUR LA R\u00c9GION DES SAVANES\u00a0: Un an apr\u00e8s, Gouvernement et partenaires font le point","datePublished":"2023-02-10T13:46:33+00:00","dateModified":"2023-02-10T13:46:34+00:00","mainEntityOfPage":{"@id":"https:\/\/macite.tg\/?p=3489"},"wordCount":350,"commentCount":0,"image":{"@id":"https:\/\/macite.tg\/?p=3489#primaryimage"},"thumbnailUrl":"https:\/\/macite.tg\/wp-content\/uploads\/2023\/02\/IMG-20230210-WA0050.jpg","articleSection":["ACTUALITE","DEVELOPPEMENT"],"inLanguage":"fr-FR","potentialAction":[{"@type":"CommentAction","name":"Comment","target":["https:\/\/macite.tg\/?p=3489#respond"]}]},{"@type":"WebPage","@id":"https:\/\/macite.tg\/?p=3489","url":"https:\/\/macite.tg\/?p=3489","name":"PROGRAMME D'URGENCE POUR LA R\u00c9GION DES SAVANES\u00a0: Un an apr\u00e8s, Gouvernement et partenaires font le point -","isPartOf":{"@id":"https:\/\/macite.tg\/#website"},"primaryImageOfPage":{"@id":"https:\/\/macite.tg\/?p=3489#primaryimage"},"image":{"@id":"https:\/\/macite.tg\/?p=3489#primaryimage"},"thumbnailUrl":"https:\/\/macite.tg\/wp-content\/uploads\/2023\/02\/IMG-20230210-WA0050.jpg","datePublished":"2023-02-10T13:46:33+00:00","dateModified":"2023-02-10T13:46:34+00:00","author":{"@id":"https:\/\/macite.tg\/#\/schema\/person\/e9f2de7e5dbbe7770a9402c7ce82f5c2"},"breadcrumb":{"@id":"https:\/\/macite.tg\/?p=3489#breadcrumb"},"inLanguage":"fr-FR","potentialAction":[{"@type":"ReadAction","target":["https:\/\/macite.tg\/?p=3489"]}]},{"@type":"ImageObject","inLanguage":"fr-FR","@id":"https:\/\/macite.tg\/?p=3489#primaryimage","url":"https:\/\/macite.tg\/wp-content\/uploads\/2023\/02\/IMG-20230210-WA0050.jpg","contentUrl":"https:\/\/macite.tg\/wp-content\/uploads\/2023\/02\/IMG-20230210-WA0050.jpg","width":1080,"height":720},{"@type":"BreadcrumbList","@id":"https:\/\/macite.tg\/?p=3489#breadcrumb","itemListElement":[{"@type":"ListItem","position":1,"name":"Accueil","item":"https:\/\/macite.tg\/"},{"@type":"ListItem","position":2,"name":"PROGRAMME D&rsquo;URGENCE POUR LA R\u00c9GION DES SAVANES\u00a0: Un an apr\u00e8s, Gouvernement et partenaires font le point"}]},{"@type":"WebSite","@id":"https:\/\/macite.tg\/#website","url":"https:\/\/macite.tg\/","name":"","description":"L&#039;information, la bonne!!!","potentialAction":[{"@type":"SearchAction","target":{"@type":"EntryPoint","urlTemplate":"https:\/\/macite.tg\/?s={search_term_string}"},"query-input":{"@type":"PropertyValueSpecification","valueRequired":true,"valueName":"search_term_string"}}],"inLanguage":"fr-FR"},{"@type":"Person","@id":"https:\/\/macite.tg\/#\/schema\/person\/e9f2de7e5dbbe7770a9402c7ce82f5c2","name":"Jean Pierre BAWELA","image":{"@type":"ImageObject","inLanguage":"fr-FR","@id":"https:\/\/macite.tg\/wp-content\/uploads\/2023\/09\/WhatsApp-Image-2023-09-19-at-14.44.41-122x122.jpeg","url":"https:\/\/macite.tg\/wp-content\/uploads\/2023\/09\/WhatsApp-Image-2023-09-19-at-14.44.41-122x122.jpeg","contentUrl":"https:\/\/macite.tg\/wp-content\/uploads\/2023\/09\/WhatsApp-Image-2023-09-19-at-14.44.41-122x122.jpeg","caption":"Jean Pierre BAWELA"},"url":"https:\/\/macite.tg\/?author=2"}]}},"_links":{"self":[{"href":"https:\/\/macite.tg\/index.php?rest_route=\/wp\/v2\/posts\/3489","targetHints":{"allow":["GET"]}}],"collection":[{"href":"https:\/\/macite.tg\/index.php?rest_route=\/wp\/v2\/posts"}],"about":[{"href":"https:\/\/macite.tg\/index.php?rest_route=\/wp\/v2\/types\/post"}],"author":[{"embeddable":true,"href":"https:\/\/macite.tg\/index.php?rest_route=\/wp\/v2\/users\/2"}],"replies":[{"embeddable":true,"href":"https:\/\/macite.tg\/index.php?rest_route=%2Fwp%2Fv2%2Fcomments&post=3489"}],"version-history":[{"count":0,"href":"https:\/\/macite.tg\/index.php?rest_route=\/wp\/v2\/posts\/3489\/revisions"}],"wp:featuredmedia":[{"embeddable":true,"href":"https:\/\/macite.tg\/index.php?rest_route=\/wp\/v2\/media\/3490"}],"wp:attachment":[{"href":"https:\/\/macite.tg\/index.php?rest_route=%2Fwp%2Fv2%2Fmedia&parent=3489"}],"wp:term":[{"taxonomy":"category","embeddable":true,"href":"https:\/\/macite.tg\/index.php?rest_route=%2Fwp%2Fv2%2Fcategories&post=3489"},{"taxonomy":"post_tag","embeddable":true,"href":"https:\/\/macite.tg\/index.php?rest_route=%2Fwp%2Fv2%2Ftags&post=3489"}],"curies":[{"name":"wp","href":"https:\/\/api.w.org\/{rel}","templated":true}]}}