{"id":3483,"date":"2023-02-10T12:49:07","date_gmt":"2023-02-10T12:49:07","guid":{"rendered":"https:\/\/macite.info\/?p=3483"},"modified":"2023-02-10T12:49:08","modified_gmt":"2023-02-10T12:49:08","slug":"8e-de-finale-aller-c1-psg-bayern-grosse-inquietude-dans-le-camp-parisien","status":"publish","type":"post","link":"https:\/\/macite.tg\/?p=3483","title":{"rendered":"<strong>8E DE FINALE ALLER C1\/ PSG &#8211; BAYERN\u00a0: Grosse inqui\u00e9tude dans le camp parisien\u2026<\/strong>"},"content":{"rendered":"\n<p class=\"wp-block-paragraph\"><strong><em>Le leader de la Ligue 1 joue le Bayern Munich, le 14 f\u00e9vrier prochain, pour le compte du match aller des 8<sup>e<\/sup> de finale de la Ligue des Champions. Si le club Bavarois vient en conqu\u00e9rant, les Parisiens, eux, sont dans une tourmente.<\/em><\/strong><\/p>\n\n\n\n<p class=\"wp-block-paragraph\">Apr\u00e8s la blessure il y a quelques semaines du prodige attaquant des Bleus, Kylian Mbapp\u00e9, c\u2019est le tour de l\u2019attaquant argentin de l\u2019\u00e9quipe du PSG de faire un tour \u00e0 l\u2019infirmerie du club, pour cause de blessure.<\/p>\n\n\n\n<p class=\"wp-block-paragraph\">En effet, lors du classico de la Ligue 1 remport\u00e9 par l\u2019OM, 2-1, en Coupe de France, mercredi soir, l\u2019Argentin qui \u00e9tait, au fil du match, devenu le maitre \u00e0 jouer de cette \u00e9quipe parisienne, a fini sur les rotules. La faute \u00e0 un probl\u00e8me musculaire qui risque de l\u2019\u00e9loigner des pelouses pour un temps.<\/p>\n\n\n<div class=\"wp-block-image\">\n<figure class=\"aligncenter size-large is-resized\"><img loading=\"lazy\" decoding=\"async\" src=\"https:\/\/macite.tg\/wp-content\/uploads\/2023\/02\/ANNONCES-1-1024x426.jpg\" alt=\"\" class=\"wp-image-3456\" width=\"733\" height=\"305\" srcset=\"https:\/\/macite.tg\/wp-content\/uploads\/2023\/02\/ANNONCES-1-1024x426.jpg 1024w, https:\/\/macite.tg\/wp-content\/uploads\/2023\/02\/ANNONCES-1-300x125.jpg 300w, https:\/\/macite.tg\/wp-content\/uploads\/2023\/02\/ANNONCES-1-768x319.jpg 768w, https:\/\/macite.tg\/wp-content\/uploads\/2023\/02\/ANNONCES-1.jpg 1080w\" sizes=\"auto, (max-width: 733px) 100vw, 733px\" \/><\/figure>\n<\/div>\n\n\n<p class=\"wp-block-paragraph\">Du coup, l\u2019Argentin va manquer le d\u00e9placement \u00e0 Monaco, dans quelques jours. Le PSG sera livr\u00e9 \u00e0 lui-m\u00eame sans son attaque de feu d\u00e9cim\u00e9 par des blessures. Le c\u00e9l\u00e8bre M-N-L (entendez Mbapp\u00e9-Neymar-Leonel) sera refondu et le Br\u00e9silien Neymar devra batailler dur pour amener les siens \u00e0 la victoire ou au pire des cas, ramener un nul de Monaco.<\/p>\n\n\n\n<p class=\"wp-block-paragraph\">Cette absence de L\u00e9o Messi, est une grosse \u00e9quation pour Christophe Galtier, qui place son espoir en la capacit\u00e9 de l\u2019Argentin \u00e0 transcender les moments difficiles.<\/p>\n\n\n\n<p class=\"wp-block-paragraph\">Face \u00e0 l\u2019ogre Bavarois, les Fran\u00e7ais devront plus que se surpasser pour garder toutes les chances au match retour \u00e0 Munich.<\/p>\n\n\n\n<p class=\"wp-block-paragraph\">Rendez-vous est pris pour le 14 f\u00e9vrier, jour de la Saint-Valentin, pour la grande explication.<\/p>\n\n\n\n<p class=\"wp-block-paragraph\"><strong>JPB<\/strong><strong><\/strong><\/p>\n\n\n\n<p class=\"wp-block-paragraph\"><strong><em>@macite.info<\/em><\/strong><\/p>\n\n\n\n<p class=\"wp-block-paragraph\"><strong><em>E-mail&nbsp;: <\/em><\/strong><a href=\"mailto:maciteinfo@gmail.com\"><em>maciteinfo@gmail.com<\/em><\/a><strong><em>; <\/em><\/strong><a href=\"mailto:bawela1@gmail.com\"><em>bawela1@gmail.com<\/em><\/a><\/p>\n\n\n\n<p class=\"wp-block-paragraph\"><strong><em>Pour vos annonces, (publi)reportages, etc., joignez nous au (00228)91515309\/<strong>79872224<\/strong><\/em><\/strong><\/p>\n\n\n\n<p class=\"wp-block-paragraph\"><a href=\"http:\/\/www.macite.info\"><em>www.macite.info<\/em><\/a><strong><em>, L\u2019information, la bonne&nbsp;!<\/em><\/strong><\/p>\n","protected":false},"excerpt":{"rendered":"<p class=\"text-justify mb-2\" >Le leader de la Ligue 1 joue le Bayern Munich, le 14 f\u00e9vrier prochain, pour le compte du match aller des 8e de finale de la Ligue des Champions. Si le club Bavarois vient en conqu\u00e9rant, les Parisiens, eux, sont dans une tourmente. Apr\u00e8s la [&hellip;]<\/p>\n","protected":false},"author":2,"featured_media":3486,"comment_status":"open","ping_status":"open","sticky":false,"template":"","format":"standard","meta":{"footnotes":""},"categories":[7],"tags":[],"class_list":["post-3483","post","type-post","status-publish","format-standard","has-post-thumbnail","hentry","category-sports"],"yoast_head":"<!-- This site is optimized with the Yoast SEO plugin v28.4 - https:\/\/yoast.com\/product\/yoast-seo-wordpress\/ -->\n<title>8E DE FINALE ALLER C1\/ PSG - BAYERN\u00a0: Grosse inqui\u00e9tude dans le camp parisien\u2026 -<\/title>\n<meta name=\"robots\" content=\"index, follow, max-snippet:-1, max-image-preview:large, max-video-preview:-1\" \/>\n<link rel=\"canonical\" href=\"https:\/\/macite.tg\/?p=3483\" \/>\n<meta property=\"og:locale\" content=\"fr_FR\" \/>\n<meta property=\"og:type\" content=\"article\" \/>\n<meta property=\"og:title\" content=\"8E DE FINALE ALLER C1\/ PSG - BAYERN\u00a0: Grosse inqui\u00e9tude dans le camp parisien\u2026 -\" \/>\n<meta property=\"og:description\" content=\"Le leader de la Ligue 1 joue le Bayern Munich, le 14 f\u00e9vrier prochain, pour le compte du match aller des 8e de finale de la Ligue des Champions. Si le club Bavarois vient en conqu\u00e9rant, les Parisiens, eux, sont dans une tourmente. Apr\u00e8s la [&hellip;]\" \/>\n<meta property=\"og:url\" content=\"https:\/\/macite.tg\/?p=3483\" \/>\n<meta property=\"article:published_time\" content=\"2023-02-10T12:49:07+00:00\" \/>\n<meta property=\"article:modified_time\" content=\"2023-02-10T12:49:08+00:00\" \/>\n<meta property=\"og:image\" content=\"https:\/\/macite.tg\/wp-content\/uploads\/2023\/02\/UIELZDNGWNA2TLJ3PVH32QRZ64.jpg\" \/>\n\t<meta property=\"og:image:width\" content=\"932\" \/>\n\t<meta property=\"og:image:height\" content=\"582\" \/>\n\t<meta property=\"og:image:type\" content=\"image\/jpeg\" \/>\n<meta name=\"author\" content=\"Jean Pierre BAWELA\" \/>\n<meta name=\"twitter:card\" content=\"summary_large_image\" \/>\n<meta name=\"twitter:label1\" content=\"\u00c9crit par\" \/>\n\t<meta name=\"twitter:data1\" content=\"Jean Pierre BAWELA\" \/>\n\t<meta name=\"twitter:label2\" content=\"Dur\u00e9e de lecture estim\u00e9e\" \/>\n\t<meta name=\"twitter:data2\" content=\"2 minutes\" \/>\n<script type=\"application\/ld+json\" class=\"yoast-schema-graph\">{\"@context\":\"https:\\\/\\\/schema.org\",\"@graph\":[{\"@type\":\"Article\",\"@id\":\"https:\\\/\\\/macite.tg\\\/?p=3483#article\",\"isPartOf\":{\"@id\":\"https:\\\/\\\/macite.tg\\\/?p=3483\"},\"author\":{\"name\":\"Jean Pierre BAWELA\",\"@id\":\"https:\\\/\\\/macite.tg\\\/#\\\/schema\\\/person\\\/e9f2de7e5dbbe7770a9402c7ce82f5c2\"},\"headline\":\"8E DE FINALE ALLER C1\\\/ PSG &#8211; BAYERN\u00a0: Grosse inqui\u00e9tude dans le camp parisien\u2026\",\"datePublished\":\"2023-02-10T12:49:07+00:00\",\"dateModified\":\"2023-02-10T12:49:08+00:00\",\"mainEntityOfPage\":{\"@id\":\"https:\\\/\\\/macite.tg\\\/?p=3483\"},\"wordCount\":309,\"commentCount\":0,\"image\":{\"@id\":\"https:\\\/\\\/macite.tg\\\/?p=3483#primaryimage\"},\"thumbnailUrl\":\"https:\\\/\\\/macite.tg\\\/wp-content\\\/uploads\\\/2023\\\/02\\\/UIELZDNGWNA2TLJ3PVH32QRZ64.jpg\",\"articleSection\":[\"SPORTS\"],\"inLanguage\":\"fr-FR\",\"potentialAction\":[{\"@type\":\"CommentAction\",\"name\":\"Comment\",\"target\":[\"https:\\\/\\\/macite.tg\\\/?p=3483#respond\"]}]},{\"@type\":\"WebPage\",\"@id\":\"https:\\\/\\\/macite.tg\\\/?p=3483\",\"url\":\"https:\\\/\\\/macite.tg\\\/?p=3483\",\"name\":\"8E DE FINALE ALLER C1\\\/ PSG - BAYERN\u00a0: Grosse inqui\u00e9tude dans le camp parisien\u2026 -\",\"isPartOf\":{\"@id\":\"https:\\\/\\\/macite.tg\\\/#website\"},\"primaryImageOfPage\":{\"@id\":\"https:\\\/\\\/macite.tg\\\/?p=3483#primaryimage\"},\"image\":{\"@id\":\"https:\\\/\\\/macite.tg\\\/?p=3483#primaryimage\"},\"thumbnailUrl\":\"https:\\\/\\\/macite.tg\\\/wp-content\\\/uploads\\\/2023\\\/02\\\/UIELZDNGWNA2TLJ3PVH32QRZ64.jpg\",\"datePublished\":\"2023-02-10T12:49:07+00:00\",\"dateModified\":\"2023-02-10T12:49:08+00:00\",\"author\":{\"@id\":\"https:\\\/\\\/macite.tg\\\/#\\\/schema\\\/person\\\/e9f2de7e5dbbe7770a9402c7ce82f5c2\"},\"breadcrumb\":{\"@id\":\"https:\\\/\\\/macite.tg\\\/?p=3483#breadcrumb\"},\"inLanguage\":\"fr-FR\",\"potentialAction\":[{\"@type\":\"ReadAction\",\"target\":[\"https:\\\/\\\/macite.tg\\\/?p=3483\"]}]},{\"@type\":\"ImageObject\",\"inLanguage\":\"fr-FR\",\"@id\":\"https:\\\/\\\/macite.tg\\\/?p=3483#primaryimage\",\"url\":\"https:\\\/\\\/macite.tg\\\/wp-content\\\/uploads\\\/2023\\\/02\\\/UIELZDNGWNA2TLJ3PVH32QRZ64.jpg\",\"contentUrl\":\"https:\\\/\\\/macite.tg\\\/wp-content\\\/uploads\\\/2023\\\/02\\\/UIELZDNGWNA2TLJ3PVH32QRZ64.jpg\",\"width\":932,\"height\":582,\"caption\":\"30 Lionel Leo MESSI (psg) - 10 NEYMAR JR (psg) - 07 Kylian MBAPPE (psg) during the Ligue 1 Uber Eats match between Strasbourg and Paris at Stade de la Meinau on April 29, 2022 in Strasbourg, France. (Photo by Philippe Lecoeur\\\/FEP\\\/LP\\\/Icon Sport) - Photo by Icon sport\"},{\"@type\":\"BreadcrumbList\",\"@id\":\"https:\\\/\\\/macite.tg\\\/?p=3483#breadcrumb\",\"itemListElement\":[{\"@type\":\"ListItem\",\"position\":1,\"name\":\"Accueil\",\"item\":\"https:\\\/\\\/macite.tg\\\/\"},{\"@type\":\"ListItem\",\"position\":2,\"name\":\"8E DE FINALE ALLER C1\\\/ PSG &#8211; BAYERN\u00a0: Grosse inqui\u00e9tude dans le camp parisien\u2026\"}]},{\"@type\":\"WebSite\",\"@id\":\"https:\\\/\\\/macite.tg\\\/#website\",\"url\":\"https:\\\/\\\/macite.tg\\\/\",\"name\":\"\",\"description\":\"L&#039;information, la bonne!!!\",\"potentialAction\":[{\"@type\":\"SearchAction\",\"target\":{\"@type\":\"EntryPoint\",\"urlTemplate\":\"https:\\\/\\\/macite.tg\\\/?s={search_term_string}\"},\"query-input\":{\"@type\":\"PropertyValueSpecification\",\"valueRequired\":true,\"valueName\":\"search_term_string\"}}],\"inLanguage\":\"fr-FR\"},{\"@type\":\"Person\",\"@id\":\"https:\\\/\\\/macite.tg\\\/#\\\/schema\\\/person\\\/e9f2de7e5dbbe7770a9402c7ce82f5c2\",\"name\":\"Jean Pierre BAWELA\",\"image\":{\"@type\":\"ImageObject\",\"inLanguage\":\"fr-FR\",\"@id\":\"https:\\\/\\\/macite.tg\\\/wp-content\\\/uploads\\\/2023\\\/09\\\/WhatsApp-Image-2023-09-19-at-14.44.41-122x122.jpeg\",\"url\":\"https:\\\/\\\/macite.tg\\\/wp-content\\\/uploads\\\/2023\\\/09\\\/WhatsApp-Image-2023-09-19-at-14.44.41-122x122.jpeg\",\"contentUrl\":\"https:\\\/\\\/macite.tg\\\/wp-content\\\/uploads\\\/2023\\\/09\\\/WhatsApp-Image-2023-09-19-at-14.44.41-122x122.jpeg\",\"caption\":\"Jean Pierre BAWELA\"},\"url\":\"https:\\\/\\\/macite.tg\\\/?author=2\"}]}<\/script>\n<!-- \/ Yoast SEO plugin. -->","yoast_head_json":{"title":"8E DE FINALE ALLER C1\/ PSG - BAYERN\u00a0: Grosse inqui\u00e9tude dans le camp parisien\u2026 -","robots":{"index":"index","follow":"follow","max-snippet":"max-snippet:-1","max-image-preview":"max-image-preview:large","max-video-preview":"max-video-preview:-1"},"canonical":"https:\/\/macite.tg\/?p=3483","og_locale":"fr_FR","og_type":"article","og_title":"8E DE FINALE ALLER C1\/ PSG - BAYERN\u00a0: Grosse inqui\u00e9tude dans le camp parisien\u2026 -","og_description":"Le leader de la Ligue 1 joue le Bayern Munich, le 14 f\u00e9vrier prochain, pour le compte du match aller des 8e de finale de la Ligue des Champions. Si le club Bavarois vient en conqu\u00e9rant, les Parisiens, eux, sont dans une tourmente. Apr\u00e8s la [&hellip;]","og_url":"https:\/\/macite.tg\/?p=3483","article_published_time":"2023-02-10T12:49:07+00:00","article_modified_time":"2023-02-10T12:49:08+00:00","og_image":[{"width":932,"height":582,"url":"https:\/\/macite.tg\/wp-content\/uploads\/2023\/02\/UIELZDNGWNA2TLJ3PVH32QRZ64.jpg","type":"image\/jpeg"}],"author":"Jean Pierre BAWELA","twitter_card":"summary_large_image","twitter_misc":{"\u00c9crit par":"Jean Pierre BAWELA","Dur\u00e9e de lecture estim\u00e9e":"2 minutes"},"schema":{"@context":"https:\/\/schema.org","@graph":[{"@type":"Article","@id":"https:\/\/macite.tg\/?p=3483#article","isPartOf":{"@id":"https:\/\/macite.tg\/?p=3483"},"author":{"name":"Jean Pierre BAWELA","@id":"https:\/\/macite.tg\/#\/schema\/person\/e9f2de7e5dbbe7770a9402c7ce82f5c2"},"headline":"8E DE FINALE ALLER C1\/ PSG &#8211; BAYERN\u00a0: Grosse inqui\u00e9tude dans le camp parisien\u2026","datePublished":"2023-02-10T12:49:07+00:00","dateModified":"2023-02-10T12:49:08+00:00","mainEntityOfPage":{"@id":"https:\/\/macite.tg\/?p=3483"},"wordCount":309,"commentCount":0,"image":{"@id":"https:\/\/macite.tg\/?p=3483#primaryimage"},"thumbnailUrl":"https:\/\/macite.tg\/wp-content\/uploads\/2023\/02\/UIELZDNGWNA2TLJ3PVH32QRZ64.jpg","articleSection":["SPORTS"],"inLanguage":"fr-FR","potentialAction":[{"@type":"CommentAction","name":"Comment","target":["https:\/\/macite.tg\/?p=3483#respond"]}]},{"@type":"WebPage","@id":"https:\/\/macite.tg\/?p=3483","url":"https:\/\/macite.tg\/?p=3483","name":"8E DE FINALE ALLER C1\/ PSG - BAYERN\u00a0: Grosse inqui\u00e9tude dans le camp parisien\u2026 -","isPartOf":{"@id":"https:\/\/macite.tg\/#website"},"primaryImageOfPage":{"@id":"https:\/\/macite.tg\/?p=3483#primaryimage"},"image":{"@id":"https:\/\/macite.tg\/?p=3483#primaryimage"},"thumbnailUrl":"https:\/\/macite.tg\/wp-content\/uploads\/2023\/02\/UIELZDNGWNA2TLJ3PVH32QRZ64.jpg","datePublished":"2023-02-10T12:49:07+00:00","dateModified":"2023-02-10T12:49:08+00:00","author":{"@id":"https:\/\/macite.tg\/#\/schema\/person\/e9f2de7e5dbbe7770a9402c7ce82f5c2"},"breadcrumb":{"@id":"https:\/\/macite.tg\/?p=3483#breadcrumb"},"inLanguage":"fr-FR","potentialAction":[{"@type":"ReadAction","target":["https:\/\/macite.tg\/?p=3483"]}]},{"@type":"ImageObject","inLanguage":"fr-FR","@id":"https:\/\/macite.tg\/?p=3483#primaryimage","url":"https:\/\/macite.tg\/wp-content\/uploads\/2023\/02\/UIELZDNGWNA2TLJ3PVH32QRZ64.jpg","contentUrl":"https:\/\/macite.tg\/wp-content\/uploads\/2023\/02\/UIELZDNGWNA2TLJ3PVH32QRZ64.jpg","width":932,"height":582,"caption":"30 Lionel Leo MESSI (psg) - 10 NEYMAR JR (psg) - 07 Kylian MBAPPE (psg) during the Ligue 1 Uber Eats match between Strasbourg and Paris at Stade de la Meinau on April 29, 2022 in Strasbourg, France. (Photo by Philippe Lecoeur\/FEP\/LP\/Icon Sport) - Photo by Icon sport"},{"@type":"BreadcrumbList","@id":"https:\/\/macite.tg\/?p=3483#breadcrumb","itemListElement":[{"@type":"ListItem","position":1,"name":"Accueil","item":"https:\/\/macite.tg\/"},{"@type":"ListItem","position":2,"name":"8E DE FINALE ALLER C1\/ PSG &#8211; BAYERN\u00a0: Grosse inqui\u00e9tude dans le camp parisien\u2026"}]},{"@type":"WebSite","@id":"https:\/\/macite.tg\/#website","url":"https:\/\/macite.tg\/","name":"","description":"L&#039;information, la bonne!!!","potentialAction":[{"@type":"SearchAction","target":{"@type":"EntryPoint","urlTemplate":"https:\/\/macite.tg\/?s={search_term_string}"},"query-input":{"@type":"PropertyValueSpecification","valueRequired":true,"valueName":"search_term_string"}}],"inLanguage":"fr-FR"},{"@type":"Person","@id":"https:\/\/macite.tg\/#\/schema\/person\/e9f2de7e5dbbe7770a9402c7ce82f5c2","name":"Jean Pierre BAWELA","image":{"@type":"ImageObject","inLanguage":"fr-FR","@id":"https:\/\/macite.tg\/wp-content\/uploads\/2023\/09\/WhatsApp-Image-2023-09-19-at-14.44.41-122x122.jpeg","url":"https:\/\/macite.tg\/wp-content\/uploads\/2023\/09\/WhatsApp-Image-2023-09-19-at-14.44.41-122x122.jpeg","contentUrl":"https:\/\/macite.tg\/wp-content\/uploads\/2023\/09\/WhatsApp-Image-2023-09-19-at-14.44.41-122x122.jpeg","caption":"Jean Pierre BAWELA"},"url":"https:\/\/macite.tg\/?author=2"}]}},"_links":{"self":[{"href":"https:\/\/macite.tg\/index.php?rest_route=\/wp\/v2\/posts\/3483","targetHints":{"allow":["GET"]}}],"collection":[{"href":"https:\/\/macite.tg\/index.php?rest_route=\/wp\/v2\/posts"}],"about":[{"href":"https:\/\/macite.tg\/index.php?rest_route=\/wp\/v2\/types\/post"}],"author":[{"embeddable":true,"href":"https:\/\/macite.tg\/index.php?rest_route=\/wp\/v2\/users\/2"}],"replies":[{"embeddable":true,"href":"https:\/\/macite.tg\/index.php?rest_route=%2Fwp%2Fv2%2Fcomments&post=3483"}],"version-history":[{"count":0,"href":"https:\/\/macite.tg\/index.php?rest_route=\/wp\/v2\/posts\/3483\/revisions"}],"wp:featuredmedia":[{"embeddable":true,"href":"https:\/\/macite.tg\/index.php?rest_route=\/wp\/v2\/media\/3486"}],"wp:attachment":[{"href":"https:\/\/macite.tg\/index.php?rest_route=%2Fwp%2Fv2%2Fmedia&parent=3483"}],"wp:term":[{"taxonomy":"category","embeddable":true,"href":"https:\/\/macite.tg\/index.php?rest_route=%2Fwp%2Fv2%2Fcategories&post=3483"},{"taxonomy":"post_tag","embeddable":true,"href":"https:\/\/macite.tg\/index.php?rest_route=%2Fwp%2Fv2%2Ftags&post=3483"}],"curies":[{"name":"wp","href":"https:\/\/api.w.org\/{rel}","templated":true}]}}