{"id":3479,"date":"2023-02-09T17:56:17","date_gmt":"2023-02-09T17:56:17","guid":{"rendered":"https:\/\/macite.info\/?p=3479"},"modified":"2023-02-09T17:56:17","modified_gmt":"2023-02-09T17:56:17","slug":"systeme-dalerte-precoce-de-la-cedeao-les-centres-nationaux-souhaitent-reduire-le-fosse-entre-lalerte-et-la-reponse","status":"publish","type":"post","link":"https:\/\/macite.tg\/?p=3479","title":{"rendered":"SYST\u00c8ME D\u2019ALERTE PR\u00c9COCE\u00a0DE LA CEDEAO : Les Centres nationaux souhaitent \u00ab\u00a0r\u00e9duire le foss\u00e9 entre l\u2019alerte et la r\u00e9ponse\u00a0\u00bb"},"content":{"rendered":"\n<p class=\"wp-block-paragraph\"><strong><em>Lom\u00e9 abrite depuis hier mercredi 08 f\u00e9vrier, une rencontre sous r\u00e9gionale sur l\u2019op\u00e9rationnalisation des m\u00e9canismes nationaux d\u2019alerte pr\u00e9coce et de r\u00e9ponse.<\/em><\/strong><\/p>\n\n\n\n<p class=\"wp-block-paragraph\">Initi\u00e9e par la Commission de la Cedeao en collaboration avec le gouvernement togolais, cette rencontre sous r\u00e9gionale est une occasion pour les responsables des diff\u00e9rents centres nationaux de l\u2019espace communautaire de r\u00e9fl\u00e9chir aux voies et moyens pour <em>\u00ab&nbsp;r\u00e9duire le foss\u00e9 entre l\u2019alerte et la r\u00e9ponse&nbsp;\u00bb<\/em>. Ainsi, cinq principaux domaines sont identifi\u00e9s \u00e0 savoir&nbsp;: la s\u00e9curit\u00e9, la criminalit\u00e9, la sant\u00e9, l\u2019environnement, et la gouvernance politique.<\/p>\n\n\n<div class=\"wp-block-image\">\n<figure class=\"aligncenter size-large is-resized\"><img loading=\"lazy\" decoding=\"async\" src=\"https:\/\/macite.tg\/wp-content\/uploads\/2023\/02\/ANNONCES-1-1024x426.jpg\" alt=\"\" class=\"wp-image-3456\" width=\"775\" height=\"322\" srcset=\"https:\/\/macite.tg\/wp-content\/uploads\/2023\/02\/ANNONCES-1-1024x426.jpg 1024w, https:\/\/macite.tg\/wp-content\/uploads\/2023\/02\/ANNONCES-1-300x125.jpg 300w, https:\/\/macite.tg\/wp-content\/uploads\/2023\/02\/ANNONCES-1-768x319.jpg 768w, https:\/\/macite.tg\/wp-content\/uploads\/2023\/02\/ANNONCES-1.jpg 1080w\" sizes=\"auto, (max-width: 775px) 100vw, 775px\" \/><\/figure>\n<\/div>\n\n\n<p class=\"wp-block-paragraph\">Durant les travaux qui vont durer la semaine, les participants devront r\u00e9fl\u00e9chir et d\u00e9finir les actions et activit\u00e9s \u00e0 mettre en \u0153uvre dans l\u2019optique d\u2019\u00eatre dans l\u2019anticipation, notamment r\u00e9ussir \u00e0 devancer la survenues des <em>\u00ab&nbsp;crises et conflits latents ou \u00e9mergents et en limiter les effets n\u00e9fastes&nbsp;\u00bb<\/em>.<\/p>\n\n\n\n<p class=\"wp-block-paragraph\">A l\u2019ouverture des travaux, le ministre togolais de la S\u00e9curit\u00e9, le Gal Yark Damehame, a insist\u00e9 sur le fait que <em>\u00ab&nbsp;ces<\/em> <em>menaces li\u00e9es \u00e0 la s\u00e9curit\u00e9 humaine ne doivent pas \u00eatre prises en charge s\u00e9par\u00e9ment&nbsp;\u00bb.<\/em><\/p>\n\n\n\n<p class=\"wp-block-paragraph\">Notons qu\u2019\u00e0 ce jour, seulement 11 centres d\u2019alerte pr\u00e9coce sont op\u00e9rationnels dans la sous-r\u00e9gion, auxquels s\u2019ajouteront bient\u00f4t quatre (04) autres.<\/p>\n\n\n\n<p class=\"wp-block-paragraph\"><strong>JPB<\/strong><\/p>\n\n\n\n<p class=\"wp-block-paragraph\"><strong><em>@macite.info<\/em><\/strong><\/p>\n\n\n\n<p class=\"wp-block-paragraph\"><strong><em>E-mail&nbsp;: <\/em><\/strong><a href=\"mailto:maciteinfo@gmail.com\"><strong><em>maciteinfo@gmail.com<\/em><\/strong><\/a><strong><em>; <\/em><\/strong><a href=\"mailto:bawela1@gmail.com\"><strong><em>bawela1@gmail.com<\/em><\/strong><\/a><\/p>\n\n\n\n<p class=\"wp-block-paragraph\"><strong><em>Pour vos annonces, (publi)reportages, etc., joignez nous au (00228)91515309\/<strong>79872224<\/strong><\/em><\/strong><em><\/em><\/p>\n\n\n\n<p class=\"wp-block-paragraph\"><a href=\"http:\/\/www.macite.info\"><strong><em>www.macite.info<\/em><\/strong><\/a><strong><em>, L\u2019information, la bonne&nbsp;!<\/em><\/strong><\/p>\n","protected":false},"excerpt":{"rendered":"<p class=\"text-justify mb-2\" >Lom\u00e9 abrite depuis hier mercredi 08 f\u00e9vrier, une rencontre sous r\u00e9gionale sur l\u2019op\u00e9rationnalisation des m\u00e9canismes nationaux d\u2019alerte pr\u00e9coce et de r\u00e9ponse. Initi\u00e9e par la Commission de la Cedeao en collaboration avec le gouvernement togolais, cette rencontre sous r\u00e9gionale est une occasion pour les responsables des [&hellip;]<\/p>\n","protected":false},"author":2,"featured_media":3480,"comment_status":"open","ping_status":"open","sticky":false,"template":"","format":"standard","meta":{"footnotes":""},"categories":[28],"tags":[],"class_list":["post-3479","post","type-post","status-publish","format-standard","has-post-thumbnail","hentry","category-securite"],"yoast_head":"<!-- This site is optimized with the Yoast SEO plugin v28.4 - https:\/\/yoast.com\/product\/yoast-seo-wordpress\/ -->\n<title>SYST\u00c8ME D\u2019ALERTE PR\u00c9COCE\u00a0DE LA CEDEAO : Les Centres nationaux souhaitent \u00ab\u00a0r\u00e9duire le foss\u00e9 entre l\u2019alerte et la r\u00e9ponse\u00a0\u00bb -<\/title>\n<meta name=\"robots\" content=\"index, follow, max-snippet:-1, max-image-preview:large, max-video-preview:-1\" \/>\n<link rel=\"canonical\" href=\"https:\/\/macite.tg\/?p=3479\" \/>\n<meta property=\"og:locale\" content=\"fr_FR\" \/>\n<meta property=\"og:type\" content=\"article\" \/>\n<meta property=\"og:title\" content=\"SYST\u00c8ME D\u2019ALERTE PR\u00c9COCE\u00a0DE LA CEDEAO : Les Centres nationaux souhaitent \u00ab\u00a0r\u00e9duire le foss\u00e9 entre l\u2019alerte et la r\u00e9ponse\u00a0\u00bb -\" \/>\n<meta property=\"og:description\" content=\"Lom\u00e9 abrite depuis hier mercredi 08 f\u00e9vrier, une rencontre sous r\u00e9gionale sur l\u2019op\u00e9rationnalisation des m\u00e9canismes nationaux d\u2019alerte pr\u00e9coce et de r\u00e9ponse. Initi\u00e9e par la Commission de la Cedeao en collaboration avec le gouvernement togolais, cette rencontre sous r\u00e9gionale est une occasion pour les responsables des [&hellip;]\" \/>\n<meta property=\"og:url\" content=\"https:\/\/macite.tg\/?p=3479\" \/>\n<meta property=\"article:published_time\" content=\"2023-02-09T17:56:17+00:00\" \/>\n<meta property=\"og:image\" content=\"https:\/\/macite.tg\/wp-content\/uploads\/2023\/02\/62f4fc42c042082049ae29c875384841_L.jpg\" \/>\n\t<meta property=\"og:image:width\" content=\"500\" \/>\n\t<meta property=\"og:image:height\" content=\"258\" \/>\n\t<meta property=\"og:image:type\" content=\"image\/jpeg\" \/>\n<meta name=\"author\" content=\"Jean Pierre BAWELA\" \/>\n<meta name=\"twitter:card\" content=\"summary_large_image\" \/>\n<meta name=\"twitter:label1\" content=\"\u00c9crit par\" \/>\n\t<meta name=\"twitter:data1\" content=\"Jean Pierre BAWELA\" \/>\n\t<meta name=\"twitter:label2\" content=\"Dur\u00e9e de lecture estim\u00e9e\" \/>\n\t<meta name=\"twitter:data2\" content=\"2 minutes\" \/>\n<script type=\"application\/ld+json\" class=\"yoast-schema-graph\">{\"@context\":\"https:\\\/\\\/schema.org\",\"@graph\":[{\"@type\":\"Article\",\"@id\":\"https:\\\/\\\/macite.tg\\\/?p=3479#article\",\"isPartOf\":{\"@id\":\"https:\\\/\\\/macite.tg\\\/?p=3479\"},\"author\":{\"name\":\"Jean Pierre BAWELA\",\"@id\":\"https:\\\/\\\/macite.tg\\\/#\\\/schema\\\/person\\\/e9f2de7e5dbbe7770a9402c7ce82f5c2\"},\"headline\":\"SYST\u00c8ME D\u2019ALERTE PR\u00c9COCE\u00a0DE LA CEDEAO : Les Centres nationaux souhaitent \u00ab\u00a0r\u00e9duire le foss\u00e9 entre l\u2019alerte et la r\u00e9ponse\u00a0\u00bb\",\"datePublished\":\"2023-02-09T17:56:17+00:00\",\"mainEntityOfPage\":{\"@id\":\"https:\\\/\\\/macite.tg\\\/?p=3479\"},\"wordCount\":279,\"commentCount\":0,\"image\":{\"@id\":\"https:\\\/\\\/macite.tg\\\/?p=3479#primaryimage\"},\"thumbnailUrl\":\"https:\\\/\\\/macite.tg\\\/wp-content\\\/uploads\\\/2023\\\/02\\\/62f4fc42c042082049ae29c875384841_L.jpg\",\"articleSection\":[\"SECURITE\"],\"inLanguage\":\"fr-FR\",\"potentialAction\":[{\"@type\":\"CommentAction\",\"name\":\"Comment\",\"target\":[\"https:\\\/\\\/macite.tg\\\/?p=3479#respond\"]}]},{\"@type\":\"WebPage\",\"@id\":\"https:\\\/\\\/macite.tg\\\/?p=3479\",\"url\":\"https:\\\/\\\/macite.tg\\\/?p=3479\",\"name\":\"SYST\u00c8ME D\u2019ALERTE PR\u00c9COCE\u00a0DE LA CEDEAO : Les Centres nationaux souhaitent \u00ab\u00a0r\u00e9duire le foss\u00e9 entre l\u2019alerte et la r\u00e9ponse\u00a0\u00bb -\",\"isPartOf\":{\"@id\":\"https:\\\/\\\/macite.tg\\\/#website\"},\"primaryImageOfPage\":{\"@id\":\"https:\\\/\\\/macite.tg\\\/?p=3479#primaryimage\"},\"image\":{\"@id\":\"https:\\\/\\\/macite.tg\\\/?p=3479#primaryimage\"},\"thumbnailUrl\":\"https:\\\/\\\/macite.tg\\\/wp-content\\\/uploads\\\/2023\\\/02\\\/62f4fc42c042082049ae29c875384841_L.jpg\",\"datePublished\":\"2023-02-09T17:56:17+00:00\",\"author\":{\"@id\":\"https:\\\/\\\/macite.tg\\\/#\\\/schema\\\/person\\\/e9f2de7e5dbbe7770a9402c7ce82f5c2\"},\"breadcrumb\":{\"@id\":\"https:\\\/\\\/macite.tg\\\/?p=3479#breadcrumb\"},\"inLanguage\":\"fr-FR\",\"potentialAction\":[{\"@type\":\"ReadAction\",\"target\":[\"https:\\\/\\\/macite.tg\\\/?p=3479\"]}]},{\"@type\":\"ImageObject\",\"inLanguage\":\"fr-FR\",\"@id\":\"https:\\\/\\\/macite.tg\\\/?p=3479#primaryimage\",\"url\":\"https:\\\/\\\/macite.tg\\\/wp-content\\\/uploads\\\/2023\\\/02\\\/62f4fc42c042082049ae29c875384841_L.jpg\",\"contentUrl\":\"https:\\\/\\\/macite.tg\\\/wp-content\\\/uploads\\\/2023\\\/02\\\/62f4fc42c042082049ae29c875384841_L.jpg\",\"width\":500,\"height\":258},{\"@type\":\"BreadcrumbList\",\"@id\":\"https:\\\/\\\/macite.tg\\\/?p=3479#breadcrumb\",\"itemListElement\":[{\"@type\":\"ListItem\",\"position\":1,\"name\":\"Accueil\",\"item\":\"https:\\\/\\\/macite.tg\\\/\"},{\"@type\":\"ListItem\",\"position\":2,\"name\":\"SYST\u00c8ME D\u2019ALERTE PR\u00c9COCE\u00a0DE LA CEDEAO : Les Centres nationaux souhaitent \u00ab\u00a0r\u00e9duire le foss\u00e9 entre l\u2019alerte et la r\u00e9ponse\u00a0\u00bb\"}]},{\"@type\":\"WebSite\",\"@id\":\"https:\\\/\\\/macite.tg\\\/#website\",\"url\":\"https:\\\/\\\/macite.tg\\\/\",\"name\":\"\",\"description\":\"L&#039;information, la bonne!!!\",\"potentialAction\":[{\"@type\":\"SearchAction\",\"target\":{\"@type\":\"EntryPoint\",\"urlTemplate\":\"https:\\\/\\\/macite.tg\\\/?s={search_term_string}\"},\"query-input\":{\"@type\":\"PropertyValueSpecification\",\"valueRequired\":true,\"valueName\":\"search_term_string\"}}],\"inLanguage\":\"fr-FR\"},{\"@type\":\"Person\",\"@id\":\"https:\\\/\\\/macite.tg\\\/#\\\/schema\\\/person\\\/e9f2de7e5dbbe7770a9402c7ce82f5c2\",\"name\":\"Jean Pierre BAWELA\",\"image\":{\"@type\":\"ImageObject\",\"inLanguage\":\"fr-FR\",\"@id\":\"https:\\\/\\\/macite.tg\\\/wp-content\\\/uploads\\\/2023\\\/09\\\/WhatsApp-Image-2023-09-19-at-14.44.41-122x122.jpeg\",\"url\":\"https:\\\/\\\/macite.tg\\\/wp-content\\\/uploads\\\/2023\\\/09\\\/WhatsApp-Image-2023-09-19-at-14.44.41-122x122.jpeg\",\"contentUrl\":\"https:\\\/\\\/macite.tg\\\/wp-content\\\/uploads\\\/2023\\\/09\\\/WhatsApp-Image-2023-09-19-at-14.44.41-122x122.jpeg\",\"caption\":\"Jean Pierre BAWELA\"},\"url\":\"https:\\\/\\\/macite.tg\\\/?author=2\"}]}<\/script>\n<!-- \/ Yoast SEO plugin. -->","yoast_head_json":{"title":"SYST\u00c8ME D\u2019ALERTE PR\u00c9COCE\u00a0DE LA CEDEAO : Les Centres nationaux souhaitent \u00ab\u00a0r\u00e9duire le foss\u00e9 entre l\u2019alerte et la r\u00e9ponse\u00a0\u00bb -","robots":{"index":"index","follow":"follow","max-snippet":"max-snippet:-1","max-image-preview":"max-image-preview:large","max-video-preview":"max-video-preview:-1"},"canonical":"https:\/\/macite.tg\/?p=3479","og_locale":"fr_FR","og_type":"article","og_title":"SYST\u00c8ME D\u2019ALERTE PR\u00c9COCE\u00a0DE LA CEDEAO : Les Centres nationaux souhaitent \u00ab\u00a0r\u00e9duire le foss\u00e9 entre l\u2019alerte et la r\u00e9ponse\u00a0\u00bb -","og_description":"Lom\u00e9 abrite depuis hier mercredi 08 f\u00e9vrier, une rencontre sous r\u00e9gionale sur l\u2019op\u00e9rationnalisation des m\u00e9canismes nationaux d\u2019alerte pr\u00e9coce et de r\u00e9ponse. Initi\u00e9e par la Commission de la Cedeao en collaboration avec le gouvernement togolais, cette rencontre sous r\u00e9gionale est une occasion pour les responsables des [&hellip;]","og_url":"https:\/\/macite.tg\/?p=3479","article_published_time":"2023-02-09T17:56:17+00:00","og_image":[{"width":500,"height":258,"url":"https:\/\/macite.tg\/wp-content\/uploads\/2023\/02\/62f4fc42c042082049ae29c875384841_L.jpg","type":"image\/jpeg"}],"author":"Jean Pierre BAWELA","twitter_card":"summary_large_image","twitter_misc":{"\u00c9crit par":"Jean Pierre BAWELA","Dur\u00e9e de lecture estim\u00e9e":"2 minutes"},"schema":{"@context":"https:\/\/schema.org","@graph":[{"@type":"Article","@id":"https:\/\/macite.tg\/?p=3479#article","isPartOf":{"@id":"https:\/\/macite.tg\/?p=3479"},"author":{"name":"Jean Pierre BAWELA","@id":"https:\/\/macite.tg\/#\/schema\/person\/e9f2de7e5dbbe7770a9402c7ce82f5c2"},"headline":"SYST\u00c8ME D\u2019ALERTE PR\u00c9COCE\u00a0DE LA CEDEAO : Les Centres nationaux souhaitent \u00ab\u00a0r\u00e9duire le foss\u00e9 entre l\u2019alerte et la r\u00e9ponse\u00a0\u00bb","datePublished":"2023-02-09T17:56:17+00:00","mainEntityOfPage":{"@id":"https:\/\/macite.tg\/?p=3479"},"wordCount":279,"commentCount":0,"image":{"@id":"https:\/\/macite.tg\/?p=3479#primaryimage"},"thumbnailUrl":"https:\/\/macite.tg\/wp-content\/uploads\/2023\/02\/62f4fc42c042082049ae29c875384841_L.jpg","articleSection":["SECURITE"],"inLanguage":"fr-FR","potentialAction":[{"@type":"CommentAction","name":"Comment","target":["https:\/\/macite.tg\/?p=3479#respond"]}]},{"@type":"WebPage","@id":"https:\/\/macite.tg\/?p=3479","url":"https:\/\/macite.tg\/?p=3479","name":"SYST\u00c8ME D\u2019ALERTE PR\u00c9COCE\u00a0DE LA CEDEAO : Les Centres nationaux souhaitent \u00ab\u00a0r\u00e9duire le foss\u00e9 entre l\u2019alerte et la r\u00e9ponse\u00a0\u00bb -","isPartOf":{"@id":"https:\/\/macite.tg\/#website"},"primaryImageOfPage":{"@id":"https:\/\/macite.tg\/?p=3479#primaryimage"},"image":{"@id":"https:\/\/macite.tg\/?p=3479#primaryimage"},"thumbnailUrl":"https:\/\/macite.tg\/wp-content\/uploads\/2023\/02\/62f4fc42c042082049ae29c875384841_L.jpg","datePublished":"2023-02-09T17:56:17+00:00","author":{"@id":"https:\/\/macite.tg\/#\/schema\/person\/e9f2de7e5dbbe7770a9402c7ce82f5c2"},"breadcrumb":{"@id":"https:\/\/macite.tg\/?p=3479#breadcrumb"},"inLanguage":"fr-FR","potentialAction":[{"@type":"ReadAction","target":["https:\/\/macite.tg\/?p=3479"]}]},{"@type":"ImageObject","inLanguage":"fr-FR","@id":"https:\/\/macite.tg\/?p=3479#primaryimage","url":"https:\/\/macite.tg\/wp-content\/uploads\/2023\/02\/62f4fc42c042082049ae29c875384841_L.jpg","contentUrl":"https:\/\/macite.tg\/wp-content\/uploads\/2023\/02\/62f4fc42c042082049ae29c875384841_L.jpg","width":500,"height":258},{"@type":"BreadcrumbList","@id":"https:\/\/macite.tg\/?p=3479#breadcrumb","itemListElement":[{"@type":"ListItem","position":1,"name":"Accueil","item":"https:\/\/macite.tg\/"},{"@type":"ListItem","position":2,"name":"SYST\u00c8ME D\u2019ALERTE PR\u00c9COCE\u00a0DE LA CEDEAO : Les Centres nationaux souhaitent \u00ab\u00a0r\u00e9duire le foss\u00e9 entre l\u2019alerte et la r\u00e9ponse\u00a0\u00bb"}]},{"@type":"WebSite","@id":"https:\/\/macite.tg\/#website","url":"https:\/\/macite.tg\/","name":"","description":"L&#039;information, la bonne!!!","potentialAction":[{"@type":"SearchAction","target":{"@type":"EntryPoint","urlTemplate":"https:\/\/macite.tg\/?s={search_term_string}"},"query-input":{"@type":"PropertyValueSpecification","valueRequired":true,"valueName":"search_term_string"}}],"inLanguage":"fr-FR"},{"@type":"Person","@id":"https:\/\/macite.tg\/#\/schema\/person\/e9f2de7e5dbbe7770a9402c7ce82f5c2","name":"Jean Pierre BAWELA","image":{"@type":"ImageObject","inLanguage":"fr-FR","@id":"https:\/\/macite.tg\/wp-content\/uploads\/2023\/09\/WhatsApp-Image-2023-09-19-at-14.44.41-122x122.jpeg","url":"https:\/\/macite.tg\/wp-content\/uploads\/2023\/09\/WhatsApp-Image-2023-09-19-at-14.44.41-122x122.jpeg","contentUrl":"https:\/\/macite.tg\/wp-content\/uploads\/2023\/09\/WhatsApp-Image-2023-09-19-at-14.44.41-122x122.jpeg","caption":"Jean Pierre BAWELA"},"url":"https:\/\/macite.tg\/?author=2"}]}},"_links":{"self":[{"href":"https:\/\/macite.tg\/index.php?rest_route=\/wp\/v2\/posts\/3479","targetHints":{"allow":["GET"]}}],"collection":[{"href":"https:\/\/macite.tg\/index.php?rest_route=\/wp\/v2\/posts"}],"about":[{"href":"https:\/\/macite.tg\/index.php?rest_route=\/wp\/v2\/types\/post"}],"author":[{"embeddable":true,"href":"https:\/\/macite.tg\/index.php?rest_route=\/wp\/v2\/users\/2"}],"replies":[{"embeddable":true,"href":"https:\/\/macite.tg\/index.php?rest_route=%2Fwp%2Fv2%2Fcomments&post=3479"}],"version-history":[{"count":0,"href":"https:\/\/macite.tg\/index.php?rest_route=\/wp\/v2\/posts\/3479\/revisions"}],"wp:featuredmedia":[{"embeddable":true,"href":"https:\/\/macite.tg\/index.php?rest_route=\/wp\/v2\/media\/3480"}],"wp:attachment":[{"href":"https:\/\/macite.tg\/index.php?rest_route=%2Fwp%2Fv2%2Fmedia&parent=3479"}],"wp:term":[{"taxonomy":"category","embeddable":true,"href":"https:\/\/macite.tg\/index.php?rest_route=%2Fwp%2Fv2%2Fcategories&post=3479"},{"taxonomy":"post_tag","embeddable":true,"href":"https:\/\/macite.tg\/index.php?rest_route=%2Fwp%2Fv2%2Ftags&post=3479"}],"curies":[{"name":"wp","href":"https:\/\/api.w.org\/{rel}","templated":true}]}}