{"id":347,"date":"2022-09-23T12:38:15","date_gmt":"2022-09-23T12:38:15","guid":{"rendered":"https:\/\/macite.info\/?p=347"},"modified":"2022-09-23T12:38:16","modified_gmt":"2022-09-23T12:38:16","slug":"resilience-face-au-changement-climatique-le-projet-r4c-togo-lance-pour-soutenir-les-communautes-cotieres","status":"publish","type":"post","link":"https:\/\/macite.tg\/?p=347","title":{"rendered":"R\u00c9SILIENCE FACE AU CHANGEMENT CLIMATIQUE\u00a0: Le projet R4C-Togo lanc\u00e9 pour soutenir les communaut\u00e9s c\u00f4ti\u00e8res"},"content":{"rendered":"\n<p class=\"wp-block-paragraph\"><strong><em>Les activit\u00e9s du projet\u00a0: \u00ab\u00a0Renforcement de la r\u00e9silience au Changement Climatique des Communaut\u00e9s C\u00f4ti\u00e8res du Togo\u00a0\u00bb (R4C-Togo) ont \u00e9t\u00e9 lanc\u00e9es le 20 septembre dernier \u00e0 Lom\u00e9 par le ministre de l\u2019Environnement et des Ressources Foresti\u00e8res, M. Katari Foli-Bazi. Il s\u2019agit de renforcer la r\u00e9silience des communaut\u00e9s c\u00f4ti\u00e8res face aux changements climatiques en s\u2019appuyant sur une approche int\u00e9gr\u00e9e ax\u00e9e sur l\u2019adaptation bas\u00e9e sur les \u00e9cosyst\u00e8mes et les moyens de subsistance. Cette initiative ira au profit des pr\u00e9fectures de Vo, Lacs, Ago\u00e9-Nyiv\u00e9, Zio et Golfe.<\/em><\/strong><\/p>\n\n\n\n<p class=\"wp-block-paragraph\">Financ\u00e9 par le Fonds pour l\u2019Environnement Mondial (FEM), ce projet quinquennal sera mis en \u0153uvre par l\u2019Organisation des Nations Unies pour l\u2019Alimentation et l\u2019Agriculture (FAO) et l\u2019Office de D\u00e9veloppement et d\u2019Exploitation des For\u00eats (ODEF) pour un co\u00fbt total de quatre milliards quatre cent soixante-six millions deux cent dix mille (4&nbsp;466&nbsp;210&nbsp;000 F CFA).<\/p>\n\n\n\n<p class=\"wp-block-paragraph\">Au cours du lancement de ce projet, le ministre Katari Foli-Bazi a indiqu\u00e9 que le Togo, comme d\u2019autres pays de la r\u00e9gion, est confront\u00e9 aux cons\u00e9quences n\u00e9fastes des changements climatiques, ainsi qu\u2019\u00e0 de nombreux probl\u00e8mes environnementaux d\u00e9crits dans plusieurs documents de strat\u00e9gies. Il ressort de l\u2019analyse de ces documents que les secteurs les plus touch\u00e9s par les effets n\u00e9fastes de ces changements climatiques sont l\u2019\u00e9nergie, l\u2019agriculture, la foresterie et autres affectations des terres.<\/p>\n\n\n<div class=\"wp-block-image\">\n<figure class=\"aligncenter size-full is-resized\"><img loading=\"lazy\" decoding=\"async\" src=\"https:\/\/macite.tg\/wp-content\/uploads\/2022\/09\/Otr30b.jpeg\" alt=\"\" class=\"wp-image-80\" width=\"446\" height=\"446\" srcset=\"https:\/\/macite.tg\/wp-content\/uploads\/2022\/09\/Otr30b.jpeg 720w, https:\/\/macite.tg\/wp-content\/uploads\/2022\/09\/Otr30b-300x300.jpeg 300w, https:\/\/macite.tg\/wp-content\/uploads\/2022\/09\/Otr30b-150x150.jpeg 150w\" sizes=\"auto, (max-width: 446px) 100vw, 446px\" \/><\/figure>\n<\/div>\n\n\n<p class=\"wp-block-paragraph\">Le projet est articul\u00e9 autour de quatre composantes, qui permettront d\u2019int\u00e9grer l\u2019adaptation au changement climatique dans les politiques et programmes sectoriels et de renforcer les capacit\u00e9s au niveau national, en vue de l\u2019\u00e9valuation et de la planification de l\u2019impact climatique. Il sera aussi question d\u2019am\u00e9liorer les syst\u00e8mes de production, ceci gr\u00e2ce aux meilleures pratiques d\u2019adaptation et aux technologies innovantes dans les \u00e9cosyst\u00e8mes vuln\u00e9rables. Le projet veut \u00e9galement parvenir \u00e0 une gestion c\u00f4ti\u00e8re int\u00e9gr\u00e9e, en vue de restaurer les \u00e9cosyst\u00e8mes d\u00e9grad\u00e9s, tout en am\u00e9liorant les moyens de subsistance des communaut\u00e9s b\u00e9n\u00e9ficiaires. Enfin, le projet va plancher sur les questions de suivis insuffisants, inefficaces et inefficients des interventions d\u2019adaptation et de partage.<\/p>\n\n\n\n<p class=\"wp-block-paragraph\">Plus sp\u00e9cifiquement, sur le plan agricole, il sera question d\u2019aider les communaut\u00e9s b\u00e9n\u00e9ficiaires \u00e0 transformer les produits agricoles et \u00e0 les commercialiser pour obtenir une plus-value. Sur le plan forestier, il sera question de renforcer les \u00e9cosyst\u00e8mes (les mangroves) fragilis\u00e9s et de valoriser les produits ligneux \u00e0 travers l\u2019artisanat. Pour pallier l\u2019insuffisance des produits halieutiques, le projet va apprendre aux b\u00e9n\u00e9ficiaires des techniques innovantes de la pisciculture. Il sera aussi question de les aider \u00e0 se lancer dans l\u2019\u00e9levage de petits ruminants, pour pallier l\u2019insuffisance des produits carn\u00e9s.<\/p>\n\n\n\n<p class=\"wp-block-paragraph\">A la fin de ce projet, les r\u00e9sultats attendus consistent \u00e0 am\u00e9liorer les moyens de substance de 99&nbsp;500 personnes au sein des communaut\u00e9s b\u00e9n\u00e9ficiaires&nbsp;; am\u00e9liorer les syst\u00e8mes de production de 78 coop\u00e9ratives de producteurs de cacao, de palmier et de moringa. Les activit\u00e9s permettront aussi de restaurer 1&nbsp;000 hectares de berges lagunaires, 500 hectares de terres d\u00e9grad\u00e9es et de for\u00eats communautaires sacr\u00e9es&nbsp;; \u00e9laborer des plans d\u2019adaptation bas\u00e9e sur les \u00e9cosyst\u00e8mes pour les huit pr\u00e9fectures b\u00e9n\u00e9ficiaires.<\/p>\n\n\n\n<p class=\"wp-block-paragraph\">Notons que pour mener ce projet \u00e0 bon port, les acteurs s\u2019appuieront sur la Coordination des Organisations Paysannes (CTOP) et mettront \u00e0 contribution les b\u00e9n\u00e9ficiaires dans l\u2019\u00e9laboration du plan d\u2019action et l\u2019identification des activit\u00e9s \u00e0 mener.<\/p>\n\n\n\n<p class=\"wp-block-paragraph\"><strong>Carole AGHEY (In CHRONIQUE DE LA SEMAINE n\u00b0667 du 22 Septembre 2022)<\/strong><\/p>\n\n\n\n<p class=\"wp-block-paragraph\"><strong><em>@macite.info<\/em><\/strong><\/p>\n\n\n\n<p class=\"wp-block-paragraph\"><strong><em>E-mail&nbsp;: <\/em><\/strong><a href=\"mailto:maciteinfo@gmail.com\"><em>maciteinfo@gmail.com<\/em><\/a><strong><em>; <\/em><\/strong><a href=\"mailto:bawela1@gmail.com\"><em>bawela1@gmail.com<\/em><\/a><strong><em><\/em><\/strong><\/p>\n\n\n\n<p class=\"wp-block-paragraph\"><strong><em>Pour vos annonces, (publi)reportages, etc., joignez nous au (00228) 91515309\/<strong>79872224<\/strong><\/em><\/strong><em><\/em><\/p>\n\n\n\n<p class=\"wp-block-paragraph\"><a href=\"http:\/\/www.macite.info\"><em>www.macite.info<\/em><\/a><strong><em>, L\u2019information, la bonne&nbsp;!<\/em><\/strong><\/p>\n","protected":false},"excerpt":{"rendered":"<p class=\"text-justify mb-2\" >Les activit\u00e9s du projet\u00a0: \u00ab\u00a0Renforcement de la r\u00e9silience au Changement Climatique des Communaut\u00e9s C\u00f4ti\u00e8res du Togo\u00a0\u00bb (R4C-Togo) ont \u00e9t\u00e9 lanc\u00e9es le 20 septembre dernier \u00e0 Lom\u00e9 par le ministre de l\u2019Environnement et des Ressources Foresti\u00e8res, M. Katari Foli-Bazi. Il s\u2019agit de renforcer la r\u00e9silience des [&hellip;]<\/p>\n","protected":false},"author":2,"featured_media":348,"comment_status":"open","ping_status":"open","sticky":false,"template":"","format":"standard","meta":{"footnotes":""},"categories":[19],"tags":[],"class_list":["post-347","post","type-post","status-publish","format-standard","has-post-thumbnail","hentry","category-environnement"],"yoast_head":"<!-- This site is optimized with the Yoast SEO plugin v28.4 - https:\/\/yoast.com\/product\/yoast-seo-wordpress\/ -->\n<title>R\u00c9SILIENCE FACE AU CHANGEMENT CLIMATIQUE\u00a0: Le projet R4C-Togo lanc\u00e9 pour soutenir les communaut\u00e9s c\u00f4ti\u00e8res -<\/title>\n<meta name=\"robots\" content=\"index, follow, max-snippet:-1, max-image-preview:large, max-video-preview:-1\" \/>\n<link rel=\"canonical\" href=\"https:\/\/macite.tg\/?p=347\" \/>\n<meta property=\"og:locale\" content=\"fr_FR\" \/>\n<meta property=\"og:type\" content=\"article\" \/>\n<meta property=\"og:title\" content=\"R\u00c9SILIENCE FACE AU CHANGEMENT CLIMATIQUE\u00a0: Le projet R4C-Togo lanc\u00e9 pour soutenir les communaut\u00e9s c\u00f4ti\u00e8res -\" \/>\n<meta property=\"og:description\" content=\"Les activit\u00e9s du projet\u00a0: \u00ab\u00a0Renforcement de la r\u00e9silience au Changement Climatique des Communaut\u00e9s C\u00f4ti\u00e8res du Togo\u00a0\u00bb (R4C-Togo) ont \u00e9t\u00e9 lanc\u00e9es le 20 septembre dernier \u00e0 Lom\u00e9 par le ministre de l\u2019Environnement et des Ressources Foresti\u00e8res, M. Katari Foli-Bazi. Il s\u2019agit de renforcer la r\u00e9silience des [&hellip;]\" \/>\n<meta property=\"og:url\" content=\"https:\/\/macite.tg\/?p=347\" \/>\n<meta property=\"article:published_time\" content=\"2022-09-23T12:38:15+00:00\" \/>\n<meta property=\"article:modified_time\" content=\"2022-09-23T12:38:16+00:00\" \/>\n<meta property=\"og:image\" content=\"https:\/\/macite.tg\/wp-content\/uploads\/2022\/09\/DSC_0656.jpg-t-o-scaled-1.jpg\" \/>\n\t<meta property=\"og:image:width\" content=\"2560\" \/>\n\t<meta property=\"og:image:height\" content=\"1707\" \/>\n\t<meta property=\"og:image:type\" content=\"image\/jpeg\" \/>\n<meta name=\"author\" content=\"Jean Pierre BAWELA\" \/>\n<meta name=\"twitter:card\" content=\"summary_large_image\" \/>\n<meta name=\"twitter:label1\" content=\"\u00c9crit par\" \/>\n\t<meta name=\"twitter:data1\" content=\"Jean Pierre BAWELA\" \/>\n\t<meta name=\"twitter:label2\" content=\"Dur\u00e9e de lecture estim\u00e9e\" \/>\n\t<meta name=\"twitter:data2\" content=\"4 minutes\" \/>\n<script type=\"application\/ld+json\" class=\"yoast-schema-graph\">{\"@context\":\"https:\\\/\\\/schema.org\",\"@graph\":[{\"@type\":\"Article\",\"@id\":\"https:\\\/\\\/macite.tg\\\/?p=347#article\",\"isPartOf\":{\"@id\":\"https:\\\/\\\/macite.tg\\\/?p=347\"},\"author\":{\"name\":\"Jean Pierre BAWELA\",\"@id\":\"https:\\\/\\\/macite.tg\\\/#\\\/schema\\\/person\\\/e9f2de7e5dbbe7770a9402c7ce82f5c2\"},\"headline\":\"R\u00c9SILIENCE FACE AU CHANGEMENT CLIMATIQUE\u00a0: Le projet R4C-Togo lanc\u00e9 pour soutenir les communaut\u00e9s c\u00f4ti\u00e8res\",\"datePublished\":\"2022-09-23T12:38:15+00:00\",\"dateModified\":\"2022-09-23T12:38:16+00:00\",\"mainEntityOfPage\":{\"@id\":\"https:\\\/\\\/macite.tg\\\/?p=347\"},\"wordCount\":673,\"commentCount\":0,\"image\":{\"@id\":\"https:\\\/\\\/macite.tg\\\/?p=347#primaryimage\"},\"thumbnailUrl\":\"https:\\\/\\\/macite.tg\\\/wp-content\\\/uploads\\\/2022\\\/09\\\/DSC_0656.jpg-t-o-scaled-1.jpg\",\"articleSection\":[\"ENVIRONNEMENT\"],\"inLanguage\":\"fr-FR\",\"potentialAction\":[{\"@type\":\"CommentAction\",\"name\":\"Comment\",\"target\":[\"https:\\\/\\\/macite.tg\\\/?p=347#respond\"]}]},{\"@type\":\"WebPage\",\"@id\":\"https:\\\/\\\/macite.tg\\\/?p=347\",\"url\":\"https:\\\/\\\/macite.tg\\\/?p=347\",\"name\":\"R\u00c9SILIENCE FACE AU CHANGEMENT CLIMATIQUE\u00a0: Le projet R4C-Togo lanc\u00e9 pour soutenir les communaut\u00e9s c\u00f4ti\u00e8res -\",\"isPartOf\":{\"@id\":\"https:\\\/\\\/macite.tg\\\/#website\"},\"primaryImageOfPage\":{\"@id\":\"https:\\\/\\\/macite.tg\\\/?p=347#primaryimage\"},\"image\":{\"@id\":\"https:\\\/\\\/macite.tg\\\/?p=347#primaryimage\"},\"thumbnailUrl\":\"https:\\\/\\\/macite.tg\\\/wp-content\\\/uploads\\\/2022\\\/09\\\/DSC_0656.jpg-t-o-scaled-1.jpg\",\"datePublished\":\"2022-09-23T12:38:15+00:00\",\"dateModified\":\"2022-09-23T12:38:16+00:00\",\"author\":{\"@id\":\"https:\\\/\\\/macite.tg\\\/#\\\/schema\\\/person\\\/e9f2de7e5dbbe7770a9402c7ce82f5c2\"},\"breadcrumb\":{\"@id\":\"https:\\\/\\\/macite.tg\\\/?p=347#breadcrumb\"},\"inLanguage\":\"fr-FR\",\"potentialAction\":[{\"@type\":\"ReadAction\",\"target\":[\"https:\\\/\\\/macite.tg\\\/?p=347\"]}]},{\"@type\":\"ImageObject\",\"inLanguage\":\"fr-FR\",\"@id\":\"https:\\\/\\\/macite.tg\\\/?p=347#primaryimage\",\"url\":\"https:\\\/\\\/macite.tg\\\/wp-content\\\/uploads\\\/2022\\\/09\\\/DSC_0656.jpg-t-o-scaled-1.jpg\",\"contentUrl\":\"https:\\\/\\\/macite.tg\\\/wp-content\\\/uploads\\\/2022\\\/09\\\/DSC_0656.jpg-t-o-scaled-1.jpg\",\"width\":2560,\"height\":1707,\"caption\":\"Les ministres Edem Tengu\u00e9 (g) et Foli-Bazi Katari (au milieu) lors du lancement dudit projet.\"},{\"@type\":\"BreadcrumbList\",\"@id\":\"https:\\\/\\\/macite.tg\\\/?p=347#breadcrumb\",\"itemListElement\":[{\"@type\":\"ListItem\",\"position\":1,\"name\":\"Accueil\",\"item\":\"https:\\\/\\\/macite.tg\\\/\"},{\"@type\":\"ListItem\",\"position\":2,\"name\":\"R\u00c9SILIENCE FACE AU CHANGEMENT CLIMATIQUE\u00a0: Le projet R4C-Togo lanc\u00e9 pour soutenir les communaut\u00e9s c\u00f4ti\u00e8res\"}]},{\"@type\":\"WebSite\",\"@id\":\"https:\\\/\\\/macite.tg\\\/#website\",\"url\":\"https:\\\/\\\/macite.tg\\\/\",\"name\":\"\",\"description\":\"L&#039;information, la bonne!!!\",\"potentialAction\":[{\"@type\":\"SearchAction\",\"target\":{\"@type\":\"EntryPoint\",\"urlTemplate\":\"https:\\\/\\\/macite.tg\\\/?s={search_term_string}\"},\"query-input\":{\"@type\":\"PropertyValueSpecification\",\"valueRequired\":true,\"valueName\":\"search_term_string\"}}],\"inLanguage\":\"fr-FR\"},{\"@type\":\"Person\",\"@id\":\"https:\\\/\\\/macite.tg\\\/#\\\/schema\\\/person\\\/e9f2de7e5dbbe7770a9402c7ce82f5c2\",\"name\":\"Jean Pierre BAWELA\",\"image\":{\"@type\":\"ImageObject\",\"inLanguage\":\"fr-FR\",\"@id\":\"https:\\\/\\\/macite.tg\\\/wp-content\\\/uploads\\\/2023\\\/09\\\/WhatsApp-Image-2023-09-19-at-14.44.41-122x122.jpeg\",\"url\":\"https:\\\/\\\/macite.tg\\\/wp-content\\\/uploads\\\/2023\\\/09\\\/WhatsApp-Image-2023-09-19-at-14.44.41-122x122.jpeg\",\"contentUrl\":\"https:\\\/\\\/macite.tg\\\/wp-content\\\/uploads\\\/2023\\\/09\\\/WhatsApp-Image-2023-09-19-at-14.44.41-122x122.jpeg\",\"caption\":\"Jean Pierre BAWELA\"},\"url\":\"https:\\\/\\\/macite.tg\\\/?author=2\"}]}<\/script>\n<!-- \/ Yoast SEO plugin. -->","yoast_head_json":{"title":"R\u00c9SILIENCE FACE AU CHANGEMENT CLIMATIQUE\u00a0: Le projet R4C-Togo lanc\u00e9 pour soutenir les communaut\u00e9s c\u00f4ti\u00e8res -","robots":{"index":"index","follow":"follow","max-snippet":"max-snippet:-1","max-image-preview":"max-image-preview:large","max-video-preview":"max-video-preview:-1"},"canonical":"https:\/\/macite.tg\/?p=347","og_locale":"fr_FR","og_type":"article","og_title":"R\u00c9SILIENCE FACE AU CHANGEMENT CLIMATIQUE\u00a0: Le projet R4C-Togo lanc\u00e9 pour soutenir les communaut\u00e9s c\u00f4ti\u00e8res -","og_description":"Les activit\u00e9s du projet\u00a0: \u00ab\u00a0Renforcement de la r\u00e9silience au Changement Climatique des Communaut\u00e9s C\u00f4ti\u00e8res du Togo\u00a0\u00bb (R4C-Togo) ont \u00e9t\u00e9 lanc\u00e9es le 20 septembre dernier \u00e0 Lom\u00e9 par le ministre de l\u2019Environnement et des Ressources Foresti\u00e8res, M. Katari Foli-Bazi. Il s\u2019agit de renforcer la r\u00e9silience des [&hellip;]","og_url":"https:\/\/macite.tg\/?p=347","article_published_time":"2022-09-23T12:38:15+00:00","article_modified_time":"2022-09-23T12:38:16+00:00","og_image":[{"width":2560,"height":1707,"url":"https:\/\/macite.tg\/wp-content\/uploads\/2022\/09\/DSC_0656.jpg-t-o-scaled-1.jpg","type":"image\/jpeg"}],"author":"Jean Pierre BAWELA","twitter_card":"summary_large_image","twitter_misc":{"\u00c9crit par":"Jean Pierre BAWELA","Dur\u00e9e de lecture estim\u00e9e":"4 minutes"},"schema":{"@context":"https:\/\/schema.org","@graph":[{"@type":"Article","@id":"https:\/\/macite.tg\/?p=347#article","isPartOf":{"@id":"https:\/\/macite.tg\/?p=347"},"author":{"name":"Jean Pierre BAWELA","@id":"https:\/\/macite.tg\/#\/schema\/person\/e9f2de7e5dbbe7770a9402c7ce82f5c2"},"headline":"R\u00c9SILIENCE FACE AU CHANGEMENT CLIMATIQUE\u00a0: Le projet R4C-Togo lanc\u00e9 pour soutenir les communaut\u00e9s c\u00f4ti\u00e8res","datePublished":"2022-09-23T12:38:15+00:00","dateModified":"2022-09-23T12:38:16+00:00","mainEntityOfPage":{"@id":"https:\/\/macite.tg\/?p=347"},"wordCount":673,"commentCount":0,"image":{"@id":"https:\/\/macite.tg\/?p=347#primaryimage"},"thumbnailUrl":"https:\/\/macite.tg\/wp-content\/uploads\/2022\/09\/DSC_0656.jpg-t-o-scaled-1.jpg","articleSection":["ENVIRONNEMENT"],"inLanguage":"fr-FR","potentialAction":[{"@type":"CommentAction","name":"Comment","target":["https:\/\/macite.tg\/?p=347#respond"]}]},{"@type":"WebPage","@id":"https:\/\/macite.tg\/?p=347","url":"https:\/\/macite.tg\/?p=347","name":"R\u00c9SILIENCE FACE AU CHANGEMENT CLIMATIQUE\u00a0: Le projet R4C-Togo lanc\u00e9 pour soutenir les communaut\u00e9s c\u00f4ti\u00e8res -","isPartOf":{"@id":"https:\/\/macite.tg\/#website"},"primaryImageOfPage":{"@id":"https:\/\/macite.tg\/?p=347#primaryimage"},"image":{"@id":"https:\/\/macite.tg\/?p=347#primaryimage"},"thumbnailUrl":"https:\/\/macite.tg\/wp-content\/uploads\/2022\/09\/DSC_0656.jpg-t-o-scaled-1.jpg","datePublished":"2022-09-23T12:38:15+00:00","dateModified":"2022-09-23T12:38:16+00:00","author":{"@id":"https:\/\/macite.tg\/#\/schema\/person\/e9f2de7e5dbbe7770a9402c7ce82f5c2"},"breadcrumb":{"@id":"https:\/\/macite.tg\/?p=347#breadcrumb"},"inLanguage":"fr-FR","potentialAction":[{"@type":"ReadAction","target":["https:\/\/macite.tg\/?p=347"]}]},{"@type":"ImageObject","inLanguage":"fr-FR","@id":"https:\/\/macite.tg\/?p=347#primaryimage","url":"https:\/\/macite.tg\/wp-content\/uploads\/2022\/09\/DSC_0656.jpg-t-o-scaled-1.jpg","contentUrl":"https:\/\/macite.tg\/wp-content\/uploads\/2022\/09\/DSC_0656.jpg-t-o-scaled-1.jpg","width":2560,"height":1707,"caption":"Les ministres Edem Tengu\u00e9 (g) et Foli-Bazi Katari (au milieu) lors du lancement dudit projet."},{"@type":"BreadcrumbList","@id":"https:\/\/macite.tg\/?p=347#breadcrumb","itemListElement":[{"@type":"ListItem","position":1,"name":"Accueil","item":"https:\/\/macite.tg\/"},{"@type":"ListItem","position":2,"name":"R\u00c9SILIENCE FACE AU CHANGEMENT CLIMATIQUE\u00a0: Le projet R4C-Togo lanc\u00e9 pour soutenir les communaut\u00e9s c\u00f4ti\u00e8res"}]},{"@type":"WebSite","@id":"https:\/\/macite.tg\/#website","url":"https:\/\/macite.tg\/","name":"","description":"L&#039;information, la bonne!!!","potentialAction":[{"@type":"SearchAction","target":{"@type":"EntryPoint","urlTemplate":"https:\/\/macite.tg\/?s={search_term_string}"},"query-input":{"@type":"PropertyValueSpecification","valueRequired":true,"valueName":"search_term_string"}}],"inLanguage":"fr-FR"},{"@type":"Person","@id":"https:\/\/macite.tg\/#\/schema\/person\/e9f2de7e5dbbe7770a9402c7ce82f5c2","name":"Jean Pierre BAWELA","image":{"@type":"ImageObject","inLanguage":"fr-FR","@id":"https:\/\/macite.tg\/wp-content\/uploads\/2023\/09\/WhatsApp-Image-2023-09-19-at-14.44.41-122x122.jpeg","url":"https:\/\/macite.tg\/wp-content\/uploads\/2023\/09\/WhatsApp-Image-2023-09-19-at-14.44.41-122x122.jpeg","contentUrl":"https:\/\/macite.tg\/wp-content\/uploads\/2023\/09\/WhatsApp-Image-2023-09-19-at-14.44.41-122x122.jpeg","caption":"Jean Pierre BAWELA"},"url":"https:\/\/macite.tg\/?author=2"}]}},"_links":{"self":[{"href":"https:\/\/macite.tg\/index.php?rest_route=\/wp\/v2\/posts\/347","targetHints":{"allow":["GET"]}}],"collection":[{"href":"https:\/\/macite.tg\/index.php?rest_route=\/wp\/v2\/posts"}],"about":[{"href":"https:\/\/macite.tg\/index.php?rest_route=\/wp\/v2\/types\/post"}],"author":[{"embeddable":true,"href":"https:\/\/macite.tg\/index.php?rest_route=\/wp\/v2\/users\/2"}],"replies":[{"embeddable":true,"href":"https:\/\/macite.tg\/index.php?rest_route=%2Fwp%2Fv2%2Fcomments&post=347"}],"version-history":[{"count":0,"href":"https:\/\/macite.tg\/index.php?rest_route=\/wp\/v2\/posts\/347\/revisions"}],"wp:featuredmedia":[{"embeddable":true,"href":"https:\/\/macite.tg\/index.php?rest_route=\/wp\/v2\/media\/348"}],"wp:attachment":[{"href":"https:\/\/macite.tg\/index.php?rest_route=%2Fwp%2Fv2%2Fmedia&parent=347"}],"wp:term":[{"taxonomy":"category","embeddable":true,"href":"https:\/\/macite.tg\/index.php?rest_route=%2Fwp%2Fv2%2Fcategories&post=347"},{"taxonomy":"post_tag","embeddable":true,"href":"https:\/\/macite.tg\/index.php?rest_route=%2Fwp%2Fv2%2Ftags&post=347"}],"curies":[{"name":"wp","href":"https:\/\/api.w.org\/{rel}","templated":true}]}}