{"id":3467,"date":"2023-02-09T13:03:59","date_gmt":"2023-02-09T13:03:59","guid":{"rendered":"https:\/\/macite.info\/?p=3467"},"modified":"2023-02-09T13:04:00","modified_gmt":"2023-02-09T13:04:00","slug":"coupe-de-france-psg-1-lom-2-les-parisiens-en-plein-doute-avant-la-reception-du-bayern-le-14-fevrier","status":"publish","type":"post","link":"https:\/\/macite.tg\/?p=3467","title":{"rendered":"<strong>COUPE DE FRANCE\u00a0\/ PSG 1 &#8211; L\u2019OM 2\u00a0: Les Parisiens en plein doute avant la r\u00e9ception du Bayern<\/strong> le 14 f\u00e9vrier&#8230;"},"content":{"rendered":"\n<p class=\"wp-block-paragraph\"><strong><em>Le club de la capitale tr\u00e9buch\u00e9, hier mercredi, devant son grand rival, l\u2019OM (1-2), lors du 8<sup>e<\/sup> de finale de la coupe de France.<\/em><\/strong><\/p>\n\n\n\n<p class=\"wp-block-paragraph\">Le PSG a \u00e9t\u00e9 \u00e9limin\u00e9 hier mercredi lors des 8<sup>e<\/sup> de finale de la Coupe de France, par l\u2019Olympique de Marseille. 1-2, c\u2019est le score final en faveur des Marseillais qui \u00e9taient plus d\u00e9termin\u00e9s que les &nbsp;Parisiens plus amorphes.<\/p>\n\n\n<div class=\"wp-block-image\">\n<figure class=\"alignleft size-full is-resized\"><img loading=\"lazy\" decoding=\"async\" src=\"https:\/\/macite.tg\/wp-content\/uploads\/2023\/02\/Messi.jpg\" alt=\"\" class=\"wp-image-3469\" width=\"332\" height=\"221\" srcset=\"https:\/\/macite.tg\/wp-content\/uploads\/2023\/02\/Messi.jpg 275w, https:\/\/macite.tg\/wp-content\/uploads\/2023\/02\/Messi-112x75.jpg 112w\" sizes=\"auto, (max-width: 332px) 100vw, 332px\" \/><figcaption class=\"wp-element-caption\"><strong><em>Une prise \u00e0 deux sur l&rsquo;Argentin Messi &#8230;<\/em><\/strong><\/figcaption><\/figure>\n<\/div>\n\n\n<p class=\"wp-block-paragraph\">Cet exploit du grand rival n\u2019a \u00e9t\u00e9 possible que gr\u00e2ce au r\u00e9alisme et la d\u00e9termination des joueurs qui ont puis\u00e9 dans leurs tripes pour garder cet avantage au marquoir gr\u00e2ce au second but magistral de Malinovskyi.<\/p>\n\n\n\n<p class=\"wp-block-paragraph\">D\u00e9j\u00e0 \u00e0 la demi-heure de jeu, l\u2019attaquant phoc\u00e9en Alexis Sanchez donnait l\u2019avantage aux siens en transformant un penalty. Mais Sergio Ramos, fautif sur l\u2019action \u00e0 l\u2019origine de ce penalty, va r\u00e9tablir la parit\u00e9 juste avant la pause.<\/p>\n\n\n\n<p class=\"wp-block-paragraph\">Du retour des citrons, les Parisiens poussent mais font face \u00e0 une agressivit\u00e9 sans pareil des Marseillais. A la 57<sup>e<\/sup> minute, sur un ballon mal repouss\u00e9 par la d\u00e9fense parisienne, Malinovskyi d\u00e9clenche une lourde frappe du gauche qui finit sa course dans les filets du goal italien du PSG.<\/p>\n\n\n\n<p class=\"wp-block-paragraph\">A 2 buts \u00e0 1, les Phoc\u00e9ens tiennent le bon bout malgr\u00e9 une fin de match tonitruante, avec une main de Gigot pour emp\u00eacher le ballon de rentrer dans les filets, montre la d\u00e9termination des joueurs de l\u2019OM. A noter que c\u2019est une premi\u00e8re depuis 12 ans.<\/p>\n\n\n<div class=\"wp-block-image\">\n<figure class=\"aligncenter size-large is-resized\"><img loading=\"lazy\" decoding=\"async\" src=\"https:\/\/macite.tg\/wp-content\/uploads\/2023\/02\/ANNONCES-1-1024x426.jpg\" alt=\"\" class=\"wp-image-3456\" width=\"756\" height=\"314\" srcset=\"https:\/\/macite.tg\/wp-content\/uploads\/2023\/02\/ANNONCES-1-1024x426.jpg 1024w, https:\/\/macite.tg\/wp-content\/uploads\/2023\/02\/ANNONCES-1-300x125.jpg 300w, https:\/\/macite.tg\/wp-content\/uploads\/2023\/02\/ANNONCES-1-768x319.jpg 768w, https:\/\/macite.tg\/wp-content\/uploads\/2023\/02\/ANNONCES-1.jpg 1080w\" sizes=\"auto, (max-width: 756px) 100vw, 756px\" \/><\/figure>\n<\/div>\n\n\n<p class=\"wp-block-paragraph\">Cette d\u00e9faite du leader de la ligue 1, intervient juste avant la r\u00e9ception du club bavarois, le Bayern de Munich, (le 14 f\u00e9vrier prochain) pour le compte de la manche aller des 8<sup>e<\/sup> de finale de la Ligue des champions. Les Parisiens qui connaissent le forfait de leur joueur majeur, Kylian Mbapp\u00e9, et un Messi pas tr\u00e8s \u00e9tincellent, devraient puiser dans leurs tripes pour faire un bon r\u00e9sultat \u00e0 domicile, avant le d\u00e9placement &nbsp;\u00e0 Munich.<\/p>\n\n\n\n<p class=\"wp-block-paragraph\"><strong>JPB<\/strong><\/p>\n\n\n\n<p class=\"wp-block-paragraph\">&nbsp;<strong><em>@macite.info<\/em><\/strong><\/p>\n\n\n\n<p class=\"wp-block-paragraph\"><strong><em>E-mail&nbsp;: <\/em><\/strong><a href=\"mailto:maciteinfo@gmail.com\"><strong><em>maciteinfo@gmail.com<\/em><\/strong><\/a><strong><em>; <\/em><\/strong><a href=\"mailto:bawela1@gmail.com\"><strong><em>bawela1@gmail.com<\/em><\/strong><\/a><\/p>\n\n\n\n<p class=\"wp-block-paragraph\"><strong><em>Pour vos annonces, (publi)reportages, etc., joignez nous au (00228)91515309\/<strong>79872224<\/strong><\/em><\/strong><em><\/em><\/p>\n\n\n\n<p class=\"wp-block-paragraph\"><a href=\"http:\/\/www.macite.info\"><strong><em>www.macite.info<\/em><\/strong><\/a><strong><em>, L\u2019information, la bonne&nbsp;!<\/em><\/strong><\/p>\n","protected":false},"excerpt":{"rendered":"<p class=\"text-justify mb-2\" >Le club de la capitale tr\u00e9buch\u00e9, hier mercredi, devant son grand rival, l\u2019OM (1-2), lors du 8e de finale de la coupe de France. Le PSG a \u00e9t\u00e9 \u00e9limin\u00e9 hier mercredi lors des 8e de finale de la Coupe de France, par l\u2019Olympique de Marseille. [&hellip;]<\/p>\n","protected":false},"author":2,"featured_media":3468,"comment_status":"open","ping_status":"open","sticky":false,"template":"","format":"standard","meta":{"footnotes":""},"categories":[7],"tags":[],"class_list":["post-3467","post","type-post","status-publish","format-standard","has-post-thumbnail","hentry","category-sports"],"yoast_head":"<!-- This site is optimized with the Yoast SEO plugin v28.4 - https:\/\/yoast.com\/product\/yoast-seo-wordpress\/ -->\n<title>COUPE DE FRANCE\u00a0\/ PSG 1 - L\u2019OM 2\u00a0: Les Parisiens en plein doute avant la r\u00e9ception du Bayern le 14 f\u00e9vrier... -<\/title>\n<meta name=\"robots\" content=\"index, follow, max-snippet:-1, max-image-preview:large, max-video-preview:-1\" \/>\n<link rel=\"canonical\" href=\"https:\/\/macite.tg\/?p=3467\" \/>\n<meta property=\"og:locale\" content=\"fr_FR\" \/>\n<meta property=\"og:type\" content=\"article\" \/>\n<meta property=\"og:title\" content=\"COUPE DE FRANCE\u00a0\/ PSG 1 - L\u2019OM 2\u00a0: Les Parisiens en plein doute avant la r\u00e9ception du Bayern le 14 f\u00e9vrier... -\" \/>\n<meta property=\"og:description\" content=\"Le club de la capitale tr\u00e9buch\u00e9, hier mercredi, devant son grand rival, l\u2019OM (1-2), lors du 8e de finale de la coupe de France. Le PSG a \u00e9t\u00e9 \u00e9limin\u00e9 hier mercredi lors des 8e de finale de la Coupe de France, par l\u2019Olympique de Marseille. [&hellip;]\" \/>\n<meta property=\"og:url\" content=\"https:\/\/macite.tg\/?p=3467\" \/>\n<meta property=\"article:published_time\" content=\"2023-02-09T13:03:59+00:00\" \/>\n<meta property=\"article:modified_time\" content=\"2023-02-09T13:04:00+00:00\" \/>\n<meta property=\"og:image\" content=\"https:\/\/macite.tg\/wp-content\/uploads\/2023\/02\/63e423b431a4a_000-338u4pq.jpg\" \/>\n\t<meta property=\"og:image:width\" content=\"752\" \/>\n\t<meta property=\"og:image:height\" content=\"423\" \/>\n\t<meta property=\"og:image:type\" content=\"image\/jpeg\" \/>\n<meta name=\"author\" content=\"Jean Pierre BAWELA\" \/>\n<meta name=\"twitter:card\" content=\"summary_large_image\" \/>\n<meta name=\"twitter:label1\" content=\"\u00c9crit par\" \/>\n\t<meta name=\"twitter:data1\" content=\"Jean Pierre BAWELA\" \/>\n\t<meta name=\"twitter:label2\" content=\"Dur\u00e9e de lecture estim\u00e9e\" \/>\n\t<meta name=\"twitter:data2\" content=\"3 minutes\" \/>\n<script type=\"application\/ld+json\" class=\"yoast-schema-graph\">{\"@context\":\"https:\\\/\\\/schema.org\",\"@graph\":[{\"@type\":\"Article\",\"@id\":\"https:\\\/\\\/macite.tg\\\/?p=3467#article\",\"isPartOf\":{\"@id\":\"https:\\\/\\\/macite.tg\\\/?p=3467\"},\"author\":{\"name\":\"Jean Pierre BAWELA\",\"@id\":\"https:\\\/\\\/macite.tg\\\/#\\\/schema\\\/person\\\/e9f2de7e5dbbe7770a9402c7ce82f5c2\"},\"headline\":\"COUPE DE FRANCE\u00a0\\\/ PSG 1 &#8211; L\u2019OM 2\u00a0: Les Parisiens en plein doute avant la r\u00e9ception du Bayern le 14 f\u00e9vrier&#8230;\",\"datePublished\":\"2023-02-09T13:03:59+00:00\",\"dateModified\":\"2023-02-09T13:04:00+00:00\",\"mainEntityOfPage\":{\"@id\":\"https:\\\/\\\/macite.tg\\\/?p=3467\"},\"wordCount\":387,\"commentCount\":0,\"image\":{\"@id\":\"https:\\\/\\\/macite.tg\\\/?p=3467#primaryimage\"},\"thumbnailUrl\":\"https:\\\/\\\/macite.tg\\\/wp-content\\\/uploads\\\/2023\\\/02\\\/63e423b431a4a_000-338u4pq.jpg\",\"articleSection\":[\"SPORTS\"],\"inLanguage\":\"fr-FR\",\"potentialAction\":[{\"@type\":\"CommentAction\",\"name\":\"Comment\",\"target\":[\"https:\\\/\\\/macite.tg\\\/?p=3467#respond\"]}]},{\"@type\":\"WebPage\",\"@id\":\"https:\\\/\\\/macite.tg\\\/?p=3467\",\"url\":\"https:\\\/\\\/macite.tg\\\/?p=3467\",\"name\":\"COUPE DE FRANCE\u00a0\\\/ PSG 1 - L\u2019OM 2\u00a0: Les Parisiens en plein doute avant la r\u00e9ception du Bayern le 14 f\u00e9vrier... -\",\"isPartOf\":{\"@id\":\"https:\\\/\\\/macite.tg\\\/#website\"},\"primaryImageOfPage\":{\"@id\":\"https:\\\/\\\/macite.tg\\\/?p=3467#primaryimage\"},\"image\":{\"@id\":\"https:\\\/\\\/macite.tg\\\/?p=3467#primaryimage\"},\"thumbnailUrl\":\"https:\\\/\\\/macite.tg\\\/wp-content\\\/uploads\\\/2023\\\/02\\\/63e423b431a4a_000-338u4pq.jpg\",\"datePublished\":\"2023-02-09T13:03:59+00:00\",\"dateModified\":\"2023-02-09T13:04:00+00:00\",\"author\":{\"@id\":\"https:\\\/\\\/macite.tg\\\/#\\\/schema\\\/person\\\/e9f2de7e5dbbe7770a9402c7ce82f5c2\"},\"breadcrumb\":{\"@id\":\"https:\\\/\\\/macite.tg\\\/?p=3467#breadcrumb\"},\"inLanguage\":\"fr-FR\",\"potentialAction\":[{\"@type\":\"ReadAction\",\"target\":[\"https:\\\/\\\/macite.tg\\\/?p=3467\"]}]},{\"@type\":\"ImageObject\",\"inLanguage\":\"fr-FR\",\"@id\":\"https:\\\/\\\/macite.tg\\\/?p=3467#primaryimage\",\"url\":\"https:\\\/\\\/macite.tg\\\/wp-content\\\/uploads\\\/2023\\\/02\\\/63e423b431a4a_000-338u4pq.jpg\",\"contentUrl\":\"https:\\\/\\\/macite.tg\\\/wp-content\\\/uploads\\\/2023\\\/02\\\/63e423b431a4a_000-338u4pq.jpg\",\"width\":752,\"height\":423},{\"@type\":\"BreadcrumbList\",\"@id\":\"https:\\\/\\\/macite.tg\\\/?p=3467#breadcrumb\",\"itemListElement\":[{\"@type\":\"ListItem\",\"position\":1,\"name\":\"Accueil\",\"item\":\"https:\\\/\\\/macite.tg\\\/\"},{\"@type\":\"ListItem\",\"position\":2,\"name\":\"COUPE DE FRANCE\u00a0\\\/ PSG 1 &#8211; L\u2019OM 2\u00a0: Les Parisiens en plein doute avant la r\u00e9ception du Bayern le 14 f\u00e9vrier&#8230;\"}]},{\"@type\":\"WebSite\",\"@id\":\"https:\\\/\\\/macite.tg\\\/#website\",\"url\":\"https:\\\/\\\/macite.tg\\\/\",\"name\":\"\",\"description\":\"L&#039;information, la bonne!!!\",\"potentialAction\":[{\"@type\":\"SearchAction\",\"target\":{\"@type\":\"EntryPoint\",\"urlTemplate\":\"https:\\\/\\\/macite.tg\\\/?s={search_term_string}\"},\"query-input\":{\"@type\":\"PropertyValueSpecification\",\"valueRequired\":true,\"valueName\":\"search_term_string\"}}],\"inLanguage\":\"fr-FR\"},{\"@type\":\"Person\",\"@id\":\"https:\\\/\\\/macite.tg\\\/#\\\/schema\\\/person\\\/e9f2de7e5dbbe7770a9402c7ce82f5c2\",\"name\":\"Jean Pierre BAWELA\",\"image\":{\"@type\":\"ImageObject\",\"inLanguage\":\"fr-FR\",\"@id\":\"https:\\\/\\\/macite.tg\\\/wp-content\\\/uploads\\\/2023\\\/09\\\/WhatsApp-Image-2023-09-19-at-14.44.41-122x122.jpeg\",\"url\":\"https:\\\/\\\/macite.tg\\\/wp-content\\\/uploads\\\/2023\\\/09\\\/WhatsApp-Image-2023-09-19-at-14.44.41-122x122.jpeg\",\"contentUrl\":\"https:\\\/\\\/macite.tg\\\/wp-content\\\/uploads\\\/2023\\\/09\\\/WhatsApp-Image-2023-09-19-at-14.44.41-122x122.jpeg\",\"caption\":\"Jean Pierre BAWELA\"},\"url\":\"https:\\\/\\\/macite.tg\\\/?author=2\"}]}<\/script>\n<!-- \/ Yoast SEO plugin. -->","yoast_head_json":{"title":"COUPE DE FRANCE\u00a0\/ PSG 1 - L\u2019OM 2\u00a0: Les Parisiens en plein doute avant la r\u00e9ception du Bayern le 14 f\u00e9vrier... -","robots":{"index":"index","follow":"follow","max-snippet":"max-snippet:-1","max-image-preview":"max-image-preview:large","max-video-preview":"max-video-preview:-1"},"canonical":"https:\/\/macite.tg\/?p=3467","og_locale":"fr_FR","og_type":"article","og_title":"COUPE DE FRANCE\u00a0\/ PSG 1 - L\u2019OM 2\u00a0: Les Parisiens en plein doute avant la r\u00e9ception du Bayern le 14 f\u00e9vrier... -","og_description":"Le club de la capitale tr\u00e9buch\u00e9, hier mercredi, devant son grand rival, l\u2019OM (1-2), lors du 8e de finale de la coupe de France. Le PSG a \u00e9t\u00e9 \u00e9limin\u00e9 hier mercredi lors des 8e de finale de la Coupe de France, par l\u2019Olympique de Marseille. [&hellip;]","og_url":"https:\/\/macite.tg\/?p=3467","article_published_time":"2023-02-09T13:03:59+00:00","article_modified_time":"2023-02-09T13:04:00+00:00","og_image":[{"width":752,"height":423,"url":"https:\/\/macite.tg\/wp-content\/uploads\/2023\/02\/63e423b431a4a_000-338u4pq.jpg","type":"image\/jpeg"}],"author":"Jean Pierre BAWELA","twitter_card":"summary_large_image","twitter_misc":{"\u00c9crit par":"Jean Pierre BAWELA","Dur\u00e9e de lecture estim\u00e9e":"3 minutes"},"schema":{"@context":"https:\/\/schema.org","@graph":[{"@type":"Article","@id":"https:\/\/macite.tg\/?p=3467#article","isPartOf":{"@id":"https:\/\/macite.tg\/?p=3467"},"author":{"name":"Jean Pierre BAWELA","@id":"https:\/\/macite.tg\/#\/schema\/person\/e9f2de7e5dbbe7770a9402c7ce82f5c2"},"headline":"COUPE DE FRANCE\u00a0\/ PSG 1 &#8211; L\u2019OM 2\u00a0: Les Parisiens en plein doute avant la r\u00e9ception du Bayern le 14 f\u00e9vrier&#8230;","datePublished":"2023-02-09T13:03:59+00:00","dateModified":"2023-02-09T13:04:00+00:00","mainEntityOfPage":{"@id":"https:\/\/macite.tg\/?p=3467"},"wordCount":387,"commentCount":0,"image":{"@id":"https:\/\/macite.tg\/?p=3467#primaryimage"},"thumbnailUrl":"https:\/\/macite.tg\/wp-content\/uploads\/2023\/02\/63e423b431a4a_000-338u4pq.jpg","articleSection":["SPORTS"],"inLanguage":"fr-FR","potentialAction":[{"@type":"CommentAction","name":"Comment","target":["https:\/\/macite.tg\/?p=3467#respond"]}]},{"@type":"WebPage","@id":"https:\/\/macite.tg\/?p=3467","url":"https:\/\/macite.tg\/?p=3467","name":"COUPE DE FRANCE\u00a0\/ PSG 1 - L\u2019OM 2\u00a0: Les Parisiens en plein doute avant la r\u00e9ception du Bayern le 14 f\u00e9vrier... -","isPartOf":{"@id":"https:\/\/macite.tg\/#website"},"primaryImageOfPage":{"@id":"https:\/\/macite.tg\/?p=3467#primaryimage"},"image":{"@id":"https:\/\/macite.tg\/?p=3467#primaryimage"},"thumbnailUrl":"https:\/\/macite.tg\/wp-content\/uploads\/2023\/02\/63e423b431a4a_000-338u4pq.jpg","datePublished":"2023-02-09T13:03:59+00:00","dateModified":"2023-02-09T13:04:00+00:00","author":{"@id":"https:\/\/macite.tg\/#\/schema\/person\/e9f2de7e5dbbe7770a9402c7ce82f5c2"},"breadcrumb":{"@id":"https:\/\/macite.tg\/?p=3467#breadcrumb"},"inLanguage":"fr-FR","potentialAction":[{"@type":"ReadAction","target":["https:\/\/macite.tg\/?p=3467"]}]},{"@type":"ImageObject","inLanguage":"fr-FR","@id":"https:\/\/macite.tg\/?p=3467#primaryimage","url":"https:\/\/macite.tg\/wp-content\/uploads\/2023\/02\/63e423b431a4a_000-338u4pq.jpg","contentUrl":"https:\/\/macite.tg\/wp-content\/uploads\/2023\/02\/63e423b431a4a_000-338u4pq.jpg","width":752,"height":423},{"@type":"BreadcrumbList","@id":"https:\/\/macite.tg\/?p=3467#breadcrumb","itemListElement":[{"@type":"ListItem","position":1,"name":"Accueil","item":"https:\/\/macite.tg\/"},{"@type":"ListItem","position":2,"name":"COUPE DE FRANCE\u00a0\/ PSG 1 &#8211; L\u2019OM 2\u00a0: Les Parisiens en plein doute avant la r\u00e9ception du Bayern le 14 f\u00e9vrier&#8230;"}]},{"@type":"WebSite","@id":"https:\/\/macite.tg\/#website","url":"https:\/\/macite.tg\/","name":"","description":"L&#039;information, la bonne!!!","potentialAction":[{"@type":"SearchAction","target":{"@type":"EntryPoint","urlTemplate":"https:\/\/macite.tg\/?s={search_term_string}"},"query-input":{"@type":"PropertyValueSpecification","valueRequired":true,"valueName":"search_term_string"}}],"inLanguage":"fr-FR"},{"@type":"Person","@id":"https:\/\/macite.tg\/#\/schema\/person\/e9f2de7e5dbbe7770a9402c7ce82f5c2","name":"Jean Pierre BAWELA","image":{"@type":"ImageObject","inLanguage":"fr-FR","@id":"https:\/\/macite.tg\/wp-content\/uploads\/2023\/09\/WhatsApp-Image-2023-09-19-at-14.44.41-122x122.jpeg","url":"https:\/\/macite.tg\/wp-content\/uploads\/2023\/09\/WhatsApp-Image-2023-09-19-at-14.44.41-122x122.jpeg","contentUrl":"https:\/\/macite.tg\/wp-content\/uploads\/2023\/09\/WhatsApp-Image-2023-09-19-at-14.44.41-122x122.jpeg","caption":"Jean Pierre BAWELA"},"url":"https:\/\/macite.tg\/?author=2"}]}},"_links":{"self":[{"href":"https:\/\/macite.tg\/index.php?rest_route=\/wp\/v2\/posts\/3467","targetHints":{"allow":["GET"]}}],"collection":[{"href":"https:\/\/macite.tg\/index.php?rest_route=\/wp\/v2\/posts"}],"about":[{"href":"https:\/\/macite.tg\/index.php?rest_route=\/wp\/v2\/types\/post"}],"author":[{"embeddable":true,"href":"https:\/\/macite.tg\/index.php?rest_route=\/wp\/v2\/users\/2"}],"replies":[{"embeddable":true,"href":"https:\/\/macite.tg\/index.php?rest_route=%2Fwp%2Fv2%2Fcomments&post=3467"}],"version-history":[{"count":0,"href":"https:\/\/macite.tg\/index.php?rest_route=\/wp\/v2\/posts\/3467\/revisions"}],"wp:featuredmedia":[{"embeddable":true,"href":"https:\/\/macite.tg\/index.php?rest_route=\/wp\/v2\/media\/3468"}],"wp:attachment":[{"href":"https:\/\/macite.tg\/index.php?rest_route=%2Fwp%2Fv2%2Fmedia&parent=3467"}],"wp:term":[{"taxonomy":"category","embeddable":true,"href":"https:\/\/macite.tg\/index.php?rest_route=%2Fwp%2Fv2%2Fcategories&post=3467"},{"taxonomy":"post_tag","embeddable":true,"href":"https:\/\/macite.tg\/index.php?rest_route=%2Fwp%2Fv2%2Ftags&post=3467"}],"curies":[{"name":"wp","href":"https:\/\/api.w.org\/{rel}","templated":true}]}}