{"id":3452,"date":"2023-02-09T10:46:50","date_gmt":"2023-02-09T10:46:50","guid":{"rendered":"https:\/\/macite.info\/?p=3452"},"modified":"2023-02-09T11:54:08","modified_gmt":"2023-02-09T11:54:08","slug":"seismes-en-turquie-et-syrie-deja-9-500-morts-le-togo-appelle-a-une-mobilisation-internationale","status":"publish","type":"post","link":"https:\/\/macite.tg\/?p=3452","title":{"rendered":"S\u00c9ISMES EN TURQUIE ET SYRIE\u00a0: D\u00e9j\u00e0 12.800 morts\u2026 Le Togo appelle \u00e0 une mobilisation internationale"},"content":{"rendered":"\n<p class=\"wp-block-paragraph\"><strong><em>D\u00e9j\u00e0 quatre jours que la terre a trembl\u00e9 en Turquie et Syrie causant, \u00e0 ce jour, un peu plus de 12.800 victimes sans compter des d\u00e9g\u00e2ts mat\u00e9riels importants. Le monde entier est sous le choc, face \u00e0 ce drame. Le Togo n\u2019est pas du reste\u2026<\/em><\/strong><\/p>\n\n\n\n<p class=\"wp-block-paragraph\">La Turquie et la Syrie connaissent des p\u00e9riodes difficiles en ce moment. Plusieurs r\u00e9gions de ces deux pays ont connu, le lundi 06 f\u00e9vrier dernier, des s\u00e9ismes meurtriers, causant un peu plus de 9.500 morts, avec \u00e0 la cl\u00e9 des milliers de bless\u00e9s et sans abri.<\/p>\n\n\n<div class=\"wp-block-image\">\n<figure class=\"aligncenter size-large is-resized\"><img loading=\"lazy\" decoding=\"async\" src=\"https:\/\/macite.tg\/wp-content\/uploads\/2023\/02\/ANNONCES-1-1024x426.jpg\" alt=\"\" class=\"wp-image-3456\" width=\"806\" height=\"335\" srcset=\"https:\/\/macite.tg\/wp-content\/uploads\/2023\/02\/ANNONCES-1-1024x426.jpg 1024w, https:\/\/macite.tg\/wp-content\/uploads\/2023\/02\/ANNONCES-1-300x125.jpg 300w, https:\/\/macite.tg\/wp-content\/uploads\/2023\/02\/ANNONCES-1-768x319.jpg 768w, https:\/\/macite.tg\/wp-content\/uploads\/2023\/02\/ANNONCES-1.jpg 1080w\" sizes=\"auto, (max-width: 806px) 100vw, 806px\" \/><\/figure>\n<\/div>\n\n\n<p class=\"wp-block-paragraph\">Face cette trag\u00e9die, le Pr\u00e9sident de la R\u00e9publique Togolaise, Faure Gnassingb\u00e9, a, dans un message rendu public mardi soir, exprim\u00e9 aux deux pays fr\u00e8res, la compassion et la solidarit\u00e9 du peuple togolais.&nbsp;<\/p>\n\n\n\n<p class=\"wp-block-paragraph\">Alors que l\u2019aide de la communaut\u00e9 internationale commence peu \u00e0 peu \u00e0 se mettre en place, le num\u00e9ro 1 togolais appelle \u00e0 une mobilisation <em>\u00ab&nbsp;pour faire face aux effets d\u00e9vastateurs de cette horrible catastrophe&nbsp;\u00bb<\/em>. Le Pr\u00e9sident togolais a indiqu\u00e9 que son pays <em>\u00ab<\/em>&nbsp;<em>apportera un soutien permanent \u00e0 ses deux pays fr\u00e8res, et affirme toute sa confiance dans leurs capacit\u00e9s \u00e0 y faire face et \u00e0 se relever<\/em>&nbsp;\u00bb.<\/p>\n\n\n\n<p class=\"wp-block-paragraph\">Faure Gnassingb\u00e9 n\u2019a pas manqu\u00e9 d\u2019adresser ses condol\u00e9ances \u00e0 ses homologues, Recep Tayyip Erdogan et Bachar Al-Assad, ainsi qu\u2019aux familles des victimes.<\/p>\n\n\n\n<p class=\"wp-block-paragraph\"><strong>&nbsp;JPB<\/strong><\/p>\n\n\n\n<p class=\"wp-block-paragraph\"><strong><em>@macite.info<\/em><\/strong><\/p>\n\n\n\n<p class=\"wp-block-paragraph\"><strong><em>E-mail&nbsp;: <\/em><\/strong><a href=\"mailto:maciteinfo@gmail.com\"><strong><em>maciteinfo@gmail.com<\/em><\/strong><\/a><strong><em>; <\/em><\/strong><a href=\"mailto:bawela1@gmail.com\"><strong><em>bawela1@gmail.com<\/em><\/strong><\/a><\/p>\n\n\n\n<p class=\"wp-block-paragraph\"><strong><em>Pour vos annonces, (publi)reportages, etc., joignez nous au (00228)91515309\/<strong>79872224<\/strong><\/em><\/strong><em><\/em><\/p>\n\n\n\n<p class=\"wp-block-paragraph\"><a href=\"http:\/\/www.macite.info\"><strong><em>www.macite.info<\/em><\/strong><\/a><strong><em>, L\u2019information, la bonne&nbsp;!<\/em><\/strong><\/p>\n","protected":false},"excerpt":{"rendered":"<p class=\"text-justify mb-2\" >D\u00e9j\u00e0 quatre jours que la terre a trembl\u00e9 en Turquie et Syrie causant, \u00e0 ce jour, un peu plus de 12.800 victimes sans compter des d\u00e9g\u00e2ts mat\u00e9riels importants. Le monde entier est sous le choc, face \u00e0 ce drame. Le Togo n\u2019est pas du reste\u2026 [&hellip;]<\/p>\n","protected":false},"author":2,"featured_media":3455,"comment_status":"open","ping_status":"open","sticky":false,"template":"","format":"standard","meta":{"footnotes":""},"categories":[20],"tags":[],"class_list":["post-3452","post","type-post","status-publish","format-standard","has-post-thumbnail","hentry","category-actualite"],"yoast_head":"<!-- This site is optimized with the Yoast SEO plugin v28.4 - https:\/\/yoast.com\/product\/yoast-seo-wordpress\/ -->\n<title>S\u00c9ISMES EN TURQUIE ET SYRIE\u00a0: D\u00e9j\u00e0 12.800 morts\u2026 Le Togo appelle \u00e0 une mobilisation internationale -<\/title>\n<meta name=\"robots\" content=\"index, follow, max-snippet:-1, max-image-preview:large, max-video-preview:-1\" \/>\n<link rel=\"canonical\" href=\"https:\/\/macite.tg\/?p=3452\" \/>\n<meta property=\"og:locale\" content=\"fr_FR\" \/>\n<meta property=\"og:type\" content=\"article\" \/>\n<meta property=\"og:title\" content=\"S\u00c9ISMES EN TURQUIE ET SYRIE\u00a0: D\u00e9j\u00e0 12.800 morts\u2026 Le Togo appelle \u00e0 une mobilisation internationale -\" \/>\n<meta property=\"og:description\" content=\"D\u00e9j\u00e0 quatre jours que la terre a trembl\u00e9 en Turquie et Syrie causant, \u00e0 ce jour, un peu plus de 12.800 victimes sans compter des d\u00e9g\u00e2ts mat\u00e9riels importants. Le monde entier est sous le choc, face \u00e0 ce drame. Le Togo n\u2019est pas du reste\u2026 [&hellip;]\" \/>\n<meta property=\"og:url\" content=\"https:\/\/macite.tg\/?p=3452\" \/>\n<meta property=\"article:published_time\" content=\"2023-02-09T10:46:50+00:00\" \/>\n<meta property=\"article:modified_time\" content=\"2023-02-09T11:54:08+00:00\" \/>\n<meta property=\"og:image\" content=\"https:\/\/macite.tg\/wp-content\/uploads\/2023\/02\/Les-degats.jpg\" \/>\n\t<meta property=\"og:image:width\" content=\"300\" \/>\n\t<meta property=\"og:image:height\" content=\"168\" \/>\n\t<meta property=\"og:image:type\" content=\"image\/jpeg\" \/>\n<meta name=\"author\" content=\"Jean Pierre BAWELA\" \/>\n<meta name=\"twitter:card\" content=\"summary_large_image\" \/>\n<meta name=\"twitter:label1\" content=\"\u00c9crit par\" \/>\n\t<meta name=\"twitter:data1\" content=\"Jean Pierre BAWELA\" \/>\n\t<meta name=\"twitter:label2\" content=\"Dur\u00e9e de lecture estim\u00e9e\" \/>\n\t<meta name=\"twitter:data2\" content=\"2 minutes\" \/>\n<script type=\"application\/ld+json\" class=\"yoast-schema-graph\">{\"@context\":\"https:\\\/\\\/schema.org\",\"@graph\":[{\"@type\":\"Article\",\"@id\":\"https:\\\/\\\/macite.tg\\\/?p=3452#article\",\"isPartOf\":{\"@id\":\"https:\\\/\\\/macite.tg\\\/?p=3452\"},\"author\":{\"name\":\"Jean Pierre BAWELA\",\"@id\":\"https:\\\/\\\/macite.tg\\\/#\\\/schema\\\/person\\\/e9f2de7e5dbbe7770a9402c7ce82f5c2\"},\"headline\":\"S\u00c9ISMES EN TURQUIE ET SYRIE\u00a0: D\u00e9j\u00e0 12.800 morts\u2026 Le Togo appelle \u00e0 une mobilisation internationale\",\"datePublished\":\"2023-02-09T10:46:50+00:00\",\"dateModified\":\"2023-02-09T11:54:08+00:00\",\"mainEntityOfPage\":{\"@id\":\"https:\\\/\\\/macite.tg\\\/?p=3452\"},\"wordCount\":271,\"commentCount\":0,\"image\":{\"@id\":\"https:\\\/\\\/macite.tg\\\/?p=3452#primaryimage\"},\"thumbnailUrl\":\"https:\\\/\\\/macite.tg\\\/wp-content\\\/uploads\\\/2023\\\/02\\\/Les-degats.jpg\",\"articleSection\":[\"ACTUALITE\"],\"inLanguage\":\"fr-FR\",\"potentialAction\":[{\"@type\":\"CommentAction\",\"name\":\"Comment\",\"target\":[\"https:\\\/\\\/macite.tg\\\/?p=3452#respond\"]}]},{\"@type\":\"WebPage\",\"@id\":\"https:\\\/\\\/macite.tg\\\/?p=3452\",\"url\":\"https:\\\/\\\/macite.tg\\\/?p=3452\",\"name\":\"S\u00c9ISMES EN TURQUIE ET SYRIE\u00a0: D\u00e9j\u00e0 12.800 morts\u2026 Le Togo appelle \u00e0 une mobilisation internationale -\",\"isPartOf\":{\"@id\":\"https:\\\/\\\/macite.tg\\\/#website\"},\"primaryImageOfPage\":{\"@id\":\"https:\\\/\\\/macite.tg\\\/?p=3452#primaryimage\"},\"image\":{\"@id\":\"https:\\\/\\\/macite.tg\\\/?p=3452#primaryimage\"},\"thumbnailUrl\":\"https:\\\/\\\/macite.tg\\\/wp-content\\\/uploads\\\/2023\\\/02\\\/Les-degats.jpg\",\"datePublished\":\"2023-02-09T10:46:50+00:00\",\"dateModified\":\"2023-02-09T11:54:08+00:00\",\"author\":{\"@id\":\"https:\\\/\\\/macite.tg\\\/#\\\/schema\\\/person\\\/e9f2de7e5dbbe7770a9402c7ce82f5c2\"},\"breadcrumb\":{\"@id\":\"https:\\\/\\\/macite.tg\\\/?p=3452#breadcrumb\"},\"inLanguage\":\"fr-FR\",\"potentialAction\":[{\"@type\":\"ReadAction\",\"target\":[\"https:\\\/\\\/macite.tg\\\/?p=3452\"]}]},{\"@type\":\"ImageObject\",\"inLanguage\":\"fr-FR\",\"@id\":\"https:\\\/\\\/macite.tg\\\/?p=3452#primaryimage\",\"url\":\"https:\\\/\\\/macite.tg\\\/wp-content\\\/uploads\\\/2023\\\/02\\\/Les-degats.jpg\",\"contentUrl\":\"https:\\\/\\\/macite.tg\\\/wp-content\\\/uploads\\\/2023\\\/02\\\/Les-degats.jpg\",\"width\":300,\"height\":168},{\"@type\":\"BreadcrumbList\",\"@id\":\"https:\\\/\\\/macite.tg\\\/?p=3452#breadcrumb\",\"itemListElement\":[{\"@type\":\"ListItem\",\"position\":1,\"name\":\"Accueil\",\"item\":\"https:\\\/\\\/macite.tg\\\/\"},{\"@type\":\"ListItem\",\"position\":2,\"name\":\"S\u00c9ISMES EN TURQUIE ET SYRIE\u00a0: D\u00e9j\u00e0 12.800 morts\u2026 Le Togo appelle \u00e0 une mobilisation internationale\"}]},{\"@type\":\"WebSite\",\"@id\":\"https:\\\/\\\/macite.tg\\\/#website\",\"url\":\"https:\\\/\\\/macite.tg\\\/\",\"name\":\"\",\"description\":\"L&#039;information, la bonne!!!\",\"potentialAction\":[{\"@type\":\"SearchAction\",\"target\":{\"@type\":\"EntryPoint\",\"urlTemplate\":\"https:\\\/\\\/macite.tg\\\/?s={search_term_string}\"},\"query-input\":{\"@type\":\"PropertyValueSpecification\",\"valueRequired\":true,\"valueName\":\"search_term_string\"}}],\"inLanguage\":\"fr-FR\"},{\"@type\":\"Person\",\"@id\":\"https:\\\/\\\/macite.tg\\\/#\\\/schema\\\/person\\\/e9f2de7e5dbbe7770a9402c7ce82f5c2\",\"name\":\"Jean Pierre BAWELA\",\"image\":{\"@type\":\"ImageObject\",\"inLanguage\":\"fr-FR\",\"@id\":\"https:\\\/\\\/macite.tg\\\/wp-content\\\/uploads\\\/2023\\\/09\\\/WhatsApp-Image-2023-09-19-at-14.44.41-122x122.jpeg\",\"url\":\"https:\\\/\\\/macite.tg\\\/wp-content\\\/uploads\\\/2023\\\/09\\\/WhatsApp-Image-2023-09-19-at-14.44.41-122x122.jpeg\",\"contentUrl\":\"https:\\\/\\\/macite.tg\\\/wp-content\\\/uploads\\\/2023\\\/09\\\/WhatsApp-Image-2023-09-19-at-14.44.41-122x122.jpeg\",\"caption\":\"Jean Pierre BAWELA\"},\"url\":\"https:\\\/\\\/macite.tg\\\/?author=2\"}]}<\/script>\n<!-- \/ Yoast SEO plugin. -->","yoast_head_json":{"title":"S\u00c9ISMES EN TURQUIE ET SYRIE\u00a0: D\u00e9j\u00e0 12.800 morts\u2026 Le Togo appelle \u00e0 une mobilisation internationale -","robots":{"index":"index","follow":"follow","max-snippet":"max-snippet:-1","max-image-preview":"max-image-preview:large","max-video-preview":"max-video-preview:-1"},"canonical":"https:\/\/macite.tg\/?p=3452","og_locale":"fr_FR","og_type":"article","og_title":"S\u00c9ISMES EN TURQUIE ET SYRIE\u00a0: D\u00e9j\u00e0 12.800 morts\u2026 Le Togo appelle \u00e0 une mobilisation internationale -","og_description":"D\u00e9j\u00e0 quatre jours que la terre a trembl\u00e9 en Turquie et Syrie causant, \u00e0 ce jour, un peu plus de 12.800 victimes sans compter des d\u00e9g\u00e2ts mat\u00e9riels importants. Le monde entier est sous le choc, face \u00e0 ce drame. Le Togo n\u2019est pas du reste\u2026 [&hellip;]","og_url":"https:\/\/macite.tg\/?p=3452","article_published_time":"2023-02-09T10:46:50+00:00","article_modified_time":"2023-02-09T11:54:08+00:00","og_image":[{"width":300,"height":168,"url":"https:\/\/macite.tg\/wp-content\/uploads\/2023\/02\/Les-degats.jpg","type":"image\/jpeg"}],"author":"Jean Pierre BAWELA","twitter_card":"summary_large_image","twitter_misc":{"\u00c9crit par":"Jean Pierre BAWELA","Dur\u00e9e de lecture estim\u00e9e":"2 minutes"},"schema":{"@context":"https:\/\/schema.org","@graph":[{"@type":"Article","@id":"https:\/\/macite.tg\/?p=3452#article","isPartOf":{"@id":"https:\/\/macite.tg\/?p=3452"},"author":{"name":"Jean Pierre BAWELA","@id":"https:\/\/macite.tg\/#\/schema\/person\/e9f2de7e5dbbe7770a9402c7ce82f5c2"},"headline":"S\u00c9ISMES EN TURQUIE ET SYRIE\u00a0: D\u00e9j\u00e0 12.800 morts\u2026 Le Togo appelle \u00e0 une mobilisation internationale","datePublished":"2023-02-09T10:46:50+00:00","dateModified":"2023-02-09T11:54:08+00:00","mainEntityOfPage":{"@id":"https:\/\/macite.tg\/?p=3452"},"wordCount":271,"commentCount":0,"image":{"@id":"https:\/\/macite.tg\/?p=3452#primaryimage"},"thumbnailUrl":"https:\/\/macite.tg\/wp-content\/uploads\/2023\/02\/Les-degats.jpg","articleSection":["ACTUALITE"],"inLanguage":"fr-FR","potentialAction":[{"@type":"CommentAction","name":"Comment","target":["https:\/\/macite.tg\/?p=3452#respond"]}]},{"@type":"WebPage","@id":"https:\/\/macite.tg\/?p=3452","url":"https:\/\/macite.tg\/?p=3452","name":"S\u00c9ISMES EN TURQUIE ET SYRIE\u00a0: D\u00e9j\u00e0 12.800 morts\u2026 Le Togo appelle \u00e0 une mobilisation internationale -","isPartOf":{"@id":"https:\/\/macite.tg\/#website"},"primaryImageOfPage":{"@id":"https:\/\/macite.tg\/?p=3452#primaryimage"},"image":{"@id":"https:\/\/macite.tg\/?p=3452#primaryimage"},"thumbnailUrl":"https:\/\/macite.tg\/wp-content\/uploads\/2023\/02\/Les-degats.jpg","datePublished":"2023-02-09T10:46:50+00:00","dateModified":"2023-02-09T11:54:08+00:00","author":{"@id":"https:\/\/macite.tg\/#\/schema\/person\/e9f2de7e5dbbe7770a9402c7ce82f5c2"},"breadcrumb":{"@id":"https:\/\/macite.tg\/?p=3452#breadcrumb"},"inLanguage":"fr-FR","potentialAction":[{"@type":"ReadAction","target":["https:\/\/macite.tg\/?p=3452"]}]},{"@type":"ImageObject","inLanguage":"fr-FR","@id":"https:\/\/macite.tg\/?p=3452#primaryimage","url":"https:\/\/macite.tg\/wp-content\/uploads\/2023\/02\/Les-degats.jpg","contentUrl":"https:\/\/macite.tg\/wp-content\/uploads\/2023\/02\/Les-degats.jpg","width":300,"height":168},{"@type":"BreadcrumbList","@id":"https:\/\/macite.tg\/?p=3452#breadcrumb","itemListElement":[{"@type":"ListItem","position":1,"name":"Accueil","item":"https:\/\/macite.tg\/"},{"@type":"ListItem","position":2,"name":"S\u00c9ISMES EN TURQUIE ET SYRIE\u00a0: D\u00e9j\u00e0 12.800 morts\u2026 Le Togo appelle \u00e0 une mobilisation internationale"}]},{"@type":"WebSite","@id":"https:\/\/macite.tg\/#website","url":"https:\/\/macite.tg\/","name":"","description":"L&#039;information, la bonne!!!","potentialAction":[{"@type":"SearchAction","target":{"@type":"EntryPoint","urlTemplate":"https:\/\/macite.tg\/?s={search_term_string}"},"query-input":{"@type":"PropertyValueSpecification","valueRequired":true,"valueName":"search_term_string"}}],"inLanguage":"fr-FR"},{"@type":"Person","@id":"https:\/\/macite.tg\/#\/schema\/person\/e9f2de7e5dbbe7770a9402c7ce82f5c2","name":"Jean Pierre BAWELA","image":{"@type":"ImageObject","inLanguage":"fr-FR","@id":"https:\/\/macite.tg\/wp-content\/uploads\/2023\/09\/WhatsApp-Image-2023-09-19-at-14.44.41-122x122.jpeg","url":"https:\/\/macite.tg\/wp-content\/uploads\/2023\/09\/WhatsApp-Image-2023-09-19-at-14.44.41-122x122.jpeg","contentUrl":"https:\/\/macite.tg\/wp-content\/uploads\/2023\/09\/WhatsApp-Image-2023-09-19-at-14.44.41-122x122.jpeg","caption":"Jean Pierre BAWELA"},"url":"https:\/\/macite.tg\/?author=2"}]}},"_links":{"self":[{"href":"https:\/\/macite.tg\/index.php?rest_route=\/wp\/v2\/posts\/3452","targetHints":{"allow":["GET"]}}],"collection":[{"href":"https:\/\/macite.tg\/index.php?rest_route=\/wp\/v2\/posts"}],"about":[{"href":"https:\/\/macite.tg\/index.php?rest_route=\/wp\/v2\/types\/post"}],"author":[{"embeddable":true,"href":"https:\/\/macite.tg\/index.php?rest_route=\/wp\/v2\/users\/2"}],"replies":[{"embeddable":true,"href":"https:\/\/macite.tg\/index.php?rest_route=%2Fwp%2Fv2%2Fcomments&post=3452"}],"version-history":[{"count":0,"href":"https:\/\/macite.tg\/index.php?rest_route=\/wp\/v2\/posts\/3452\/revisions"}],"wp:featuredmedia":[{"embeddable":true,"href":"https:\/\/macite.tg\/index.php?rest_route=\/wp\/v2\/media\/3455"}],"wp:attachment":[{"href":"https:\/\/macite.tg\/index.php?rest_route=%2Fwp%2Fv2%2Fmedia&parent=3452"}],"wp:term":[{"taxonomy":"category","embeddable":true,"href":"https:\/\/macite.tg\/index.php?rest_route=%2Fwp%2Fv2%2Fcategories&post=3452"},{"taxonomy":"post_tag","embeddable":true,"href":"https:\/\/macite.tg\/index.php?rest_route=%2Fwp%2Fv2%2Ftags&post=3452"}],"curies":[{"name":"wp","href":"https:\/\/api.w.org\/{rel}","templated":true}]}}