{"id":3420,"date":"2023-02-08T12:33:23","date_gmt":"2023-02-08T12:33:23","guid":{"rendered":"https:\/\/macite.info\/?p=3420"},"modified":"2023-02-08T12:33:24","modified_gmt":"2023-02-08T12:33:24","slug":"senegal-affaire-des-fonds-covid-liste-des-personnes-epinglees-et-les-montants-en-jeu","status":"publish","type":"post","link":"https:\/\/macite.tg\/?p=3420","title":{"rendered":"<strong>S<\/strong>\u00c9<strong>N<\/strong>\u00c9<strong>GAL \/ AFFAIRE DES FONDS COVID\u00a0: Liste des personnes \u00e9pingl\u00e9es et les montants en jeu<\/strong>"},"content":{"rendered":"\n<p class=\"wp-block-paragraph\"><strong><em>La Cour des Comptes du S\u00e9n\u00e9gal a rendu public son rapport sur la gestion des fonds covid. Au total, one personnalit\u00e9s ont \u00e9t\u00e9 \u00e9pingl\u00e9es par ce rapport. Une enqu\u00eate a \u00e9t\u00e9 ouverte par la Division des investigations criminelles.<\/em><\/strong><\/p>\n\n\n\n<p class=\"wp-block-paragraph\"><strong><em>Ce mercredi 08 f\u00e9vrier, le journal L\u2019Observateur a r\u00e9v\u00e9l\u00e9 l\u2019identit\u00e9, les fonctions ainsi que les montants mis en jeu dans cette affaire.<\/em><\/strong><\/p>\n\n\n\n<p class=\"wp-block-paragraph\">Voici les infractions pr\u00e9sum\u00e9es et les mis en causes&nbsp;:<\/p>\n\n\n\n<p class=\"wp-block-paragraph\">1-Lamine Diallo, comptable de l\u2019h\u00f4pital de Kaffrine<\/p>\n\n\n\n<p class=\"wp-block-paragraph\">D\u00e9faut de production des pi\u00e8ces justificatives de d\u00e9penses pour 45 millions de francs CFA.<\/p>\n\n\n\n<p class=\"wp-block-paragraph\">2-Aliou Sow, DAGE du minist\u00e8re du D\u00e9veloppement communautaire, de l\u2019\u00c9quit\u00e9 sociale et territoriale<\/p>\n\n\n\n<p class=\"wp-block-paragraph\">Surfacturation sur le prix du riz pour 2 milliards 749 millions 927 mille 498 francs CFA.<\/p>\n\n\n\n<p class=\"wp-block-paragraph\">3-Ndiam\u00e9 Ndiaye, directeur du Fonds d\u2019impulsion de la microfinance<\/p>\n\n\n\n<p class=\"wp-block-paragraph\">Non justification d\u2019un montant de 11 millions 191 mille 532 francs CFA.<\/p>\n\n\n<div class=\"wp-block-image\">\n<figure class=\"aligncenter size-large is-resized\"><img loading=\"lazy\" decoding=\"async\" src=\"https:\/\/macite.tg\/wp-content\/uploads\/2023\/01\/ANNONCES-1-1-1024x426.jpg\" alt=\"\" class=\"wp-image-3202\" width=\"712\" height=\"296\" srcset=\"https:\/\/macite.tg\/wp-content\/uploads\/2023\/01\/ANNONCES-1-1-1024x426.jpg 1024w, https:\/\/macite.tg\/wp-content\/uploads\/2023\/01\/ANNONCES-1-1-300x125.jpg 300w, https:\/\/macite.tg\/wp-content\/uploads\/2023\/01\/ANNONCES-1-1-768x319.jpg 768w, https:\/\/macite.tg\/wp-content\/uploads\/2023\/01\/ANNONCES-1-1.jpg 1080w\" sizes=\"auto, (max-width: 712px) 100vw, 712px\" \/><\/figure>\n<\/div>\n\n\n<p class=\"wp-block-paragraph\">4-Mouhamadou S\u00e8ne, DAGE du minist\u00e8re de la Jeunesse<\/p>\n\n\n\n<p class=\"wp-block-paragraph\"> Surfacturation sur le prix du gel hydroalcoolique pour 41 millions 217 mille 580 francs CFA.<\/p>\n\n\n\n<p class=\"wp-block-paragraph\">5-Madeleine Suzanne L\u00f4, DAGE du minist\u00e8re du Commerce et des Petites et Moyennes entreprises<\/p>\n\n\n\n<p class=\"wp-block-paragraph\">Surfacturation sur le prix du hydroalcoolique pour 805 000 francs CFA.<\/p>\n\n\n\n<p class=\"wp-block-paragraph\">6-Mouhamadou Bamba Amar, aide-comptable au minist\u00e8re du D\u00e9veloppement industriel et des Petites et Moyennes industries<\/p>\n\n\n\n<p class=\"wp-block-paragraph\">Retraits r\u00e9p\u00e9titifs d\u2019importantes sommes en esp\u00e8ces, entre 2020 et 2021, du compte ouvert \u00e0 la BOA pour la promotion des Petites et Moyennes industries.<\/p>\n\n\n\n<p class=\"wp-block-paragraph\">7-Nd\u00e8ye Aminata Loum Ndiaye, DAGE du minist\u00e8re du D\u00e9veloppement industriel et des petites et Moyennes industries.<\/p>\n\n\n\n<p class=\"wp-block-paragraph\">8-Et Moustapha Diop, gestionnaire du compte d\u00e9di\u00e9 \u00e0 l\u2019appui des Petites et Moyennes entreprises ouvert \u00e0 la BOA<\/p>\n\n\n\n<p class=\"wp-block-paragraph\">Conditions de paiement douteuses des d\u00e9penses d\u2019acquisition de masques pour 2 milliards 500 millions de francs CFA.<\/p>\n\n\n\n<p class=\"wp-block-paragraph\">9-Djiby Diakhat\u00e9, DAGE du minist\u00e8re de la Famille<\/p>\n\n\n\n<p class=\"wp-block-paragraph\">D\u00e9faut de justification de d\u00e9penses pour 36 millions 147 mille 500 francs CFA.<\/p>\n\n\n\n<p class=\"wp-block-paragraph\">10-L\u00e9on Nzalley, DAGE du minist\u00e8re de la Communication et de la Culture<\/p>\n\n\n\n<p class=\"wp-block-paragraph\">D\u00e9faut de justification de d\u00e9penses pour 1 milliard 120 mille francs CFA.<\/p>\n\n\n\n<p class=\"wp-block-paragraph\">11-Alassane Diallo, DAGE du minist\u00e8re des Mines et de la G\u00e9ologie<\/p>\n\n\n\n<p class=\"wp-block-paragraph\">Paiement de services non ex\u00e9cut\u00e9s.<\/p>\n\n\n\n<p class=\"wp-block-paragraph\"><strong>Avec SeneNews<\/strong><\/p>\n\n\n\n<p class=\"wp-block-paragraph\"><strong><em>@macite.info<\/em><\/strong><\/p>\n\n\n\n<p class=\"wp-block-paragraph\"><strong><em>E-mail&nbsp;: <\/em><\/strong><a href=\"mailto:maciteinfo@gmail.com\"><strong><em>maciteinfo@gmail.com<\/em><\/strong><\/a><strong><em>; <\/em><\/strong><a href=\"mailto:bawela1@gmail.com\"><strong><em>bawela1@gmail.com<\/em><\/strong><\/a><\/p>\n\n\n\n<p class=\"wp-block-paragraph\"><strong><em>Pour vos annonces, (publi)reportages, etc., joignez nous au (00228)91515309\/<strong>79872224<\/strong><\/em><\/strong><em><\/em><\/p>\n\n\n\n<p class=\"wp-block-paragraph\"><a href=\"http:\/\/www.macite.info\"><strong><em>www.macite.info<\/em><\/strong><\/a><strong><em>, L\u2019information, la bonne&nbsp;!<\/em><\/strong><\/p>\n","protected":false},"excerpt":{"rendered":"<p class=\"text-justify mb-2\" >La Cour des Comptes du S\u00e9n\u00e9gal a rendu public son rapport sur la gestion des fonds covid. Au total, one personnalit\u00e9s ont \u00e9t\u00e9 \u00e9pingl\u00e9es par ce rapport. Une enqu\u00eate a \u00e9t\u00e9 ouverte par la Division des investigations criminelles. Ce mercredi 08 f\u00e9vrier, le journal L\u2019Observateur [&hellip;]<\/p>\n","protected":false},"author":2,"featured_media":3428,"comment_status":"open","ping_status":"open","sticky":false,"template":"","format":"standard","meta":{"footnotes":""},"categories":[42],"tags":[],"class_list":["post-3420","post","type-post","status-publish","format-standard","has-post-thumbnail","hentry","category-finances"],"yoast_head":"<!-- This site is optimized with the Yoast SEO plugin v28.4 - https:\/\/yoast.com\/product\/yoast-seo-wordpress\/ -->\n<title>S\u00c9N\u00c9GAL \/ AFFAIRE DES FONDS COVID\u00a0: Liste des personnes \u00e9pingl\u00e9es et les montants en jeu -<\/title>\n<meta name=\"robots\" content=\"index, follow, max-snippet:-1, max-image-preview:large, max-video-preview:-1\" \/>\n<link rel=\"canonical\" href=\"https:\/\/macite.tg\/?p=3420\" \/>\n<meta property=\"og:locale\" content=\"fr_FR\" \/>\n<meta property=\"og:type\" content=\"article\" \/>\n<meta property=\"og:title\" content=\"S\u00c9N\u00c9GAL \/ AFFAIRE DES FONDS COVID\u00a0: Liste des personnes \u00e9pingl\u00e9es et les montants en jeu -\" \/>\n<meta property=\"og:description\" content=\"La Cour des Comptes du S\u00e9n\u00e9gal a rendu public son rapport sur la gestion des fonds covid. Au total, one personnalit\u00e9s ont \u00e9t\u00e9 \u00e9pingl\u00e9es par ce rapport. Une enqu\u00eate a \u00e9t\u00e9 ouverte par la Division des investigations criminelles. Ce mercredi 08 f\u00e9vrier, le journal L\u2019Observateur [&hellip;]\" \/>\n<meta property=\"og:url\" content=\"https:\/\/macite.tg\/?p=3420\" \/>\n<meta property=\"article:published_time\" content=\"2023-02-08T12:33:23+00:00\" \/>\n<meta property=\"article:modified_time\" content=\"2023-02-08T12:33:24+00:00\" \/>\n<meta property=\"og:image\" content=\"https:\/\/macite.tg\/wp-content\/uploads\/2023\/02\/7d89e480cc9a437eb7d773fa15206f3b309fc925.jpg\" \/>\n\t<meta property=\"og:image:width\" content=\"612\" \/>\n\t<meta property=\"og:image:height\" content=\"298\" \/>\n\t<meta property=\"og:image:type\" content=\"image\/jpeg\" \/>\n<meta name=\"author\" content=\"Jean Pierre BAWELA\" \/>\n<meta name=\"twitter:card\" content=\"summary_large_image\" \/>\n<meta name=\"twitter:label1\" content=\"\u00c9crit par\" \/>\n\t<meta name=\"twitter:data1\" content=\"Jean Pierre BAWELA\" \/>\n\t<meta name=\"twitter:label2\" content=\"Dur\u00e9e de lecture estim\u00e9e\" \/>\n\t<meta name=\"twitter:data2\" content=\"3 minutes\" \/>\n<script type=\"application\/ld+json\" class=\"yoast-schema-graph\">{\"@context\":\"https:\\\/\\\/schema.org\",\"@graph\":[{\"@type\":\"Article\",\"@id\":\"https:\\\/\\\/macite.tg\\\/?p=3420#article\",\"isPartOf\":{\"@id\":\"https:\\\/\\\/macite.tg\\\/?p=3420\"},\"author\":{\"name\":\"Jean Pierre BAWELA\",\"@id\":\"https:\\\/\\\/macite.tg\\\/#\\\/schema\\\/person\\\/e9f2de7e5dbbe7770a9402c7ce82f5c2\"},\"headline\":\"S\u00c9N\u00c9GAL \\\/ AFFAIRE DES FONDS COVID\u00a0: Liste des personnes \u00e9pingl\u00e9es et les montants en jeu\",\"datePublished\":\"2023-02-08T12:33:23+00:00\",\"dateModified\":\"2023-02-08T12:33:24+00:00\",\"mainEntityOfPage\":{\"@id\":\"https:\\\/\\\/macite.tg\\\/?p=3420\"},\"wordCount\":409,\"commentCount\":0,\"image\":{\"@id\":\"https:\\\/\\\/macite.tg\\\/?p=3420#primaryimage\"},\"thumbnailUrl\":\"https:\\\/\\\/macite.tg\\\/wp-content\\\/uploads\\\/2023\\\/02\\\/7d89e480cc9a437eb7d773fa15206f3b309fc925.jpg\",\"articleSection\":[\"FINANCES\"],\"inLanguage\":\"fr-FR\",\"potentialAction\":[{\"@type\":\"CommentAction\",\"name\":\"Comment\",\"target\":[\"https:\\\/\\\/macite.tg\\\/?p=3420#respond\"]}]},{\"@type\":\"WebPage\",\"@id\":\"https:\\\/\\\/macite.tg\\\/?p=3420\",\"url\":\"https:\\\/\\\/macite.tg\\\/?p=3420\",\"name\":\"S\u00c9N\u00c9GAL \\\/ AFFAIRE DES FONDS COVID\u00a0: Liste des personnes \u00e9pingl\u00e9es et les montants en jeu -\",\"isPartOf\":{\"@id\":\"https:\\\/\\\/macite.tg\\\/#website\"},\"primaryImageOfPage\":{\"@id\":\"https:\\\/\\\/macite.tg\\\/?p=3420#primaryimage\"},\"image\":{\"@id\":\"https:\\\/\\\/macite.tg\\\/?p=3420#primaryimage\"},\"thumbnailUrl\":\"https:\\\/\\\/macite.tg\\\/wp-content\\\/uploads\\\/2023\\\/02\\\/7d89e480cc9a437eb7d773fa15206f3b309fc925.jpg\",\"datePublished\":\"2023-02-08T12:33:23+00:00\",\"dateModified\":\"2023-02-08T12:33:24+00:00\",\"author\":{\"@id\":\"https:\\\/\\\/macite.tg\\\/#\\\/schema\\\/person\\\/e9f2de7e5dbbe7770a9402c7ce82f5c2\"},\"breadcrumb\":{\"@id\":\"https:\\\/\\\/macite.tg\\\/?p=3420#breadcrumb\"},\"inLanguage\":\"fr-FR\",\"potentialAction\":[{\"@type\":\"ReadAction\",\"target\":[\"https:\\\/\\\/macite.tg\\\/?p=3420\"]}]},{\"@type\":\"ImageObject\",\"inLanguage\":\"fr-FR\",\"@id\":\"https:\\\/\\\/macite.tg\\\/?p=3420#primaryimage\",\"url\":\"https:\\\/\\\/macite.tg\\\/wp-content\\\/uploads\\\/2023\\\/02\\\/7d89e480cc9a437eb7d773fa15206f3b309fc925.jpg\",\"contentUrl\":\"https:\\\/\\\/macite.tg\\\/wp-content\\\/uploads\\\/2023\\\/02\\\/7d89e480cc9a437eb7d773fa15206f3b309fc925.jpg\",\"width\":612,\"height\":298},{\"@type\":\"BreadcrumbList\",\"@id\":\"https:\\\/\\\/macite.tg\\\/?p=3420#breadcrumb\",\"itemListElement\":[{\"@type\":\"ListItem\",\"position\":1,\"name\":\"Accueil\",\"item\":\"https:\\\/\\\/macite.tg\\\/\"},{\"@type\":\"ListItem\",\"position\":2,\"name\":\"S\u00c9N\u00c9GAL \\\/ AFFAIRE DES FONDS COVID\u00a0: Liste des personnes \u00e9pingl\u00e9es et les montants en jeu\"}]},{\"@type\":\"WebSite\",\"@id\":\"https:\\\/\\\/macite.tg\\\/#website\",\"url\":\"https:\\\/\\\/macite.tg\\\/\",\"name\":\"\",\"description\":\"L&#039;information, la bonne!!!\",\"potentialAction\":[{\"@type\":\"SearchAction\",\"target\":{\"@type\":\"EntryPoint\",\"urlTemplate\":\"https:\\\/\\\/macite.tg\\\/?s={search_term_string}\"},\"query-input\":{\"@type\":\"PropertyValueSpecification\",\"valueRequired\":true,\"valueName\":\"search_term_string\"}}],\"inLanguage\":\"fr-FR\"},{\"@type\":\"Person\",\"@id\":\"https:\\\/\\\/macite.tg\\\/#\\\/schema\\\/person\\\/e9f2de7e5dbbe7770a9402c7ce82f5c2\",\"name\":\"Jean Pierre BAWELA\",\"image\":{\"@type\":\"ImageObject\",\"inLanguage\":\"fr-FR\",\"@id\":\"https:\\\/\\\/macite.tg\\\/wp-content\\\/uploads\\\/2023\\\/09\\\/WhatsApp-Image-2023-09-19-at-14.44.41-122x122.jpeg\",\"url\":\"https:\\\/\\\/macite.tg\\\/wp-content\\\/uploads\\\/2023\\\/09\\\/WhatsApp-Image-2023-09-19-at-14.44.41-122x122.jpeg\",\"contentUrl\":\"https:\\\/\\\/macite.tg\\\/wp-content\\\/uploads\\\/2023\\\/09\\\/WhatsApp-Image-2023-09-19-at-14.44.41-122x122.jpeg\",\"caption\":\"Jean Pierre BAWELA\"},\"url\":\"https:\\\/\\\/macite.tg\\\/?author=2\"}]}<\/script>\n<!-- \/ Yoast SEO plugin. -->","yoast_head_json":{"title":"S\u00c9N\u00c9GAL \/ AFFAIRE DES FONDS COVID\u00a0: Liste des personnes \u00e9pingl\u00e9es et les montants en jeu -","robots":{"index":"index","follow":"follow","max-snippet":"max-snippet:-1","max-image-preview":"max-image-preview:large","max-video-preview":"max-video-preview:-1"},"canonical":"https:\/\/macite.tg\/?p=3420","og_locale":"fr_FR","og_type":"article","og_title":"S\u00c9N\u00c9GAL \/ AFFAIRE DES FONDS COVID\u00a0: Liste des personnes \u00e9pingl\u00e9es et les montants en jeu -","og_description":"La Cour des Comptes du S\u00e9n\u00e9gal a rendu public son rapport sur la gestion des fonds covid. Au total, one personnalit\u00e9s ont \u00e9t\u00e9 \u00e9pingl\u00e9es par ce rapport. Une enqu\u00eate a \u00e9t\u00e9 ouverte par la Division des investigations criminelles. Ce mercredi 08 f\u00e9vrier, le journal L\u2019Observateur [&hellip;]","og_url":"https:\/\/macite.tg\/?p=3420","article_published_time":"2023-02-08T12:33:23+00:00","article_modified_time":"2023-02-08T12:33:24+00:00","og_image":[{"width":612,"height":298,"url":"https:\/\/macite.tg\/wp-content\/uploads\/2023\/02\/7d89e480cc9a437eb7d773fa15206f3b309fc925.jpg","type":"image\/jpeg"}],"author":"Jean Pierre BAWELA","twitter_card":"summary_large_image","twitter_misc":{"\u00c9crit par":"Jean Pierre BAWELA","Dur\u00e9e de lecture estim\u00e9e":"3 minutes"},"schema":{"@context":"https:\/\/schema.org","@graph":[{"@type":"Article","@id":"https:\/\/macite.tg\/?p=3420#article","isPartOf":{"@id":"https:\/\/macite.tg\/?p=3420"},"author":{"name":"Jean Pierre BAWELA","@id":"https:\/\/macite.tg\/#\/schema\/person\/e9f2de7e5dbbe7770a9402c7ce82f5c2"},"headline":"S\u00c9N\u00c9GAL \/ AFFAIRE DES FONDS COVID\u00a0: Liste des personnes \u00e9pingl\u00e9es et les montants en jeu","datePublished":"2023-02-08T12:33:23+00:00","dateModified":"2023-02-08T12:33:24+00:00","mainEntityOfPage":{"@id":"https:\/\/macite.tg\/?p=3420"},"wordCount":409,"commentCount":0,"image":{"@id":"https:\/\/macite.tg\/?p=3420#primaryimage"},"thumbnailUrl":"https:\/\/macite.tg\/wp-content\/uploads\/2023\/02\/7d89e480cc9a437eb7d773fa15206f3b309fc925.jpg","articleSection":["FINANCES"],"inLanguage":"fr-FR","potentialAction":[{"@type":"CommentAction","name":"Comment","target":["https:\/\/macite.tg\/?p=3420#respond"]}]},{"@type":"WebPage","@id":"https:\/\/macite.tg\/?p=3420","url":"https:\/\/macite.tg\/?p=3420","name":"S\u00c9N\u00c9GAL \/ AFFAIRE DES FONDS COVID\u00a0: Liste des personnes \u00e9pingl\u00e9es et les montants en jeu -","isPartOf":{"@id":"https:\/\/macite.tg\/#website"},"primaryImageOfPage":{"@id":"https:\/\/macite.tg\/?p=3420#primaryimage"},"image":{"@id":"https:\/\/macite.tg\/?p=3420#primaryimage"},"thumbnailUrl":"https:\/\/macite.tg\/wp-content\/uploads\/2023\/02\/7d89e480cc9a437eb7d773fa15206f3b309fc925.jpg","datePublished":"2023-02-08T12:33:23+00:00","dateModified":"2023-02-08T12:33:24+00:00","author":{"@id":"https:\/\/macite.tg\/#\/schema\/person\/e9f2de7e5dbbe7770a9402c7ce82f5c2"},"breadcrumb":{"@id":"https:\/\/macite.tg\/?p=3420#breadcrumb"},"inLanguage":"fr-FR","potentialAction":[{"@type":"ReadAction","target":["https:\/\/macite.tg\/?p=3420"]}]},{"@type":"ImageObject","inLanguage":"fr-FR","@id":"https:\/\/macite.tg\/?p=3420#primaryimage","url":"https:\/\/macite.tg\/wp-content\/uploads\/2023\/02\/7d89e480cc9a437eb7d773fa15206f3b309fc925.jpg","contentUrl":"https:\/\/macite.tg\/wp-content\/uploads\/2023\/02\/7d89e480cc9a437eb7d773fa15206f3b309fc925.jpg","width":612,"height":298},{"@type":"BreadcrumbList","@id":"https:\/\/macite.tg\/?p=3420#breadcrumb","itemListElement":[{"@type":"ListItem","position":1,"name":"Accueil","item":"https:\/\/macite.tg\/"},{"@type":"ListItem","position":2,"name":"S\u00c9N\u00c9GAL \/ AFFAIRE DES FONDS COVID\u00a0: Liste des personnes \u00e9pingl\u00e9es et les montants en jeu"}]},{"@type":"WebSite","@id":"https:\/\/macite.tg\/#website","url":"https:\/\/macite.tg\/","name":"","description":"L&#039;information, la bonne!!!","potentialAction":[{"@type":"SearchAction","target":{"@type":"EntryPoint","urlTemplate":"https:\/\/macite.tg\/?s={search_term_string}"},"query-input":{"@type":"PropertyValueSpecification","valueRequired":true,"valueName":"search_term_string"}}],"inLanguage":"fr-FR"},{"@type":"Person","@id":"https:\/\/macite.tg\/#\/schema\/person\/e9f2de7e5dbbe7770a9402c7ce82f5c2","name":"Jean Pierre BAWELA","image":{"@type":"ImageObject","inLanguage":"fr-FR","@id":"https:\/\/macite.tg\/wp-content\/uploads\/2023\/09\/WhatsApp-Image-2023-09-19-at-14.44.41-122x122.jpeg","url":"https:\/\/macite.tg\/wp-content\/uploads\/2023\/09\/WhatsApp-Image-2023-09-19-at-14.44.41-122x122.jpeg","contentUrl":"https:\/\/macite.tg\/wp-content\/uploads\/2023\/09\/WhatsApp-Image-2023-09-19-at-14.44.41-122x122.jpeg","caption":"Jean Pierre BAWELA"},"url":"https:\/\/macite.tg\/?author=2"}]}},"_links":{"self":[{"href":"https:\/\/macite.tg\/index.php?rest_route=\/wp\/v2\/posts\/3420","targetHints":{"allow":["GET"]}}],"collection":[{"href":"https:\/\/macite.tg\/index.php?rest_route=\/wp\/v2\/posts"}],"about":[{"href":"https:\/\/macite.tg\/index.php?rest_route=\/wp\/v2\/types\/post"}],"author":[{"embeddable":true,"href":"https:\/\/macite.tg\/index.php?rest_route=\/wp\/v2\/users\/2"}],"replies":[{"embeddable":true,"href":"https:\/\/macite.tg\/index.php?rest_route=%2Fwp%2Fv2%2Fcomments&post=3420"}],"version-history":[{"count":0,"href":"https:\/\/macite.tg\/index.php?rest_route=\/wp\/v2\/posts\/3420\/revisions"}],"wp:featuredmedia":[{"embeddable":true,"href":"https:\/\/macite.tg\/index.php?rest_route=\/wp\/v2\/media\/3428"}],"wp:attachment":[{"href":"https:\/\/macite.tg\/index.php?rest_route=%2Fwp%2Fv2%2Fmedia&parent=3420"}],"wp:term":[{"taxonomy":"category","embeddable":true,"href":"https:\/\/macite.tg\/index.php?rest_route=%2Fwp%2Fv2%2Fcategories&post=3420"},{"taxonomy":"post_tag","embeddable":true,"href":"https:\/\/macite.tg\/index.php?rest_route=%2Fwp%2Fv2%2Ftags&post=3420"}],"curies":[{"name":"wp","href":"https:\/\/api.w.org\/{rel}","templated":true}]}}