{"id":3419,"date":"2023-02-08T10:04:34","date_gmt":"2023-02-08T10:04:34","guid":{"rendered":"https:\/\/macite.info\/?p=3419"},"modified":"2023-02-08T10:04:35","modified_gmt":"2023-02-08T10:04:35","slug":"fonds-covid-les-conclusions-de-la-cour-des-comptes-pour-lannee-2020","status":"publish","type":"post","link":"https:\/\/macite.tg\/?p=3419","title":{"rendered":"<strong>FONDS COVID : Les conclusions de la Cour des comptes pour l&rsquo;ann\u00e9e 2020<\/strong>"},"content":{"rendered":"\n<p class=\"wp-block-paragraph\"><strong><em>Pour faire face \u00e0 la pand\u00e9mie de la Covvid 19 au Togo, le Gouvernement avait des mesures exceptionnelles qui ont n\u00e9cessit\u00e9 la mise en place d&rsquo;un fonds de riposte de solidarit\u00e9 Covid 19 (FRSC). Le Togo a connu son premier cas de Covid-19 le 06 mars 2020.<\/em><\/strong><\/p>\n\n\n\n<p class=\"wp-block-paragraph\">A l&rsquo;instar des autres pays du monde entier, la pand\u00e9mie de Covid-19 fait subir \u00e0 l&rsquo;\u00e9conomie togolaise un choc sans pr\u00e9c\u00e9dent. Les mesures prises par le Gouvernement pour faire face, de fa\u00e7on efficace, aux effets n\u00e9fastes de la pand\u00e9mie, ont consist\u00e9 \u00e0 l&rsquo;adoption rapide d&rsquo;un plan de riposte. Ce plan d\u00e9nomm\u00e9 \u00a0\u00bb la Strat\u00e9gie en 3R \u00a0\u00bb a vis\u00e9 \u00e0 : i) lutter contre la propagation de la maladie \u00e0 coronavirus (Riposte sanitaire), ii) maintenir l&rsquo;activit\u00e9 \u00e9conomique \u00e0 un niveau acceptable et renforcer la r\u00e9silience du secteur priv\u00e9 et iii) redynamiser l&rsquo;activit\u00e9 \u00e9conomique (Relance de l&rsquo;\u00e9conomie nationale).<\/p>\n\n\n\n<p class=\"wp-block-paragraph\"><strong>Audit de la Cour des Comptes<\/strong><\/p>\n\n\n\n<p class=\"wp-block-paragraph\">Mis en place par le Gouvernement par ordonnance n\u00b02020-002 du 11 mai 2020, le Fonds de Riposte et de Solidarit\u00e9 COVID-19 (FRSC) est dot\u00e9 d&rsquo;un montant de 400 milliards de francs CFA, mobilisable sur plusieurs ann\u00e9es. Les ressources du FRSC sont constitu\u00e9es des fonds allou\u00e9s par l&rsquo;Etat, du financement des partenaires techniques et financiers, des apports financiers du secteur priv\u00e9 national et international et des dons et legs de toute nature.<\/p>\n\n\n\n<p class=\"wp-block-paragraph\">Selon le rapport d&rsquo;audit de la Cour des comptes, au 31 d\u00e9cembre 2020, ce fonds a re\u00e7u le soutien des partenaires techniques et financiers suivants :<\/p>\n\n\n\n<p class=\"wp-block-paragraph\">&#8211; Banque Africaine de D\u00e9veloppement (BAD +FAD) ;<\/p>\n\n\n\n<p class=\"wp-block-paragraph\">&#8211; Agence Fran\u00e7aise de D\u00e9veloppement (AFD) ;<\/p>\n\n\n\n<p class=\"wp-block-paragraph\">&#8211; Banque Mondiale (BM &#8211; IDA) ;<\/p>\n\n\n\n<p class=\"wp-block-paragraph\">&#8211; Banque Centrale des Etats de l&rsquo;Afrique de l&rsquo;Ouest (BCEAO) ;<\/p>\n\n\n\n<p class=\"wp-block-paragraph\">&#8211; Union Europ\u00e9enne (UE) ;<\/p>\n\n\n\n<p class=\"wp-block-paragraph\">&#8211; Fonds Mon\u00e9taire International (FMI) ;<\/p>\n\n\n\n<p class=\"wp-block-paragraph\">&#8211; Union Economique et Mon\u00e9taire Ouest Africaine (UEMOA). Il est indiqu\u00e9 que la Solidarit\u00e9 Nationale y a \u00e9galement jou\u00e9 son r\u00f4le \u00e0 travers une grande mobilisation.<\/p>\n\n\n\n<p class=\"wp-block-paragraph\">Les ressources y relatives sont log\u00e9es dans le compte Tr\u00e9sor Solidarit\u00e9 Covid-19, ouvert dans les livres de Coris-Bank Togo.<\/p>\n\n\n<div class=\"wp-block-image\">\n<figure class=\"aligncenter size-large is-resized\"><img loading=\"lazy\" decoding=\"async\" src=\"https:\/\/macite.tg\/wp-content\/uploads\/2023\/01\/ANNONCES-1-1-1024x426.jpg\" alt=\"\" class=\"wp-image-3202\" width=\"766\" height=\"318\" srcset=\"https:\/\/macite.tg\/wp-content\/uploads\/2023\/01\/ANNONCES-1-1-1024x426.jpg 1024w, https:\/\/macite.tg\/wp-content\/uploads\/2023\/01\/ANNONCES-1-1-300x125.jpg 300w, https:\/\/macite.tg\/wp-content\/uploads\/2023\/01\/ANNONCES-1-1-768x319.jpg 768w, https:\/\/macite.tg\/wp-content\/uploads\/2023\/01\/ANNONCES-1-1.jpg 1080w\" sizes=\"auto, (max-width: 766px) 100vw, 766px\" \/><\/figure>\n<\/div>\n\n\n<p class=\"wp-block-paragraph\">Le Gouvernement, dans le cadre de son obligation de rendre compte de sa gestion de la pand\u00e9mie du Corvid19 depuis son d\u00e9clenchement le 6 mars 2020, et dans le souci de disposer d&rsquo;une opinion d&rsquo;assurance d&rsquo;un auditeur externe, a commandit\u00e9, aupr\u00e8s de la Cour des comptes, un audit des ressources mobilis\u00e9es et des d\u00e9penses ex\u00e9cut\u00e9es, par l&rsquo;interm\u00e9diaire du Ministre de l&rsquo;\u00e9conomie et des finances, pour la gestion 2020.<\/p>\n\n\n\n<p class=\"wp-block-paragraph\">L&rsquo;objectif g\u00e9n\u00e9ral de la mission consiste \u00e0 exprimer une opinion professionnelle et ind\u00e9pendante, en vue de donner l&rsquo;assurance que les ressources mobilis\u00e9es, \u00e0 travers le Fonds de Riposte et de Solidarit\u00e9 COVID-19 (FRSC) pour faire face aux d\u00e9penses de la riposte \u00e0 la COVID-19, sont utilis\u00e9es conform\u00e9ment aux clauses des accords de dons et pr\u00eats d&rsquo;une part, et dans le respect des textes en vigueur et de ceux pris dans le contexte d&rsquo;urgence sanitaire, d&rsquo;autre part, au titre de l&rsquo;exercice budg\u00e9taire 2020.<\/p>\n\n\n\n<p class=\"wp-block-paragraph\"><strong>Acceptable\u2026<\/strong><\/p>\n\n\n\n<p class=\"wp-block-paragraph\">A l&rsquo;issue de la mission d&rsquo;audit, et au vu des r\u00e9sultats obtenus, la Cour des comptes a formul\u00e9 l&rsquo;opinion suivante : Elle donne l&rsquo;assurance raisonnable que les ressources mobilis\u00e9es \u00e0 travers le fonds de riposte sont utilis\u00e9es conform\u00e9ment aux clauses des accords de dons&nbsp; et de pr\u00eats d&rsquo;une part, et dans le respect&nbsp; des textes en vigueur&nbsp; et de ceux pris&nbsp; dans le contexte d&rsquo;urgence sanitaire, d&rsquo;autre part, au titre de l&rsquo;exercice budg\u00e9taire 2020. Elle rel\u00e8ve n\u00e9anmoins certaines insuffisances dans l&rsquo;utilisation des ressources mises \u00e0 la disposition des minist\u00e8res sectoriels dans le cadre de la riposte contre la Covid 19, relev\u00e9es dans les observations qui ont fait l&rsquo;objet de recommandations.<\/p>\n\n\n\n<p class=\"wp-block-paragraph\">Cependant, sous r\u00e9serves de ces insuffisances, la Cour certifie globalement que les op\u00e9rations du Comptes Uniques de Tr\u00e9sor, ouvert \u00e0 l&rsquo;agence principale de la BCEAO \u00e0 Lom\u00e9 et dans les livres de Coris Bank Togo, au nom du Tr\u00e9sor public, relatives aux ressources des dons et de pr\u00eats, apr\u00e8s leur d\u00e9caissements respectifs en 2020, sont r\u00e9guli\u00e8res et conformes aux textes des diff\u00e9rents accords de pr\u00eats et de dons ;<\/p>\n\n\n\n<p class=\"wp-block-paragraph\">&#8211; l&rsquo;utilisation&nbsp; de ces ressources est conforme aux clauses des accords de dons&nbsp; et pr\u00eats , c&rsquo;est-\u00e0-dire, le paiement de d\u00e9penses inscrites au budget de l&rsquo;Etat, d&rsquo;une part, et aux textes en vigueur , y compris ceux pris&nbsp; pendant la p\u00e9riode d\u2019urgence sanitaire, d&rsquo;autre part ;<\/p>\n\n\n\n<p class=\"wp-block-paragraph\">&#8211; les mesures \u00e9conomiques et sociales, prises en vue de soulager la population face aux difficult\u00e9s li\u00e9es \u00e0 la pand\u00e9mie&nbsp; du Covid 19, sont appliqu\u00e9es dans la transparence et la conformit\u00e9 aux textes en vigueur \u00e0 cet effet ;<\/p>\n\n\n\n<p class=\"wp-block-paragraph\">&#8211; les commandes publiques sont effectu\u00e9es, conform\u00e9ment aux proc\u00e9dures,&nbsp; de passation de march\u00e9s et aux textes sp\u00e9cifiques pris en la mati\u00e8re pendant la p\u00e9riode de Covid 19, aussi bien en ce qui concerne le processus de passation des march\u00e9s que celui de leur ex\u00e9cution&nbsp; et de leur gestion ;<\/p>\n\n\n\n<p class=\"wp-block-paragraph\">&#8211; les d\u00e9penses relatives aux mesures barri\u00e8res, de riposte ou sanitaires sont conformes, r\u00e9guli\u00e8res et sinc\u00e8res.<\/p>\n\n\n\n<p class=\"wp-block-paragraph\"><strong>Les limites de la mission d&rsquo;audit<\/strong><\/p>\n\n\n\n<p class=\"wp-block-paragraph\">Il faut souligner que la Cour a aussi relev\u00e9 les limites de la mission d&rsquo;audit, dont les plus significatives sont : L&rsquo;inaction ou la r\u00e9action tardive de certains acteurs impliqu\u00e9s dans la gestion des fonds, dans la production des informations demand\u00e9es , notamment le minist\u00e8re de l&rsquo;\u00e9conomie num\u00e9rique et les responsables des deux soci\u00e9t\u00e9s de t\u00e9l\u00e9phonie mobile (Moov Africa et Togocom) ; La Cour n&rsquo;a pas l&rsquo;expertise n\u00e9cessaire pour v\u00e9rifier la qualit\u00e9 des \u00e9quipements m\u00e9dicaux qui ont \u00e9t\u00e9 acquis et n&rsquo;a pas non plus eu le temps n\u00e9cessaire pour recourir aux services d&rsquo;un expert en la mati\u00e8re ; Difficult\u00e9s inh\u00e9rentes \u00e0 la v\u00e9rification de certains postes de d\u00e9penses importantes, notamment le mat\u00e9riel consommable (masques de protection, m\u00e9dicaments, gels, r\u00e9actifs, etc.) acquis par l&rsquo;Etat, faute de comptabilit\u00e9 mati\u00e8res ; Difficult\u00e9s d&rsquo;acc\u00e8s aux fournisseurs ou prestataires non-r\u00e9sidents.<\/p>\n\n\n\n<p class=\"wp-block-paragraph\"><strong>(In LE MEDIUM n\u00b0538 du 07 au 13 F\u00e9vrier 2023)<\/strong><\/p>\n\n\n\n<p class=\"wp-block-paragraph\"><strong><em>@macite.info<\/em><\/strong><\/p>\n\n\n\n<p class=\"wp-block-paragraph\"><strong><em>E-mail&nbsp;: <\/em><\/strong><a href=\"mailto:maciteinfo@gmail.com\"><strong><em>maciteinfo@gmail.com<\/em><\/strong><\/a><strong><em>; <\/em><\/strong><a href=\"mailto:bawela1@gmail.com\"><strong><em>bawela1@gmail.com<\/em><\/strong><\/a><strong><em><\/em><\/strong><\/p>\n\n\n\n<p class=\"wp-block-paragraph\"><strong><em>Pour vos annonces, (publi)reportages, etc., joignez nous au (00228)91515309\/<strong>79872224<\/strong><\/em><\/strong><em><\/em><\/p>\n\n\n\n<p class=\"wp-block-paragraph\"><a href=\"http:\/\/www.macite.info\"><strong><em>www.macite.info<\/em><\/strong><\/a><strong><em>, L\u2019information, la bonne&nbsp;!<\/em><\/strong><\/p>\n","protected":false},"excerpt":{"rendered":"<p class=\"text-justify mb-2\" >Pour faire face \u00e0 la pand\u00e9mie de la Covvid 19 au Togo, le Gouvernement avait des mesures exceptionnelles qui ont n\u00e9cessit\u00e9 la mise en place d&rsquo;un fonds de riposte de solidarit\u00e9 Covid 19 (FRSC). Le Togo a connu son premier cas de Covid-19 le 06 [&hellip;]<\/p>\n","protected":false},"author":2,"featured_media":3421,"comment_status":"open","ping_status":"open","sticky":false,"template":"","format":"standard","meta":{"footnotes":""},"categories":[42],"tags":[],"class_list":["post-3419","post","type-post","status-publish","format-standard","has-post-thumbnail","hentry","category-finances"],"yoast_head":"<!-- This site is optimized with the Yoast SEO plugin v28.4 - https:\/\/yoast.com\/product\/yoast-seo-wordpress\/ -->\n<title>FONDS COVID : Les conclusions de la Cour des comptes pour l&#039;ann\u00e9e 2020 -<\/title>\n<meta name=\"robots\" content=\"index, follow, max-snippet:-1, max-image-preview:large, max-video-preview:-1\" \/>\n<link rel=\"canonical\" href=\"https:\/\/macite.tg\/?p=3419\" \/>\n<meta property=\"og:locale\" content=\"fr_FR\" \/>\n<meta property=\"og:type\" content=\"article\" \/>\n<meta property=\"og:title\" content=\"FONDS COVID : Les conclusions de la Cour des comptes pour l&#039;ann\u00e9e 2020 -\" \/>\n<meta property=\"og:description\" content=\"Pour faire face \u00e0 la pand\u00e9mie de la Covvid 19 au Togo, le Gouvernement avait des mesures exceptionnelles qui ont n\u00e9cessit\u00e9 la mise en place d&rsquo;un fonds de riposte de solidarit\u00e9 Covid 19 (FRSC). Le Togo a connu son premier cas de Covid-19 le 06 [&hellip;]\" \/>\n<meta property=\"og:url\" content=\"https:\/\/macite.tg\/?p=3419\" \/>\n<meta property=\"article:published_time\" content=\"2023-02-08T10:04:34+00:00\" \/>\n<meta property=\"article:modified_time\" content=\"2023-02-08T10:04:35+00:00\" \/>\n<meta property=\"og:image\" content=\"https:\/\/macite.tg\/wp-content\/uploads\/2023\/02\/Cour-des-Comptes-togo.jpg\" \/>\n\t<meta property=\"og:image:width\" content=\"264\" \/>\n\t<meta property=\"og:image:height\" content=\"191\" \/>\n\t<meta property=\"og:image:type\" content=\"image\/jpeg\" \/>\n<meta name=\"author\" content=\"Jean Pierre BAWELA\" \/>\n<meta name=\"twitter:card\" content=\"summary_large_image\" \/>\n<meta name=\"twitter:label1\" content=\"\u00c9crit par\" \/>\n\t<meta name=\"twitter:data1\" content=\"Jean Pierre BAWELA\" \/>\n\t<meta name=\"twitter:label2\" content=\"Dur\u00e9e de lecture estim\u00e9e\" \/>\n\t<meta name=\"twitter:data2\" content=\"6 minutes\" \/>\n<script type=\"application\/ld+json\" class=\"yoast-schema-graph\">{\"@context\":\"https:\\\/\\\/schema.org\",\"@graph\":[{\"@type\":\"Article\",\"@id\":\"https:\\\/\\\/macite.tg\\\/?p=3419#article\",\"isPartOf\":{\"@id\":\"https:\\\/\\\/macite.tg\\\/?p=3419\"},\"author\":{\"name\":\"Jean Pierre BAWELA\",\"@id\":\"https:\\\/\\\/macite.tg\\\/#\\\/schema\\\/person\\\/e9f2de7e5dbbe7770a9402c7ce82f5c2\"},\"headline\":\"FONDS COVID : Les conclusions de la Cour des comptes pour l&rsquo;ann\u00e9e 2020\",\"datePublished\":\"2023-02-08T10:04:34+00:00\",\"dateModified\":\"2023-02-08T10:04:35+00:00\",\"mainEntityOfPage\":{\"@id\":\"https:\\\/\\\/macite.tg\\\/?p=3419\"},\"wordCount\":1120,\"commentCount\":0,\"image\":{\"@id\":\"https:\\\/\\\/macite.tg\\\/?p=3419#primaryimage\"},\"thumbnailUrl\":\"https:\\\/\\\/macite.tg\\\/wp-content\\\/uploads\\\/2023\\\/02\\\/Cour-des-Comptes-togo.jpg\",\"articleSection\":[\"FINANCES\"],\"inLanguage\":\"fr-FR\",\"potentialAction\":[{\"@type\":\"CommentAction\",\"name\":\"Comment\",\"target\":[\"https:\\\/\\\/macite.tg\\\/?p=3419#respond\"]}]},{\"@type\":\"WebPage\",\"@id\":\"https:\\\/\\\/macite.tg\\\/?p=3419\",\"url\":\"https:\\\/\\\/macite.tg\\\/?p=3419\",\"name\":\"FONDS COVID : Les conclusions de la Cour des comptes pour l'ann\u00e9e 2020 -\",\"isPartOf\":{\"@id\":\"https:\\\/\\\/macite.tg\\\/#website\"},\"primaryImageOfPage\":{\"@id\":\"https:\\\/\\\/macite.tg\\\/?p=3419#primaryimage\"},\"image\":{\"@id\":\"https:\\\/\\\/macite.tg\\\/?p=3419#primaryimage\"},\"thumbnailUrl\":\"https:\\\/\\\/macite.tg\\\/wp-content\\\/uploads\\\/2023\\\/02\\\/Cour-des-Comptes-togo.jpg\",\"datePublished\":\"2023-02-08T10:04:34+00:00\",\"dateModified\":\"2023-02-08T10:04:35+00:00\",\"author\":{\"@id\":\"https:\\\/\\\/macite.tg\\\/#\\\/schema\\\/person\\\/e9f2de7e5dbbe7770a9402c7ce82f5c2\"},\"breadcrumb\":{\"@id\":\"https:\\\/\\\/macite.tg\\\/?p=3419#breadcrumb\"},\"inLanguage\":\"fr-FR\",\"potentialAction\":[{\"@type\":\"ReadAction\",\"target\":[\"https:\\\/\\\/macite.tg\\\/?p=3419\"]}]},{\"@type\":\"ImageObject\",\"inLanguage\":\"fr-FR\",\"@id\":\"https:\\\/\\\/macite.tg\\\/?p=3419#primaryimage\",\"url\":\"https:\\\/\\\/macite.tg\\\/wp-content\\\/uploads\\\/2023\\\/02\\\/Cour-des-Comptes-togo.jpg\",\"contentUrl\":\"https:\\\/\\\/macite.tg\\\/wp-content\\\/uploads\\\/2023\\\/02\\\/Cour-des-Comptes-togo.jpg\",\"width\":264,\"height\":191},{\"@type\":\"BreadcrumbList\",\"@id\":\"https:\\\/\\\/macite.tg\\\/?p=3419#breadcrumb\",\"itemListElement\":[{\"@type\":\"ListItem\",\"position\":1,\"name\":\"Accueil\",\"item\":\"https:\\\/\\\/macite.tg\\\/\"},{\"@type\":\"ListItem\",\"position\":2,\"name\":\"FONDS COVID : Les conclusions de la Cour des comptes pour l&rsquo;ann\u00e9e 2020\"}]},{\"@type\":\"WebSite\",\"@id\":\"https:\\\/\\\/macite.tg\\\/#website\",\"url\":\"https:\\\/\\\/macite.tg\\\/\",\"name\":\"\",\"description\":\"L&#039;information, la bonne!!!\",\"potentialAction\":[{\"@type\":\"SearchAction\",\"target\":{\"@type\":\"EntryPoint\",\"urlTemplate\":\"https:\\\/\\\/macite.tg\\\/?s={search_term_string}\"},\"query-input\":{\"@type\":\"PropertyValueSpecification\",\"valueRequired\":true,\"valueName\":\"search_term_string\"}}],\"inLanguage\":\"fr-FR\"},{\"@type\":\"Person\",\"@id\":\"https:\\\/\\\/macite.tg\\\/#\\\/schema\\\/person\\\/e9f2de7e5dbbe7770a9402c7ce82f5c2\",\"name\":\"Jean Pierre BAWELA\",\"image\":{\"@type\":\"ImageObject\",\"inLanguage\":\"fr-FR\",\"@id\":\"https:\\\/\\\/macite.tg\\\/wp-content\\\/uploads\\\/2023\\\/09\\\/WhatsApp-Image-2023-09-19-at-14.44.41-122x122.jpeg\",\"url\":\"https:\\\/\\\/macite.tg\\\/wp-content\\\/uploads\\\/2023\\\/09\\\/WhatsApp-Image-2023-09-19-at-14.44.41-122x122.jpeg\",\"contentUrl\":\"https:\\\/\\\/macite.tg\\\/wp-content\\\/uploads\\\/2023\\\/09\\\/WhatsApp-Image-2023-09-19-at-14.44.41-122x122.jpeg\",\"caption\":\"Jean Pierre BAWELA\"},\"url\":\"https:\\\/\\\/macite.tg\\\/?author=2\"}]}<\/script>\n<!-- \/ Yoast SEO plugin. -->","yoast_head_json":{"title":"FONDS COVID : Les conclusions de la Cour des comptes pour l'ann\u00e9e 2020 -","robots":{"index":"index","follow":"follow","max-snippet":"max-snippet:-1","max-image-preview":"max-image-preview:large","max-video-preview":"max-video-preview:-1"},"canonical":"https:\/\/macite.tg\/?p=3419","og_locale":"fr_FR","og_type":"article","og_title":"FONDS COVID : Les conclusions de la Cour des comptes pour l'ann\u00e9e 2020 -","og_description":"Pour faire face \u00e0 la pand\u00e9mie de la Covvid 19 au Togo, le Gouvernement avait des mesures exceptionnelles qui ont n\u00e9cessit\u00e9 la mise en place d&rsquo;un fonds de riposte de solidarit\u00e9 Covid 19 (FRSC). Le Togo a connu son premier cas de Covid-19 le 06 [&hellip;]","og_url":"https:\/\/macite.tg\/?p=3419","article_published_time":"2023-02-08T10:04:34+00:00","article_modified_time":"2023-02-08T10:04:35+00:00","og_image":[{"width":264,"height":191,"url":"https:\/\/macite.tg\/wp-content\/uploads\/2023\/02\/Cour-des-Comptes-togo.jpg","type":"image\/jpeg"}],"author":"Jean Pierre BAWELA","twitter_card":"summary_large_image","twitter_misc":{"\u00c9crit par":"Jean Pierre BAWELA","Dur\u00e9e de lecture estim\u00e9e":"6 minutes"},"schema":{"@context":"https:\/\/schema.org","@graph":[{"@type":"Article","@id":"https:\/\/macite.tg\/?p=3419#article","isPartOf":{"@id":"https:\/\/macite.tg\/?p=3419"},"author":{"name":"Jean Pierre BAWELA","@id":"https:\/\/macite.tg\/#\/schema\/person\/e9f2de7e5dbbe7770a9402c7ce82f5c2"},"headline":"FONDS COVID : Les conclusions de la Cour des comptes pour l&rsquo;ann\u00e9e 2020","datePublished":"2023-02-08T10:04:34+00:00","dateModified":"2023-02-08T10:04:35+00:00","mainEntityOfPage":{"@id":"https:\/\/macite.tg\/?p=3419"},"wordCount":1120,"commentCount":0,"image":{"@id":"https:\/\/macite.tg\/?p=3419#primaryimage"},"thumbnailUrl":"https:\/\/macite.tg\/wp-content\/uploads\/2023\/02\/Cour-des-Comptes-togo.jpg","articleSection":["FINANCES"],"inLanguage":"fr-FR","potentialAction":[{"@type":"CommentAction","name":"Comment","target":["https:\/\/macite.tg\/?p=3419#respond"]}]},{"@type":"WebPage","@id":"https:\/\/macite.tg\/?p=3419","url":"https:\/\/macite.tg\/?p=3419","name":"FONDS COVID : Les conclusions de la Cour des comptes pour l'ann\u00e9e 2020 -","isPartOf":{"@id":"https:\/\/macite.tg\/#website"},"primaryImageOfPage":{"@id":"https:\/\/macite.tg\/?p=3419#primaryimage"},"image":{"@id":"https:\/\/macite.tg\/?p=3419#primaryimage"},"thumbnailUrl":"https:\/\/macite.tg\/wp-content\/uploads\/2023\/02\/Cour-des-Comptes-togo.jpg","datePublished":"2023-02-08T10:04:34+00:00","dateModified":"2023-02-08T10:04:35+00:00","author":{"@id":"https:\/\/macite.tg\/#\/schema\/person\/e9f2de7e5dbbe7770a9402c7ce82f5c2"},"breadcrumb":{"@id":"https:\/\/macite.tg\/?p=3419#breadcrumb"},"inLanguage":"fr-FR","potentialAction":[{"@type":"ReadAction","target":["https:\/\/macite.tg\/?p=3419"]}]},{"@type":"ImageObject","inLanguage":"fr-FR","@id":"https:\/\/macite.tg\/?p=3419#primaryimage","url":"https:\/\/macite.tg\/wp-content\/uploads\/2023\/02\/Cour-des-Comptes-togo.jpg","contentUrl":"https:\/\/macite.tg\/wp-content\/uploads\/2023\/02\/Cour-des-Comptes-togo.jpg","width":264,"height":191},{"@type":"BreadcrumbList","@id":"https:\/\/macite.tg\/?p=3419#breadcrumb","itemListElement":[{"@type":"ListItem","position":1,"name":"Accueil","item":"https:\/\/macite.tg\/"},{"@type":"ListItem","position":2,"name":"FONDS COVID : Les conclusions de la Cour des comptes pour l&rsquo;ann\u00e9e 2020"}]},{"@type":"WebSite","@id":"https:\/\/macite.tg\/#website","url":"https:\/\/macite.tg\/","name":"","description":"L&#039;information, la bonne!!!","potentialAction":[{"@type":"SearchAction","target":{"@type":"EntryPoint","urlTemplate":"https:\/\/macite.tg\/?s={search_term_string}"},"query-input":{"@type":"PropertyValueSpecification","valueRequired":true,"valueName":"search_term_string"}}],"inLanguage":"fr-FR"},{"@type":"Person","@id":"https:\/\/macite.tg\/#\/schema\/person\/e9f2de7e5dbbe7770a9402c7ce82f5c2","name":"Jean Pierre BAWELA","image":{"@type":"ImageObject","inLanguage":"fr-FR","@id":"https:\/\/macite.tg\/wp-content\/uploads\/2023\/09\/WhatsApp-Image-2023-09-19-at-14.44.41-122x122.jpeg","url":"https:\/\/macite.tg\/wp-content\/uploads\/2023\/09\/WhatsApp-Image-2023-09-19-at-14.44.41-122x122.jpeg","contentUrl":"https:\/\/macite.tg\/wp-content\/uploads\/2023\/09\/WhatsApp-Image-2023-09-19-at-14.44.41-122x122.jpeg","caption":"Jean Pierre BAWELA"},"url":"https:\/\/macite.tg\/?author=2"}]}},"_links":{"self":[{"href":"https:\/\/macite.tg\/index.php?rest_route=\/wp\/v2\/posts\/3419","targetHints":{"allow":["GET"]}}],"collection":[{"href":"https:\/\/macite.tg\/index.php?rest_route=\/wp\/v2\/posts"}],"about":[{"href":"https:\/\/macite.tg\/index.php?rest_route=\/wp\/v2\/types\/post"}],"author":[{"embeddable":true,"href":"https:\/\/macite.tg\/index.php?rest_route=\/wp\/v2\/users\/2"}],"replies":[{"embeddable":true,"href":"https:\/\/macite.tg\/index.php?rest_route=%2Fwp%2Fv2%2Fcomments&post=3419"}],"version-history":[{"count":0,"href":"https:\/\/macite.tg\/index.php?rest_route=\/wp\/v2\/posts\/3419\/revisions"}],"wp:featuredmedia":[{"embeddable":true,"href":"https:\/\/macite.tg\/index.php?rest_route=\/wp\/v2\/media\/3421"}],"wp:attachment":[{"href":"https:\/\/macite.tg\/index.php?rest_route=%2Fwp%2Fv2%2Fmedia&parent=3419"}],"wp:term":[{"taxonomy":"category","embeddable":true,"href":"https:\/\/macite.tg\/index.php?rest_route=%2Fwp%2Fv2%2Fcategories&post=3419"},{"taxonomy":"post_tag","embeddable":true,"href":"https:\/\/macite.tg\/index.php?rest_route=%2Fwp%2Fv2%2Ftags&post=3419"}],"curies":[{"name":"wp","href":"https:\/\/api.w.org\/{rel}","templated":true}]}}