{"id":3415,"date":"2023-02-07T16:55:28","date_gmt":"2023-02-07T16:55:28","guid":{"rendered":"https:\/\/macite.info\/?p=3415"},"modified":"2023-02-07T16:55:29","modified_gmt":"2023-02-07T16:55:29","slug":"annonces-souvenez-vous-dans-vos-prieres-de-nassini-gado-tchaisso","status":"publish","type":"post","link":"https:\/\/macite.tg\/?p=3415","title":{"rendered":"ANNONCES : Souvenez-vous dans vos pri\u00e8res de <strong>NASSINI Gado Tcha\u00efsso<\/strong>"},"content":{"rendered":"\n<p class=\"wp-block-paragraph\"><\/p>\n\n\n\n<p class=\"wp-block-paragraph\"><strong><em>La nouvelle a fait le tour du monde. Il a plus au Tr\u00e8s Haut de rappeler vers lui son serviteur Nassini Gado Tcha\u00efsso, PDG de la Soci\u00e9t\u00e9 \u00ab CCP\u00a0\u00bb, de la Galerie \u00ab\u00a0La Concorde\u00a0\u00bb et des H\u00f4tels \u00ab\u00a0La Concorde\u00a0\u00bb \u00e0 Lom\u00e9 et \u00e0 Kara, grand homme d&rsquo;affaires Entrepreneur, le lundi 09 janvier dernier. Il sera conduit dans sa derni\u00e8re demeure \u00e0 Solla, pr\u00e9fecture de la Binah, le samedi 11 f\u00e9vrier 2023.<\/em><\/strong> <em><strong>Il n&rsquo;avait que 63 ans<\/strong><\/em> !<\/p>\n\n\n<div class=\"wp-block-image\">\n<figure class=\"aligncenter size-large is-resized\"><img loading=\"lazy\" decoding=\"async\" src=\"https:\/\/macite.tg\/wp-content\/uploads\/2023\/01\/ANNONCES-1-1-1024x426.jpg\" alt=\"\" class=\"wp-image-3202\" width=\"719\" height=\"299\" srcset=\"https:\/\/macite.tg\/wp-content\/uploads\/2023\/01\/ANNONCES-1-1-1024x426.jpg 1024w, https:\/\/macite.tg\/wp-content\/uploads\/2023\/01\/ANNONCES-1-1-300x125.jpg 300w, https:\/\/macite.tg\/wp-content\/uploads\/2023\/01\/ANNONCES-1-1-768x319.jpg 768w, https:\/\/macite.tg\/wp-content\/uploads\/2023\/01\/ANNONCES-1-1.jpg 1080w\" sizes=\"auto, (max-width: 719px) 100vw, 719px\" \/><\/figure>\n<\/div>\n\n\n<h1 class=\"wp-block-heading\"><i class=\"fas fa-pencil-alt\"> <\/i><span>Annonce et remerciements&nbsp;<\/h1>\n\n\n\n<p class=\"wp-block-paragraph\">Le R\u00e9gent du Canton de Solla&nbsp;;<\/p>\n\n\n\n<p class=\"wp-block-paragraph\">Le Ministre de l\u2019\u00c9conomie et des Finances ;<\/p>\n\n\n\n<p class=\"wp-block-paragraph\">Le Ministre du Commerce, de l\u2019Industrie et de la Consommation Locale&nbsp;;<\/p>\n\n\n\n<p class=\"wp-block-paragraph\">Le Parti Union pour la R\u00e9publique (UNIR)&nbsp;;<\/p>\n\n\n\n<p class=\"wp-block-paragraph\"><strong>La famille NASSINI<\/strong> \u00e0 Solla, \u00e0 Kara, \u00e0 Lom\u00e9, au Gabon, en France, au Canada et aux USA&nbsp;;<\/p>\n\n\n\n<p class=\"wp-block-paragraph\"><strong>La famille NOUHOUM<\/strong> \u00e0 Solla, Datcha, Atakpam\u00e9 et \u00e0 Lom\u00e9&nbsp;;<\/p>\n\n\n\n<p class=\"wp-block-paragraph\"><strong>Veuve NASSINI-PAYAKELE Dorcas B\u00e9r\u00e9tchissou<\/strong>, Op\u00e9rateur \u00e9conomique et les enfants, \u00e0 Lom\u00e9 et aux USA&nbsp;;<\/p>\n\n\n\n<p class=\"wp-block-paragraph\"><strong>Les familles parentes, alli\u00e9es et amies,<\/strong><\/p>\n\n\n\n<p class=\"wp-block-paragraph\">Ont la profonde douleur de vous annoncer le rappel \u00e0 Dieu de leur tr\u00e8s cher et&nbsp;regrett\u00e9 :&nbsp;&nbsp;&nbsp;&nbsp;&nbsp;&nbsp;&nbsp;<\/p>\n\n\n\n<p class=\"has-text-align-center wp-block-paragraph\"><strong>NASSINI Gado Tcha\u00efsso<\/strong><\/p>\n\n\n\n<p class=\"has-text-align-center wp-block-paragraph\"><strong>\u00a0PDG de la Soci\u00e9t\u00e9 \u00ab CCP\u00a0\u00bb, de la Galerie \u00ab\u00a0La Concorde\u00a0\u00bb et des H\u00f4tels \u00ab\u00a0La Concorde\u00a0\u00bb \u00e0 Lom\u00e9 et \u00e0 Kara,<\/strong> <strong>Entrepreneur et Grand Homme d\u2019affaires,<\/strong><\/p>\n\n\n\n<p class=\"has-text-align-center wp-block-paragraph\"><strong>Endormi dans le Seigneur \u00e0 la Clinique BIASA le lundi 09 janvier 2023<\/strong>, <strong>\u00e0 l\u2019\u00e2ge de 63 ans<\/strong><\/p>\n\n\n\n<p class=\"wp-block-paragraph\">Ils vous renouvellent leurs sinc\u00e8res remerciements pour vos diverses marques de sympathie et d\u2019affection que vous leur avez t\u00e9moign\u00e9es et vous prient de bien vouloir assister ou de vous unir d\u2019intention aux obs\u00e8ques qui se d\u00e9rouleront selon le programme ci-apr\u00e8s&nbsp;:<\/p>\n\n\n\n<p class=\"has-text-align-center wp-block-paragraph\"><strong>Programme<\/strong><\/p>\n\n\n\n<p class=\"wp-block-paragraph\"><strong><u>Mercredi 8 f\u00e9vrier 2023 \u00e0 Lom\u00e9<\/u><\/strong><\/p>\n\n\n\n<p class=\"wp-block-paragraph\">18&nbsp;h \u00e0 20 h: Veill\u00e9e de pri\u00e8res et de chants en l\u2019Eglise des Assembl\u00e9es de Dieu d\u2019Atikoum\u00e9 (ESTAO)<\/p>\n\n\n\n<p class=\"wp-block-paragraph\"><strong><u>Vendredi 10 f\u00e9vrier 2023 \u00e0 Solla (Pr\u00e9fecture de la Binah)<\/u><\/strong><\/p>\n\n\n\n<p class=\"wp-block-paragraph\">18&nbsp;h \u00e0 20 h: Veill\u00e9e de pri\u00e8res et de chants \u00e0 l\u2019EPP Solla-Ville<\/p>\n\n\n\n<p class=\"wp-block-paragraph\"><strong><u>Samedi 11 f\u00e9vrier 2023<\/u><\/strong><\/p>\n\n\n\n<p class=\"wp-block-paragraph\">8 h 30: Culte d\u2019enterrement suivi de l\u2019inhumation<\/p>\n\n\n\n<p class=\"wp-block-paragraph\"><strong><u>Dimanche 12 f\u00e9vrier 2023<\/u><\/strong><\/p>\n\n\n\n<p class=\"wp-block-paragraph\">8h 00: Messe d\u2019action de gr\u00e2ce, suivie de sortie de deuil.<\/p>\n\n\n\n<p class=\"wp-block-paragraph\"><strong>NB&nbsp;: Les salutations \u00e0 la famille sont re\u00e7ues \u00e0 Lom\u00e9 du 04 au 07 f\u00e9vrier 2023 \u00e0 la maison mortuaire entre 17 H 30 et 19 H 30.<\/strong><\/p>\n\n\n\n<p class=\"wp-block-paragraph\"><strong><u>Maison Mortuaire<\/u><\/strong><strong>&nbsp;:<\/strong><\/p>\n\n\n\n<p class=\"wp-block-paragraph\">Maison NASSINI, non loin de la Paroisse St Augustin de Solla-Ville<\/p>\n\n\n\n<p class=\"wp-block-paragraph\"><em><u>NB&nbsp;:<\/u><\/em><em> Les obs\u00e8ques se d\u00e9rouleront dans le strict respect des mesures barri\u00e8res contre le COVID19<\/em><\/p>\n\n\n\n<p class=\"wp-block-paragraph\"><strong><em>@macite.info<\/em><\/strong><\/p>\n\n\n\n<p class=\"wp-block-paragraph\"><strong><em>E-mail&nbsp;: <\/em><\/strong><a href=\"mailto:maciteinfo@gmail.com\"><strong><em>maciteinfo@gmail.com<\/em><\/strong><\/a><strong><em>; <\/em><\/strong><a href=\"mailto:bawela1@gmail.com\"><strong><em>bawela1@gmail.com<\/em><\/strong><\/a><strong><em><\/em><\/strong><\/p>\n\n\n\n<p class=\"wp-block-paragraph\"><strong><em>Pour vos annonces, (publi)reportages, etc., joignez nous au (00228)91515309\/<strong>79872224<\/strong><\/em><\/strong><em><\/em><\/p>\n\n\n\n<p class=\"wp-block-paragraph\"><a href=\"http:\/\/www.macite.info\"><strong><em>www.macite.info<\/em><\/strong><\/a><strong><em>, L\u2019information, la bonne&nbsp;!<\/em><\/strong><\/p>\n","protected":false},"excerpt":{"rendered":"<p class=\"text-justify mb-2\" >La nouvelle a fait le tour du monde. Il a plus au Tr\u00e8s Haut de rappeler vers lui son serviteur Nassini Gado Tcha\u00efsso, PDG de la Soci\u00e9t\u00e9 \u00ab CCP\u00a0\u00bb, de la Galerie \u00ab\u00a0La Concorde\u00a0\u00bb et des H\u00f4tels \u00ab\u00a0La Concorde\u00a0\u00bb \u00e0 Lom\u00e9 et \u00e0 Kara, grand [&hellip;]<\/p>\n","protected":false},"author":2,"featured_media":3417,"comment_status":"open","ping_status":"open","sticky":false,"template":"","format":"standard","meta":{"footnotes":""},"categories":[20,31],"tags":[],"class_list":["post-3415","post","type-post","status-publish","format-standard","has-post-thumbnail","hentry","category-actualite","category-annonce"],"yoast_head":"<!-- This site is optimized with the Yoast SEO plugin v28.4 - https:\/\/yoast.com\/product\/yoast-seo-wordpress\/ -->\n<title>ANNONCES : Souvenez-vous dans vos pri\u00e8res de NASSINI Gado Tcha\u00efsso -<\/title>\n<meta name=\"robots\" content=\"index, follow, max-snippet:-1, max-image-preview:large, max-video-preview:-1\" \/>\n<link rel=\"canonical\" href=\"https:\/\/macite.tg\/?p=3415\" \/>\n<meta property=\"og:locale\" content=\"fr_FR\" \/>\n<meta property=\"og:type\" content=\"article\" \/>\n<meta property=\"og:title\" content=\"ANNONCES : Souvenez-vous dans vos pri\u00e8res de NASSINI Gado Tcha\u00efsso -\" \/>\n<meta property=\"og:description\" content=\"La nouvelle a fait le tour du monde. Il a plus au Tr\u00e8s Haut de rappeler vers lui son serviteur Nassini Gado Tcha\u00efsso, PDG de la Soci\u00e9t\u00e9 \u00ab CCP\u00a0\u00bb, de la Galerie \u00ab\u00a0La Concorde\u00a0\u00bb et des H\u00f4tels \u00ab\u00a0La Concorde\u00a0\u00bb \u00e0 Lom\u00e9 et \u00e0 Kara, grand [&hellip;]\" \/>\n<meta property=\"og:url\" content=\"https:\/\/macite.tg\/?p=3415\" \/>\n<meta property=\"article:published_time\" content=\"2023-02-07T16:55:28+00:00\" \/>\n<meta property=\"article:modified_time\" content=\"2023-02-07T16:55:29+00:00\" \/>\n<meta property=\"og:image\" content=\"https:\/\/macite.tg\/wp-content\/uploads\/2023\/02\/IMG-20230205-WA0146.jpg\" \/>\n\t<meta property=\"og:image:width\" content=\"1080\" \/>\n\t<meta property=\"og:image:height\" content=\"846\" \/>\n\t<meta property=\"og:image:type\" content=\"image\/jpeg\" \/>\n<meta name=\"author\" content=\"Jean Pierre BAWELA\" \/>\n<meta name=\"twitter:card\" content=\"summary_large_image\" \/>\n<meta name=\"twitter:label1\" content=\"\u00c9crit par\" \/>\n\t<meta name=\"twitter:data1\" content=\"Jean Pierre BAWELA\" \/>\n\t<meta name=\"twitter:label2\" content=\"Dur\u00e9e de lecture estim\u00e9e\" \/>\n\t<meta name=\"twitter:data2\" content=\"3 minutes\" \/>\n<script type=\"application\/ld+json\" class=\"yoast-schema-graph\">{\"@context\":\"https:\\\/\\\/schema.org\",\"@graph\":[{\"@type\":\"Article\",\"@id\":\"https:\\\/\\\/macite.tg\\\/?p=3415#article\",\"isPartOf\":{\"@id\":\"https:\\\/\\\/macite.tg\\\/?p=3415\"},\"author\":{\"name\":\"Jean Pierre BAWELA\",\"@id\":\"https:\\\/\\\/macite.tg\\\/#\\\/schema\\\/person\\\/e9f2de7e5dbbe7770a9402c7ce82f5c2\"},\"headline\":\"ANNONCES : Souvenez-vous dans vos pri\u00e8res de NASSINI Gado Tcha\u00efsso\",\"datePublished\":\"2023-02-07T16:55:28+00:00\",\"dateModified\":\"2023-02-07T16:55:29+00:00\",\"mainEntityOfPage\":{\"@id\":\"https:\\\/\\\/macite.tg\\\/?p=3415\"},\"wordCount\":454,\"commentCount\":0,\"image\":{\"@id\":\"https:\\\/\\\/macite.tg\\\/?p=3415#primaryimage\"},\"thumbnailUrl\":\"https:\\\/\\\/macite.tg\\\/wp-content\\\/uploads\\\/2023\\\/02\\\/IMG-20230205-WA0146.jpg\",\"articleSection\":[\"ACTUALITE\",\"ANNONCE\"],\"inLanguage\":\"fr-FR\",\"potentialAction\":[{\"@type\":\"CommentAction\",\"name\":\"Comment\",\"target\":[\"https:\\\/\\\/macite.tg\\\/?p=3415#respond\"]}]},{\"@type\":\"WebPage\",\"@id\":\"https:\\\/\\\/macite.tg\\\/?p=3415\",\"url\":\"https:\\\/\\\/macite.tg\\\/?p=3415\",\"name\":\"ANNONCES : Souvenez-vous dans vos pri\u00e8res de NASSINI Gado Tcha\u00efsso -\",\"isPartOf\":{\"@id\":\"https:\\\/\\\/macite.tg\\\/#website\"},\"primaryImageOfPage\":{\"@id\":\"https:\\\/\\\/macite.tg\\\/?p=3415#primaryimage\"},\"image\":{\"@id\":\"https:\\\/\\\/macite.tg\\\/?p=3415#primaryimage\"},\"thumbnailUrl\":\"https:\\\/\\\/macite.tg\\\/wp-content\\\/uploads\\\/2023\\\/02\\\/IMG-20230205-WA0146.jpg\",\"datePublished\":\"2023-02-07T16:55:28+00:00\",\"dateModified\":\"2023-02-07T16:55:29+00:00\",\"author\":{\"@id\":\"https:\\\/\\\/macite.tg\\\/#\\\/schema\\\/person\\\/e9f2de7e5dbbe7770a9402c7ce82f5c2\"},\"breadcrumb\":{\"@id\":\"https:\\\/\\\/macite.tg\\\/?p=3415#breadcrumb\"},\"inLanguage\":\"fr-FR\",\"potentialAction\":[{\"@type\":\"ReadAction\",\"target\":[\"https:\\\/\\\/macite.tg\\\/?p=3415\"]}]},{\"@type\":\"ImageObject\",\"inLanguage\":\"fr-FR\",\"@id\":\"https:\\\/\\\/macite.tg\\\/?p=3415#primaryimage\",\"url\":\"https:\\\/\\\/macite.tg\\\/wp-content\\\/uploads\\\/2023\\\/02\\\/IMG-20230205-WA0146.jpg\",\"contentUrl\":\"https:\\\/\\\/macite.tg\\\/wp-content\\\/uploads\\\/2023\\\/02\\\/IMG-20230205-WA0146.jpg\",\"width\":1080,\"height\":846},{\"@type\":\"BreadcrumbList\",\"@id\":\"https:\\\/\\\/macite.tg\\\/?p=3415#breadcrumb\",\"itemListElement\":[{\"@type\":\"ListItem\",\"position\":1,\"name\":\"Accueil\",\"item\":\"https:\\\/\\\/macite.tg\\\/\"},{\"@type\":\"ListItem\",\"position\":2,\"name\":\"ANNONCES : Souvenez-vous dans vos pri\u00e8res de NASSINI Gado Tcha\u00efsso\"}]},{\"@type\":\"WebSite\",\"@id\":\"https:\\\/\\\/macite.tg\\\/#website\",\"url\":\"https:\\\/\\\/macite.tg\\\/\",\"name\":\"\",\"description\":\"L&#039;information, la bonne!!!\",\"potentialAction\":[{\"@type\":\"SearchAction\",\"target\":{\"@type\":\"EntryPoint\",\"urlTemplate\":\"https:\\\/\\\/macite.tg\\\/?s={search_term_string}\"},\"query-input\":{\"@type\":\"PropertyValueSpecification\",\"valueRequired\":true,\"valueName\":\"search_term_string\"}}],\"inLanguage\":\"fr-FR\"},{\"@type\":\"Person\",\"@id\":\"https:\\\/\\\/macite.tg\\\/#\\\/schema\\\/person\\\/e9f2de7e5dbbe7770a9402c7ce82f5c2\",\"name\":\"Jean Pierre BAWELA\",\"image\":{\"@type\":\"ImageObject\",\"inLanguage\":\"fr-FR\",\"@id\":\"https:\\\/\\\/macite.tg\\\/wp-content\\\/uploads\\\/2023\\\/09\\\/WhatsApp-Image-2023-09-19-at-14.44.41-122x122.jpeg\",\"url\":\"https:\\\/\\\/macite.tg\\\/wp-content\\\/uploads\\\/2023\\\/09\\\/WhatsApp-Image-2023-09-19-at-14.44.41-122x122.jpeg\",\"contentUrl\":\"https:\\\/\\\/macite.tg\\\/wp-content\\\/uploads\\\/2023\\\/09\\\/WhatsApp-Image-2023-09-19-at-14.44.41-122x122.jpeg\",\"caption\":\"Jean Pierre BAWELA\"},\"url\":\"https:\\\/\\\/macite.tg\\\/?author=2\"}]}<\/script>\n<!-- \/ Yoast SEO plugin. -->","yoast_head_json":{"title":"ANNONCES : Souvenez-vous dans vos pri\u00e8res de NASSINI Gado Tcha\u00efsso -","robots":{"index":"index","follow":"follow","max-snippet":"max-snippet:-1","max-image-preview":"max-image-preview:large","max-video-preview":"max-video-preview:-1"},"canonical":"https:\/\/macite.tg\/?p=3415","og_locale":"fr_FR","og_type":"article","og_title":"ANNONCES : Souvenez-vous dans vos pri\u00e8res de NASSINI Gado Tcha\u00efsso -","og_description":"La nouvelle a fait le tour du monde. Il a plus au Tr\u00e8s Haut de rappeler vers lui son serviteur Nassini Gado Tcha\u00efsso, PDG de la Soci\u00e9t\u00e9 \u00ab CCP\u00a0\u00bb, de la Galerie \u00ab\u00a0La Concorde\u00a0\u00bb et des H\u00f4tels \u00ab\u00a0La Concorde\u00a0\u00bb \u00e0 Lom\u00e9 et \u00e0 Kara, grand [&hellip;]","og_url":"https:\/\/macite.tg\/?p=3415","article_published_time":"2023-02-07T16:55:28+00:00","article_modified_time":"2023-02-07T16:55:29+00:00","og_image":[{"width":1080,"height":846,"url":"https:\/\/macite.tg\/wp-content\/uploads\/2023\/02\/IMG-20230205-WA0146.jpg","type":"image\/jpeg"}],"author":"Jean Pierre BAWELA","twitter_card":"summary_large_image","twitter_misc":{"\u00c9crit par":"Jean Pierre BAWELA","Dur\u00e9e de lecture estim\u00e9e":"3 minutes"},"schema":{"@context":"https:\/\/schema.org","@graph":[{"@type":"Article","@id":"https:\/\/macite.tg\/?p=3415#article","isPartOf":{"@id":"https:\/\/macite.tg\/?p=3415"},"author":{"name":"Jean Pierre BAWELA","@id":"https:\/\/macite.tg\/#\/schema\/person\/e9f2de7e5dbbe7770a9402c7ce82f5c2"},"headline":"ANNONCES : Souvenez-vous dans vos pri\u00e8res de NASSINI Gado Tcha\u00efsso","datePublished":"2023-02-07T16:55:28+00:00","dateModified":"2023-02-07T16:55:29+00:00","mainEntityOfPage":{"@id":"https:\/\/macite.tg\/?p=3415"},"wordCount":454,"commentCount":0,"image":{"@id":"https:\/\/macite.tg\/?p=3415#primaryimage"},"thumbnailUrl":"https:\/\/macite.tg\/wp-content\/uploads\/2023\/02\/IMG-20230205-WA0146.jpg","articleSection":["ACTUALITE","ANNONCE"],"inLanguage":"fr-FR","potentialAction":[{"@type":"CommentAction","name":"Comment","target":["https:\/\/macite.tg\/?p=3415#respond"]}]},{"@type":"WebPage","@id":"https:\/\/macite.tg\/?p=3415","url":"https:\/\/macite.tg\/?p=3415","name":"ANNONCES : Souvenez-vous dans vos pri\u00e8res de NASSINI Gado Tcha\u00efsso -","isPartOf":{"@id":"https:\/\/macite.tg\/#website"},"primaryImageOfPage":{"@id":"https:\/\/macite.tg\/?p=3415#primaryimage"},"image":{"@id":"https:\/\/macite.tg\/?p=3415#primaryimage"},"thumbnailUrl":"https:\/\/macite.tg\/wp-content\/uploads\/2023\/02\/IMG-20230205-WA0146.jpg","datePublished":"2023-02-07T16:55:28+00:00","dateModified":"2023-02-07T16:55:29+00:00","author":{"@id":"https:\/\/macite.tg\/#\/schema\/person\/e9f2de7e5dbbe7770a9402c7ce82f5c2"},"breadcrumb":{"@id":"https:\/\/macite.tg\/?p=3415#breadcrumb"},"inLanguage":"fr-FR","potentialAction":[{"@type":"ReadAction","target":["https:\/\/macite.tg\/?p=3415"]}]},{"@type":"ImageObject","inLanguage":"fr-FR","@id":"https:\/\/macite.tg\/?p=3415#primaryimage","url":"https:\/\/macite.tg\/wp-content\/uploads\/2023\/02\/IMG-20230205-WA0146.jpg","contentUrl":"https:\/\/macite.tg\/wp-content\/uploads\/2023\/02\/IMG-20230205-WA0146.jpg","width":1080,"height":846},{"@type":"BreadcrumbList","@id":"https:\/\/macite.tg\/?p=3415#breadcrumb","itemListElement":[{"@type":"ListItem","position":1,"name":"Accueil","item":"https:\/\/macite.tg\/"},{"@type":"ListItem","position":2,"name":"ANNONCES : Souvenez-vous dans vos pri\u00e8res de NASSINI Gado Tcha\u00efsso"}]},{"@type":"WebSite","@id":"https:\/\/macite.tg\/#website","url":"https:\/\/macite.tg\/","name":"","description":"L&#039;information, la bonne!!!","potentialAction":[{"@type":"SearchAction","target":{"@type":"EntryPoint","urlTemplate":"https:\/\/macite.tg\/?s={search_term_string}"},"query-input":{"@type":"PropertyValueSpecification","valueRequired":true,"valueName":"search_term_string"}}],"inLanguage":"fr-FR"},{"@type":"Person","@id":"https:\/\/macite.tg\/#\/schema\/person\/e9f2de7e5dbbe7770a9402c7ce82f5c2","name":"Jean Pierre BAWELA","image":{"@type":"ImageObject","inLanguage":"fr-FR","@id":"https:\/\/macite.tg\/wp-content\/uploads\/2023\/09\/WhatsApp-Image-2023-09-19-at-14.44.41-122x122.jpeg","url":"https:\/\/macite.tg\/wp-content\/uploads\/2023\/09\/WhatsApp-Image-2023-09-19-at-14.44.41-122x122.jpeg","contentUrl":"https:\/\/macite.tg\/wp-content\/uploads\/2023\/09\/WhatsApp-Image-2023-09-19-at-14.44.41-122x122.jpeg","caption":"Jean Pierre BAWELA"},"url":"https:\/\/macite.tg\/?author=2"}]}},"_links":{"self":[{"href":"https:\/\/macite.tg\/index.php?rest_route=\/wp\/v2\/posts\/3415","targetHints":{"allow":["GET"]}}],"collection":[{"href":"https:\/\/macite.tg\/index.php?rest_route=\/wp\/v2\/posts"}],"about":[{"href":"https:\/\/macite.tg\/index.php?rest_route=\/wp\/v2\/types\/post"}],"author":[{"embeddable":true,"href":"https:\/\/macite.tg\/index.php?rest_route=\/wp\/v2\/users\/2"}],"replies":[{"embeddable":true,"href":"https:\/\/macite.tg\/index.php?rest_route=%2Fwp%2Fv2%2Fcomments&post=3415"}],"version-history":[{"count":0,"href":"https:\/\/macite.tg\/index.php?rest_route=\/wp\/v2\/posts\/3415\/revisions"}],"wp:featuredmedia":[{"embeddable":true,"href":"https:\/\/macite.tg\/index.php?rest_route=\/wp\/v2\/media\/3417"}],"wp:attachment":[{"href":"https:\/\/macite.tg\/index.php?rest_route=%2Fwp%2Fv2%2Fmedia&parent=3415"}],"wp:term":[{"taxonomy":"category","embeddable":true,"href":"https:\/\/macite.tg\/index.php?rest_route=%2Fwp%2Fv2%2Fcategories&post=3415"},{"taxonomy":"post_tag","embeddable":true,"href":"https:\/\/macite.tg\/index.php?rest_route=%2Fwp%2Fv2%2Ftags&post=3415"}],"curies":[{"name":"wp","href":"https:\/\/api.w.org\/{rel}","templated":true}]}}