{"id":3411,"date":"2023-02-07T16:33:13","date_gmt":"2023-02-07T16:33:13","guid":{"rendered":"https:\/\/macite.info\/?p=3411"},"modified":"2023-02-09T13:12:55","modified_gmt":"2023-02-09T13:12:55","slug":"marathon-international-de-la-paix-de-lome-acte-2-dr-lidi-bessi-kama-donne-le-ton-des-activites-a-kara","status":"publish","type":"post","link":"https:\/\/macite.tg\/?p=3411","title":{"rendered":"MARATHON INTERNATIONAL DE LA PAIX DE LOM\u00c9, ACTE 2 : Dr Lidi Bessi-Kama donne le ton des activit\u00e9s \u00e0 Kara"},"content":{"rendered":"\n<p class=\"wp-block-paragraph\"><\/p>\n\n\n\n<p class=\"wp-block-paragraph\"><strong><em>L\u2019\u00e9dition 2 du Marathon international de la Paix de Lom\u00e9 aura lieu en d\u00e9cembre prochain. L\u2019annonce a \u00e9t\u00e9 faite, le 4 f\u00e9vrier 2023, \u00e0 Kara (ville situ\u00e9e 420 Km de Lom\u00e9), au cours d\u2019une conf\u00e9rence de presse. \u00abLe climat, notre priorit\u00e9 \u00bb, tel est le th\u00e8me de l\u2019\u00e9dition 2023, dont le lancement a \u00e9t\u00e9 co-anim\u00e9e par le promoteur de l\u2019\u00e9v\u00e8nement, Latif Agoro K\u00e9rim-Dik\u00e9ni et la ministre des Sports et des loisirs, Dr Lidi B\u00e9ssi-Kama.<\/em><\/strong><\/p>\n\n\n\n<p class=\"wp-block-paragraph\">L\u2019agence Tendances Events a lanc\u00e9, le 04 f\u00e9vrier dernier, \u00e0 Kara, l\u2019acte 2 du Marathon international de la paix de Lom\u00e9, qui aura lieu le 02 d\u00e9cembre 2023 dans la capitale togolaise. C\u2019\u00e9tait au cours d\u2019une conf\u00e9rence de presse co-anim\u00e9e par le promoteur de l\u2019\u00e9v\u00e8nement, Latif Agoro K\u00e9rim-Dik\u00e9ni et la ministre des Sports et des loisirs, Dr Lidi B\u00e9ssi-Kama. <\/p>\n\n\n\n<p class=\"wp-block-paragraph\">L\u2019acte 2 de cet \u00e9v\u00e9nement grandeur nature, qui va se d\u00e9rouler autour du th\u00e8me \u00ab\u00a0Le climat, notre priorit\u00e9\u00a0\u00bb, verra la participation des athl\u00e8tes de divers pays. Ils viendront d\u2019Allemagne, du B\u00e9nin, du Burkina Faso, du Cameroun, du Canada, de l\u2019Ethiopie, de la France, du Ghana, du Kenya, des Etats-Unis d\u2019Am\u00e9rique et du Togo. Au menu de cette \u00e9dition, des s\u00e9ances de sensibilisation, des courses, et des marches de 5 Km, 10 Km, 21 Km et 42 Km, dot\u00e9es de prix.<\/p>\n\n\n<div class=\"wp-block-image\">\n<figure class=\"aligncenter size-full is-resized\"><img loading=\"lazy\" decoding=\"async\" src=\"https:\/\/macite.tg\/wp-content\/uploads\/2023\/02\/IMG-20230207-WA0066.jpg\" alt=\"\" class=\"wp-image-3413\" width=\"618\" height=\"412\" srcset=\"https:\/\/macite.tg\/wp-content\/uploads\/2023\/02\/IMG-20230207-WA0066.jpg 1024w, https:\/\/macite.tg\/wp-content\/uploads\/2023\/02\/IMG-20230207-WA0066-300x200.jpg 300w, https:\/\/macite.tg\/wp-content\/uploads\/2023\/02\/IMG-20230207-WA0066-768x512.jpg 768w, https:\/\/macite.tg\/wp-content\/uploads\/2023\/02\/IMG-20230207-WA0066-650x434.jpg 650w, https:\/\/macite.tg\/wp-content\/uploads\/2023\/02\/IMG-20230207-WA0066-730x487.jpg 730w, https:\/\/macite.tg\/wp-content\/uploads\/2023\/02\/IMG-20230207-WA0066-112x75.jpg 112w, https:\/\/macite.tg\/wp-content\/uploads\/2023\/02\/IMG-20230207-WA0066-425x283.jpg 425w, https:\/\/macite.tg\/wp-content\/uploads\/2023\/02\/IMG-20230207-WA0066-430x287.jpg 430w\" sizes=\"auto, (max-width: 618px) 100vw, 618px\" \/><figcaption class=\"wp-element-caption\"><strong><em>Une caravane, \u00e0 travers la ville de Kara, a permis d&rsquo;annoncer la tenue prochaine de l&rsquo;\u00e9v\u00e9nement.<\/em><\/strong><\/figcaption><\/figure>\n<\/div>\n\n\n<p class=\"wp-block-paragraph\">Le monde est \u00e0 une \u00e9poque cruciale pour l\u2019avenir de la plan\u00e8te terre, caract\u00e9ris\u00e9e par le changement climatique et ses cons\u00e9quences n\u00e9gatives telles que la destruction de la biodiversit\u00e9, la d\u00e9t\u00e9rioration de la qualit\u00e9 de l\u2019\u00e9cosyst\u00e8me, les perturbations saisonni\u00e8res, l\u2019\u00e9rosion c\u00f4ti\u00e8re, etc.<\/p>\n\n\n\n<p class=\"wp-block-paragraph\">Pour relever ces d\u00e9fis, le gouvernement togolais prend des initiatives pour pr\u00e9server l\u2019environnement et le cadre de vie de ses citoyens, contribuant ainsi \u00e0 l\u2019effort mondial de la qu\u00eate d\u2019un d\u00e9veloppement durable. Le directeur de <em>\u00ab Tendances Events \u00bb,<\/em> a appel\u00e9 \u00e0 soutenir les efforts du gouvernement dans ce sens.<\/p>\n\n\n\n<p class=\"wp-block-paragraph\"><em>\u00ab C\u2019est pourquoi, Tendances Events voudrait placer la deuxi\u00e8me \u00e9dition du marathon international de la paix de Lom\u00e9 \u00e0 la question de la protection de l\u2019environnement, sous le th\u00e8me: \u00ab Le climat, notre priorit\u00e9 \u00bb,<\/em> a expliqu\u00e9 Latif Agoro K\u00e9rim-Dik\u00e9ni. Pour lui, cet \u00e9v\u00e8nement vise, dit-il, \u00e0 contribuer, par le sport populaire, \u00e0 la consolidation de la paix, de la coh\u00e9sion sociale, du vivre ensemble et de sensibiliser les populations sur les bonnes actions \u00e0 mener pour lutter contre les perturbations climatiques li\u00e9es \u00e0 l\u2019action humaine.<\/p>\n\n\n\n<p class=\"wp-block-paragraph\"><em>\u00abLes enjeux de cette 2\u00e8me \u00e9dition sont immenses au regard des activit\u00e9s inscrites au programme. Nous saurons encore montrer la vitrine \u00ab 228 \u00bb et d\u00e9j\u00e0 il y a beaucoup d\u2019athl\u00e8tes internationaux qui s\u2019annoncent et nous esp\u00e9rons \u00eatre \u00e0 la hauteur\u00bb,<\/em> a indiqu\u00e9 le promoteur.<\/p>\n\n\n<div class=\"wp-block-image\">\n<figure class=\"aligncenter size-large is-resized\"><img loading=\"lazy\" decoding=\"async\" src=\"https:\/\/macite.tg\/wp-content\/uploads\/2023\/01\/ANNONCES-1-1-1024x426.jpg\" alt=\"\" class=\"wp-image-3202\" width=\"749\" height=\"311\" srcset=\"https:\/\/macite.tg\/wp-content\/uploads\/2023\/01\/ANNONCES-1-1-1024x426.jpg 1024w, https:\/\/macite.tg\/wp-content\/uploads\/2023\/01\/ANNONCES-1-1-300x125.jpg 300w, https:\/\/macite.tg\/wp-content\/uploads\/2023\/01\/ANNONCES-1-1-768x319.jpg 768w, https:\/\/macite.tg\/wp-content\/uploads\/2023\/01\/ANNONCES-1-1.jpg 1080w\" sizes=\"auto, (max-width: 749px) 100vw, 749px\" \/><\/figure>\n<\/div>\n\n\n<p class=\"wp-block-paragraph\">Notons que la premi\u00e8re \u00e9dition a connu, selon le promoteur, un franc succ\u00e8s, avec la participation de nombreux athl\u00e8tes venus des quatre coins du monde. Le Togo a m\u00eame eu une m\u00e9daille d\u2019Argent au 42 kilom\u00e8tres dames internationales, remport\u00e9e par Anaming M\u00e8h\u00e8za.<\/p>\n\n\n\n<p class=\"wp-block-paragraph\">Cette rencontre a \u00e9t\u00e9 une occasion pour la ministre Bessi-Kama de rappeler que le sport, en g\u00e9n\u00e9ral, est une r\u00e9elle pr\u00e9occupation du gouvernement qui ambitionne de l\u2019exploiter pour asseoir une \u00e9conomie sportive forte, en vue de contribuer \u00e0 l\u2019\u00e9mergence du Togo. La ministre des Sports, la premi\u00e8re \u00e9dition a contribu\u00e9 \u00e0 poser, aux c\u00f4t\u00e9s des actions gouvernementales, les jalons marquant la diplomatie sportive togolaise. Elle a invit\u00e9 les uns et les autres, <em>\u00ab&nbsp;\u00e0 saisir la pratique de l\u2019athl\u00e9tisme pour renforcer le vivre ensemble et b\u00e2tir une soci\u00e9t\u00e9 paisible&nbsp;\u00bb<\/em>.<\/p>\n\n\n\n<p class=\"wp-block-paragraph\"><strong><em>@macite.info<\/em><\/strong><\/p>\n\n\n\n<p class=\"wp-block-paragraph\"><strong><em>E-mail&nbsp;: <\/em><\/strong><a href=\"mailto:maciteinfo@gmail.com\"><strong><em>maciteinfo@gmail.com<\/em><\/strong><\/a><strong><em>; <\/em><\/strong><a href=\"mailto:bawela1@gmail.com\"><strong><em>bawela1@gmail.com<\/em><\/strong><\/a><strong><em><\/em><\/strong><\/p>\n\n\n\n<p class=\"wp-block-paragraph\"><strong><em>Pour vos annonces, (publi)reportages, etc., joignez nous au (00228)91515309\/<strong>79872224<\/strong><\/em><\/strong><em><\/em><\/p>\n\n\n\n<p class=\"wp-block-paragraph\"><a href=\"http:\/\/www.macite.info\"><strong><em>www.macite.info<\/em><\/strong><\/a><strong><em>, L\u2019information, la bonne&nbsp;!<\/em><\/strong><\/p>\n","protected":false},"excerpt":{"rendered":"<p class=\"text-justify mb-2\" >L\u2019\u00e9dition 2 du Marathon international de la Paix de Lom\u00e9 aura lieu en d\u00e9cembre prochain. L\u2019annonce a \u00e9t\u00e9 faite, le 4 f\u00e9vrier 2023, \u00e0 Kara (ville situ\u00e9e 420 Km de Lom\u00e9), au cours d\u2019une conf\u00e9rence de presse. \u00abLe climat, notre priorit\u00e9 \u00bb, tel est le [&hellip;]<\/p>\n","protected":false},"author":2,"featured_media":3412,"comment_status":"open","ping_status":"open","sticky":false,"template":"","format":"standard","meta":{"footnotes":""},"categories":[7],"tags":[],"class_list":["post-3411","post","type-post","status-publish","format-standard","has-post-thumbnail","hentry","category-sports"],"yoast_head":"<!-- This site is optimized with the Yoast SEO plugin v28.4 - https:\/\/yoast.com\/product\/yoast-seo-wordpress\/ -->\n<title>MARATHON INTERNATIONAL DE LA PAIX DE LOM\u00c9, ACTE 2 : Dr Lidi Bessi-Kama donne le ton des activit\u00e9s \u00e0 Kara -<\/title>\n<meta name=\"robots\" content=\"index, follow, max-snippet:-1, max-image-preview:large, max-video-preview:-1\" \/>\n<link rel=\"canonical\" href=\"https:\/\/macite.tg\/?p=3411\" \/>\n<meta property=\"og:locale\" content=\"fr_FR\" \/>\n<meta property=\"og:type\" content=\"article\" \/>\n<meta property=\"og:title\" content=\"MARATHON INTERNATIONAL DE LA PAIX DE LOM\u00c9, ACTE 2 : Dr Lidi Bessi-Kama donne le ton des activit\u00e9s \u00e0 Kara -\" \/>\n<meta property=\"og:description\" content=\"L\u2019\u00e9dition 2 du Marathon international de la Paix de Lom\u00e9 aura lieu en d\u00e9cembre prochain. L\u2019annonce a \u00e9t\u00e9 faite, le 4 f\u00e9vrier 2023, \u00e0 Kara (ville situ\u00e9e 420 Km de Lom\u00e9), au cours d\u2019une conf\u00e9rence de presse. \u00abLe climat, notre priorit\u00e9 \u00bb, tel est le [&hellip;]\" \/>\n<meta property=\"og:url\" content=\"https:\/\/macite.tg\/?p=3411\" \/>\n<meta property=\"article:published_time\" content=\"2023-02-07T16:33:13+00:00\" \/>\n<meta property=\"article:modified_time\" content=\"2023-02-09T13:12:55+00:00\" \/>\n<meta property=\"og:image\" content=\"https:\/\/macite.tg\/wp-content\/uploads\/2023\/02\/IMG-20230207-WA0065.jpg\" \/>\n\t<meta property=\"og:image:width\" content=\"1024\" \/>\n\t<meta property=\"og:image:height\" content=\"673\" \/>\n\t<meta property=\"og:image:type\" content=\"image\/jpeg\" \/>\n<meta name=\"author\" content=\"Jean Pierre BAWELA\" \/>\n<meta name=\"twitter:card\" content=\"summary_large_image\" \/>\n<meta name=\"twitter:label1\" content=\"\u00c9crit par\" \/>\n\t<meta name=\"twitter:data1\" content=\"Jean Pierre BAWELA\" \/>\n\t<meta name=\"twitter:label2\" content=\"Dur\u00e9e de lecture estim\u00e9e\" \/>\n\t<meta name=\"twitter:data2\" content=\"4 minutes\" \/>\n<script type=\"application\/ld+json\" class=\"yoast-schema-graph\">{\"@context\":\"https:\\\/\\\/schema.org\",\"@graph\":[{\"@type\":\"Article\",\"@id\":\"https:\\\/\\\/macite.tg\\\/?p=3411#article\",\"isPartOf\":{\"@id\":\"https:\\\/\\\/macite.tg\\\/?p=3411\"},\"author\":{\"name\":\"Jean Pierre BAWELA\",\"@id\":\"https:\\\/\\\/macite.tg\\\/#\\\/schema\\\/person\\\/e9f2de7e5dbbe7770a9402c7ce82f5c2\"},\"headline\":\"MARATHON INTERNATIONAL DE LA PAIX DE LOM\u00c9, ACTE 2 : Dr Lidi Bessi-Kama donne le ton des activit\u00e9s \u00e0 Kara\",\"datePublished\":\"2023-02-07T16:33:13+00:00\",\"dateModified\":\"2023-02-09T13:12:55+00:00\",\"mainEntityOfPage\":{\"@id\":\"https:\\\/\\\/macite.tg\\\/?p=3411\"},\"wordCount\":693,\"commentCount\":0,\"image\":{\"@id\":\"https:\\\/\\\/macite.tg\\\/?p=3411#primaryimage\"},\"thumbnailUrl\":\"https:\\\/\\\/macite.tg\\\/wp-content\\\/uploads\\\/2023\\\/02\\\/IMG-20230207-WA0065.jpg\",\"articleSection\":[\"SPORTS\"],\"inLanguage\":\"fr-FR\",\"potentialAction\":[{\"@type\":\"CommentAction\",\"name\":\"Comment\",\"target\":[\"https:\\\/\\\/macite.tg\\\/?p=3411#respond\"]}]},{\"@type\":\"WebPage\",\"@id\":\"https:\\\/\\\/macite.tg\\\/?p=3411\",\"url\":\"https:\\\/\\\/macite.tg\\\/?p=3411\",\"name\":\"MARATHON INTERNATIONAL DE LA PAIX DE LOM\u00c9, ACTE 2 : Dr Lidi Bessi-Kama donne le ton des activit\u00e9s \u00e0 Kara -\",\"isPartOf\":{\"@id\":\"https:\\\/\\\/macite.tg\\\/#website\"},\"primaryImageOfPage\":{\"@id\":\"https:\\\/\\\/macite.tg\\\/?p=3411#primaryimage\"},\"image\":{\"@id\":\"https:\\\/\\\/macite.tg\\\/?p=3411#primaryimage\"},\"thumbnailUrl\":\"https:\\\/\\\/macite.tg\\\/wp-content\\\/uploads\\\/2023\\\/02\\\/IMG-20230207-WA0065.jpg\",\"datePublished\":\"2023-02-07T16:33:13+00:00\",\"dateModified\":\"2023-02-09T13:12:55+00:00\",\"author\":{\"@id\":\"https:\\\/\\\/macite.tg\\\/#\\\/schema\\\/person\\\/e9f2de7e5dbbe7770a9402c7ce82f5c2\"},\"breadcrumb\":{\"@id\":\"https:\\\/\\\/macite.tg\\\/?p=3411#breadcrumb\"},\"inLanguage\":\"fr-FR\",\"potentialAction\":[{\"@type\":\"ReadAction\",\"target\":[\"https:\\\/\\\/macite.tg\\\/?p=3411\"]}]},{\"@type\":\"ImageObject\",\"inLanguage\":\"fr-FR\",\"@id\":\"https:\\\/\\\/macite.tg\\\/?p=3411#primaryimage\",\"url\":\"https:\\\/\\\/macite.tg\\\/wp-content\\\/uploads\\\/2023\\\/02\\\/IMG-20230207-WA0065.jpg\",\"contentUrl\":\"https:\\\/\\\/macite.tg\\\/wp-content\\\/uploads\\\/2023\\\/02\\\/IMG-20230207-WA0065.jpg\",\"width\":1024,\"height\":673},{\"@type\":\"BreadcrumbList\",\"@id\":\"https:\\\/\\\/macite.tg\\\/?p=3411#breadcrumb\",\"itemListElement\":[{\"@type\":\"ListItem\",\"position\":1,\"name\":\"Accueil\",\"item\":\"https:\\\/\\\/macite.tg\\\/\"},{\"@type\":\"ListItem\",\"position\":2,\"name\":\"MARATHON INTERNATIONAL DE LA PAIX DE LOM\u00c9, ACTE 2 : Dr Lidi Bessi-Kama donne le ton des activit\u00e9s \u00e0 Kara\"}]},{\"@type\":\"WebSite\",\"@id\":\"https:\\\/\\\/macite.tg\\\/#website\",\"url\":\"https:\\\/\\\/macite.tg\\\/\",\"name\":\"\",\"description\":\"L&#039;information, la bonne!!!\",\"potentialAction\":[{\"@type\":\"SearchAction\",\"target\":{\"@type\":\"EntryPoint\",\"urlTemplate\":\"https:\\\/\\\/macite.tg\\\/?s={search_term_string}\"},\"query-input\":{\"@type\":\"PropertyValueSpecification\",\"valueRequired\":true,\"valueName\":\"search_term_string\"}}],\"inLanguage\":\"fr-FR\"},{\"@type\":\"Person\",\"@id\":\"https:\\\/\\\/macite.tg\\\/#\\\/schema\\\/person\\\/e9f2de7e5dbbe7770a9402c7ce82f5c2\",\"name\":\"Jean Pierre BAWELA\",\"image\":{\"@type\":\"ImageObject\",\"inLanguage\":\"fr-FR\",\"@id\":\"https:\\\/\\\/macite.tg\\\/wp-content\\\/uploads\\\/2023\\\/09\\\/WhatsApp-Image-2023-09-19-at-14.44.41-122x122.jpeg\",\"url\":\"https:\\\/\\\/macite.tg\\\/wp-content\\\/uploads\\\/2023\\\/09\\\/WhatsApp-Image-2023-09-19-at-14.44.41-122x122.jpeg\",\"contentUrl\":\"https:\\\/\\\/macite.tg\\\/wp-content\\\/uploads\\\/2023\\\/09\\\/WhatsApp-Image-2023-09-19-at-14.44.41-122x122.jpeg\",\"caption\":\"Jean Pierre BAWELA\"},\"url\":\"https:\\\/\\\/macite.tg\\\/?author=2\"}]}<\/script>\n<!-- \/ Yoast SEO plugin. -->","yoast_head_json":{"title":"MARATHON INTERNATIONAL DE LA PAIX DE LOM\u00c9, ACTE 2 : Dr Lidi Bessi-Kama donne le ton des activit\u00e9s \u00e0 Kara -","robots":{"index":"index","follow":"follow","max-snippet":"max-snippet:-1","max-image-preview":"max-image-preview:large","max-video-preview":"max-video-preview:-1"},"canonical":"https:\/\/macite.tg\/?p=3411","og_locale":"fr_FR","og_type":"article","og_title":"MARATHON INTERNATIONAL DE LA PAIX DE LOM\u00c9, ACTE 2 : Dr Lidi Bessi-Kama donne le ton des activit\u00e9s \u00e0 Kara -","og_description":"L\u2019\u00e9dition 2 du Marathon international de la Paix de Lom\u00e9 aura lieu en d\u00e9cembre prochain. L\u2019annonce a \u00e9t\u00e9 faite, le 4 f\u00e9vrier 2023, \u00e0 Kara (ville situ\u00e9e 420 Km de Lom\u00e9), au cours d\u2019une conf\u00e9rence de presse. \u00abLe climat, notre priorit\u00e9 \u00bb, tel est le [&hellip;]","og_url":"https:\/\/macite.tg\/?p=3411","article_published_time":"2023-02-07T16:33:13+00:00","article_modified_time":"2023-02-09T13:12:55+00:00","og_image":[{"width":1024,"height":673,"url":"https:\/\/macite.tg\/wp-content\/uploads\/2023\/02\/IMG-20230207-WA0065.jpg","type":"image\/jpeg"}],"author":"Jean Pierre BAWELA","twitter_card":"summary_large_image","twitter_misc":{"\u00c9crit par":"Jean Pierre BAWELA","Dur\u00e9e de lecture estim\u00e9e":"4 minutes"},"schema":{"@context":"https:\/\/schema.org","@graph":[{"@type":"Article","@id":"https:\/\/macite.tg\/?p=3411#article","isPartOf":{"@id":"https:\/\/macite.tg\/?p=3411"},"author":{"name":"Jean Pierre BAWELA","@id":"https:\/\/macite.tg\/#\/schema\/person\/e9f2de7e5dbbe7770a9402c7ce82f5c2"},"headline":"MARATHON INTERNATIONAL DE LA PAIX DE LOM\u00c9, ACTE 2 : Dr Lidi Bessi-Kama donne le ton des activit\u00e9s \u00e0 Kara","datePublished":"2023-02-07T16:33:13+00:00","dateModified":"2023-02-09T13:12:55+00:00","mainEntityOfPage":{"@id":"https:\/\/macite.tg\/?p=3411"},"wordCount":693,"commentCount":0,"image":{"@id":"https:\/\/macite.tg\/?p=3411#primaryimage"},"thumbnailUrl":"https:\/\/macite.tg\/wp-content\/uploads\/2023\/02\/IMG-20230207-WA0065.jpg","articleSection":["SPORTS"],"inLanguage":"fr-FR","potentialAction":[{"@type":"CommentAction","name":"Comment","target":["https:\/\/macite.tg\/?p=3411#respond"]}]},{"@type":"WebPage","@id":"https:\/\/macite.tg\/?p=3411","url":"https:\/\/macite.tg\/?p=3411","name":"MARATHON INTERNATIONAL DE LA PAIX DE LOM\u00c9, ACTE 2 : Dr Lidi Bessi-Kama donne le ton des activit\u00e9s \u00e0 Kara -","isPartOf":{"@id":"https:\/\/macite.tg\/#website"},"primaryImageOfPage":{"@id":"https:\/\/macite.tg\/?p=3411#primaryimage"},"image":{"@id":"https:\/\/macite.tg\/?p=3411#primaryimage"},"thumbnailUrl":"https:\/\/macite.tg\/wp-content\/uploads\/2023\/02\/IMG-20230207-WA0065.jpg","datePublished":"2023-02-07T16:33:13+00:00","dateModified":"2023-02-09T13:12:55+00:00","author":{"@id":"https:\/\/macite.tg\/#\/schema\/person\/e9f2de7e5dbbe7770a9402c7ce82f5c2"},"breadcrumb":{"@id":"https:\/\/macite.tg\/?p=3411#breadcrumb"},"inLanguage":"fr-FR","potentialAction":[{"@type":"ReadAction","target":["https:\/\/macite.tg\/?p=3411"]}]},{"@type":"ImageObject","inLanguage":"fr-FR","@id":"https:\/\/macite.tg\/?p=3411#primaryimage","url":"https:\/\/macite.tg\/wp-content\/uploads\/2023\/02\/IMG-20230207-WA0065.jpg","contentUrl":"https:\/\/macite.tg\/wp-content\/uploads\/2023\/02\/IMG-20230207-WA0065.jpg","width":1024,"height":673},{"@type":"BreadcrumbList","@id":"https:\/\/macite.tg\/?p=3411#breadcrumb","itemListElement":[{"@type":"ListItem","position":1,"name":"Accueil","item":"https:\/\/macite.tg\/"},{"@type":"ListItem","position":2,"name":"MARATHON INTERNATIONAL DE LA PAIX DE LOM\u00c9, ACTE 2 : Dr Lidi Bessi-Kama donne le ton des activit\u00e9s \u00e0 Kara"}]},{"@type":"WebSite","@id":"https:\/\/macite.tg\/#website","url":"https:\/\/macite.tg\/","name":"","description":"L&#039;information, la bonne!!!","potentialAction":[{"@type":"SearchAction","target":{"@type":"EntryPoint","urlTemplate":"https:\/\/macite.tg\/?s={search_term_string}"},"query-input":{"@type":"PropertyValueSpecification","valueRequired":true,"valueName":"search_term_string"}}],"inLanguage":"fr-FR"},{"@type":"Person","@id":"https:\/\/macite.tg\/#\/schema\/person\/e9f2de7e5dbbe7770a9402c7ce82f5c2","name":"Jean Pierre BAWELA","image":{"@type":"ImageObject","inLanguage":"fr-FR","@id":"https:\/\/macite.tg\/wp-content\/uploads\/2023\/09\/WhatsApp-Image-2023-09-19-at-14.44.41-122x122.jpeg","url":"https:\/\/macite.tg\/wp-content\/uploads\/2023\/09\/WhatsApp-Image-2023-09-19-at-14.44.41-122x122.jpeg","contentUrl":"https:\/\/macite.tg\/wp-content\/uploads\/2023\/09\/WhatsApp-Image-2023-09-19-at-14.44.41-122x122.jpeg","caption":"Jean Pierre BAWELA"},"url":"https:\/\/macite.tg\/?author=2"}]}},"_links":{"self":[{"href":"https:\/\/macite.tg\/index.php?rest_route=\/wp\/v2\/posts\/3411","targetHints":{"allow":["GET"]}}],"collection":[{"href":"https:\/\/macite.tg\/index.php?rest_route=\/wp\/v2\/posts"}],"about":[{"href":"https:\/\/macite.tg\/index.php?rest_route=\/wp\/v2\/types\/post"}],"author":[{"embeddable":true,"href":"https:\/\/macite.tg\/index.php?rest_route=\/wp\/v2\/users\/2"}],"replies":[{"embeddable":true,"href":"https:\/\/macite.tg\/index.php?rest_route=%2Fwp%2Fv2%2Fcomments&post=3411"}],"version-history":[{"count":0,"href":"https:\/\/macite.tg\/index.php?rest_route=\/wp\/v2\/posts\/3411\/revisions"}],"wp:featuredmedia":[{"embeddable":true,"href":"https:\/\/macite.tg\/index.php?rest_route=\/wp\/v2\/media\/3412"}],"wp:attachment":[{"href":"https:\/\/macite.tg\/index.php?rest_route=%2Fwp%2Fv2%2Fmedia&parent=3411"}],"wp:term":[{"taxonomy":"category","embeddable":true,"href":"https:\/\/macite.tg\/index.php?rest_route=%2Fwp%2Fv2%2Fcategories&post=3411"},{"taxonomy":"post_tag","embeddable":true,"href":"https:\/\/macite.tg\/index.php?rest_route=%2Fwp%2Fv2%2Ftags&post=3411"}],"curies":[{"name":"wp","href":"https:\/\/api.w.org\/{rel}","templated":true}]}}