{"id":3404,"date":"2023-02-07T13:04:39","date_gmt":"2023-02-07T13:04:39","guid":{"rendered":"https:\/\/macite.info\/?p=3404"},"modified":"2023-02-07T13:04:40","modified_gmt":"2023-02-07T13:04:40","slug":"senegal-le-leader-du-pastef-pas-au-bout-de-ses-peines-encore-une-plainte-deposee-contre-ousmane-sanko","status":"publish","type":"post","link":"https:\/\/macite.tg\/?p=3404","title":{"rendered":"S\u00c9N\u00c9GAL \/ LE LEADER DU PASTEF, PAS AU BOUT DE SES PEINES\u00a0: Encore une plainte d\u00e9pos\u00e9e contre Ousmane Sanko"},"content":{"rendered":"\n<p class=\"wp-block-paragraph\"><strong><em>Le maire de Dakar, n\u2019est pas au bout de ses peines depuis l\u2019ouverture de l\u2019affaire Adji Sarr. Les plaintes s\u2019enchainent contre Ousmane Sonko. Apr\u00e8s celles de Adji Sarr pour viols et menace de mort, et de Mame Mbaye Niang pour diffamation, un policier a traduit en justice le leader de Pastef.<\/em><\/strong><\/p>\n\n\n\n<p class=\"wp-block-paragraph\"> D\u2019apr\u00e8s les informations le magazine d&rsquo;actualit\u00e9 L\u2019OBS, c\u2019est le policier Fr\u00e9d\u00e9ric Napel qui l\u2019accuse de mise en danger de la vie d\u2019autrui, atteinte \u00e0 son int\u00e9grit\u00e9, appel au meurtre, fausses accusations et diffamation.<\/p>\n\n\n<div class=\"wp-block-image\">\n<figure class=\"aligncenter size-large is-resized\"><img loading=\"lazy\" decoding=\"async\" src=\"https:\/\/macite.tg\/wp-content\/uploads\/2023\/01\/ANNONCES-1-1-1024x426.jpg\" alt=\"\" class=\"wp-image-3202\" width=\"743\" height=\"309\" srcset=\"https:\/\/macite.tg\/wp-content\/uploads\/2023\/01\/ANNONCES-1-1-1024x426.jpg 1024w, https:\/\/macite.tg\/wp-content\/uploads\/2023\/01\/ANNONCES-1-1-300x125.jpg 300w, https:\/\/macite.tg\/wp-content\/uploads\/2023\/01\/ANNONCES-1-1-768x319.jpg 768w, https:\/\/macite.tg\/wp-content\/uploads\/2023\/01\/ANNONCES-1-1.jpg 1080w\" sizes=\"auto, (max-width: 743px) 100vw, 743px\" \/><\/figure>\n<\/div>\n\n\n<p class=\"wp-block-paragraph\">La plainte est d\u00e9pos\u00e9e, hier lundi 6 f\u00e9vrier, au parquet de Dakar. Le policier soutient que Sonko l\u2019a trait\u00e9 de criminel capable de tuer pour rien.<\/p>\n\n\n\n<p class=\"wp-block-paragraph\">Sonko l\u2019a trait\u00e9 aussi de comploteur contre sa personne, de <em>\u00ab&nbsp;taupe&nbsp;\u00bb<\/em> et de <em>\u00ab&nbsp;traitre&nbsp;\u00bb<\/em> de la nation, car ayant transmis des informations confidentielles et hautement sensibles \u00e0 ses amis et militants.<\/p>\n\n\n\n<p class=\"wp-block-paragraph\">Napel explique qu\u2019apr\u00e8s la sortie du leader de Pastef, ses souteneurs l\u2019ont attaqu\u00e9 \u00e0 travers les r\u00e9seaux sociaux, d\u2019autres l\u2019ont appel\u00e9 au t\u00e9l\u00e9phone, mena\u00e7ant de le tuer.<\/p>\n\n\n\n<p class=\"wp-block-paragraph\"> L\u2019enqu\u00eate a d\u00e9marr\u00e9 et devrait conduire \u00e0 l\u2019arrestation de personnes.<\/p>\n\n\n\n<p class=\"wp-block-paragraph\"><strong>Avec SeneNews<\/strong><\/p>\n\n\n\n<p class=\"wp-block-paragraph\"><strong><em>@macite.info<\/em><\/strong><\/p>\n\n\n\n<p class=\"wp-block-paragraph\"><strong><em>E-mail&nbsp;: <\/em><\/strong><a href=\"mailto:maciteinfo@gmail.com\"><strong><em>maciteinfo@gmail.com<\/em><\/strong><\/a><strong><em>; <\/em><\/strong><a href=\"mailto:bawela1@gmail.com\"><strong><em>bawela1@gmail.com<\/em><\/strong><\/a><strong><em><\/em><\/strong><\/p>\n\n\n\n<p class=\"wp-block-paragraph\"><strong><em>Pour vos annonces, (publi)reportages, etc., joignez nous au (00228)91515309\/<strong>79872224<\/strong><\/em><\/strong><em><\/em><\/p>\n\n\n\n<p class=\"wp-block-paragraph\"><a href=\"http:\/\/www.macite.info\"><strong><em>www.macite.info<\/em><\/strong><\/a><strong><em>, L\u2019information, la bonne&nbsp;!<\/em><\/strong><\/p>\n","protected":false},"excerpt":{"rendered":"<p class=\"text-justify mb-2\" >Le maire de Dakar, n\u2019est pas au bout de ses peines depuis l\u2019ouverture de l\u2019affaire Adji Sarr. Les plaintes s\u2019enchainent contre Ousmane Sonko. Apr\u00e8s celles de Adji Sarr pour viols et menace de mort, et de Mame Mbaye Niang pour diffamation, un policier a traduit [&hellip;]<\/p>\n","protected":false},"author":2,"featured_media":3406,"comment_status":"open","ping_status":"open","sticky":false,"template":"","format":"standard","meta":{"footnotes":""},"categories":[20],"tags":[],"class_list":["post-3404","post","type-post","status-publish","format-standard","has-post-thumbnail","hentry","category-actualite"],"yoast_head":"<!-- This site is optimized with the Yoast SEO plugin v28.4 - https:\/\/yoast.com\/product\/yoast-seo-wordpress\/ -->\n<title>S\u00c9N\u00c9GAL \/ LE LEADER DU PASTEF, PAS AU BOUT DE SES PEINES\u00a0: Encore une plainte d\u00e9pos\u00e9e contre Ousmane Sanko -<\/title>\n<meta name=\"robots\" content=\"index, follow, max-snippet:-1, max-image-preview:large, max-video-preview:-1\" \/>\n<link rel=\"canonical\" href=\"https:\/\/macite.tg\/?p=3404\" \/>\n<meta property=\"og:locale\" content=\"fr_FR\" \/>\n<meta property=\"og:type\" content=\"article\" \/>\n<meta property=\"og:title\" content=\"S\u00c9N\u00c9GAL \/ LE LEADER DU PASTEF, PAS AU BOUT DE SES PEINES\u00a0: Encore une plainte d\u00e9pos\u00e9e contre Ousmane Sanko -\" \/>\n<meta property=\"og:description\" content=\"Le maire de Dakar, n\u2019est pas au bout de ses peines depuis l\u2019ouverture de l\u2019affaire Adji Sarr. Les plaintes s\u2019enchainent contre Ousmane Sonko. Apr\u00e8s celles de Adji Sarr pour viols et menace de mort, et de Mame Mbaye Niang pour diffamation, un policier a traduit [&hellip;]\" \/>\n<meta property=\"og:url\" content=\"https:\/\/macite.tg\/?p=3404\" \/>\n<meta property=\"article:published_time\" content=\"2023-02-07T13:04:39+00:00\" \/>\n<meta property=\"article:modified_time\" content=\"2023-02-07T13:04:40+00:00\" \/>\n<meta property=\"og:image\" content=\"https:\/\/macite.tg\/wp-content\/uploads\/2023\/02\/ousmane-sonko-696x464-1.jpg\" \/>\n\t<meta property=\"og:image:width\" content=\"696\" \/>\n\t<meta property=\"og:image:height\" content=\"464\" \/>\n\t<meta property=\"og:image:type\" content=\"image\/jpeg\" \/>\n<meta name=\"author\" content=\"Jean Pierre BAWELA\" \/>\n<meta name=\"twitter:card\" content=\"summary_large_image\" \/>\n<meta name=\"twitter:label1\" content=\"\u00c9crit par\" \/>\n\t<meta name=\"twitter:data1\" content=\"Jean Pierre BAWELA\" \/>\n\t<meta name=\"twitter:label2\" content=\"Dur\u00e9e de lecture estim\u00e9e\" \/>\n\t<meta name=\"twitter:data2\" content=\"2 minutes\" \/>\n<script type=\"application\/ld+json\" class=\"yoast-schema-graph\">{\"@context\":\"https:\\\/\\\/schema.org\",\"@graph\":[{\"@type\":\"Article\",\"@id\":\"https:\\\/\\\/macite.tg\\\/?p=3404#article\",\"isPartOf\":{\"@id\":\"https:\\\/\\\/macite.tg\\\/?p=3404\"},\"author\":{\"name\":\"Jean Pierre BAWELA\",\"@id\":\"https:\\\/\\\/macite.tg\\\/#\\\/schema\\\/person\\\/e9f2de7e5dbbe7770a9402c7ce82f5c2\"},\"headline\":\"S\u00c9N\u00c9GAL \\\/ LE LEADER DU PASTEF, PAS AU BOUT DE SES PEINES\u00a0: Encore une plainte d\u00e9pos\u00e9e contre Ousmane Sanko\",\"datePublished\":\"2023-02-07T13:04:39+00:00\",\"dateModified\":\"2023-02-07T13:04:40+00:00\",\"mainEntityOfPage\":{\"@id\":\"https:\\\/\\\/macite.tg\\\/?p=3404\"},\"wordCount\":261,\"commentCount\":0,\"image\":{\"@id\":\"https:\\\/\\\/macite.tg\\\/?p=3404#primaryimage\"},\"thumbnailUrl\":\"https:\\\/\\\/macite.tg\\\/wp-content\\\/uploads\\\/2023\\\/02\\\/ousmane-sonko-696x464-1.jpg\",\"articleSection\":[\"ACTUALITE\"],\"inLanguage\":\"fr-FR\",\"potentialAction\":[{\"@type\":\"CommentAction\",\"name\":\"Comment\",\"target\":[\"https:\\\/\\\/macite.tg\\\/?p=3404#respond\"]}]},{\"@type\":\"WebPage\",\"@id\":\"https:\\\/\\\/macite.tg\\\/?p=3404\",\"url\":\"https:\\\/\\\/macite.tg\\\/?p=3404\",\"name\":\"S\u00c9N\u00c9GAL \\\/ LE LEADER DU PASTEF, PAS AU BOUT DE SES PEINES\u00a0: Encore une plainte d\u00e9pos\u00e9e contre Ousmane Sanko -\",\"isPartOf\":{\"@id\":\"https:\\\/\\\/macite.tg\\\/#website\"},\"primaryImageOfPage\":{\"@id\":\"https:\\\/\\\/macite.tg\\\/?p=3404#primaryimage\"},\"image\":{\"@id\":\"https:\\\/\\\/macite.tg\\\/?p=3404#primaryimage\"},\"thumbnailUrl\":\"https:\\\/\\\/macite.tg\\\/wp-content\\\/uploads\\\/2023\\\/02\\\/ousmane-sonko-696x464-1.jpg\",\"datePublished\":\"2023-02-07T13:04:39+00:00\",\"dateModified\":\"2023-02-07T13:04:40+00:00\",\"author\":{\"@id\":\"https:\\\/\\\/macite.tg\\\/#\\\/schema\\\/person\\\/e9f2de7e5dbbe7770a9402c7ce82f5c2\"},\"breadcrumb\":{\"@id\":\"https:\\\/\\\/macite.tg\\\/?p=3404#breadcrumb\"},\"inLanguage\":\"fr-FR\",\"potentialAction\":[{\"@type\":\"ReadAction\",\"target\":[\"https:\\\/\\\/macite.tg\\\/?p=3404\"]}]},{\"@type\":\"ImageObject\",\"inLanguage\":\"fr-FR\",\"@id\":\"https:\\\/\\\/macite.tg\\\/?p=3404#primaryimage\",\"url\":\"https:\\\/\\\/macite.tg\\\/wp-content\\\/uploads\\\/2023\\\/02\\\/ousmane-sonko-696x464-1.jpg\",\"contentUrl\":\"https:\\\/\\\/macite.tg\\\/wp-content\\\/uploads\\\/2023\\\/02\\\/ousmane-sonko-696x464-1.jpg\",\"width\":696,\"height\":464},{\"@type\":\"BreadcrumbList\",\"@id\":\"https:\\\/\\\/macite.tg\\\/?p=3404#breadcrumb\",\"itemListElement\":[{\"@type\":\"ListItem\",\"position\":1,\"name\":\"Accueil\",\"item\":\"https:\\\/\\\/macite.tg\\\/\"},{\"@type\":\"ListItem\",\"position\":2,\"name\":\"S\u00c9N\u00c9GAL \\\/ LE LEADER DU PASTEF, PAS AU BOUT DE SES PEINES\u00a0: Encore une plainte d\u00e9pos\u00e9e contre Ousmane Sanko\"}]},{\"@type\":\"WebSite\",\"@id\":\"https:\\\/\\\/macite.tg\\\/#website\",\"url\":\"https:\\\/\\\/macite.tg\\\/\",\"name\":\"\",\"description\":\"L&#039;information, la bonne!!!\",\"potentialAction\":[{\"@type\":\"SearchAction\",\"target\":{\"@type\":\"EntryPoint\",\"urlTemplate\":\"https:\\\/\\\/macite.tg\\\/?s={search_term_string}\"},\"query-input\":{\"@type\":\"PropertyValueSpecification\",\"valueRequired\":true,\"valueName\":\"search_term_string\"}}],\"inLanguage\":\"fr-FR\"},{\"@type\":\"Person\",\"@id\":\"https:\\\/\\\/macite.tg\\\/#\\\/schema\\\/person\\\/e9f2de7e5dbbe7770a9402c7ce82f5c2\",\"name\":\"Jean Pierre BAWELA\",\"image\":{\"@type\":\"ImageObject\",\"inLanguage\":\"fr-FR\",\"@id\":\"https:\\\/\\\/macite.tg\\\/wp-content\\\/uploads\\\/2023\\\/09\\\/WhatsApp-Image-2023-09-19-at-14.44.41-122x122.jpeg\",\"url\":\"https:\\\/\\\/macite.tg\\\/wp-content\\\/uploads\\\/2023\\\/09\\\/WhatsApp-Image-2023-09-19-at-14.44.41-122x122.jpeg\",\"contentUrl\":\"https:\\\/\\\/macite.tg\\\/wp-content\\\/uploads\\\/2023\\\/09\\\/WhatsApp-Image-2023-09-19-at-14.44.41-122x122.jpeg\",\"caption\":\"Jean Pierre BAWELA\"},\"url\":\"https:\\\/\\\/macite.tg\\\/?author=2\"}]}<\/script>\n<!-- \/ Yoast SEO plugin. -->","yoast_head_json":{"title":"S\u00c9N\u00c9GAL \/ LE LEADER DU PASTEF, PAS AU BOUT DE SES PEINES\u00a0: Encore une plainte d\u00e9pos\u00e9e contre Ousmane Sanko -","robots":{"index":"index","follow":"follow","max-snippet":"max-snippet:-1","max-image-preview":"max-image-preview:large","max-video-preview":"max-video-preview:-1"},"canonical":"https:\/\/macite.tg\/?p=3404","og_locale":"fr_FR","og_type":"article","og_title":"S\u00c9N\u00c9GAL \/ LE LEADER DU PASTEF, PAS AU BOUT DE SES PEINES\u00a0: Encore une plainte d\u00e9pos\u00e9e contre Ousmane Sanko -","og_description":"Le maire de Dakar, n\u2019est pas au bout de ses peines depuis l\u2019ouverture de l\u2019affaire Adji Sarr. Les plaintes s\u2019enchainent contre Ousmane Sonko. Apr\u00e8s celles de Adji Sarr pour viols et menace de mort, et de Mame Mbaye Niang pour diffamation, un policier a traduit [&hellip;]","og_url":"https:\/\/macite.tg\/?p=3404","article_published_time":"2023-02-07T13:04:39+00:00","article_modified_time":"2023-02-07T13:04:40+00:00","og_image":[{"width":696,"height":464,"url":"https:\/\/macite.tg\/wp-content\/uploads\/2023\/02\/ousmane-sonko-696x464-1.jpg","type":"image\/jpeg"}],"author":"Jean Pierre BAWELA","twitter_card":"summary_large_image","twitter_misc":{"\u00c9crit par":"Jean Pierre BAWELA","Dur\u00e9e de lecture estim\u00e9e":"2 minutes"},"schema":{"@context":"https:\/\/schema.org","@graph":[{"@type":"Article","@id":"https:\/\/macite.tg\/?p=3404#article","isPartOf":{"@id":"https:\/\/macite.tg\/?p=3404"},"author":{"name":"Jean Pierre BAWELA","@id":"https:\/\/macite.tg\/#\/schema\/person\/e9f2de7e5dbbe7770a9402c7ce82f5c2"},"headline":"S\u00c9N\u00c9GAL \/ LE LEADER DU PASTEF, PAS AU BOUT DE SES PEINES\u00a0: Encore une plainte d\u00e9pos\u00e9e contre Ousmane Sanko","datePublished":"2023-02-07T13:04:39+00:00","dateModified":"2023-02-07T13:04:40+00:00","mainEntityOfPage":{"@id":"https:\/\/macite.tg\/?p=3404"},"wordCount":261,"commentCount":0,"image":{"@id":"https:\/\/macite.tg\/?p=3404#primaryimage"},"thumbnailUrl":"https:\/\/macite.tg\/wp-content\/uploads\/2023\/02\/ousmane-sonko-696x464-1.jpg","articleSection":["ACTUALITE"],"inLanguage":"fr-FR","potentialAction":[{"@type":"CommentAction","name":"Comment","target":["https:\/\/macite.tg\/?p=3404#respond"]}]},{"@type":"WebPage","@id":"https:\/\/macite.tg\/?p=3404","url":"https:\/\/macite.tg\/?p=3404","name":"S\u00c9N\u00c9GAL \/ LE LEADER DU PASTEF, PAS AU BOUT DE SES PEINES\u00a0: Encore une plainte d\u00e9pos\u00e9e contre Ousmane Sanko -","isPartOf":{"@id":"https:\/\/macite.tg\/#website"},"primaryImageOfPage":{"@id":"https:\/\/macite.tg\/?p=3404#primaryimage"},"image":{"@id":"https:\/\/macite.tg\/?p=3404#primaryimage"},"thumbnailUrl":"https:\/\/macite.tg\/wp-content\/uploads\/2023\/02\/ousmane-sonko-696x464-1.jpg","datePublished":"2023-02-07T13:04:39+00:00","dateModified":"2023-02-07T13:04:40+00:00","author":{"@id":"https:\/\/macite.tg\/#\/schema\/person\/e9f2de7e5dbbe7770a9402c7ce82f5c2"},"breadcrumb":{"@id":"https:\/\/macite.tg\/?p=3404#breadcrumb"},"inLanguage":"fr-FR","potentialAction":[{"@type":"ReadAction","target":["https:\/\/macite.tg\/?p=3404"]}]},{"@type":"ImageObject","inLanguage":"fr-FR","@id":"https:\/\/macite.tg\/?p=3404#primaryimage","url":"https:\/\/macite.tg\/wp-content\/uploads\/2023\/02\/ousmane-sonko-696x464-1.jpg","contentUrl":"https:\/\/macite.tg\/wp-content\/uploads\/2023\/02\/ousmane-sonko-696x464-1.jpg","width":696,"height":464},{"@type":"BreadcrumbList","@id":"https:\/\/macite.tg\/?p=3404#breadcrumb","itemListElement":[{"@type":"ListItem","position":1,"name":"Accueil","item":"https:\/\/macite.tg\/"},{"@type":"ListItem","position":2,"name":"S\u00c9N\u00c9GAL \/ LE LEADER DU PASTEF, PAS AU BOUT DE SES PEINES\u00a0: Encore une plainte d\u00e9pos\u00e9e contre Ousmane Sanko"}]},{"@type":"WebSite","@id":"https:\/\/macite.tg\/#website","url":"https:\/\/macite.tg\/","name":"","description":"L&#039;information, la bonne!!!","potentialAction":[{"@type":"SearchAction","target":{"@type":"EntryPoint","urlTemplate":"https:\/\/macite.tg\/?s={search_term_string}"},"query-input":{"@type":"PropertyValueSpecification","valueRequired":true,"valueName":"search_term_string"}}],"inLanguage":"fr-FR"},{"@type":"Person","@id":"https:\/\/macite.tg\/#\/schema\/person\/e9f2de7e5dbbe7770a9402c7ce82f5c2","name":"Jean Pierre BAWELA","image":{"@type":"ImageObject","inLanguage":"fr-FR","@id":"https:\/\/macite.tg\/wp-content\/uploads\/2023\/09\/WhatsApp-Image-2023-09-19-at-14.44.41-122x122.jpeg","url":"https:\/\/macite.tg\/wp-content\/uploads\/2023\/09\/WhatsApp-Image-2023-09-19-at-14.44.41-122x122.jpeg","contentUrl":"https:\/\/macite.tg\/wp-content\/uploads\/2023\/09\/WhatsApp-Image-2023-09-19-at-14.44.41-122x122.jpeg","caption":"Jean Pierre BAWELA"},"url":"https:\/\/macite.tg\/?author=2"}]}},"_links":{"self":[{"href":"https:\/\/macite.tg\/index.php?rest_route=\/wp\/v2\/posts\/3404","targetHints":{"allow":["GET"]}}],"collection":[{"href":"https:\/\/macite.tg\/index.php?rest_route=\/wp\/v2\/posts"}],"about":[{"href":"https:\/\/macite.tg\/index.php?rest_route=\/wp\/v2\/types\/post"}],"author":[{"embeddable":true,"href":"https:\/\/macite.tg\/index.php?rest_route=\/wp\/v2\/users\/2"}],"replies":[{"embeddable":true,"href":"https:\/\/macite.tg\/index.php?rest_route=%2Fwp%2Fv2%2Fcomments&post=3404"}],"version-history":[{"count":0,"href":"https:\/\/macite.tg\/index.php?rest_route=\/wp\/v2\/posts\/3404\/revisions"}],"wp:featuredmedia":[{"embeddable":true,"href":"https:\/\/macite.tg\/index.php?rest_route=\/wp\/v2\/media\/3406"}],"wp:attachment":[{"href":"https:\/\/macite.tg\/index.php?rest_route=%2Fwp%2Fv2%2Fmedia&parent=3404"}],"wp:term":[{"taxonomy":"category","embeddable":true,"href":"https:\/\/macite.tg\/index.php?rest_route=%2Fwp%2Fv2%2Fcategories&post=3404"},{"taxonomy":"post_tag","embeddable":true,"href":"https:\/\/macite.tg\/index.php?rest_route=%2Fwp%2Fv2%2Ftags&post=3404"}],"curies":[{"name":"wp","href":"https:\/\/api.w.org\/{rel}","templated":true}]}}