{"id":3400,"date":"2023-02-07T11:44:25","date_gmt":"2023-02-07T11:44:25","guid":{"rendered":"https:\/\/macite.info\/?p=3400"},"modified":"2023-02-07T11:44:26","modified_gmt":"2023-02-07T11:44:26","slug":"in-memoriam-05fevrier-2005-il-etait-une-fois-eyadema","status":"publish","type":"post","link":"https:\/\/macite.tg\/?p=3400","title":{"rendered":"<strong>IN MEMORIAM \/05FEVRIER 2005 : Il \u00e9tait une fois, EYADEMA\u00a0!!!<\/strong>"},"content":{"rendered":"\n<p class=\"wp-block-paragraph\"><strong><em>Les \u00e9critures saintes apprennent aux \u00eatres humains que toute \u00e2me go\u00fbtera \u00e0 la mort. Cette v\u00e9rit\u00e9 a \u00e9t\u00e9 rappel\u00e9e par le vice-pr\u00e9sident de l&rsquo;Union musulmane du Togo, l&rsquo;Imam Koumou Sanni \u00e0 l&rsquo;occasion de la c\u00e9l\u00e9bration du rappel \u00e0 Dieu de Gnassingb\u00e9 Eyadema, le p\u00e8re de la nation togolaise. C&rsquo;\u00e9tait le 5 F\u00e9vrier 2005.<\/em><\/strong><\/p>\n\n\n\n<p class=\"wp-block-paragraph\">18 ans plus tard, les Togolais se sont souvenus de ce Grand homme qui a marqu\u00e9, d&rsquo;une empreinte ind\u00e9l\u00e9bile, l&rsquo;histoire du pays, qu&rsquo;il a eu \u00e0 diriger avec maestria. Les t\u00e9moignages des uns et des autres attestent de la place particuli\u00e8re que Gnassingb\u00e9 Eyad\u00e9ma occupe dans le c\u0153ur de ses compatriotes. <em>\u00ab&nbsp;La vie \u00e9tait belle au temps de Eyad\u00e9ma&nbsp;\u00bb,<\/em> affirme un agriculteur ayant particip\u00e9 \u00e0 l&rsquo;un des offices religieux chr\u00e9tiens, en la m\u00e9moire de l&rsquo;illustre disparu. On peut le comprendre, car l&rsquo;une des priorit\u00e9s du Pr\u00e9sident Eyad\u00e9ma c&rsquo;est l&rsquo;autosuffisance alimentaire. Sous sa coupole, l&rsquo;agriculture \u00e9tait port\u00e9e au pinacle de sa politique. <em>\u00ab&nbsp;On mangeait \u00e0 notre faim. La nourriture abondait et les produits agricoles n&rsquo;\u00e9taient pas chers&nbsp;\u00bb,<\/em> affirme Kodjo, un instituteur \u00e0 la retraite.<\/p>\n\n\n\n<p class=\"wp-block-paragraph\">Un autre dada de \u00a0\u00bbGnass\u00a0\u00bb, surnom affectueux que lui affublait les \u00e9tudiants de l&rsquo;Universit\u00e9 de B\u00e9nin, aujourd&rsquo;hui universit\u00e9 de Lom\u00e9, c&rsquo;est la paix! La paix au Togo, en Afrique et dans le monde. Dans les ann\u00e9es 1990 o\u00f9 le Togo connu des soubresauts politiques, en lien avec le processus de d\u00e9mocratisation, mettant en mal l&rsquo;unit\u00e9 et la concorde nationale, il n&rsquo;a cess\u00e9 de rappeler aux Togolais leur appartenance \u00e0 la m\u00eame nation et la n\u00e9cessit\u00e9 de pr\u00e9server l&rsquo;union, la paix et la solidarit\u00e9 entre eux. <em>\u00ab&nbsp;C&rsquo;est dans le dialogue que l&rsquo;on trouve toutes les solutions (\u2026) Nous sommes tous les m\u00eames. Nous d\u00e9fendons la m\u00eame cause. La cause du Togo&nbsp;\u00bb,<\/em> indiquait-il, alors que les politiciens de tout bord s&rsquo;appr\u00eataient \u00e0 en d\u00e9coudre \u00e0 la conf\u00e9rence nationale souveraine.<\/p>\n\n\n<div class=\"wp-block-image\">\n<figure class=\"aligncenter size-large is-resized\"><img loading=\"lazy\" decoding=\"async\" src=\"https:\/\/macite.tg\/wp-content\/uploads\/2023\/01\/ANNONCES-1-1-1024x426.jpg\" alt=\"\" class=\"wp-image-3202\" width=\"757\" height=\"315\" srcset=\"https:\/\/macite.tg\/wp-content\/uploads\/2023\/01\/ANNONCES-1-1-1024x426.jpg 1024w, https:\/\/macite.tg\/wp-content\/uploads\/2023\/01\/ANNONCES-1-1-300x125.jpg 300w, https:\/\/macite.tg\/wp-content\/uploads\/2023\/01\/ANNONCES-1-1-768x319.jpg 768w, https:\/\/macite.tg\/wp-content\/uploads\/2023\/01\/ANNONCES-1-1.jpg 1080w\" sizes=\"auto, (max-width: 757px) 100vw, 757px\" \/><\/figure>\n<\/div>\n\n\n<p class=\"wp-block-paragraph\">Gnassingb\u00e9 Eyad\u00e9ma n&rsquo;h\u00e9sitait pas \u00e0 exporter le m\u00eame leitmotiv dans la sous-r\u00e9gion ouest-africaine et ailleurs sur le continent africain. Liberia, Sierra Leone, C\u00f4te d&rsquo;Ivoire, Gnassingb\u00e9 Eyad\u00e9ma a aid\u00e9 \u00e0 la r\u00e9solution des crises et des guerres civiles, qui ont ravag\u00e9 ces pays. Homme de dialogue et de paix, il traversa en pirogue l&rsquo;Oubangui-Chari pour n\u00e9gocier le cessez-le-feu entre les fr\u00e8res ennemis du Tchad, Goukouni Oueddei et Hissen Habr\u00e9. Il \u00e9tait \u00e9galement dans la m\u00e9diation entre le Cameroun et le Nigeria dans le conflit concernant la presqu&rsquo;\u00eele de Bakassi. On le retrouvera \u00e9galement dans les pourparlers, dans les conflits en Sierra L\u00e9one et en Centrafrique. Il \u00e9tait aussi pr\u00e9sent dans la r\u00e9solution de la guerre au Za\u00efre, la guerre du Shaba. Olus\u00e9gun Obasanjo, l&rsquo;ancien Pr\u00e9sident du Nigeria, pr\u00e9sent lors des c\u00e9r\u00e9monies de comm\u00e9moration de ce 18\u00e8 anniversaire peut en t\u00e9moigner, lui qui a c\u00f4toy\u00e9 et pratiquer l&rsquo;homme pendant plusieurs d\u00e9cennies.<\/p>\n\n\n\n<p class=\"wp-block-paragraph\">Ces faits et gestes ont \u00e9t\u00e9 rappel\u00e9s ces derniers jours lors des c\u00e9l\u00e9brations religieuses dans tout le pays. <em>\u00ab&nbsp;Il est de bon ton, en tant que croyants, de rendre hommage \u00e0 cet illustre homme, rendre hommage \u00e0 son action, rendre hommage \u00e0 tout ce qu&rsquo;il a eu \u00e0 faire pour la paix, pour la stabilit\u00e9, et pour ce bonheur dans lequel nous vivons&nbsp;\u00bb<\/em>, a dit le Secr\u00e9taire g\u00e9n\u00e9ral du Gouvernement Malick Natchaba.<\/p>\n\n\n\n<p class=\"wp-block-paragraph\">En l&rsquo;occasion, Faure Gnassingb\u00e9 a assist\u00e9 \u00e0 une veill\u00e9e de pri\u00e8res et de chants \u00e0 Pya, village natal de l&rsquo;illustre disparu, et aux c\u00e9l\u00e9brations religieuses, le jour d&rsquo;incidence, au palais des congr\u00e8s de la ville de Kara. Des messes et cultes ont \u00e9galement \u00e9t\u00e9 c\u00e9l\u00e9br\u00e9s dans les chefs-lieux de r\u00e9gions.<\/p>\n\n\n\n<p class=\"wp-block-paragraph\"><strong>Ali SAMBA (In LE MEDIUM n\u00b0538 du 07 au 13 F\u00e9vrier 2023)<\/strong><\/p>\n\n\n\n<p class=\"wp-block-paragraph\"><strong><em>@macite.info<\/em><\/strong><\/p>\n\n\n\n<p class=\"wp-block-paragraph\"><strong><em>E-mail&nbsp;: <\/em><\/strong><a href=\"mailto:maciteinfo@gmail.com\"><strong><em>maciteinfo@gmail.com<\/em><\/strong><\/a><strong><em>; <\/em><\/strong><a href=\"mailto:bawela1@gmail.com\"><strong><em>bawela1@gmail.com<\/em><\/strong><\/a><strong><em><\/em><\/strong><\/p>\n\n\n\n<p class=\"wp-block-paragraph\"><strong><em>Pour vos annonces, (publi)reportages, etc., joignez nous au (00228)91515309\/<strong>79872224<\/strong><\/em><\/strong><em><\/em><\/p>\n\n\n\n<p class=\"wp-block-paragraph\"><a href=\"http:\/\/www.macite.info\"><strong><em>www.macite.info<\/em><\/strong><\/a><strong><em>, L\u2019information, la bonne&nbsp;!<\/em><\/strong><\/p>\n","protected":false},"excerpt":{"rendered":"<p class=\"text-justify mb-2\" >Les \u00e9critures saintes apprennent aux \u00eatres humains que toute \u00e2me go\u00fbtera \u00e0 la mort. Cette v\u00e9rit\u00e9 a \u00e9t\u00e9 rappel\u00e9e par le vice-pr\u00e9sident de l&rsquo;Union musulmane du Togo, l&rsquo;Imam Koumou Sanni \u00e0 l&rsquo;occasion de la c\u00e9l\u00e9bration du rappel \u00e0 Dieu de Gnassingb\u00e9 Eyadema, le p\u00e8re de [&hellip;]<\/p>\n","protected":false},"author":2,"featured_media":3401,"comment_status":"open","ping_status":"open","sticky":false,"template":"","format":"standard","meta":{"footnotes":""},"categories":[1],"tags":[],"class_list":["post-3400","post","type-post","status-publish","format-standard","has-post-thumbnail","hentry","category-politique"],"yoast_head":"<!-- This site is optimized with the Yoast SEO plugin v28.4 - https:\/\/yoast.com\/product\/yoast-seo-wordpress\/ -->\n<title>IN MEMORIAM \/05FEVRIER 2005 : Il \u00e9tait une fois, EYADEMA\u00a0!!! -<\/title>\n<meta name=\"robots\" content=\"index, follow, max-snippet:-1, max-image-preview:large, max-video-preview:-1\" \/>\n<link rel=\"canonical\" href=\"https:\/\/macite.tg\/?p=3400\" \/>\n<meta property=\"og:locale\" content=\"fr_FR\" \/>\n<meta property=\"og:type\" content=\"article\" \/>\n<meta property=\"og:title\" content=\"IN MEMORIAM \/05FEVRIER 2005 : Il \u00e9tait une fois, EYADEMA\u00a0!!! -\" \/>\n<meta property=\"og:description\" content=\"Les \u00e9critures saintes apprennent aux \u00eatres humains que toute \u00e2me go\u00fbtera \u00e0 la mort. Cette v\u00e9rit\u00e9 a \u00e9t\u00e9 rappel\u00e9e par le vice-pr\u00e9sident de l&rsquo;Union musulmane du Togo, l&rsquo;Imam Koumou Sanni \u00e0 l&rsquo;occasion de la c\u00e9l\u00e9bration du rappel \u00e0 Dieu de Gnassingb\u00e9 Eyadema, le p\u00e8re de [&hellip;]\" \/>\n<meta property=\"og:url\" content=\"https:\/\/macite.tg\/?p=3400\" \/>\n<meta property=\"article:published_time\" content=\"2023-02-07T11:44:25+00:00\" \/>\n<meta property=\"article:modified_time\" content=\"2023-02-07T11:44:26+00:00\" \/>\n<meta property=\"og:image\" content=\"https:\/\/macite.tg\/wp-content\/uploads\/2023\/02\/gnassingbe-eyadema-president-du-togo.jpg\" \/>\n\t<meta property=\"og:image:width\" content=\"845\" \/>\n\t<meta property=\"og:image:height\" content=\"562\" \/>\n\t<meta property=\"og:image:type\" content=\"image\/jpeg\" \/>\n<meta name=\"author\" content=\"Jean Pierre BAWELA\" \/>\n<meta name=\"twitter:card\" content=\"summary_large_image\" \/>\n<meta name=\"twitter:label1\" content=\"\u00c9crit par\" \/>\n\t<meta name=\"twitter:data1\" content=\"Jean Pierre BAWELA\" \/>\n\t<meta name=\"twitter:label2\" content=\"Dur\u00e9e de lecture estim\u00e9e\" \/>\n\t<meta name=\"twitter:data2\" content=\"4 minutes\" \/>\n<script type=\"application\/ld+json\" class=\"yoast-schema-graph\">{\"@context\":\"https:\\\/\\\/schema.org\",\"@graph\":[{\"@type\":\"Article\",\"@id\":\"https:\\\/\\\/macite.tg\\\/?p=3400#article\",\"isPartOf\":{\"@id\":\"https:\\\/\\\/macite.tg\\\/?p=3400\"},\"author\":{\"name\":\"Jean Pierre BAWELA\",\"@id\":\"https:\\\/\\\/macite.tg\\\/#\\\/schema\\\/person\\\/e9f2de7e5dbbe7770a9402c7ce82f5c2\"},\"headline\":\"IN MEMORIAM \\\/05FEVRIER 2005 : Il \u00e9tait une fois, EYADEMA\u00a0!!!\",\"datePublished\":\"2023-02-07T11:44:25+00:00\",\"dateModified\":\"2023-02-07T11:44:26+00:00\",\"mainEntityOfPage\":{\"@id\":\"https:\\\/\\\/macite.tg\\\/?p=3400\"},\"wordCount\":707,\"commentCount\":0,\"image\":{\"@id\":\"https:\\\/\\\/macite.tg\\\/?p=3400#primaryimage\"},\"thumbnailUrl\":\"https:\\\/\\\/macite.tg\\\/wp-content\\\/uploads\\\/2023\\\/02\\\/gnassingbe-eyadema-president-du-togo.jpg\",\"articleSection\":[\"POLITIQUE\"],\"inLanguage\":\"fr-FR\",\"potentialAction\":[{\"@type\":\"CommentAction\",\"name\":\"Comment\",\"target\":[\"https:\\\/\\\/macite.tg\\\/?p=3400#respond\"]}]},{\"@type\":\"WebPage\",\"@id\":\"https:\\\/\\\/macite.tg\\\/?p=3400\",\"url\":\"https:\\\/\\\/macite.tg\\\/?p=3400\",\"name\":\"IN MEMORIAM \\\/05FEVRIER 2005 : Il \u00e9tait une fois, EYADEMA\u00a0!!! -\",\"isPartOf\":{\"@id\":\"https:\\\/\\\/macite.tg\\\/#website\"},\"primaryImageOfPage\":{\"@id\":\"https:\\\/\\\/macite.tg\\\/?p=3400#primaryimage\"},\"image\":{\"@id\":\"https:\\\/\\\/macite.tg\\\/?p=3400#primaryimage\"},\"thumbnailUrl\":\"https:\\\/\\\/macite.tg\\\/wp-content\\\/uploads\\\/2023\\\/02\\\/gnassingbe-eyadema-president-du-togo.jpg\",\"datePublished\":\"2023-02-07T11:44:25+00:00\",\"dateModified\":\"2023-02-07T11:44:26+00:00\",\"author\":{\"@id\":\"https:\\\/\\\/macite.tg\\\/#\\\/schema\\\/person\\\/e9f2de7e5dbbe7770a9402c7ce82f5c2\"},\"breadcrumb\":{\"@id\":\"https:\\\/\\\/macite.tg\\\/?p=3400#breadcrumb\"},\"inLanguage\":\"fr-FR\",\"potentialAction\":[{\"@type\":\"ReadAction\",\"target\":[\"https:\\\/\\\/macite.tg\\\/?p=3400\"]}]},{\"@type\":\"ImageObject\",\"inLanguage\":\"fr-FR\",\"@id\":\"https:\\\/\\\/macite.tg\\\/?p=3400#primaryimage\",\"url\":\"https:\\\/\\\/macite.tg\\\/wp-content\\\/uploads\\\/2023\\\/02\\\/gnassingbe-eyadema-president-du-togo.jpg\",\"contentUrl\":\"https:\\\/\\\/macite.tg\\\/wp-content\\\/uploads\\\/2023\\\/02\\\/gnassingbe-eyadema-president-du-togo.jpg\",\"width\":845,\"height\":562},{\"@type\":\"BreadcrumbList\",\"@id\":\"https:\\\/\\\/macite.tg\\\/?p=3400#breadcrumb\",\"itemListElement\":[{\"@type\":\"ListItem\",\"position\":1,\"name\":\"Accueil\",\"item\":\"https:\\\/\\\/macite.tg\\\/\"},{\"@type\":\"ListItem\",\"position\":2,\"name\":\"IN MEMORIAM \\\/05FEVRIER 2005 : Il \u00e9tait une fois, EYADEMA\u00a0!!!\"}]},{\"@type\":\"WebSite\",\"@id\":\"https:\\\/\\\/macite.tg\\\/#website\",\"url\":\"https:\\\/\\\/macite.tg\\\/\",\"name\":\"\",\"description\":\"L&#039;information, la bonne!!!\",\"potentialAction\":[{\"@type\":\"SearchAction\",\"target\":{\"@type\":\"EntryPoint\",\"urlTemplate\":\"https:\\\/\\\/macite.tg\\\/?s={search_term_string}\"},\"query-input\":{\"@type\":\"PropertyValueSpecification\",\"valueRequired\":true,\"valueName\":\"search_term_string\"}}],\"inLanguage\":\"fr-FR\"},{\"@type\":\"Person\",\"@id\":\"https:\\\/\\\/macite.tg\\\/#\\\/schema\\\/person\\\/e9f2de7e5dbbe7770a9402c7ce82f5c2\",\"name\":\"Jean Pierre BAWELA\",\"image\":{\"@type\":\"ImageObject\",\"inLanguage\":\"fr-FR\",\"@id\":\"https:\\\/\\\/macite.tg\\\/wp-content\\\/uploads\\\/2023\\\/09\\\/WhatsApp-Image-2023-09-19-at-14.44.41-122x122.jpeg\",\"url\":\"https:\\\/\\\/macite.tg\\\/wp-content\\\/uploads\\\/2023\\\/09\\\/WhatsApp-Image-2023-09-19-at-14.44.41-122x122.jpeg\",\"contentUrl\":\"https:\\\/\\\/macite.tg\\\/wp-content\\\/uploads\\\/2023\\\/09\\\/WhatsApp-Image-2023-09-19-at-14.44.41-122x122.jpeg\",\"caption\":\"Jean Pierre BAWELA\"},\"url\":\"https:\\\/\\\/macite.tg\\\/?author=2\"}]}<\/script>\n<!-- \/ Yoast SEO plugin. -->","yoast_head_json":{"title":"IN MEMORIAM \/05FEVRIER 2005 : Il \u00e9tait une fois, EYADEMA\u00a0!!! -","robots":{"index":"index","follow":"follow","max-snippet":"max-snippet:-1","max-image-preview":"max-image-preview:large","max-video-preview":"max-video-preview:-1"},"canonical":"https:\/\/macite.tg\/?p=3400","og_locale":"fr_FR","og_type":"article","og_title":"IN MEMORIAM \/05FEVRIER 2005 : Il \u00e9tait une fois, EYADEMA\u00a0!!! -","og_description":"Les \u00e9critures saintes apprennent aux \u00eatres humains que toute \u00e2me go\u00fbtera \u00e0 la mort. Cette v\u00e9rit\u00e9 a \u00e9t\u00e9 rappel\u00e9e par le vice-pr\u00e9sident de l&rsquo;Union musulmane du Togo, l&rsquo;Imam Koumou Sanni \u00e0 l&rsquo;occasion de la c\u00e9l\u00e9bration du rappel \u00e0 Dieu de Gnassingb\u00e9 Eyadema, le p\u00e8re de [&hellip;]","og_url":"https:\/\/macite.tg\/?p=3400","article_published_time":"2023-02-07T11:44:25+00:00","article_modified_time":"2023-02-07T11:44:26+00:00","og_image":[{"width":845,"height":562,"url":"https:\/\/macite.tg\/wp-content\/uploads\/2023\/02\/gnassingbe-eyadema-president-du-togo.jpg","type":"image\/jpeg"}],"author":"Jean Pierre BAWELA","twitter_card":"summary_large_image","twitter_misc":{"\u00c9crit par":"Jean Pierre BAWELA","Dur\u00e9e de lecture estim\u00e9e":"4 minutes"},"schema":{"@context":"https:\/\/schema.org","@graph":[{"@type":"Article","@id":"https:\/\/macite.tg\/?p=3400#article","isPartOf":{"@id":"https:\/\/macite.tg\/?p=3400"},"author":{"name":"Jean Pierre BAWELA","@id":"https:\/\/macite.tg\/#\/schema\/person\/e9f2de7e5dbbe7770a9402c7ce82f5c2"},"headline":"IN MEMORIAM \/05FEVRIER 2005 : Il \u00e9tait une fois, EYADEMA\u00a0!!!","datePublished":"2023-02-07T11:44:25+00:00","dateModified":"2023-02-07T11:44:26+00:00","mainEntityOfPage":{"@id":"https:\/\/macite.tg\/?p=3400"},"wordCount":707,"commentCount":0,"image":{"@id":"https:\/\/macite.tg\/?p=3400#primaryimage"},"thumbnailUrl":"https:\/\/macite.tg\/wp-content\/uploads\/2023\/02\/gnassingbe-eyadema-president-du-togo.jpg","articleSection":["POLITIQUE"],"inLanguage":"fr-FR","potentialAction":[{"@type":"CommentAction","name":"Comment","target":["https:\/\/macite.tg\/?p=3400#respond"]}]},{"@type":"WebPage","@id":"https:\/\/macite.tg\/?p=3400","url":"https:\/\/macite.tg\/?p=3400","name":"IN MEMORIAM \/05FEVRIER 2005 : Il \u00e9tait une fois, EYADEMA\u00a0!!! -","isPartOf":{"@id":"https:\/\/macite.tg\/#website"},"primaryImageOfPage":{"@id":"https:\/\/macite.tg\/?p=3400#primaryimage"},"image":{"@id":"https:\/\/macite.tg\/?p=3400#primaryimage"},"thumbnailUrl":"https:\/\/macite.tg\/wp-content\/uploads\/2023\/02\/gnassingbe-eyadema-president-du-togo.jpg","datePublished":"2023-02-07T11:44:25+00:00","dateModified":"2023-02-07T11:44:26+00:00","author":{"@id":"https:\/\/macite.tg\/#\/schema\/person\/e9f2de7e5dbbe7770a9402c7ce82f5c2"},"breadcrumb":{"@id":"https:\/\/macite.tg\/?p=3400#breadcrumb"},"inLanguage":"fr-FR","potentialAction":[{"@type":"ReadAction","target":["https:\/\/macite.tg\/?p=3400"]}]},{"@type":"ImageObject","inLanguage":"fr-FR","@id":"https:\/\/macite.tg\/?p=3400#primaryimage","url":"https:\/\/macite.tg\/wp-content\/uploads\/2023\/02\/gnassingbe-eyadema-president-du-togo.jpg","contentUrl":"https:\/\/macite.tg\/wp-content\/uploads\/2023\/02\/gnassingbe-eyadema-president-du-togo.jpg","width":845,"height":562},{"@type":"BreadcrumbList","@id":"https:\/\/macite.tg\/?p=3400#breadcrumb","itemListElement":[{"@type":"ListItem","position":1,"name":"Accueil","item":"https:\/\/macite.tg\/"},{"@type":"ListItem","position":2,"name":"IN MEMORIAM \/05FEVRIER 2005 : Il \u00e9tait une fois, EYADEMA\u00a0!!!"}]},{"@type":"WebSite","@id":"https:\/\/macite.tg\/#website","url":"https:\/\/macite.tg\/","name":"","description":"L&#039;information, la bonne!!!","potentialAction":[{"@type":"SearchAction","target":{"@type":"EntryPoint","urlTemplate":"https:\/\/macite.tg\/?s={search_term_string}"},"query-input":{"@type":"PropertyValueSpecification","valueRequired":true,"valueName":"search_term_string"}}],"inLanguage":"fr-FR"},{"@type":"Person","@id":"https:\/\/macite.tg\/#\/schema\/person\/e9f2de7e5dbbe7770a9402c7ce82f5c2","name":"Jean Pierre BAWELA","image":{"@type":"ImageObject","inLanguage":"fr-FR","@id":"https:\/\/macite.tg\/wp-content\/uploads\/2023\/09\/WhatsApp-Image-2023-09-19-at-14.44.41-122x122.jpeg","url":"https:\/\/macite.tg\/wp-content\/uploads\/2023\/09\/WhatsApp-Image-2023-09-19-at-14.44.41-122x122.jpeg","contentUrl":"https:\/\/macite.tg\/wp-content\/uploads\/2023\/09\/WhatsApp-Image-2023-09-19-at-14.44.41-122x122.jpeg","caption":"Jean Pierre BAWELA"},"url":"https:\/\/macite.tg\/?author=2"}]}},"_links":{"self":[{"href":"https:\/\/macite.tg\/index.php?rest_route=\/wp\/v2\/posts\/3400","targetHints":{"allow":["GET"]}}],"collection":[{"href":"https:\/\/macite.tg\/index.php?rest_route=\/wp\/v2\/posts"}],"about":[{"href":"https:\/\/macite.tg\/index.php?rest_route=\/wp\/v2\/types\/post"}],"author":[{"embeddable":true,"href":"https:\/\/macite.tg\/index.php?rest_route=\/wp\/v2\/users\/2"}],"replies":[{"embeddable":true,"href":"https:\/\/macite.tg\/index.php?rest_route=%2Fwp%2Fv2%2Fcomments&post=3400"}],"version-history":[{"count":0,"href":"https:\/\/macite.tg\/index.php?rest_route=\/wp\/v2\/posts\/3400\/revisions"}],"wp:featuredmedia":[{"embeddable":true,"href":"https:\/\/macite.tg\/index.php?rest_route=\/wp\/v2\/media\/3401"}],"wp:attachment":[{"href":"https:\/\/macite.tg\/index.php?rest_route=%2Fwp%2Fv2%2Fmedia&parent=3400"}],"wp:term":[{"taxonomy":"category","embeddable":true,"href":"https:\/\/macite.tg\/index.php?rest_route=%2Fwp%2Fv2%2Fcategories&post=3400"},{"taxonomy":"post_tag","embeddable":true,"href":"https:\/\/macite.tg\/index.php?rest_route=%2Fwp%2Fv2%2Ftags&post=3400"}],"curies":[{"name":"wp","href":"https:\/\/api.w.org\/{rel}","templated":true}]}}