{"id":338,"date":"2022-09-23T12:21:00","date_gmt":"2022-09-23T12:21:00","guid":{"rendered":"https:\/\/macite.info\/?p=338"},"modified":"2022-09-23T12:21:00","modified_gmt":"2022-09-23T12:21:00","slug":"mission-durgence-de-la-cedeao-a-bamako-le-pouvoir-ca-sexerce-mais-attention-au-revers","status":"publish","type":"post","link":"https:\/\/macite.tg\/?p=338","title":{"rendered":"MISSION D\u2019URGENCE DE LA CEDEAO A BAMAKO\u00a0: Le pouvoir, \u00e7a s\u2019exerce\u00a0!\u2026mais attention au revers"},"content":{"rendered":"\n<p class=\"wp-block-paragraph\"><strong><em>L\u2019affaire des 46 soldats ivoiriens faits prisonniers \u00e0 Bamako, prend une autre tournure depuis que le pr\u00e9sident en exercice de la CEDEAO, le bissau-guin\u00e9en Umaro Sissoko Embalo, s\u2019est confi\u00e9\u00a0 aux m\u00e9dias fran\u00e7ais, RFI et France 24. Une sortie pas du go\u00fbt des autorit\u00e9s maliennes qui ont ripost\u00e9 par une \u2018\u2019jolie droite\u2019\u2019 dans une vid\u00e9o envoy\u00e9e \u00e0 l\u2019AFP.<\/em><\/strong><\/p>\n\n\n\n<p class=\"wp-block-paragraph\">Comme si cela ne suffisait pas, la r\u00e9union extraordinaires des dirigeants des \u00c9tats ouest-africains, hier jeudi \u00e0 New York, en marge de l\u2019AG de l\u2019ONU, \u00e0 l\u2019initiative du pr\u00e9sident Embalo, n\u2019arrange pas les choses.<\/p>\n\n\n\n<p class=\"wp-block-paragraph\">En plus des \u00ab\u00a0<em>sanctions progressives<\/em>\u00a0\u00bb contre la junte militaire en Guin\u00e9e face \u00e0 leur inflexibilit\u00e9, les chefs d\u2019\u00c9tat de la CEDEAO ont d\u00e9cid\u00e9 d\u2019envoyer trois \u00e9missaires \u00e0 Bamako, en vue de convaincre les autorit\u00e9s maliennes de faire diligence en lib\u00e9rant les militaires ivoiriens fait prisonniers depuis le 10 juillet dernier.<\/p>\n\n\n\n<p class=\"wp-block-paragraph\">Si une certaine opinion juge cette d\u00e9marche pas du tout opportune car, le sujet \u00e9tant d\u00e9j\u00e0 en voie de r\u00e8glement par voie diplomatique, ils sont plusieurs \u00e0 ruminer leur col\u00e8re face \u00e0 \u2018\u2019roitelet\u2019\u2019 Embalo, pr\u00e9sident en exercice de la Cedeao, qui fait feu de tout bois, pour sortir de le pouvoir de Bamako de son gong.<\/p>\n\n\n<div class=\"wp-block-image\">\n<figure class=\"aligncenter size-full is-resized\"><img loading=\"lazy\" decoding=\"async\" src=\"https:\/\/macite.tg\/wp-content\/uploads\/2022\/09\/Otr30b.jpeg\" alt=\"\" class=\"wp-image-80\" width=\"388\" height=\"388\" srcset=\"https:\/\/macite.tg\/wp-content\/uploads\/2022\/09\/Otr30b.jpeg 720w, https:\/\/macite.tg\/wp-content\/uploads\/2022\/09\/Otr30b-300x300.jpeg 300w, https:\/\/macite.tg\/wp-content\/uploads\/2022\/09\/Otr30b-150x150.jpeg 150w\" sizes=\"auto, (max-width: 388px) 100vw, 388px\" \/><\/figure>\n<\/div>\n\n\n<p class=\"wp-block-paragraph\"><strong>Un sc\u00e9nario bien ficel\u00e9 &nbsp;&nbsp;<\/strong><\/p>\n\n\n\n<p class=\"wp-block-paragraph\">A l\u2019analyse des r\u00e9cents \u00e9v\u00e9nements, on ne peut r\u00e9pondre que par une affirmative \u00e0 la question de savoir s\u2019il s\u2019agissait d\u2019un r\u00e8glement de compte&nbsp;?<\/p>\n\n\n\n<p class=\"wp-block-paragraph\">D\u2019abord, on se rappelle que la visite du Pr\u00e9sident fran\u00e7ais Emmanuel Macron, re\u00e7u en triomphe \u00e0 Bissau. L\u2019image de pr\u00e9sident Macron et de son h\u00f4te Embalo Sissoko, bras dessus bras dessous, dans les rues de la capitale Bissau, d\u00e9note de la complicit\u00e9 entre les deux personnalit\u00e9s. Et quand on sait que l\u2019actuel pr\u00e9sident de la CEDEAO a essuy\u00e9 l\u2019affront des bruits de bottes vites maitris\u00e9e, par on sait qui, il y a de quoi s\u2019\u00e9mouvoir.<\/p>\n\n\n\n<p class=\"wp-block-paragraph\">Comme si cela ne suffisait pas, c\u2019est le m\u00eame pr\u00e9sident Embalo qui va parler de ses homologues guin\u00e9en et malien, sur des m\u00e9dias vivement critiqu\u00e9s par ces derniers.<\/p>\n\n\n\n<p class=\"wp-block-paragraph\">En plus, pourquoi un sommet extraordinaire de la CEDEAO ailleurs autre que sur le continent africain\u00a0? Pourquoi c\u2019est aux m\u00e9dias exclus du territoire malien que le pr\u00e9sident de la Cedeao, s\u2019est-il adress\u00e9\u00a0?&#8230; Des interrogations l\u00e9gitimes qui font dire \u00e0 plus d\u2019un que le pr\u00e9sident Embalo est simplement en mission. Car, la Guin\u00e9e et surtout le Mali, ne sont pas dans les bonnes gr\u00e2ces de l\u2019\u00c9lys\u00e9e.<\/p>\n\n\n\n<p class=\"wp-block-paragraph\">Le comble dans ce sc\u00e9nario \u00e0 la hollywoodienne, est que le benjamin des chefs d\u2019\u00c9tat africain, le d\u00e9p\u00eache \u00e0 Bamako trois de ses ain\u00e9s, pas des moindre, pour faire plier les ca\u00efds qui ont eu le cran de dire NON \u00e0 certaines choses anormales. Comme pour dire, je suis au pouvoir, j\u2019ai le pouvoir\u2026.mais attention au revers\u00a0!<\/p>\n\n\n\n<p class=\"wp-block-paragraph\"><strong>Corga<\/strong><\/p>\n\n\n\n<p class=\"wp-block-paragraph\"><strong><em>@macite.info<\/em><\/strong><\/p>\n\n\n\n<p class=\"wp-block-paragraph\"><strong><em>E-mail&nbsp;: <\/em><\/strong><a href=\"mailto:maciteinfo@gmail.com\"><strong><em>maciteinfo@gmail.com<\/em><\/strong><\/a><strong><em>; <\/em><\/strong><a href=\"mailto:bawela1@gmail.com\"><strong><em>bawela1@gmail.com<\/em><\/strong><\/a><\/p>\n\n\n\n<p class=\"wp-block-paragraph\"><strong><em>Pour vos annonces, (publi)reportages, etc., joignez nous au (00228) 91515309\/<strong>79872224<\/strong><\/em><\/strong><em><\/em><\/p>\n\n\n\n<p class=\"wp-block-paragraph\"><a href=\"http:\/\/www.macite.info\"><strong><em>www.macite.info<\/em><\/strong><\/a><strong><em>, L\u2019information, la bonne&nbsp;!<\/em><\/strong><\/p>\n","protected":false},"excerpt":{"rendered":"<p class=\"text-justify mb-2\" >L\u2019affaire des 46 soldats ivoiriens faits prisonniers \u00e0 Bamako, prend une autre tournure depuis que le pr\u00e9sident en exercice de la CEDEAO, le bissau-guin\u00e9en Umaro Sissoko Embalo, s\u2019est confi\u00e9\u00a0 aux m\u00e9dias fran\u00e7ais, RFI et France 24. Une sortie pas du go\u00fbt des autorit\u00e9s maliennes qui [&hellip;]<\/p>\n","protected":false},"author":2,"featured_media":342,"comment_status":"open","ping_status":"open","sticky":false,"template":"","format":"standard","meta":{"footnotes":""},"categories":[13,1],"tags":[],"class_list":["post-338","post","type-post","status-publish","format-standard","has-post-thumbnail","hentry","category-billet","category-politique"],"yoast_head":"<!-- This site is optimized with the Yoast SEO plugin v28.4 - https:\/\/yoast.com\/product\/yoast-seo-wordpress\/ -->\n<title>MISSION D\u2019URGENCE DE LA CEDEAO A BAMAKO\u00a0: Le pouvoir, \u00e7a s\u2019exerce\u00a0!\u2026mais attention au revers -<\/title>\n<meta name=\"robots\" content=\"index, follow, max-snippet:-1, max-image-preview:large, max-video-preview:-1\" \/>\n<link rel=\"canonical\" href=\"https:\/\/macite.tg\/?p=338\" \/>\n<meta property=\"og:locale\" content=\"fr_FR\" \/>\n<meta property=\"og:type\" content=\"article\" \/>\n<meta property=\"og:title\" content=\"MISSION D\u2019URGENCE DE LA CEDEAO A BAMAKO\u00a0: Le pouvoir, \u00e7a s\u2019exerce\u00a0!\u2026mais attention au revers -\" \/>\n<meta property=\"og:description\" content=\"L\u2019affaire des 46 soldats ivoiriens faits prisonniers \u00e0 Bamako, prend une autre tournure depuis que le pr\u00e9sident en exercice de la CEDEAO, le bissau-guin\u00e9en Umaro Sissoko Embalo, s\u2019est confi\u00e9\u00a0 aux m\u00e9dias fran\u00e7ais, RFI et France 24. Une sortie pas du go\u00fbt des autorit\u00e9s maliennes qui [&hellip;]\" \/>\n<meta property=\"og:url\" content=\"https:\/\/macite.tg\/?p=338\" \/>\n<meta property=\"article:published_time\" content=\"2022-09-23T12:21:00+00:00\" \/>\n<meta property=\"og:image\" content=\"https:\/\/macite.tg\/wp-content\/uploads\/2022\/09\/CEDEAO.jpg\" \/>\n\t<meta property=\"og:image:width\" content=\"600\" \/>\n\t<meta property=\"og:image:height\" content=\"207\" \/>\n\t<meta property=\"og:image:type\" content=\"image\/jpeg\" \/>\n<meta name=\"author\" content=\"Jean Pierre BAWELA\" \/>\n<meta name=\"twitter:card\" content=\"summary_large_image\" \/>\n<meta name=\"twitter:label1\" content=\"\u00c9crit par\" \/>\n\t<meta name=\"twitter:data1\" content=\"Jean Pierre BAWELA\" \/>\n\t<meta name=\"twitter:label2\" content=\"Dur\u00e9e de lecture estim\u00e9e\" \/>\n\t<meta name=\"twitter:data2\" content=\"3 minutes\" \/>\n<script type=\"application\/ld+json\" class=\"yoast-schema-graph\">{\"@context\":\"https:\\\/\\\/schema.org\",\"@graph\":[{\"@type\":\"Article\",\"@id\":\"https:\\\/\\\/macite.tg\\\/?p=338#article\",\"isPartOf\":{\"@id\":\"https:\\\/\\\/macite.tg\\\/?p=338\"},\"author\":{\"name\":\"Jean Pierre BAWELA\",\"@id\":\"https:\\\/\\\/macite.tg\\\/#\\\/schema\\\/person\\\/e9f2de7e5dbbe7770a9402c7ce82f5c2\"},\"headline\":\"MISSION D\u2019URGENCE DE LA CEDEAO A BAMAKO\u00a0: Le pouvoir, \u00e7a s\u2019exerce\u00a0!\u2026mais attention au revers\",\"datePublished\":\"2022-09-23T12:21:00+00:00\",\"mainEntityOfPage\":{\"@id\":\"https:\\\/\\\/macite.tg\\\/?p=338\"},\"wordCount\":557,\"commentCount\":0,\"image\":{\"@id\":\"https:\\\/\\\/macite.tg\\\/?p=338#primaryimage\"},\"thumbnailUrl\":\"https:\\\/\\\/macite.tg\\\/wp-content\\\/uploads\\\/2022\\\/09\\\/CEDEAO.jpg\",\"articleSection\":[\"BILLET\",\"POLITIQUE\"],\"inLanguage\":\"fr-FR\",\"potentialAction\":[{\"@type\":\"CommentAction\",\"name\":\"Comment\",\"target\":[\"https:\\\/\\\/macite.tg\\\/?p=338#respond\"]}]},{\"@type\":\"WebPage\",\"@id\":\"https:\\\/\\\/macite.tg\\\/?p=338\",\"url\":\"https:\\\/\\\/macite.tg\\\/?p=338\",\"name\":\"MISSION D\u2019URGENCE DE LA CEDEAO A BAMAKO\u00a0: Le pouvoir, \u00e7a s\u2019exerce\u00a0!\u2026mais attention au revers -\",\"isPartOf\":{\"@id\":\"https:\\\/\\\/macite.tg\\\/#website\"},\"primaryImageOfPage\":{\"@id\":\"https:\\\/\\\/macite.tg\\\/?p=338#primaryimage\"},\"image\":{\"@id\":\"https:\\\/\\\/macite.tg\\\/?p=338#primaryimage\"},\"thumbnailUrl\":\"https:\\\/\\\/macite.tg\\\/wp-content\\\/uploads\\\/2022\\\/09\\\/CEDEAO.jpg\",\"datePublished\":\"2022-09-23T12:21:00+00:00\",\"author\":{\"@id\":\"https:\\\/\\\/macite.tg\\\/#\\\/schema\\\/person\\\/e9f2de7e5dbbe7770a9402c7ce82f5c2\"},\"breadcrumb\":{\"@id\":\"https:\\\/\\\/macite.tg\\\/?p=338#breadcrumb\"},\"inLanguage\":\"fr-FR\",\"potentialAction\":[{\"@type\":\"ReadAction\",\"target\":[\"https:\\\/\\\/macite.tg\\\/?p=338\"]}]},{\"@type\":\"ImageObject\",\"inLanguage\":\"fr-FR\",\"@id\":\"https:\\\/\\\/macite.tg\\\/?p=338#primaryimage\",\"url\":\"https:\\\/\\\/macite.tg\\\/wp-content\\\/uploads\\\/2022\\\/09\\\/CEDEAO.jpg\",\"contentUrl\":\"https:\\\/\\\/macite.tg\\\/wp-content\\\/uploads\\\/2022\\\/09\\\/CEDEAO.jpg\",\"width\":600,\"height\":207},{\"@type\":\"BreadcrumbList\",\"@id\":\"https:\\\/\\\/macite.tg\\\/?p=338#breadcrumb\",\"itemListElement\":[{\"@type\":\"ListItem\",\"position\":1,\"name\":\"Accueil\",\"item\":\"https:\\\/\\\/macite.tg\\\/\"},{\"@type\":\"ListItem\",\"position\":2,\"name\":\"MISSION D\u2019URGENCE DE LA CEDEAO A BAMAKO\u00a0: Le pouvoir, \u00e7a s\u2019exerce\u00a0!\u2026mais attention au revers\"}]},{\"@type\":\"WebSite\",\"@id\":\"https:\\\/\\\/macite.tg\\\/#website\",\"url\":\"https:\\\/\\\/macite.tg\\\/\",\"name\":\"\",\"description\":\"L&#039;information, la bonne!!!\",\"potentialAction\":[{\"@type\":\"SearchAction\",\"target\":{\"@type\":\"EntryPoint\",\"urlTemplate\":\"https:\\\/\\\/macite.tg\\\/?s={search_term_string}\"},\"query-input\":{\"@type\":\"PropertyValueSpecification\",\"valueRequired\":true,\"valueName\":\"search_term_string\"}}],\"inLanguage\":\"fr-FR\"},{\"@type\":\"Person\",\"@id\":\"https:\\\/\\\/macite.tg\\\/#\\\/schema\\\/person\\\/e9f2de7e5dbbe7770a9402c7ce82f5c2\",\"name\":\"Jean Pierre BAWELA\",\"image\":{\"@type\":\"ImageObject\",\"inLanguage\":\"fr-FR\",\"@id\":\"https:\\\/\\\/macite.tg\\\/wp-content\\\/uploads\\\/2023\\\/09\\\/WhatsApp-Image-2023-09-19-at-14.44.41-122x122.jpeg\",\"url\":\"https:\\\/\\\/macite.tg\\\/wp-content\\\/uploads\\\/2023\\\/09\\\/WhatsApp-Image-2023-09-19-at-14.44.41-122x122.jpeg\",\"contentUrl\":\"https:\\\/\\\/macite.tg\\\/wp-content\\\/uploads\\\/2023\\\/09\\\/WhatsApp-Image-2023-09-19-at-14.44.41-122x122.jpeg\",\"caption\":\"Jean Pierre BAWELA\"},\"url\":\"https:\\\/\\\/macite.tg\\\/?author=2\"}]}<\/script>\n<!-- \/ Yoast SEO plugin. -->","yoast_head_json":{"title":"MISSION D\u2019URGENCE DE LA CEDEAO A BAMAKO\u00a0: Le pouvoir, \u00e7a s\u2019exerce\u00a0!\u2026mais attention au revers -","robots":{"index":"index","follow":"follow","max-snippet":"max-snippet:-1","max-image-preview":"max-image-preview:large","max-video-preview":"max-video-preview:-1"},"canonical":"https:\/\/macite.tg\/?p=338","og_locale":"fr_FR","og_type":"article","og_title":"MISSION D\u2019URGENCE DE LA CEDEAO A BAMAKO\u00a0: Le pouvoir, \u00e7a s\u2019exerce\u00a0!\u2026mais attention au revers -","og_description":"L\u2019affaire des 46 soldats ivoiriens faits prisonniers \u00e0 Bamako, prend une autre tournure depuis que le pr\u00e9sident en exercice de la CEDEAO, le bissau-guin\u00e9en Umaro Sissoko Embalo, s\u2019est confi\u00e9\u00a0 aux m\u00e9dias fran\u00e7ais, RFI et France 24. Une sortie pas du go\u00fbt des autorit\u00e9s maliennes qui [&hellip;]","og_url":"https:\/\/macite.tg\/?p=338","article_published_time":"2022-09-23T12:21:00+00:00","og_image":[{"width":600,"height":207,"url":"https:\/\/macite.tg\/wp-content\/uploads\/2022\/09\/CEDEAO.jpg","type":"image\/jpeg"}],"author":"Jean Pierre BAWELA","twitter_card":"summary_large_image","twitter_misc":{"\u00c9crit par":"Jean Pierre BAWELA","Dur\u00e9e de lecture estim\u00e9e":"3 minutes"},"schema":{"@context":"https:\/\/schema.org","@graph":[{"@type":"Article","@id":"https:\/\/macite.tg\/?p=338#article","isPartOf":{"@id":"https:\/\/macite.tg\/?p=338"},"author":{"name":"Jean Pierre BAWELA","@id":"https:\/\/macite.tg\/#\/schema\/person\/e9f2de7e5dbbe7770a9402c7ce82f5c2"},"headline":"MISSION D\u2019URGENCE DE LA CEDEAO A BAMAKO\u00a0: Le pouvoir, \u00e7a s\u2019exerce\u00a0!\u2026mais attention au revers","datePublished":"2022-09-23T12:21:00+00:00","mainEntityOfPage":{"@id":"https:\/\/macite.tg\/?p=338"},"wordCount":557,"commentCount":0,"image":{"@id":"https:\/\/macite.tg\/?p=338#primaryimage"},"thumbnailUrl":"https:\/\/macite.tg\/wp-content\/uploads\/2022\/09\/CEDEAO.jpg","articleSection":["BILLET","POLITIQUE"],"inLanguage":"fr-FR","potentialAction":[{"@type":"CommentAction","name":"Comment","target":["https:\/\/macite.tg\/?p=338#respond"]}]},{"@type":"WebPage","@id":"https:\/\/macite.tg\/?p=338","url":"https:\/\/macite.tg\/?p=338","name":"MISSION D\u2019URGENCE DE LA CEDEAO A BAMAKO\u00a0: Le pouvoir, \u00e7a s\u2019exerce\u00a0!\u2026mais attention au revers -","isPartOf":{"@id":"https:\/\/macite.tg\/#website"},"primaryImageOfPage":{"@id":"https:\/\/macite.tg\/?p=338#primaryimage"},"image":{"@id":"https:\/\/macite.tg\/?p=338#primaryimage"},"thumbnailUrl":"https:\/\/macite.tg\/wp-content\/uploads\/2022\/09\/CEDEAO.jpg","datePublished":"2022-09-23T12:21:00+00:00","author":{"@id":"https:\/\/macite.tg\/#\/schema\/person\/e9f2de7e5dbbe7770a9402c7ce82f5c2"},"breadcrumb":{"@id":"https:\/\/macite.tg\/?p=338#breadcrumb"},"inLanguage":"fr-FR","potentialAction":[{"@type":"ReadAction","target":["https:\/\/macite.tg\/?p=338"]}]},{"@type":"ImageObject","inLanguage":"fr-FR","@id":"https:\/\/macite.tg\/?p=338#primaryimage","url":"https:\/\/macite.tg\/wp-content\/uploads\/2022\/09\/CEDEAO.jpg","contentUrl":"https:\/\/macite.tg\/wp-content\/uploads\/2022\/09\/CEDEAO.jpg","width":600,"height":207},{"@type":"BreadcrumbList","@id":"https:\/\/macite.tg\/?p=338#breadcrumb","itemListElement":[{"@type":"ListItem","position":1,"name":"Accueil","item":"https:\/\/macite.tg\/"},{"@type":"ListItem","position":2,"name":"MISSION D\u2019URGENCE DE LA CEDEAO A BAMAKO\u00a0: Le pouvoir, \u00e7a s\u2019exerce\u00a0!\u2026mais attention au revers"}]},{"@type":"WebSite","@id":"https:\/\/macite.tg\/#website","url":"https:\/\/macite.tg\/","name":"","description":"L&#039;information, la bonne!!!","potentialAction":[{"@type":"SearchAction","target":{"@type":"EntryPoint","urlTemplate":"https:\/\/macite.tg\/?s={search_term_string}"},"query-input":{"@type":"PropertyValueSpecification","valueRequired":true,"valueName":"search_term_string"}}],"inLanguage":"fr-FR"},{"@type":"Person","@id":"https:\/\/macite.tg\/#\/schema\/person\/e9f2de7e5dbbe7770a9402c7ce82f5c2","name":"Jean Pierre BAWELA","image":{"@type":"ImageObject","inLanguage":"fr-FR","@id":"https:\/\/macite.tg\/wp-content\/uploads\/2023\/09\/WhatsApp-Image-2023-09-19-at-14.44.41-122x122.jpeg","url":"https:\/\/macite.tg\/wp-content\/uploads\/2023\/09\/WhatsApp-Image-2023-09-19-at-14.44.41-122x122.jpeg","contentUrl":"https:\/\/macite.tg\/wp-content\/uploads\/2023\/09\/WhatsApp-Image-2023-09-19-at-14.44.41-122x122.jpeg","caption":"Jean Pierre BAWELA"},"url":"https:\/\/macite.tg\/?author=2"}]}},"_links":{"self":[{"href":"https:\/\/macite.tg\/index.php?rest_route=\/wp\/v2\/posts\/338","targetHints":{"allow":["GET"]}}],"collection":[{"href":"https:\/\/macite.tg\/index.php?rest_route=\/wp\/v2\/posts"}],"about":[{"href":"https:\/\/macite.tg\/index.php?rest_route=\/wp\/v2\/types\/post"}],"author":[{"embeddable":true,"href":"https:\/\/macite.tg\/index.php?rest_route=\/wp\/v2\/users\/2"}],"replies":[{"embeddable":true,"href":"https:\/\/macite.tg\/index.php?rest_route=%2Fwp%2Fv2%2Fcomments&post=338"}],"version-history":[{"count":0,"href":"https:\/\/macite.tg\/index.php?rest_route=\/wp\/v2\/posts\/338\/revisions"}],"wp:featuredmedia":[{"embeddable":true,"href":"https:\/\/macite.tg\/index.php?rest_route=\/wp\/v2\/media\/342"}],"wp:attachment":[{"href":"https:\/\/macite.tg\/index.php?rest_route=%2Fwp%2Fv2%2Fmedia&parent=338"}],"wp:term":[{"taxonomy":"category","embeddable":true,"href":"https:\/\/macite.tg\/index.php?rest_route=%2Fwp%2Fv2%2Fcategories&post=338"},{"taxonomy":"post_tag","embeddable":true,"href":"https:\/\/macite.tg\/index.php?rest_route=%2Fwp%2Fv2%2Ftags&post=338"}],"curies":[{"name":"wp","href":"https:\/\/api.w.org\/{rel}","templated":true}]}}