{"id":337,"date":"2022-09-23T12:25:24","date_gmt":"2022-09-23T12:25:24","guid":{"rendered":"https:\/\/macite.info\/?p=337"},"modified":"2022-09-23T12:25:25","modified_gmt":"2022-09-23T12:25:25","slug":"protection-du-patrimoine-immobilier-le-ministre-lamadokou-sensibilise-prefets-et-maires-du-district-autonome-du-grand-lome","status":"publish","type":"post","link":"https:\/\/macite.tg\/?p=337","title":{"rendered":"PROTECTION DU PATRIMOINE IMMOBILIER\u00a0: Le ministre Lamadokou sensibilise pr\u00e9fets et maires du District autonome du Grand Lom\u00e9"},"content":{"rendered":"\n<p class=\"wp-block-paragraph\"><strong><em>Dans le cadre de la mise en \u0153uvre de la Feuille de route gouvernementale 2020-2025, le Ministre de la culture et du tourisme a initi\u00e9 le projet Patrimoine, identit\u00e9 et d\u00e9veloppement local qui vise principalement \u00e0 sensibiliser et accompagner les collectivit\u00e9s locales dans la protection du patrimoine culturel immobilier et en faire un levier de d\u00e9veloppement.<\/em><\/strong><\/p>\n\n\n\n<p class=\"wp-block-paragraph\">C\u2019est dans ce contexte que Docteur Gbenyo Kossi LAMADOKOU, Ministre de la culture et du tourisme a organis\u00e9, le vendredi 16 septembre 2022, dans son cabinet, une rencontre d\u2019information, de sensibilisation et d\u2019\u00e9change avec les Pr\u00e9fets et maires du District autonome du grand Lom\u00e9. Etaient \u00e9galement pr\u00e9sents, les directeurs des services techniques comp\u00e9tents sur les questions li\u00e9es \u00e0 conservation et \u00e0 la gestion du patrimoine culturel et au d\u00e9veloppement touristique, la directrice du Palais de Lom\u00e9, les responsables d\u2019associations \u0153uvrant dans le domaine ainsi que les personnes ressources.<\/p>\n\n\n<div class=\"wp-block-image\">\n<figure class=\"aligncenter size-full is-resized\"><img loading=\"lazy\" decoding=\"async\" src=\"https:\/\/macite.tg\/wp-content\/uploads\/2022\/09\/Otr30b.jpeg\" alt=\"\" class=\"wp-image-80\" width=\"348\" height=\"348\" srcset=\"https:\/\/macite.tg\/wp-content\/uploads\/2022\/09\/Otr30b.jpeg 720w, https:\/\/macite.tg\/wp-content\/uploads\/2022\/09\/Otr30b-300x300.jpeg 300w, https:\/\/macite.tg\/wp-content\/uploads\/2022\/09\/Otr30b-150x150.jpeg 150w\" sizes=\"auto, (max-width: 348px) 100vw, 348px\" \/><\/figure>\n<\/div>\n\n\n<p class=\"wp-block-paragraph\">Pr\u00e9sid\u00e9e par le Ministre LAMADOKOU, la rencontre a permis aux participants de prendre connaissance de la r\u00e9glementation en vigueur quant \u00e0 la protection du patrimoine culturel immobilier, constitu\u00e9 essentiel des b\u00e2timents architecturaux, des sites et monuments ayant une importance historique, religieux, comm\u00e9morative, architecturale, ornementale, etc.<\/p>\n\n\n\n<p class=\"wp-block-paragraph\">Pour assurer la protection de ces valeurs, la loi n\u00b090-24 du 23 novembre 1990 relative \u00e0 la protection du patrimoine culturel national a pr\u00e9vu un certain nombre de dispositions allant de l\u2019inscription des biens culturels sur la liste d\u2019inventaire, puis sur la liste nationale et enfin leur classement qui permet \u00e0 l\u2019Etat d\u2019imposer au propri\u00e9taire, d\u00e9tenteur ou occupant d\u2019un bien culturel d\u2019int\u00e9r\u00eat public, des servitudes particuli\u00e8res qui gr\u00e8vent l\u2019utilisation ou la libre-disposition de celui-ci.<\/p>\n\n\n\n<p class=\"wp-block-paragraph\"><strong><u>Source&nbsp;<\/u><\/strong><strong>: @tourisme.gouv<\/strong><\/p>\n\n\n\n<p class=\"wp-block-paragraph\"><strong><em>@macite.info<\/em><\/strong><\/p>\n\n\n\n<p class=\"wp-block-paragraph\"><strong><em>E-mail&nbsp;: <\/em><\/strong><a href=\"mailto:maciteinfo@gmail.com\"><strong><em>maciteinfo@gmail.com<\/em><\/strong><\/a><strong><em>; <\/em><\/strong><a href=\"mailto:bawela1@gmail.com\"><strong><em>bawela1@gmail.com<\/em><\/strong><\/a><strong><em><\/em><\/strong><\/p>\n\n\n\n<p class=\"wp-block-paragraph\"><strong><em>Pour vos annonces, (publi)reportages, etc., joignez nous au (00228) 91515309\/<strong>79872224<\/strong><\/em><\/strong><em><\/em><\/p>\n\n\n\n<p class=\"wp-block-paragraph\"><a href=\"http:\/\/www.macite.info\"><strong><em>www.macite.info<\/em><\/strong><\/a><strong><em>, L\u2019information, la bonne&nbsp;!<\/em><\/strong><\/p>\n","protected":false},"excerpt":{"rendered":"<p class=\"text-justify mb-2\" >Dans le cadre de la mise en \u0153uvre de la Feuille de route gouvernementale 2020-2025, le Ministre de la culture et du tourisme a initi\u00e9 le projet Patrimoine, identit\u00e9 et d\u00e9veloppement local qui vise principalement \u00e0 sensibiliser et accompagner les collectivit\u00e9s locales dans la protection [&hellip;]<\/p>\n","protected":false},"author":2,"featured_media":344,"comment_status":"open","ping_status":"open","sticky":false,"template":"","format":"standard","meta":{"footnotes":""},"categories":[18],"tags":[],"class_list":["post-337","post","type-post","status-publish","format-standard","has-post-thumbnail","hentry","category-culture"],"yoast_head":"<!-- This site is optimized with the Yoast SEO plugin v28.4 - https:\/\/yoast.com\/product\/yoast-seo-wordpress\/ -->\n<title>PROTECTION DU PATRIMOINE IMMOBILIER\u00a0: Le ministre Lamadokou sensibilise pr\u00e9fets et maires du District autonome du Grand Lom\u00e9 -<\/title>\n<meta name=\"robots\" content=\"index, follow, max-snippet:-1, max-image-preview:large, max-video-preview:-1\" \/>\n<link rel=\"canonical\" href=\"https:\/\/macite.tg\/?p=337\" \/>\n<meta property=\"og:locale\" content=\"fr_FR\" \/>\n<meta property=\"og:type\" content=\"article\" \/>\n<meta property=\"og:title\" content=\"PROTECTION DU PATRIMOINE IMMOBILIER\u00a0: Le ministre Lamadokou sensibilise pr\u00e9fets et maires du District autonome du Grand Lom\u00e9 -\" \/>\n<meta property=\"og:description\" content=\"Dans le cadre de la mise en \u0153uvre de la Feuille de route gouvernementale 2020-2025, le Ministre de la culture et du tourisme a initi\u00e9 le projet Patrimoine, identit\u00e9 et d\u00e9veloppement local qui vise principalement \u00e0 sensibiliser et accompagner les collectivit\u00e9s locales dans la protection [&hellip;]\" \/>\n<meta property=\"og:url\" content=\"https:\/\/macite.tg\/?p=337\" \/>\n<meta property=\"article:published_time\" content=\"2022-09-23T12:25:24+00:00\" \/>\n<meta property=\"article:modified_time\" content=\"2022-09-23T12:25:25+00:00\" \/>\n<meta property=\"og:image\" content=\"https:\/\/macite.tg\/wp-content\/uploads\/2022\/09\/Sensibilisation-des-prefets-et-maires.jpeg\" \/>\n\t<meta property=\"og:image:width\" content=\"1008\" \/>\n\t<meta property=\"og:image:height\" content=\"756\" \/>\n\t<meta property=\"og:image:type\" content=\"image\/jpeg\" \/>\n<meta name=\"author\" content=\"Jean Pierre BAWELA\" \/>\n<meta name=\"twitter:card\" content=\"summary_large_image\" \/>\n<meta name=\"twitter:label1\" content=\"\u00c9crit par\" \/>\n\t<meta name=\"twitter:data1\" content=\"Jean Pierre BAWELA\" \/>\n\t<meta name=\"twitter:label2\" content=\"Dur\u00e9e de lecture estim\u00e9e\" \/>\n\t<meta name=\"twitter:data2\" content=\"2 minutes\" \/>\n<script type=\"application\/ld+json\" class=\"yoast-schema-graph\">{\"@context\":\"https:\\\/\\\/schema.org\",\"@graph\":[{\"@type\":\"Article\",\"@id\":\"https:\\\/\\\/macite.tg\\\/?p=337#article\",\"isPartOf\":{\"@id\":\"https:\\\/\\\/macite.tg\\\/?p=337\"},\"author\":{\"name\":\"Jean Pierre BAWELA\",\"@id\":\"https:\\\/\\\/macite.tg\\\/#\\\/schema\\\/person\\\/e9f2de7e5dbbe7770a9402c7ce82f5c2\"},\"headline\":\"PROTECTION DU PATRIMOINE IMMOBILIER\u00a0: Le ministre Lamadokou sensibilise pr\u00e9fets et maires du District autonome du Grand Lom\u00e9\",\"datePublished\":\"2022-09-23T12:25:24+00:00\",\"dateModified\":\"2022-09-23T12:25:25+00:00\",\"mainEntityOfPage\":{\"@id\":\"https:\\\/\\\/macite.tg\\\/?p=337\"},\"wordCount\":334,\"commentCount\":0,\"image\":{\"@id\":\"https:\\\/\\\/macite.tg\\\/?p=337#primaryimage\"},\"thumbnailUrl\":\"https:\\\/\\\/macite.tg\\\/wp-content\\\/uploads\\\/2022\\\/09\\\/Sensibilisation-des-prefets-et-maires.jpeg\",\"articleSection\":[\"CULTURE\"],\"inLanguage\":\"fr-FR\",\"potentialAction\":[{\"@type\":\"CommentAction\",\"name\":\"Comment\",\"target\":[\"https:\\\/\\\/macite.tg\\\/?p=337#respond\"]}]},{\"@type\":\"WebPage\",\"@id\":\"https:\\\/\\\/macite.tg\\\/?p=337\",\"url\":\"https:\\\/\\\/macite.tg\\\/?p=337\",\"name\":\"PROTECTION DU PATRIMOINE IMMOBILIER\u00a0: Le ministre Lamadokou sensibilise pr\u00e9fets et maires du District autonome du Grand Lom\u00e9 -\",\"isPartOf\":{\"@id\":\"https:\\\/\\\/macite.tg\\\/#website\"},\"primaryImageOfPage\":{\"@id\":\"https:\\\/\\\/macite.tg\\\/?p=337#primaryimage\"},\"image\":{\"@id\":\"https:\\\/\\\/macite.tg\\\/?p=337#primaryimage\"},\"thumbnailUrl\":\"https:\\\/\\\/macite.tg\\\/wp-content\\\/uploads\\\/2022\\\/09\\\/Sensibilisation-des-prefets-et-maires.jpeg\",\"datePublished\":\"2022-09-23T12:25:24+00:00\",\"dateModified\":\"2022-09-23T12:25:25+00:00\",\"author\":{\"@id\":\"https:\\\/\\\/macite.tg\\\/#\\\/schema\\\/person\\\/e9f2de7e5dbbe7770a9402c7ce82f5c2\"},\"breadcrumb\":{\"@id\":\"https:\\\/\\\/macite.tg\\\/?p=337#breadcrumb\"},\"inLanguage\":\"fr-FR\",\"potentialAction\":[{\"@type\":\"ReadAction\",\"target\":[\"https:\\\/\\\/macite.tg\\\/?p=337\"]}]},{\"@type\":\"ImageObject\",\"inLanguage\":\"fr-FR\",\"@id\":\"https:\\\/\\\/macite.tg\\\/?p=337#primaryimage\",\"url\":\"https:\\\/\\\/macite.tg\\\/wp-content\\\/uploads\\\/2022\\\/09\\\/Sensibilisation-des-prefets-et-maires.jpeg\",\"contentUrl\":\"https:\\\/\\\/macite.tg\\\/wp-content\\\/uploads\\\/2022\\\/09\\\/Sensibilisation-des-prefets-et-maires.jpeg\",\"width\":1008,\"height\":756,\"caption\":\"Photo de famille \u00e0 l'issue de la rencontre.\"},{\"@type\":\"BreadcrumbList\",\"@id\":\"https:\\\/\\\/macite.tg\\\/?p=337#breadcrumb\",\"itemListElement\":[{\"@type\":\"ListItem\",\"position\":1,\"name\":\"Accueil\",\"item\":\"https:\\\/\\\/macite.tg\\\/\"},{\"@type\":\"ListItem\",\"position\":2,\"name\":\"PROTECTION DU PATRIMOINE IMMOBILIER\u00a0: Le ministre Lamadokou sensibilise pr\u00e9fets et maires du District autonome du Grand Lom\u00e9\"}]},{\"@type\":\"WebSite\",\"@id\":\"https:\\\/\\\/macite.tg\\\/#website\",\"url\":\"https:\\\/\\\/macite.tg\\\/\",\"name\":\"\",\"description\":\"L&#039;information, la bonne!!!\",\"potentialAction\":[{\"@type\":\"SearchAction\",\"target\":{\"@type\":\"EntryPoint\",\"urlTemplate\":\"https:\\\/\\\/macite.tg\\\/?s={search_term_string}\"},\"query-input\":{\"@type\":\"PropertyValueSpecification\",\"valueRequired\":true,\"valueName\":\"search_term_string\"}}],\"inLanguage\":\"fr-FR\"},{\"@type\":\"Person\",\"@id\":\"https:\\\/\\\/macite.tg\\\/#\\\/schema\\\/person\\\/e9f2de7e5dbbe7770a9402c7ce82f5c2\",\"name\":\"Jean Pierre BAWELA\",\"image\":{\"@type\":\"ImageObject\",\"inLanguage\":\"fr-FR\",\"@id\":\"https:\\\/\\\/macite.tg\\\/wp-content\\\/uploads\\\/2023\\\/09\\\/WhatsApp-Image-2023-09-19-at-14.44.41-122x122.jpeg\",\"url\":\"https:\\\/\\\/macite.tg\\\/wp-content\\\/uploads\\\/2023\\\/09\\\/WhatsApp-Image-2023-09-19-at-14.44.41-122x122.jpeg\",\"contentUrl\":\"https:\\\/\\\/macite.tg\\\/wp-content\\\/uploads\\\/2023\\\/09\\\/WhatsApp-Image-2023-09-19-at-14.44.41-122x122.jpeg\",\"caption\":\"Jean Pierre BAWELA\"},\"url\":\"https:\\\/\\\/macite.tg\\\/?author=2\"}]}<\/script>\n<!-- \/ Yoast SEO plugin. -->","yoast_head_json":{"title":"PROTECTION DU PATRIMOINE IMMOBILIER\u00a0: Le ministre Lamadokou sensibilise pr\u00e9fets et maires du District autonome du Grand Lom\u00e9 -","robots":{"index":"index","follow":"follow","max-snippet":"max-snippet:-1","max-image-preview":"max-image-preview:large","max-video-preview":"max-video-preview:-1"},"canonical":"https:\/\/macite.tg\/?p=337","og_locale":"fr_FR","og_type":"article","og_title":"PROTECTION DU PATRIMOINE IMMOBILIER\u00a0: Le ministre Lamadokou sensibilise pr\u00e9fets et maires du District autonome du Grand Lom\u00e9 -","og_description":"Dans le cadre de la mise en \u0153uvre de la Feuille de route gouvernementale 2020-2025, le Ministre de la culture et du tourisme a initi\u00e9 le projet Patrimoine, identit\u00e9 et d\u00e9veloppement local qui vise principalement \u00e0 sensibiliser et accompagner les collectivit\u00e9s locales dans la protection [&hellip;]","og_url":"https:\/\/macite.tg\/?p=337","article_published_time":"2022-09-23T12:25:24+00:00","article_modified_time":"2022-09-23T12:25:25+00:00","og_image":[{"width":1008,"height":756,"url":"https:\/\/macite.tg\/wp-content\/uploads\/2022\/09\/Sensibilisation-des-prefets-et-maires.jpeg","type":"image\/jpeg"}],"author":"Jean Pierre BAWELA","twitter_card":"summary_large_image","twitter_misc":{"\u00c9crit par":"Jean Pierre BAWELA","Dur\u00e9e de lecture estim\u00e9e":"2 minutes"},"schema":{"@context":"https:\/\/schema.org","@graph":[{"@type":"Article","@id":"https:\/\/macite.tg\/?p=337#article","isPartOf":{"@id":"https:\/\/macite.tg\/?p=337"},"author":{"name":"Jean Pierre BAWELA","@id":"https:\/\/macite.tg\/#\/schema\/person\/e9f2de7e5dbbe7770a9402c7ce82f5c2"},"headline":"PROTECTION DU PATRIMOINE IMMOBILIER\u00a0: Le ministre Lamadokou sensibilise pr\u00e9fets et maires du District autonome du Grand Lom\u00e9","datePublished":"2022-09-23T12:25:24+00:00","dateModified":"2022-09-23T12:25:25+00:00","mainEntityOfPage":{"@id":"https:\/\/macite.tg\/?p=337"},"wordCount":334,"commentCount":0,"image":{"@id":"https:\/\/macite.tg\/?p=337#primaryimage"},"thumbnailUrl":"https:\/\/macite.tg\/wp-content\/uploads\/2022\/09\/Sensibilisation-des-prefets-et-maires.jpeg","articleSection":["CULTURE"],"inLanguage":"fr-FR","potentialAction":[{"@type":"CommentAction","name":"Comment","target":["https:\/\/macite.tg\/?p=337#respond"]}]},{"@type":"WebPage","@id":"https:\/\/macite.tg\/?p=337","url":"https:\/\/macite.tg\/?p=337","name":"PROTECTION DU PATRIMOINE IMMOBILIER\u00a0: Le ministre Lamadokou sensibilise pr\u00e9fets et maires du District autonome du Grand Lom\u00e9 -","isPartOf":{"@id":"https:\/\/macite.tg\/#website"},"primaryImageOfPage":{"@id":"https:\/\/macite.tg\/?p=337#primaryimage"},"image":{"@id":"https:\/\/macite.tg\/?p=337#primaryimage"},"thumbnailUrl":"https:\/\/macite.tg\/wp-content\/uploads\/2022\/09\/Sensibilisation-des-prefets-et-maires.jpeg","datePublished":"2022-09-23T12:25:24+00:00","dateModified":"2022-09-23T12:25:25+00:00","author":{"@id":"https:\/\/macite.tg\/#\/schema\/person\/e9f2de7e5dbbe7770a9402c7ce82f5c2"},"breadcrumb":{"@id":"https:\/\/macite.tg\/?p=337#breadcrumb"},"inLanguage":"fr-FR","potentialAction":[{"@type":"ReadAction","target":["https:\/\/macite.tg\/?p=337"]}]},{"@type":"ImageObject","inLanguage":"fr-FR","@id":"https:\/\/macite.tg\/?p=337#primaryimage","url":"https:\/\/macite.tg\/wp-content\/uploads\/2022\/09\/Sensibilisation-des-prefets-et-maires.jpeg","contentUrl":"https:\/\/macite.tg\/wp-content\/uploads\/2022\/09\/Sensibilisation-des-prefets-et-maires.jpeg","width":1008,"height":756,"caption":"Photo de famille \u00e0 l'issue de la rencontre."},{"@type":"BreadcrumbList","@id":"https:\/\/macite.tg\/?p=337#breadcrumb","itemListElement":[{"@type":"ListItem","position":1,"name":"Accueil","item":"https:\/\/macite.tg\/"},{"@type":"ListItem","position":2,"name":"PROTECTION DU PATRIMOINE IMMOBILIER\u00a0: Le ministre Lamadokou sensibilise pr\u00e9fets et maires du District autonome du Grand Lom\u00e9"}]},{"@type":"WebSite","@id":"https:\/\/macite.tg\/#website","url":"https:\/\/macite.tg\/","name":"","description":"L&#039;information, la bonne!!!","potentialAction":[{"@type":"SearchAction","target":{"@type":"EntryPoint","urlTemplate":"https:\/\/macite.tg\/?s={search_term_string}"},"query-input":{"@type":"PropertyValueSpecification","valueRequired":true,"valueName":"search_term_string"}}],"inLanguage":"fr-FR"},{"@type":"Person","@id":"https:\/\/macite.tg\/#\/schema\/person\/e9f2de7e5dbbe7770a9402c7ce82f5c2","name":"Jean Pierre BAWELA","image":{"@type":"ImageObject","inLanguage":"fr-FR","@id":"https:\/\/macite.tg\/wp-content\/uploads\/2023\/09\/WhatsApp-Image-2023-09-19-at-14.44.41-122x122.jpeg","url":"https:\/\/macite.tg\/wp-content\/uploads\/2023\/09\/WhatsApp-Image-2023-09-19-at-14.44.41-122x122.jpeg","contentUrl":"https:\/\/macite.tg\/wp-content\/uploads\/2023\/09\/WhatsApp-Image-2023-09-19-at-14.44.41-122x122.jpeg","caption":"Jean Pierre BAWELA"},"url":"https:\/\/macite.tg\/?author=2"}]}},"_links":{"self":[{"href":"https:\/\/macite.tg\/index.php?rest_route=\/wp\/v2\/posts\/337","targetHints":{"allow":["GET"]}}],"collection":[{"href":"https:\/\/macite.tg\/index.php?rest_route=\/wp\/v2\/posts"}],"about":[{"href":"https:\/\/macite.tg\/index.php?rest_route=\/wp\/v2\/types\/post"}],"author":[{"embeddable":true,"href":"https:\/\/macite.tg\/index.php?rest_route=\/wp\/v2\/users\/2"}],"replies":[{"embeddable":true,"href":"https:\/\/macite.tg\/index.php?rest_route=%2Fwp%2Fv2%2Fcomments&post=337"}],"version-history":[{"count":0,"href":"https:\/\/macite.tg\/index.php?rest_route=\/wp\/v2\/posts\/337\/revisions"}],"wp:featuredmedia":[{"embeddable":true,"href":"https:\/\/macite.tg\/index.php?rest_route=\/wp\/v2\/media\/344"}],"wp:attachment":[{"href":"https:\/\/macite.tg\/index.php?rest_route=%2Fwp%2Fv2%2Fmedia&parent=337"}],"wp:term":[{"taxonomy":"category","embeddable":true,"href":"https:\/\/macite.tg\/index.php?rest_route=%2Fwp%2Fv2%2Fcategories&post=337"},{"taxonomy":"post_tag","embeddable":true,"href":"https:\/\/macite.tg\/index.php?rest_route=%2Fwp%2Fv2%2Ftags&post=337"}],"curies":[{"name":"wp","href":"https:\/\/api.w.org\/{rel}","templated":true}]}}