{"id":33679,"date":"2026-09-04T12:37:35","date_gmt":"2026-09-04T12:37:35","guid":{"rendered":"https:\/\/macite.tg\/?p=33679"},"modified":"2026-09-04T12:37:41","modified_gmt":"2026-09-04T12:37:41","slug":"togo-vietnam-faure-gnassingbe-et-vo-thi-anh-xuan-renforcent-un-partenariat-historique-a-bichkek","status":"publish","type":"post","link":"https:\/\/macite.tg\/?p=33679","title":{"rendered":"TOGO-VIETNAM : Faure Gnassingb\u00e9 et Vo Thi Anh Xuan renforcent un partenariat historique \u00e0 Bichkek"},"content":{"rendered":"\n<p class=\"wp-block-paragraph\"><strong><em>En marge des travaux du sommet de l\u2019Organisation de la coop\u00e9ration de Shanghai (OCS) \u00e0 Bichkek, au Kirghizistan, le Pr\u00e9sident du Conseil, Faure Essozimna Gnassingb\u00e9, s\u2019est entretenu, le mardi 1er septembre, avec la Vice-pr\u00e9sidente du Vietnam, Vo Thi Anh Xuan. Cette rencontre de haut niveau marque une \u00e9tape importante dans la redynamisation des relations bilat\u00e9rales entre Lom\u00e9 et Hano\u00ef.<\/em><\/strong><\/p>\n\n\n\n<p class=\"wp-block-paragraph\">Li\u00e9s par des relations diplomatiques depuis plus de cinq d\u00e9cennies, le Togo et le Vietnam entretiennent une amiti\u00e9 durable bas\u00e9e sur une convergence de vues face aux enjeux internationaux. Au fil des ans, cette entente s&rsquo;est traduite par une collaboration active au sein des instances multilat\u00e9rales et un dialogue politique r\u00e9gulier.<\/p>\n\n\n\n<p class=\"wp-block-paragraph\">Lors des \u00e9changes mardi dernier, les deux dirigeants ont pass\u00e9 en revue les m\u00e9canismes d&rsquo;agrandissement et de consolidation de cette alliance. La coop\u00e9ration entre les deux nations s&rsquo;\u00e9tend sur plusieurs domaines cl\u00e9s du d\u00e9veloppement.<\/p>\n\n\n<div class=\"wp-block-image\">\n<figure class=\"aligncenter size-full\"><img loading=\"lazy\" decoding=\"async\" width=\"509\" height=\"720\" src=\"https:\/\/macite.tg\/wp-content\/uploads\/2026\/08\/OTR_Payez-la-TVM-simple-et-pratique.jpg\" alt=\"\" class=\"wp-image-33432\" srcset=\"https:\/\/macite.tg\/wp-content\/uploads\/2026\/08\/OTR_Payez-la-TVM-simple-et-pratique.jpg 509w, https:\/\/macite.tg\/wp-content\/uploads\/2026\/08\/OTR_Payez-la-TVM-simple-et-pratique-212x300.jpg 212w\" sizes=\"auto, (max-width: 509px) 100vw, 509px\" \/><\/figure>\n<\/div>\n\n\n<p class=\"wp-block-paragraph\">D\u2019abord, les deux pays partagent leurs expertises et entretiennent le d\u00e9veloppement des flux commerciaux au plan agriculture et \u00e9conomie. Parlant d\u2019investissement et technologie, Lom\u00e9 et Hano\u00ef multiplient des opportunit\u00e9s d\u2019affaires et ont opt\u00e9 pour le transfert de comp\u00e9tences dans les sciences et l&rsquo;innovation. Sur le plan \u00e9ducation et capital humain, les deux pays entendent renforcer la formation mais aussi les \u00e9changes culturels et du d\u00e9veloppement des comp\u00e9tences.<\/p>\n\n\n\n<p class=\"wp-block-paragraph\">Noons que l&rsquo;intensification r\u00e9cente des rencontres diplomatiques, entre Lom\u00e9 et Hano\u00ef, t\u00e9moigne de l&rsquo;ambition partag\u00e9e de donner un nouvel \u00e9lan \u00e0 leur coop\u00e9ration. En tirant parti de leurs r\u00e9ussites respectives, le Togo et le Vietnam entendent transformer ce partenariat historique en un levier concret de croissance \u00e9conomique et de d\u00e9veloppement mutuel.<\/p>\n\n\n\n<p class=\"wp-block-paragraph\"><strong>Mab\u00e9 B.<\/strong><\/p>\n\n\n\n<p class=\"wp-block-paragraph\"><a><strong><em>@macite.tg&nbsp;&nbsp;&nbsp;&nbsp;<\/em><\/strong><\/a><\/p>\n\n\n\n<p class=\"wp-block-paragraph\"><strong><em>E-mail&nbsp;:<\/em><\/strong> <a href=\"mailto:maciteinfo@gmail.com\"><strong><em>maciteinfo@gmail.com<\/em><\/strong><\/a><strong><em>;<\/em><\/strong> <a href=\"mailto:bawela1@gmail.com\"><strong><em>bawela1@gmail.com<\/em><\/strong><\/a><strong><em><u><\/u><\/em><\/strong><\/p>\n\n\n\n<p class=\"wp-block-paragraph\"><strong><em>Pour vos annonces, publi-reportages, etc., joignez-nous au (00228)91515309\/79872224<\/em><\/strong> <strong><\/strong><\/p>\n\n\n\n<p class=\"wp-block-paragraph\"><strong><em>www.macite.tg, L\u2019information, la bonne&nbsp;!<\/em><\/strong><\/p>\n\n\n\n<p class=\"wp-block-paragraph\"><\/p>\n","protected":false},"excerpt":{"rendered":"<p class=\"text-justify mb-2\" >En marge des travaux du sommet de l\u2019Organisation de la coop\u00e9ration de Shanghai (OCS) \u00e0 Bichkek, au Kirghizistan, le Pr\u00e9sident du Conseil, Faure Essozimna Gnassingb\u00e9, s\u2019est entretenu, le mardi 1er septembre, avec la Vice-pr\u00e9sidente du Vietnam, Vo Thi Anh Xuan. Cette rencontre de haut niveau [&hellip;]<\/p>\n","protected":false},"author":2,"featured_media":33680,"comment_status":"open","ping_status":"open","sticky":false,"template":"","format":"standard","meta":{"footnotes":""},"categories":[20,8],"tags":[],"class_list":["post-33679","post","type-post","status-publish","format-standard","has-post-thumbnail","hentry","category-actualite","category-diplomatie"],"yoast_head":"<!-- This site is optimized with the Yoast SEO plugin v28.4 - https:\/\/yoast.com\/product\/yoast-seo-wordpress\/ -->\n<title>TOGO-VIETNAM : Faure Gnassingb\u00e9 et Vo Thi Anh Xuan renforcent un partenariat historique \u00e0 Bichkek -<\/title>\n<meta name=\"robots\" content=\"index, follow, max-snippet:-1, max-image-preview:large, max-video-preview:-1\" \/>\n<link rel=\"canonical\" href=\"https:\/\/macite.tg\/?p=33679\" \/>\n<meta property=\"og:locale\" content=\"fr_FR\" \/>\n<meta property=\"og:type\" content=\"article\" \/>\n<meta property=\"og:title\" content=\"TOGO-VIETNAM : Faure Gnassingb\u00e9 et Vo Thi Anh Xuan renforcent un partenariat historique \u00e0 Bichkek -\" \/>\n<meta property=\"og:description\" content=\"En marge des travaux du sommet de l\u2019Organisation de la coop\u00e9ration de Shanghai (OCS) \u00e0 Bichkek, au Kirghizistan, le Pr\u00e9sident du Conseil, Faure Essozimna Gnassingb\u00e9, s\u2019est entretenu, le mardi 1er septembre, avec la Vice-pr\u00e9sidente du Vietnam, Vo Thi Anh Xuan. Cette rencontre de haut niveau [&hellip;]\" \/>\n<meta property=\"og:url\" content=\"https:\/\/macite.tg\/?p=33679\" \/>\n<meta property=\"article:published_time\" content=\"2026-09-04T12:37:35+00:00\" \/>\n<meta property=\"article:modified_time\" content=\"2026-09-04T12:37:41+00:00\" \/>\n<meta property=\"og:image\" content=\"https:\/\/macite.tg\/wp-content\/uploads\/2026\/09\/VIETNAM.jpg\" \/>\n\t<meta property=\"og:image:width\" content=\"500\" \/>\n\t<meta property=\"og:image:height\" content=\"333\" \/>\n\t<meta property=\"og:image:type\" content=\"image\/jpeg\" \/>\n<meta name=\"author\" content=\"Jean Pierre BAWELA\" \/>\n<meta name=\"twitter:card\" content=\"summary_large_image\" \/>\n<meta name=\"twitter:label1\" content=\"\u00c9crit par\" \/>\n\t<meta name=\"twitter:data1\" content=\"Jean Pierre BAWELA\" \/>\n\t<meta name=\"twitter:label2\" content=\"Dur\u00e9e de lecture estim\u00e9e\" \/>\n\t<meta name=\"twitter:data2\" content=\"2 minutes\" \/>\n<script type=\"application\/ld+json\" class=\"yoast-schema-graph\">{\"@context\":\"https:\\\/\\\/schema.org\",\"@graph\":[{\"@type\":\"Article\",\"@id\":\"https:\\\/\\\/macite.tg\\\/?p=33679#article\",\"isPartOf\":{\"@id\":\"https:\\\/\\\/macite.tg\\\/?p=33679\"},\"author\":{\"name\":\"Jean Pierre BAWELA\",\"@id\":\"https:\\\/\\\/macite.tg\\\/#\\\/schema\\\/person\\\/e9f2de7e5dbbe7770a9402c7ce82f5c2\"},\"headline\":\"TOGO-VIETNAM : Faure Gnassingb\u00e9 et Vo Thi Anh Xuan renforcent un partenariat historique \u00e0 Bichkek\",\"datePublished\":\"2026-09-04T12:37:35+00:00\",\"dateModified\":\"2026-09-04T12:37:41+00:00\",\"mainEntityOfPage\":{\"@id\":\"https:\\\/\\\/macite.tg\\\/?p=33679\"},\"wordCount\":339,\"commentCount\":0,\"image\":{\"@id\":\"https:\\\/\\\/macite.tg\\\/?p=33679#primaryimage\"},\"thumbnailUrl\":\"https:\\\/\\\/macite.tg\\\/wp-content\\\/uploads\\\/2026\\\/09\\\/VIETNAM.jpg\",\"articleSection\":[\"ACTUALITE\",\"DIPLOMATIE\"],\"inLanguage\":\"fr-FR\",\"potentialAction\":[{\"@type\":\"CommentAction\",\"name\":\"Comment\",\"target\":[\"https:\\\/\\\/macite.tg\\\/?p=33679#respond\"]}]},{\"@type\":\"WebPage\",\"@id\":\"https:\\\/\\\/macite.tg\\\/?p=33679\",\"url\":\"https:\\\/\\\/macite.tg\\\/?p=33679\",\"name\":\"TOGO-VIETNAM : Faure Gnassingb\u00e9 et Vo Thi Anh Xuan renforcent un partenariat historique \u00e0 Bichkek -\",\"isPartOf\":{\"@id\":\"https:\\\/\\\/macite.tg\\\/#website\"},\"primaryImageOfPage\":{\"@id\":\"https:\\\/\\\/macite.tg\\\/?p=33679#primaryimage\"},\"image\":{\"@id\":\"https:\\\/\\\/macite.tg\\\/?p=33679#primaryimage\"},\"thumbnailUrl\":\"https:\\\/\\\/macite.tg\\\/wp-content\\\/uploads\\\/2026\\\/09\\\/VIETNAM.jpg\",\"datePublished\":\"2026-09-04T12:37:35+00:00\",\"dateModified\":\"2026-09-04T12:37:41+00:00\",\"author\":{\"@id\":\"https:\\\/\\\/macite.tg\\\/#\\\/schema\\\/person\\\/e9f2de7e5dbbe7770a9402c7ce82f5c2\"},\"breadcrumb\":{\"@id\":\"https:\\\/\\\/macite.tg\\\/?p=33679#breadcrumb\"},\"inLanguage\":\"fr-FR\",\"potentialAction\":[{\"@type\":\"ReadAction\",\"target\":[\"https:\\\/\\\/macite.tg\\\/?p=33679\"]}]},{\"@type\":\"ImageObject\",\"inLanguage\":\"fr-FR\",\"@id\":\"https:\\\/\\\/macite.tg\\\/?p=33679#primaryimage\",\"url\":\"https:\\\/\\\/macite.tg\\\/wp-content\\\/uploads\\\/2026\\\/09\\\/VIETNAM.jpg\",\"contentUrl\":\"https:\\\/\\\/macite.tg\\\/wp-content\\\/uploads\\\/2026\\\/09\\\/VIETNAM.jpg\",\"width\":500,\"height\":333},{\"@type\":\"BreadcrumbList\",\"@id\":\"https:\\\/\\\/macite.tg\\\/?p=33679#breadcrumb\",\"itemListElement\":[{\"@type\":\"ListItem\",\"position\":1,\"name\":\"Accueil\",\"item\":\"https:\\\/\\\/macite.tg\\\/\"},{\"@type\":\"ListItem\",\"position\":2,\"name\":\"TOGO-VIETNAM : Faure Gnassingb\u00e9 et Vo Thi Anh Xuan renforcent un partenariat historique \u00e0 Bichkek\"}]},{\"@type\":\"WebSite\",\"@id\":\"https:\\\/\\\/macite.tg\\\/#website\",\"url\":\"https:\\\/\\\/macite.tg\\\/\",\"name\":\"\",\"description\":\"L&#039;information, la bonne!!!\",\"potentialAction\":[{\"@type\":\"SearchAction\",\"target\":{\"@type\":\"EntryPoint\",\"urlTemplate\":\"https:\\\/\\\/macite.tg\\\/?s={search_term_string}\"},\"query-input\":{\"@type\":\"PropertyValueSpecification\",\"valueRequired\":true,\"valueName\":\"search_term_string\"}}],\"inLanguage\":\"fr-FR\"},{\"@type\":\"Person\",\"@id\":\"https:\\\/\\\/macite.tg\\\/#\\\/schema\\\/person\\\/e9f2de7e5dbbe7770a9402c7ce82f5c2\",\"name\":\"Jean Pierre BAWELA\",\"image\":{\"@type\":\"ImageObject\",\"inLanguage\":\"fr-FR\",\"@id\":\"https:\\\/\\\/macite.tg\\\/wp-content\\\/uploads\\\/2023\\\/09\\\/WhatsApp-Image-2023-09-19-at-14.44.41-122x122.jpeg\",\"url\":\"https:\\\/\\\/macite.tg\\\/wp-content\\\/uploads\\\/2023\\\/09\\\/WhatsApp-Image-2023-09-19-at-14.44.41-122x122.jpeg\",\"contentUrl\":\"https:\\\/\\\/macite.tg\\\/wp-content\\\/uploads\\\/2023\\\/09\\\/WhatsApp-Image-2023-09-19-at-14.44.41-122x122.jpeg\",\"caption\":\"Jean Pierre BAWELA\"},\"url\":\"https:\\\/\\\/macite.tg\\\/?author=2\"}]}<\/script>\n<!-- \/ Yoast SEO plugin. -->","yoast_head_json":{"title":"TOGO-VIETNAM : Faure Gnassingb\u00e9 et Vo Thi Anh Xuan renforcent un partenariat historique \u00e0 Bichkek -","robots":{"index":"index","follow":"follow","max-snippet":"max-snippet:-1","max-image-preview":"max-image-preview:large","max-video-preview":"max-video-preview:-1"},"canonical":"https:\/\/macite.tg\/?p=33679","og_locale":"fr_FR","og_type":"article","og_title":"TOGO-VIETNAM : Faure Gnassingb\u00e9 et Vo Thi Anh Xuan renforcent un partenariat historique \u00e0 Bichkek -","og_description":"En marge des travaux du sommet de l\u2019Organisation de la coop\u00e9ration de Shanghai (OCS) \u00e0 Bichkek, au Kirghizistan, le Pr\u00e9sident du Conseil, Faure Essozimna Gnassingb\u00e9, s\u2019est entretenu, le mardi 1er septembre, avec la Vice-pr\u00e9sidente du Vietnam, Vo Thi Anh Xuan. Cette rencontre de haut niveau [&hellip;]","og_url":"https:\/\/macite.tg\/?p=33679","article_published_time":"2026-09-04T12:37:35+00:00","article_modified_time":"2026-09-04T12:37:41+00:00","og_image":[{"width":500,"height":333,"url":"https:\/\/macite.tg\/wp-content\/uploads\/2026\/09\/VIETNAM.jpg","type":"image\/jpeg"}],"author":"Jean Pierre BAWELA","twitter_card":"summary_large_image","twitter_misc":{"\u00c9crit par":"Jean Pierre BAWELA","Dur\u00e9e de lecture estim\u00e9e":"2 minutes"},"schema":{"@context":"https:\/\/schema.org","@graph":[{"@type":"Article","@id":"https:\/\/macite.tg\/?p=33679#article","isPartOf":{"@id":"https:\/\/macite.tg\/?p=33679"},"author":{"name":"Jean Pierre BAWELA","@id":"https:\/\/macite.tg\/#\/schema\/person\/e9f2de7e5dbbe7770a9402c7ce82f5c2"},"headline":"TOGO-VIETNAM : Faure Gnassingb\u00e9 et Vo Thi Anh Xuan renforcent un partenariat historique \u00e0 Bichkek","datePublished":"2026-09-04T12:37:35+00:00","dateModified":"2026-09-04T12:37:41+00:00","mainEntityOfPage":{"@id":"https:\/\/macite.tg\/?p=33679"},"wordCount":339,"commentCount":0,"image":{"@id":"https:\/\/macite.tg\/?p=33679#primaryimage"},"thumbnailUrl":"https:\/\/macite.tg\/wp-content\/uploads\/2026\/09\/VIETNAM.jpg","articleSection":["ACTUALITE","DIPLOMATIE"],"inLanguage":"fr-FR","potentialAction":[{"@type":"CommentAction","name":"Comment","target":["https:\/\/macite.tg\/?p=33679#respond"]}]},{"@type":"WebPage","@id":"https:\/\/macite.tg\/?p=33679","url":"https:\/\/macite.tg\/?p=33679","name":"TOGO-VIETNAM : Faure Gnassingb\u00e9 et Vo Thi Anh Xuan renforcent un partenariat historique \u00e0 Bichkek -","isPartOf":{"@id":"https:\/\/macite.tg\/#website"},"primaryImageOfPage":{"@id":"https:\/\/macite.tg\/?p=33679#primaryimage"},"image":{"@id":"https:\/\/macite.tg\/?p=33679#primaryimage"},"thumbnailUrl":"https:\/\/macite.tg\/wp-content\/uploads\/2026\/09\/VIETNAM.jpg","datePublished":"2026-09-04T12:37:35+00:00","dateModified":"2026-09-04T12:37:41+00:00","author":{"@id":"https:\/\/macite.tg\/#\/schema\/person\/e9f2de7e5dbbe7770a9402c7ce82f5c2"},"breadcrumb":{"@id":"https:\/\/macite.tg\/?p=33679#breadcrumb"},"inLanguage":"fr-FR","potentialAction":[{"@type":"ReadAction","target":["https:\/\/macite.tg\/?p=33679"]}]},{"@type":"ImageObject","inLanguage":"fr-FR","@id":"https:\/\/macite.tg\/?p=33679#primaryimage","url":"https:\/\/macite.tg\/wp-content\/uploads\/2026\/09\/VIETNAM.jpg","contentUrl":"https:\/\/macite.tg\/wp-content\/uploads\/2026\/09\/VIETNAM.jpg","width":500,"height":333},{"@type":"BreadcrumbList","@id":"https:\/\/macite.tg\/?p=33679#breadcrumb","itemListElement":[{"@type":"ListItem","position":1,"name":"Accueil","item":"https:\/\/macite.tg\/"},{"@type":"ListItem","position":2,"name":"TOGO-VIETNAM : Faure Gnassingb\u00e9 et Vo Thi Anh Xuan renforcent un partenariat historique \u00e0 Bichkek"}]},{"@type":"WebSite","@id":"https:\/\/macite.tg\/#website","url":"https:\/\/macite.tg\/","name":"","description":"L&#039;information, la bonne!!!","potentialAction":[{"@type":"SearchAction","target":{"@type":"EntryPoint","urlTemplate":"https:\/\/macite.tg\/?s={search_term_string}"},"query-input":{"@type":"PropertyValueSpecification","valueRequired":true,"valueName":"search_term_string"}}],"inLanguage":"fr-FR"},{"@type":"Person","@id":"https:\/\/macite.tg\/#\/schema\/person\/e9f2de7e5dbbe7770a9402c7ce82f5c2","name":"Jean Pierre BAWELA","image":{"@type":"ImageObject","inLanguage":"fr-FR","@id":"https:\/\/macite.tg\/wp-content\/uploads\/2023\/09\/WhatsApp-Image-2023-09-19-at-14.44.41-122x122.jpeg","url":"https:\/\/macite.tg\/wp-content\/uploads\/2023\/09\/WhatsApp-Image-2023-09-19-at-14.44.41-122x122.jpeg","contentUrl":"https:\/\/macite.tg\/wp-content\/uploads\/2023\/09\/WhatsApp-Image-2023-09-19-at-14.44.41-122x122.jpeg","caption":"Jean Pierre BAWELA"},"url":"https:\/\/macite.tg\/?author=2"}]}},"_links":{"self":[{"href":"https:\/\/macite.tg\/index.php?rest_route=\/wp\/v2\/posts\/33679","targetHints":{"allow":["GET"]}}],"collection":[{"href":"https:\/\/macite.tg\/index.php?rest_route=\/wp\/v2\/posts"}],"about":[{"href":"https:\/\/macite.tg\/index.php?rest_route=\/wp\/v2\/types\/post"}],"author":[{"embeddable":true,"href":"https:\/\/macite.tg\/index.php?rest_route=\/wp\/v2\/users\/2"}],"replies":[{"embeddable":true,"href":"https:\/\/macite.tg\/index.php?rest_route=%2Fwp%2Fv2%2Fcomments&post=33679"}],"version-history":[{"count":1,"href":"https:\/\/macite.tg\/index.php?rest_route=\/wp\/v2\/posts\/33679\/revisions"}],"predecessor-version":[{"id":33681,"href":"https:\/\/macite.tg\/index.php?rest_route=\/wp\/v2\/posts\/33679\/revisions\/33681"}],"wp:featuredmedia":[{"embeddable":true,"href":"https:\/\/macite.tg\/index.php?rest_route=\/wp\/v2\/media\/33680"}],"wp:attachment":[{"href":"https:\/\/macite.tg\/index.php?rest_route=%2Fwp%2Fv2%2Fmedia&parent=33679"}],"wp:term":[{"taxonomy":"category","embeddable":true,"href":"https:\/\/macite.tg\/index.php?rest_route=%2Fwp%2Fv2%2Fcategories&post=33679"},{"taxonomy":"post_tag","embeddable":true,"href":"https:\/\/macite.tg\/index.php?rest_route=%2Fwp%2Fv2%2Ftags&post=33679"}],"curies":[{"name":"wp","href":"https:\/\/api.w.org\/{rel}","templated":true}]}}