{"id":33664,"date":"2026-09-04T11:40:34","date_gmt":"2026-09-04T11:40:34","guid":{"rendered":"https:\/\/macite.tg\/?p=33664"},"modified":"2026-09-04T11:40:41","modified_gmt":"2026-09-04T11:40:41","slug":"polemique-autour-de-larret-de-la-cour-de-justice-de-la-cedeao-la-cour-na-pas-ordonne-lannulation-de-la-constitution-ni-le-r","status":"publish","type":"post","link":"https:\/\/macite.tg\/?p=33664","title":{"rendered":"POLEMIQUE AUTOUR DE L\u2019ARRET DE LA COUR DE JUSTICE DE LA CEDEAO: \u00ab La\u00a0Cour n\u2019a pas ordonn\u00e9 l\u2019annulation de la Constitution (\u2026)\u00a0\u00bb, ni \u00ab\u00a0le r\u00e9tablissement automatique de la Constitution de 1992\u00a0\u00bb \u2026 Des OSC recadrent le d\u00e9bat"},"content":{"rendered":"\n<p class=\"wp-block-paragraph\"><strong><em>Le d\u00e9bat autour de l\u2019arr\u00eat ECW\/CCJ\/JUD\/01\/26 de la Cour de Justice de la CEDEAO rendu le 29 janvier 2026, ne cesse de s\u2019amplifier avec la r\u00e9cente sortie R\u00e9seau Panafricain des Organisations de D\u00e9fense des Droits de l\u2019Homme et des Associations de la Soci\u00e9t\u00e9 Civile, r\u00e9unissant plus de 50 organisations de d\u00e9fense des droits de l\u2019homme et de la soci\u00e9t\u00e9 civile. R\u00e9uni en conf\u00e9rence de presse, le 3 septembre dernier \u00e0 Lom\u00e9, le R\u00e9seau Panafricain, avec \u00e0 sa t\u00eate Me Bertin K. Am\u00e9gah-Atsyon, est mont\u00e9 au cr\u00e9neau pour recadrer le d\u00e9bat.<\/em><\/strong><\/p>\n\n\n\n<p class=\"wp-block-paragraph\">Dans une d\u00e9claration liminaire, rendue publique au cours de cette conf\u00e9rence de presse, le Coordonnateur du R\u00e9seau, Me Bertin K. Am\u00e9gah-Atson, tout en appelant \u00e0 l\u2019apaisement politique, invite les uns et les autres \u00e0 la rigueur juridique. <em>\u00ab&nbsp;(\u2026) Nous respectons la Cour de Justice de la Cedeao, nous respectons le droit communautaire et nous respectons le d\u00e9bat contradictoire. Mais nous refusons \u00e9galement que cet arr\u00eat soit interpr\u00e9t\u00e9 au-del\u00e0 de ce qu\u2019il dit r\u00e9ellement&nbsp;\u00bb,<\/em> a martel\u00e9 Me Bertin K. Am\u00e9gah-Atson.<\/p>\n\n\n\n<p class=\"wp-block-paragraph\">Le Coordonnateur du R\u00e9seau panafricain dit&nbsp;: <em>\u00ab Il y a ce que dit l\u2019arr\u00eat, et il y a ce que le M\u00e9morandum voudrait qu\u2019il dise\u2026&nbsp;\u00bb.<\/em><\/p>\n\n\n\n<p class=\"wp-block-paragraph\"><em>&nbsp;<\/em>Relevant qu\u2019il <em>\u00ab&nbsp;y un \u00e9cart (entre les deux positions, ndlr) que la soci\u00e9t\u00e9 civile a le devoir de signaler \u00bb<\/em>, Me Am\u00e9gah-Atsyon a tenu \u00e0 pr\u00e9ciser que&nbsp;: <em>\u00ab La Cour n\u2019a ni annul\u00e9 la Constitution du 06 mai 2024, ni ordonn\u00e9 de transition, ni impos\u00e9 de dialogue national. Ceux qui affirment le contraire ne commentent pas un arr\u00eat : ils \u00e9crivent le leur \u00bb.<\/em><\/p>\n\n\n<div class=\"wp-block-image\">\n<figure class=\"aligncenter size-full is-resized\"><img loading=\"lazy\" decoding=\"async\" width=\"500\" height=\"313\" src=\"https:\/\/macite.tg\/wp-content\/uploads\/2026\/09\/Me-Atson.jpg\" alt=\"\" class=\"wp-image-33671\" style=\"width:610px;height:auto\" srcset=\"https:\/\/macite.tg\/wp-content\/uploads\/2026\/09\/Me-Atson.jpg 500w, https:\/\/macite.tg\/wp-content\/uploads\/2026\/09\/Me-Atson-300x188.jpg 300w\" sizes=\"auto, (max-width: 500px) 100vw, 500px\" \/><figcaption class=\"wp-element-caption\"><strong><em>Me Bertin K. Am\u00e9gah-Atsyon, Coordonnateur du R\u00e9seau Panafricain<\/em><\/strong><\/figcaption><\/figure>\n<\/div>\n\n\n<p class=\"wp-block-paragraph\">Estimant que le M\u00e9morandum de l\u2019opposition verse dans une interpr\u00e9tation abusive, le R\u00e9seau Panafricain souligne que <em>\u00ab&nbsp;se pr\u00e9valoir d\u2019un arr\u00eat tout en s\u2019affranchissant des conditions de recevabilit\u00e9 que ce m\u00eame arr\u00eat a pos\u00e9es, c\u2019est traiter le droit comme un argument \u00e0 g\u00e9om\u00e9trie variable\u2026&nbsp;\u00bb.<\/em> Pour le R\u00e9seau fait noter que <em>\u00ab&nbsp;derri\u00e8re les apparences d\u2019un d\u00e9bat juridique se cache une op\u00e9ration de communication politique et d\u2019une man\u0153uvre de r\u00e9cup\u00e9ration politicienne.&nbsp;\u00bb<\/em><\/p>\n\n\n\n<p class=\"wp-block-paragraph\"><em>\u00ab&nbsp;Notre r\u00f4le, en tant que soci\u00e9t\u00e9 civile, est de ramener ce d\u00e9bat l\u00e0 o\u00f9 il doit rester&nbsp;: sur le terrain des faits&nbsp;\u00bb,<\/em> a martel\u00e9 Me Am\u00e9gah-Atsyon.<\/p>\n\n\n\n<p class=\"wp-block-paragraph\">Tout en d\u00e9non\u00e7ant <em>\u00ab&nbsp;l\u2019interpr\u00e9tation erron\u00e9e de la d\u00e9cision, d\u00e9bouchant sur un m\u00e9morandum dont l\u2019objet est de faire glisser un sujet strictement juridique sur un terrain strictement politique \u00bb,<\/em> le R\u00e9seau qualifie cette man\u0153uvre de <em>\u00ab&nbsp;diversion destin\u00e9e \u00e0 permettre \u00e0 une opposition en qu\u00eate de rep\u00e8re de se recomposer une place sur l\u2019\u00e9chiquier politique national, au prix d\u2019une d\u00e9sinformation des citoyens&nbsp;\u00bb.<\/em><\/p>\n\n\n\n<p class=\"wp-block-paragraph\"><em>&nbsp;\u00ab&nbsp;(\u2026) Il est temps que les Togo cessent d\u2019\u00eatre instrumentalis\u00e9s&nbsp;\u00bb,<\/em> dit le R\u00e9seau qui souligne qu\u2019au-del\u00e0 <em>\u00ab&nbsp;de l\u2019incomp\u00e9tence mat\u00e9rielle de la Cour de la communaut\u00e9-Cedeao au regard de la Charte Africaine pour la D\u00e9mocratie, les Elections et la Gouvernance ainsi que la question essentielle de la recevabilit\u00e9 de la requ\u00eate et l\u2019irr\u00e9gularit\u00e9 des signataires ASVITO et ADDI, (\u2026) cet arr\u00eat, n\u2019est, fondamentalement, que ne nature d\u00e9clarative&nbsp;\u00bb.<\/em><\/p>\n\n\n\n<p class=\"wp-block-paragraph\">Au motif que <em>\u00ab&nbsp;le pouvoir de modifier la Constitution rel\u00e8ve de la souverainet\u00e9 nationale et appartient exclusivement au peuple togolais et \u00e0 ses institutions&nbsp;\u00bb,<\/em> le R\u00e9seau Panafricain souligne que la <em>\u00ab&nbsp;Cour n\u2019a pas ordonn\u00e9 l\u2019annulation de la Constitution togolaise du 6 mai 2024&nbsp;\u00bb,<\/em> ni <em>\u00ab&nbsp;ordonn\u00e9 le r\u00e9tablissement automatique de la Constitution de 1992&nbsp;\u00bb<\/em>&nbsp;et <em>\u00ab&nbsp;n\u2019a d\u00e9clar\u00e9 nulles les institutions issues de la r\u00e9forme&nbsp;\u00bb. &nbsp;<\/em><\/p>\n\n\n<div class=\"wp-block-image\">\n<figure class=\"aligncenter is-resized\"><img decoding=\"async\" src=\"https:\/\/scontent.flfw2-1.fna.fbcdn.net\/v\/t39.30808-6\/782489543_1708793701255429_3030521664558427379_n.jpg?stp=dst-jpg_tt6&amp;cstp=mx1018x1274&amp;ctp=s640x640&amp;_nc_cat=102&amp;ccb=1-7&amp;_nc_sid=833d8c&amp;_nc_eui2=AeEb9vdL-Oo_TWx4liUjX16za-BuVXnsZYhr4G5VeexliO0VmERuK6lZHPQQy5g2tGKNXhy4zbe-A1b8GTOGyqpT&amp;_nc_ohc=pllxgbF0lGgQ7kNvwEfQgeK&amp;_nc_oc=Adr5WlyBEoxujzZtt6LPPeNI-FF_fFO-xrVo63MllqJjBMMIrkiVTpRxaap4dUn9L85SllasD4cbZ6DVuCEn9hnA&amp;_nc_zt=23&amp;_nc_ht=scontent.flfw2-1.fna&amp;_nc_gid=-9I1O2J6ITDH-KXj2ejt2A&amp;_nc_ss=7b2a8&amp;oh=00_AQLjTMfex5wdrKztqVJSyUygWXiiQMYtXvdZTU02rEnyyQ&amp;oe=6AA088B1\" alt=\"Peut \u00eatre une image de texte\" style=\"aspect-ratio:0.7984375;width:511px;height:auto\" \/><\/figure>\n<\/div>\n\n\n<p class=\"wp-block-paragraph\">Le R\u00e9seau Panafricain a rassur\u00e9 que <em>\u00ab les institutions de la R\u00e9publique fonctionnent conform\u00e9ment au cadre constitutionnel en vigueur et les d\u00e9saccords politiques rel\u00e8vent de la confrontation l\u00e9gitime des id\u00e9es. Elles ne sauraient \u00e0 elles seules \u00eatre assimil\u00e9es \u00e0 une crise institutionnelle \u00bb.<\/em><\/p>\n\n\n\n<p class=\"wp-block-paragraph\">Estimant que <em>\u00ab&nbsp;la d\u00e9mocratie ne peut se r\u00e9duire \u00e0 l\u2019affirmation d\u2019une seule lecture de la r\u00e9alit\u00e9 nationale. Elle suppose l\u2019acceptation de la contradiction, le respect des institutions et la reconnaissance de la diversit\u00e9 des opinions&nbsp;\u00bb,<\/em> le R\u00e9seau, pour finir, invit\u00e9 les <em>\u00ab&nbsp;acteurs de la vie publique \u00e0 d\u00e9passer les querelles de personnes et les logiques de confrontation pour privil\u00e9gier l\u2019int\u00e9r\u00eat sup\u00e9rieur de la Nation (\u2026)&nbsp;\u00bb.<\/em><\/p>\n\n\n\n<p class=\"wp-block-paragraph\"><strong>MC<\/strong><\/p>\n\n\n\n<p class=\"wp-block-paragraph\"><a><strong><em>@macite.tg&nbsp;&nbsp;&nbsp;&nbsp;&nbsp;&nbsp;&nbsp;&nbsp;<\/em><\/strong><\/a><\/p>\n\n\n\n<p class=\"wp-block-paragraph\"><strong><em>E-mail&nbsp;:<\/em><\/strong> <a href=\"mailto:maciteinfo@gmail.com\"><strong><em>maciteinfo@gmail.com<\/em><\/strong><\/a><strong><em>;<\/em><\/strong> <a href=\"mailto:bawela1@gmail.com\"><strong><em>bawela1@gmail.com<\/em><\/strong><\/a><strong><em><\/em><\/strong><\/p>\n\n\n\n<p class=\"wp-block-paragraph\"><strong><em>Pour vos annonces, publi-reportages, etc., joignez-nous au (00228)91515309\/<strong>79872224<\/strong> <strong><\/strong><\/em><\/strong><\/p>\n\n\n\n<p class=\"wp-block-paragraph\"><strong><em>www.macite.tg, L\u2019information, la bonne&nbsp;!<\/em><\/strong><\/p>\n\n\n\n<p class=\"wp-block-paragraph\"><\/p>\n","protected":false},"excerpt":{"rendered":"<p class=\"text-justify mb-2\" >Le d\u00e9bat autour de l\u2019arr\u00eat ECW\/CCJ\/JUD\/01\/26 de la Cour de Justice de la CEDEAO rendu le 29 janvier 2026, ne cesse de s\u2019amplifier avec la r\u00e9cente sortie R\u00e9seau Panafricain des Organisations de D\u00e9fense des Droits de l\u2019Homme et des Associations de la Soci\u00e9t\u00e9 Civile, r\u00e9unissant [&hellip;]<\/p>\n","protected":false},"author":2,"featured_media":33672,"comment_status":"open","ping_status":"open","sticky":false,"template":"","format":"standard","meta":{"footnotes":""},"categories":[20,1],"tags":[],"class_list":["post-33664","post","type-post","status-publish","format-standard","has-post-thumbnail","hentry","category-actualite","category-politique"],"yoast_head":"<!-- This site is optimized with the Yoast SEO plugin v28.4 - https:\/\/yoast.com\/product\/yoast-seo-wordpress\/ -->\n<title>POLEMIQUE AUTOUR DE L\u2019ARRET DE LA COUR DE JUSTICE DE LA CEDEAO: \u00ab La\u00a0Cour n\u2019a pas ordonn\u00e9 l\u2019annulation de la Constitution (\u2026)\u00a0\u00bb, ni \u00ab\u00a0le r\u00e9tablissement automatique de la Constitution de 1992\u00a0\u00bb \u2026 Des OSC recadrent le d\u00e9bat -<\/title>\n<meta name=\"robots\" content=\"index, follow, max-snippet:-1, max-image-preview:large, max-video-preview:-1\" \/>\n<link rel=\"canonical\" href=\"https:\/\/macite.tg\/?p=33664\" \/>\n<meta property=\"og:locale\" content=\"fr_FR\" \/>\n<meta property=\"og:type\" content=\"article\" \/>\n<meta property=\"og:title\" content=\"POLEMIQUE AUTOUR DE L\u2019ARRET DE LA COUR DE JUSTICE DE LA CEDEAO: \u00ab La\u00a0Cour n\u2019a pas ordonn\u00e9 l\u2019annulation de la Constitution (\u2026)\u00a0\u00bb, ni \u00ab\u00a0le r\u00e9tablissement automatique de la Constitution de 1992\u00a0\u00bb \u2026 Des OSC recadrent le d\u00e9bat -\" \/>\n<meta property=\"og:description\" content=\"Le d\u00e9bat autour de l\u2019arr\u00eat ECW\/CCJ\/JUD\/01\/26 de la Cour de Justice de la CEDEAO rendu le 29 janvier 2026, ne cesse de s\u2019amplifier avec la r\u00e9cente sortie R\u00e9seau Panafricain des Organisations de D\u00e9fense des Droits de l\u2019Homme et des Associations de la Soci\u00e9t\u00e9 Civile, r\u00e9unissant [&hellip;]\" \/>\n<meta property=\"og:url\" content=\"https:\/\/macite.tg\/?p=33664\" \/>\n<meta property=\"article:published_time\" content=\"2026-09-04T11:40:34+00:00\" \/>\n<meta property=\"article:modified_time\" content=\"2026-09-04T11:40:41+00:00\" \/>\n<meta property=\"og:image\" content=\"https:\/\/macite.tg\/wp-content\/uploads\/2026\/09\/OSC.jpg\" \/>\n\t<meta property=\"og:image:width\" content=\"500\" \/>\n\t<meta property=\"og:image:height\" content=\"214\" \/>\n\t<meta property=\"og:image:type\" content=\"image\/jpeg\" \/>\n<meta name=\"author\" content=\"Jean Pierre BAWELA\" \/>\n<meta name=\"twitter:card\" content=\"summary_large_image\" \/>\n<meta name=\"twitter:label1\" content=\"\u00c9crit par\" \/>\n\t<meta name=\"twitter:data1\" content=\"Jean Pierre BAWELA\" \/>\n\t<meta name=\"twitter:label2\" content=\"Dur\u00e9e de lecture estim\u00e9e\" \/>\n\t<meta name=\"twitter:data2\" content=\"4 minutes\" \/>\n<script type=\"application\/ld+json\" class=\"yoast-schema-graph\">{\"@context\":\"https:\\\/\\\/schema.org\",\"@graph\":[{\"@type\":\"Article\",\"@id\":\"https:\\\/\\\/macite.tg\\\/?p=33664#article\",\"isPartOf\":{\"@id\":\"https:\\\/\\\/macite.tg\\\/?p=33664\"},\"author\":{\"name\":\"Jean Pierre BAWELA\",\"@id\":\"https:\\\/\\\/macite.tg\\\/#\\\/schema\\\/person\\\/e9f2de7e5dbbe7770a9402c7ce82f5c2\"},\"headline\":\"POLEMIQUE AUTOUR DE L\u2019ARRET DE LA COUR DE JUSTICE DE LA CEDEAO: \u00ab La\u00a0Cour n\u2019a pas ordonn\u00e9 l\u2019annulation de la Constitution (\u2026)\u00a0\u00bb, ni \u00ab\u00a0le r\u00e9tablissement automatique de la Constitution de 1992\u00a0\u00bb \u2026 Des OSC recadrent le d\u00e9bat\",\"datePublished\":\"2026-09-04T11:40:34+00:00\",\"dateModified\":\"2026-09-04T11:40:41+00:00\",\"mainEntityOfPage\":{\"@id\":\"https:\\\/\\\/macite.tg\\\/?p=33664\"},\"wordCount\":866,\"commentCount\":0,\"image\":{\"@id\":\"https:\\\/\\\/macite.tg\\\/?p=33664#primaryimage\"},\"thumbnailUrl\":\"https:\\\/\\\/macite.tg\\\/wp-content\\\/uploads\\\/2026\\\/09\\\/OSC.jpg\",\"articleSection\":[\"ACTUALITE\",\"POLITIQUE\"],\"inLanguage\":\"fr-FR\",\"potentialAction\":[{\"@type\":\"CommentAction\",\"name\":\"Comment\",\"target\":[\"https:\\\/\\\/macite.tg\\\/?p=33664#respond\"]}]},{\"@type\":\"WebPage\",\"@id\":\"https:\\\/\\\/macite.tg\\\/?p=33664\",\"url\":\"https:\\\/\\\/macite.tg\\\/?p=33664\",\"name\":\"POLEMIQUE AUTOUR DE L\u2019ARRET DE LA COUR DE JUSTICE DE LA CEDEAO: \u00ab La\u00a0Cour n\u2019a pas ordonn\u00e9 l\u2019annulation de la Constitution (\u2026)\u00a0\u00bb, ni \u00ab\u00a0le r\u00e9tablissement automatique de la Constitution de 1992\u00a0\u00bb \u2026 Des OSC recadrent le d\u00e9bat -\",\"isPartOf\":{\"@id\":\"https:\\\/\\\/macite.tg\\\/#website\"},\"primaryImageOfPage\":{\"@id\":\"https:\\\/\\\/macite.tg\\\/?p=33664#primaryimage\"},\"image\":{\"@id\":\"https:\\\/\\\/macite.tg\\\/?p=33664#primaryimage\"},\"thumbnailUrl\":\"https:\\\/\\\/macite.tg\\\/wp-content\\\/uploads\\\/2026\\\/09\\\/OSC.jpg\",\"datePublished\":\"2026-09-04T11:40:34+00:00\",\"dateModified\":\"2026-09-04T11:40:41+00:00\",\"author\":{\"@id\":\"https:\\\/\\\/macite.tg\\\/#\\\/schema\\\/person\\\/e9f2de7e5dbbe7770a9402c7ce82f5c2\"},\"breadcrumb\":{\"@id\":\"https:\\\/\\\/macite.tg\\\/?p=33664#breadcrumb\"},\"inLanguage\":\"fr-FR\",\"potentialAction\":[{\"@type\":\"ReadAction\",\"target\":[\"https:\\\/\\\/macite.tg\\\/?p=33664\"]}]},{\"@type\":\"ImageObject\",\"inLanguage\":\"fr-FR\",\"@id\":\"https:\\\/\\\/macite.tg\\\/?p=33664#primaryimage\",\"url\":\"https:\\\/\\\/macite.tg\\\/wp-content\\\/uploads\\\/2026\\\/09\\\/OSC.jpg\",\"contentUrl\":\"https:\\\/\\\/macite.tg\\\/wp-content\\\/uploads\\\/2026\\\/09\\\/OSC.jpg\",\"width\":500,\"height\":214},{\"@type\":\"BreadcrumbList\",\"@id\":\"https:\\\/\\\/macite.tg\\\/?p=33664#breadcrumb\",\"itemListElement\":[{\"@type\":\"ListItem\",\"position\":1,\"name\":\"Accueil\",\"item\":\"https:\\\/\\\/macite.tg\\\/\"},{\"@type\":\"ListItem\",\"position\":2,\"name\":\"POLEMIQUE AUTOUR DE L\u2019ARRET DE LA COUR DE JUSTICE DE LA CEDEAO: \u00ab La\u00a0Cour n\u2019a pas ordonn\u00e9 l\u2019annulation de la Constitution (\u2026)\u00a0\u00bb, ni \u00ab\u00a0le r\u00e9tablissement automatique de la Constitution de 1992\u00a0\u00bb \u2026 Des OSC recadrent le d\u00e9bat\"}]},{\"@type\":\"WebSite\",\"@id\":\"https:\\\/\\\/macite.tg\\\/#website\",\"url\":\"https:\\\/\\\/macite.tg\\\/\",\"name\":\"\",\"description\":\"L&#039;information, la bonne!!!\",\"potentialAction\":[{\"@type\":\"SearchAction\",\"target\":{\"@type\":\"EntryPoint\",\"urlTemplate\":\"https:\\\/\\\/macite.tg\\\/?s={search_term_string}\"},\"query-input\":{\"@type\":\"PropertyValueSpecification\",\"valueRequired\":true,\"valueName\":\"search_term_string\"}}],\"inLanguage\":\"fr-FR\"},{\"@type\":\"Person\",\"@id\":\"https:\\\/\\\/macite.tg\\\/#\\\/schema\\\/person\\\/e9f2de7e5dbbe7770a9402c7ce82f5c2\",\"name\":\"Jean Pierre BAWELA\",\"image\":{\"@type\":\"ImageObject\",\"inLanguage\":\"fr-FR\",\"@id\":\"https:\\\/\\\/macite.tg\\\/wp-content\\\/uploads\\\/2023\\\/09\\\/WhatsApp-Image-2023-09-19-at-14.44.41-122x122.jpeg\",\"url\":\"https:\\\/\\\/macite.tg\\\/wp-content\\\/uploads\\\/2023\\\/09\\\/WhatsApp-Image-2023-09-19-at-14.44.41-122x122.jpeg\",\"contentUrl\":\"https:\\\/\\\/macite.tg\\\/wp-content\\\/uploads\\\/2023\\\/09\\\/WhatsApp-Image-2023-09-19-at-14.44.41-122x122.jpeg\",\"caption\":\"Jean Pierre BAWELA\"},\"url\":\"https:\\\/\\\/macite.tg\\\/?author=2\"}]}<\/script>\n<!-- \/ Yoast SEO plugin. -->","yoast_head_json":{"title":"POLEMIQUE AUTOUR DE L\u2019ARRET DE LA COUR DE JUSTICE DE LA CEDEAO: \u00ab La\u00a0Cour n\u2019a pas ordonn\u00e9 l\u2019annulation de la Constitution (\u2026)\u00a0\u00bb, ni \u00ab\u00a0le r\u00e9tablissement automatique de la Constitution de 1992\u00a0\u00bb \u2026 Des OSC recadrent le d\u00e9bat -","robots":{"index":"index","follow":"follow","max-snippet":"max-snippet:-1","max-image-preview":"max-image-preview:large","max-video-preview":"max-video-preview:-1"},"canonical":"https:\/\/macite.tg\/?p=33664","og_locale":"fr_FR","og_type":"article","og_title":"POLEMIQUE AUTOUR DE L\u2019ARRET DE LA COUR DE JUSTICE DE LA CEDEAO: \u00ab La\u00a0Cour n\u2019a pas ordonn\u00e9 l\u2019annulation de la Constitution (\u2026)\u00a0\u00bb, ni \u00ab\u00a0le r\u00e9tablissement automatique de la Constitution de 1992\u00a0\u00bb \u2026 Des OSC recadrent le d\u00e9bat -","og_description":"Le d\u00e9bat autour de l\u2019arr\u00eat ECW\/CCJ\/JUD\/01\/26 de la Cour de Justice de la CEDEAO rendu le 29 janvier 2026, ne cesse de s\u2019amplifier avec la r\u00e9cente sortie R\u00e9seau Panafricain des Organisations de D\u00e9fense des Droits de l\u2019Homme et des Associations de la Soci\u00e9t\u00e9 Civile, r\u00e9unissant [&hellip;]","og_url":"https:\/\/macite.tg\/?p=33664","article_published_time":"2026-09-04T11:40:34+00:00","article_modified_time":"2026-09-04T11:40:41+00:00","og_image":[{"width":500,"height":214,"url":"https:\/\/macite.tg\/wp-content\/uploads\/2026\/09\/OSC.jpg","type":"image\/jpeg"}],"author":"Jean Pierre BAWELA","twitter_card":"summary_large_image","twitter_misc":{"\u00c9crit par":"Jean Pierre BAWELA","Dur\u00e9e de lecture estim\u00e9e":"4 minutes"},"schema":{"@context":"https:\/\/schema.org","@graph":[{"@type":"Article","@id":"https:\/\/macite.tg\/?p=33664#article","isPartOf":{"@id":"https:\/\/macite.tg\/?p=33664"},"author":{"name":"Jean Pierre BAWELA","@id":"https:\/\/macite.tg\/#\/schema\/person\/e9f2de7e5dbbe7770a9402c7ce82f5c2"},"headline":"POLEMIQUE AUTOUR DE L\u2019ARRET DE LA COUR DE JUSTICE DE LA CEDEAO: \u00ab La\u00a0Cour n\u2019a pas ordonn\u00e9 l\u2019annulation de la Constitution (\u2026)\u00a0\u00bb, ni \u00ab\u00a0le r\u00e9tablissement automatique de la Constitution de 1992\u00a0\u00bb \u2026 Des OSC recadrent le d\u00e9bat","datePublished":"2026-09-04T11:40:34+00:00","dateModified":"2026-09-04T11:40:41+00:00","mainEntityOfPage":{"@id":"https:\/\/macite.tg\/?p=33664"},"wordCount":866,"commentCount":0,"image":{"@id":"https:\/\/macite.tg\/?p=33664#primaryimage"},"thumbnailUrl":"https:\/\/macite.tg\/wp-content\/uploads\/2026\/09\/OSC.jpg","articleSection":["ACTUALITE","POLITIQUE"],"inLanguage":"fr-FR","potentialAction":[{"@type":"CommentAction","name":"Comment","target":["https:\/\/macite.tg\/?p=33664#respond"]}]},{"@type":"WebPage","@id":"https:\/\/macite.tg\/?p=33664","url":"https:\/\/macite.tg\/?p=33664","name":"POLEMIQUE AUTOUR DE L\u2019ARRET DE LA COUR DE JUSTICE DE LA CEDEAO: \u00ab La\u00a0Cour n\u2019a pas ordonn\u00e9 l\u2019annulation de la Constitution (\u2026)\u00a0\u00bb, ni \u00ab\u00a0le r\u00e9tablissement automatique de la Constitution de 1992\u00a0\u00bb \u2026 Des OSC recadrent le d\u00e9bat -","isPartOf":{"@id":"https:\/\/macite.tg\/#website"},"primaryImageOfPage":{"@id":"https:\/\/macite.tg\/?p=33664#primaryimage"},"image":{"@id":"https:\/\/macite.tg\/?p=33664#primaryimage"},"thumbnailUrl":"https:\/\/macite.tg\/wp-content\/uploads\/2026\/09\/OSC.jpg","datePublished":"2026-09-04T11:40:34+00:00","dateModified":"2026-09-04T11:40:41+00:00","author":{"@id":"https:\/\/macite.tg\/#\/schema\/person\/e9f2de7e5dbbe7770a9402c7ce82f5c2"},"breadcrumb":{"@id":"https:\/\/macite.tg\/?p=33664#breadcrumb"},"inLanguage":"fr-FR","potentialAction":[{"@type":"ReadAction","target":["https:\/\/macite.tg\/?p=33664"]}]},{"@type":"ImageObject","inLanguage":"fr-FR","@id":"https:\/\/macite.tg\/?p=33664#primaryimage","url":"https:\/\/macite.tg\/wp-content\/uploads\/2026\/09\/OSC.jpg","contentUrl":"https:\/\/macite.tg\/wp-content\/uploads\/2026\/09\/OSC.jpg","width":500,"height":214},{"@type":"BreadcrumbList","@id":"https:\/\/macite.tg\/?p=33664#breadcrumb","itemListElement":[{"@type":"ListItem","position":1,"name":"Accueil","item":"https:\/\/macite.tg\/"},{"@type":"ListItem","position":2,"name":"POLEMIQUE AUTOUR DE L\u2019ARRET DE LA COUR DE JUSTICE DE LA CEDEAO: \u00ab La\u00a0Cour n\u2019a pas ordonn\u00e9 l\u2019annulation de la Constitution (\u2026)\u00a0\u00bb, ni \u00ab\u00a0le r\u00e9tablissement automatique de la Constitution de 1992\u00a0\u00bb \u2026 Des OSC recadrent le d\u00e9bat"}]},{"@type":"WebSite","@id":"https:\/\/macite.tg\/#website","url":"https:\/\/macite.tg\/","name":"","description":"L&#039;information, la bonne!!!","potentialAction":[{"@type":"SearchAction","target":{"@type":"EntryPoint","urlTemplate":"https:\/\/macite.tg\/?s={search_term_string}"},"query-input":{"@type":"PropertyValueSpecification","valueRequired":true,"valueName":"search_term_string"}}],"inLanguage":"fr-FR"},{"@type":"Person","@id":"https:\/\/macite.tg\/#\/schema\/person\/e9f2de7e5dbbe7770a9402c7ce82f5c2","name":"Jean Pierre BAWELA","image":{"@type":"ImageObject","inLanguage":"fr-FR","@id":"https:\/\/macite.tg\/wp-content\/uploads\/2023\/09\/WhatsApp-Image-2023-09-19-at-14.44.41-122x122.jpeg","url":"https:\/\/macite.tg\/wp-content\/uploads\/2023\/09\/WhatsApp-Image-2023-09-19-at-14.44.41-122x122.jpeg","contentUrl":"https:\/\/macite.tg\/wp-content\/uploads\/2023\/09\/WhatsApp-Image-2023-09-19-at-14.44.41-122x122.jpeg","caption":"Jean Pierre BAWELA"},"url":"https:\/\/macite.tg\/?author=2"}]}},"_links":{"self":[{"href":"https:\/\/macite.tg\/index.php?rest_route=\/wp\/v2\/posts\/33664","targetHints":{"allow":["GET"]}}],"collection":[{"href":"https:\/\/macite.tg\/index.php?rest_route=\/wp\/v2\/posts"}],"about":[{"href":"https:\/\/macite.tg\/index.php?rest_route=\/wp\/v2\/types\/post"}],"author":[{"embeddable":true,"href":"https:\/\/macite.tg\/index.php?rest_route=\/wp\/v2\/users\/2"}],"replies":[{"embeddable":true,"href":"https:\/\/macite.tg\/index.php?rest_route=%2Fwp%2Fv2%2Fcomments&post=33664"}],"version-history":[{"count":1,"href":"https:\/\/macite.tg\/index.php?rest_route=\/wp\/v2\/posts\/33664\/revisions"}],"predecessor-version":[{"id":33673,"href":"https:\/\/macite.tg\/index.php?rest_route=\/wp\/v2\/posts\/33664\/revisions\/33673"}],"wp:featuredmedia":[{"embeddable":true,"href":"https:\/\/macite.tg\/index.php?rest_route=\/wp\/v2\/media\/33672"}],"wp:attachment":[{"href":"https:\/\/macite.tg\/index.php?rest_route=%2Fwp%2Fv2%2Fmedia&parent=33664"}],"wp:term":[{"taxonomy":"category","embeddable":true,"href":"https:\/\/macite.tg\/index.php?rest_route=%2Fwp%2Fv2%2Fcategories&post=33664"},{"taxonomy":"post_tag","embeddable":true,"href":"https:\/\/macite.tg\/index.php?rest_route=%2Fwp%2Fv2%2Ftags&post=33664"}],"curies":[{"name":"wp","href":"https:\/\/api.w.org\/{rel}","templated":true}]}}