{"id":33659,"date":"2026-09-03T20:04:26","date_gmt":"2026-09-03T20:04:26","guid":{"rendered":"https:\/\/macite.tg\/?p=33659"},"modified":"2026-09-03T20:04:37","modified_gmt":"2026-09-03T20:04:37","slug":"cooperation-togo-bielorussie-faure-gnassingbe-et-alexandre-loukachenko-pour-un-renforcement-de-laxe-lome-minsk","status":"publish","type":"post","link":"https:\/\/macite.tg\/?p=33659","title":{"rendered":"COOPERATION TOGO-BIELORUSSIE\u00a0: Faure Gnassingb\u00e9 et Alexandre Loukachenko pour un renforcement de l\u2019axe Lom\u00e9-Minsk"},"content":{"rendered":"\n<p class=\"wp-block-paragraph\"><strong><em>En marge du 26\u1d49<\/em><\/strong> <strong><em>sommet de l\u2019Organisation de coop\u00e9ration de Shanghai (OCS) \u00e0 Bichkek, au Kirghizistan, le Pr\u00e9sident du Conseil, Faure Essozimna Gnassingb\u00e9, s&rsquo;est entretenu, le 1er septembre dernier, avec le pr\u00e9sident bi\u00e9lorusse, Alexandre Loukachenko. Cette rencontre bilat\u00e9rale marque un tournant strat\u00e9gique dans l&rsquo;approfondissement des relations \u00e9conomiques et diplomatiques entre Lom\u00e9 et Minsk.<\/em><\/strong><\/p>\n\n\n\n<p class=\"wp-block-paragraph\">Au c\u0153ur des \u00e9changes, les deux leaders ont identifi\u00e9 plusieurs secteurs prioritaires pour acc\u00e9l\u00e9rer les investissements directs et moderniser l&rsquo;\u00e9conomie togolaise. Au plan agriculture et agro-industrie, priorit\u00e9 absolue est donn\u00e9e \u00e0 la s\u00e9curit\u00e9 alimentaire, \u00e0 la m\u00e9canisation agricole et \u00e0 la transformation locale des produits.<\/p>\n\n\n\n<p class=\"wp-block-paragraph\">Pour ce qui est du secteur minier et bancaire, les deux dirigeants entendent optimiser l&rsquo;exploitation des ressources naturelles et cr\u00e9ation de synergies financi\u00e8res. Parlant des transports et de la logistique, Lom\u00e9 souhaite un accompagnement technique bi\u00e9lorusse pour renforcer les infrastructures de transport.<\/p>\n\n\n<div class=\"wp-block-image\">\n<figure class=\"aligncenter size-full\"><img loading=\"lazy\" decoding=\"async\" width=\"509\" height=\"720\" src=\"https:\/\/macite.tg\/wp-content\/uploads\/2026\/08\/OTR_Payez-la-TVM-simple-et-pratique.jpg\" alt=\"\" class=\"wp-image-33432\" srcset=\"https:\/\/macite.tg\/wp-content\/uploads\/2026\/08\/OTR_Payez-la-TVM-simple-et-pratique.jpg 509w, https:\/\/macite.tg\/wp-content\/uploads\/2026\/08\/OTR_Payez-la-TVM-simple-et-pratique-212x300.jpg 212w\" sizes=\"auto, (max-width: 509px) 100vw, 509px\" \/><\/figure>\n<\/div>\n\n\n<p class=\"wp-block-paragraph\">Le pr\u00e9sident Alexandre Loukachenko a salu\u00e9 l&rsquo;implication personnelle du Pr\u00e9sident du conseil togolais. Il a r\u00e9affirm\u00e9 la disponibilit\u00e9 de la Bi\u00e9lorussie \u00e0 appuyer la feuille de route conjointe, notamment via le rapprochement des secteurs priv\u00e9s des deux nations.<\/p>\n\n\n\n<p class=\"wp-block-paragraph\">De son c\u00f4t\u00e9, Faure Gnassingb\u00e9 a mis en avant le climat des affaires attractif du Togo et ses opportunit\u00e9s d&rsquo;investissement.<\/p>\n\n\n\n<p class=\"wp-block-paragraph\">Il faut souligner que cette audience avec le pr\u00e9sident kirghize, confirme la volont\u00e9 de Lom\u00e9 de diversifier ses partenaires internationaux. L&rsquo;objectif affich\u00e9 par les autorit\u00e9s togolaises reste une \u00e9vidence. Il s\u2019agit de capter de nouveaux investissements \u00e9trangers pour stimuler la cr\u00e9ation de valeur ajout\u00e9e, acc\u00e9l\u00e9rer l&rsquo;industrialisation locale et dynamiser l&rsquo;\u00e9conomie nationale.<\/p>\n\n\n\n<p class=\"wp-block-paragraph\"><strong>La R\u00e9daction<\/strong><\/p>\n\n\n\n<p class=\"wp-block-paragraph\"><a><strong><em>@macite.tg&nbsp;&nbsp;&nbsp;&nbsp;&nbsp;&nbsp;&nbsp;&nbsp;<\/em><\/strong><\/a><\/p>\n\n\n\n<p class=\"wp-block-paragraph\"><strong><em>E-mail&nbsp;:<\/em><\/strong> <a href=\"mailto:maciteinfo@gmail.com\"><strong><em>maciteinfo@gmail.com<\/em><\/strong><\/a><strong><em>;<\/em><\/strong> <a href=\"mailto:bawela1@gmail.com\"><strong><em>bawela1@gmail.com<\/em><\/strong><\/a><strong><em><\/em><\/strong><\/p>\n\n\n\n<p class=\"wp-block-paragraph\"><strong><em>Pour vos annonces, publi-reportages, etc., joignez-nous au (00228)91515309\/<strong>79872224<\/strong> <strong><\/strong><\/em><\/strong><\/p>\n\n\n\n<p class=\"wp-block-paragraph\"><strong><em>www.macite.tg, L\u2019information, la bonne&nbsp;!<\/em><\/strong><\/p>\n\n\n\n<p class=\"wp-block-paragraph\"><\/p>\n","protected":false},"excerpt":{"rendered":"<p class=\"text-justify mb-2\" >En marge du 26\u1d49 sommet de l\u2019Organisation de coop\u00e9ration de Shanghai (OCS) \u00e0 Bichkek, au Kirghizistan, le Pr\u00e9sident du Conseil, Faure Essozimna Gnassingb\u00e9, s&rsquo;est entretenu, le 1er septembre dernier, avec le pr\u00e9sident bi\u00e9lorusse, Alexandre Loukachenko. Cette rencontre bilat\u00e9rale marque un tournant strat\u00e9gique dans l&rsquo;approfondissement des [&hellip;]<\/p>\n","protected":false},"author":2,"featured_media":33661,"comment_status":"open","ping_status":"open","sticky":false,"template":"","format":"standard","meta":{"footnotes":""},"categories":[20,16],"tags":[],"class_list":["post-33659","post","type-post","status-publish","format-standard","has-post-thumbnail","hentry","category-actualite","category-cooperation"],"yoast_head":"<!-- This site is optimized with the Yoast SEO plugin v28.4 - https:\/\/yoast.com\/product\/yoast-seo-wordpress\/ -->\n<title>COOPERATION TOGO-BIELORUSSIE\u00a0: Faure Gnassingb\u00e9 et Alexandre Loukachenko pour un renforcement de l\u2019axe Lom\u00e9-Minsk -<\/title>\n<meta name=\"robots\" content=\"index, follow, max-snippet:-1, max-image-preview:large, max-video-preview:-1\" \/>\n<link rel=\"canonical\" href=\"https:\/\/macite.tg\/?p=33659\" \/>\n<meta property=\"og:locale\" content=\"fr_FR\" \/>\n<meta property=\"og:type\" content=\"article\" \/>\n<meta property=\"og:title\" content=\"COOPERATION TOGO-BIELORUSSIE\u00a0: Faure Gnassingb\u00e9 et Alexandre Loukachenko pour un renforcement de l\u2019axe Lom\u00e9-Minsk -\" \/>\n<meta property=\"og:description\" content=\"En marge du 26\u1d49 sommet de l\u2019Organisation de coop\u00e9ration de Shanghai (OCS) \u00e0 Bichkek, au Kirghizistan, le Pr\u00e9sident du Conseil, Faure Essozimna Gnassingb\u00e9, s&rsquo;est entretenu, le 1er septembre dernier, avec le pr\u00e9sident bi\u00e9lorusse, Alexandre Loukachenko. Cette rencontre bilat\u00e9rale marque un tournant strat\u00e9gique dans l&rsquo;approfondissement des [&hellip;]\" \/>\n<meta property=\"og:url\" content=\"https:\/\/macite.tg\/?p=33659\" \/>\n<meta property=\"article:published_time\" content=\"2026-09-03T20:04:26+00:00\" \/>\n<meta property=\"article:modified_time\" content=\"2026-09-03T20:04:37+00:00\" \/>\n<meta property=\"og:image\" content=\"https:\/\/macite.tg\/wp-content\/uploads\/2026\/09\/FEG-echanges.jpg\" \/>\n\t<meta property=\"og:image:width\" content=\"500\" \/>\n\t<meta property=\"og:image:height\" content=\"461\" \/>\n\t<meta property=\"og:image:type\" content=\"image\/jpeg\" \/>\n<meta name=\"author\" content=\"Jean Pierre BAWELA\" \/>\n<meta name=\"twitter:card\" content=\"summary_large_image\" \/>\n<meta name=\"twitter:label1\" content=\"\u00c9crit par\" \/>\n\t<meta name=\"twitter:data1\" content=\"Jean Pierre BAWELA\" \/>\n\t<meta name=\"twitter:label2\" content=\"Dur\u00e9e de lecture estim\u00e9e\" \/>\n\t<meta name=\"twitter:data2\" content=\"2 minutes\" \/>\n<script type=\"application\/ld+json\" class=\"yoast-schema-graph\">{\"@context\":\"https:\\\/\\\/schema.org\",\"@graph\":[{\"@type\":\"Article\",\"@id\":\"https:\\\/\\\/macite.tg\\\/?p=33659#article\",\"isPartOf\":{\"@id\":\"https:\\\/\\\/macite.tg\\\/?p=33659\"},\"author\":{\"name\":\"Jean Pierre BAWELA\",\"@id\":\"https:\\\/\\\/macite.tg\\\/#\\\/schema\\\/person\\\/e9f2de7e5dbbe7770a9402c7ce82f5c2\"},\"headline\":\"COOPERATION TOGO-BIELORUSSIE\u00a0: Faure Gnassingb\u00e9 et Alexandre Loukachenko pour un renforcement de l\u2019axe Lom\u00e9-Minsk\",\"datePublished\":\"2026-09-03T20:04:26+00:00\",\"dateModified\":\"2026-09-03T20:04:37+00:00\",\"mainEntityOfPage\":{\"@id\":\"https:\\\/\\\/macite.tg\\\/?p=33659\"},\"wordCount\":333,\"commentCount\":0,\"image\":{\"@id\":\"https:\\\/\\\/macite.tg\\\/?p=33659#primaryimage\"},\"thumbnailUrl\":\"https:\\\/\\\/macite.tg\\\/wp-content\\\/uploads\\\/2026\\\/09\\\/FEG-echanges.jpg\",\"articleSection\":[\"ACTUALITE\",\"COOPERATION\"],\"inLanguage\":\"fr-FR\",\"potentialAction\":[{\"@type\":\"CommentAction\",\"name\":\"Comment\",\"target\":[\"https:\\\/\\\/macite.tg\\\/?p=33659#respond\"]}]},{\"@type\":\"WebPage\",\"@id\":\"https:\\\/\\\/macite.tg\\\/?p=33659\",\"url\":\"https:\\\/\\\/macite.tg\\\/?p=33659\",\"name\":\"COOPERATION TOGO-BIELORUSSIE\u00a0: Faure Gnassingb\u00e9 et Alexandre Loukachenko pour un renforcement de l\u2019axe Lom\u00e9-Minsk -\",\"isPartOf\":{\"@id\":\"https:\\\/\\\/macite.tg\\\/#website\"},\"primaryImageOfPage\":{\"@id\":\"https:\\\/\\\/macite.tg\\\/?p=33659#primaryimage\"},\"image\":{\"@id\":\"https:\\\/\\\/macite.tg\\\/?p=33659#primaryimage\"},\"thumbnailUrl\":\"https:\\\/\\\/macite.tg\\\/wp-content\\\/uploads\\\/2026\\\/09\\\/FEG-echanges.jpg\",\"datePublished\":\"2026-09-03T20:04:26+00:00\",\"dateModified\":\"2026-09-03T20:04:37+00:00\",\"author\":{\"@id\":\"https:\\\/\\\/macite.tg\\\/#\\\/schema\\\/person\\\/e9f2de7e5dbbe7770a9402c7ce82f5c2\"},\"breadcrumb\":{\"@id\":\"https:\\\/\\\/macite.tg\\\/?p=33659#breadcrumb\"},\"inLanguage\":\"fr-FR\",\"potentialAction\":[{\"@type\":\"ReadAction\",\"target\":[\"https:\\\/\\\/macite.tg\\\/?p=33659\"]}]},{\"@type\":\"ImageObject\",\"inLanguage\":\"fr-FR\",\"@id\":\"https:\\\/\\\/macite.tg\\\/?p=33659#primaryimage\",\"url\":\"https:\\\/\\\/macite.tg\\\/wp-content\\\/uploads\\\/2026\\\/09\\\/FEG-echanges.jpg\",\"contentUrl\":\"https:\\\/\\\/macite.tg\\\/wp-content\\\/uploads\\\/2026\\\/09\\\/FEG-echanges.jpg\",\"width\":500,\"height\":461},{\"@type\":\"BreadcrumbList\",\"@id\":\"https:\\\/\\\/macite.tg\\\/?p=33659#breadcrumb\",\"itemListElement\":[{\"@type\":\"ListItem\",\"position\":1,\"name\":\"Accueil\",\"item\":\"https:\\\/\\\/macite.tg\\\/\"},{\"@type\":\"ListItem\",\"position\":2,\"name\":\"COOPERATION TOGO-BIELORUSSIE\u00a0: Faure Gnassingb\u00e9 et Alexandre Loukachenko pour un renforcement de l\u2019axe Lom\u00e9-Minsk\"}]},{\"@type\":\"WebSite\",\"@id\":\"https:\\\/\\\/macite.tg\\\/#website\",\"url\":\"https:\\\/\\\/macite.tg\\\/\",\"name\":\"\",\"description\":\"L&#039;information, la bonne!!!\",\"potentialAction\":[{\"@type\":\"SearchAction\",\"target\":{\"@type\":\"EntryPoint\",\"urlTemplate\":\"https:\\\/\\\/macite.tg\\\/?s={search_term_string}\"},\"query-input\":{\"@type\":\"PropertyValueSpecification\",\"valueRequired\":true,\"valueName\":\"search_term_string\"}}],\"inLanguage\":\"fr-FR\"},{\"@type\":\"Person\",\"@id\":\"https:\\\/\\\/macite.tg\\\/#\\\/schema\\\/person\\\/e9f2de7e5dbbe7770a9402c7ce82f5c2\",\"name\":\"Jean Pierre BAWELA\",\"image\":{\"@type\":\"ImageObject\",\"inLanguage\":\"fr-FR\",\"@id\":\"https:\\\/\\\/macite.tg\\\/wp-content\\\/uploads\\\/2023\\\/09\\\/WhatsApp-Image-2023-09-19-at-14.44.41-122x122.jpeg\",\"url\":\"https:\\\/\\\/macite.tg\\\/wp-content\\\/uploads\\\/2023\\\/09\\\/WhatsApp-Image-2023-09-19-at-14.44.41-122x122.jpeg\",\"contentUrl\":\"https:\\\/\\\/macite.tg\\\/wp-content\\\/uploads\\\/2023\\\/09\\\/WhatsApp-Image-2023-09-19-at-14.44.41-122x122.jpeg\",\"caption\":\"Jean Pierre BAWELA\"},\"url\":\"https:\\\/\\\/macite.tg\\\/?author=2\"}]}<\/script>\n<!-- \/ Yoast SEO plugin. -->","yoast_head_json":{"title":"COOPERATION TOGO-BIELORUSSIE\u00a0: Faure Gnassingb\u00e9 et Alexandre Loukachenko pour un renforcement de l\u2019axe Lom\u00e9-Minsk -","robots":{"index":"index","follow":"follow","max-snippet":"max-snippet:-1","max-image-preview":"max-image-preview:large","max-video-preview":"max-video-preview:-1"},"canonical":"https:\/\/macite.tg\/?p=33659","og_locale":"fr_FR","og_type":"article","og_title":"COOPERATION TOGO-BIELORUSSIE\u00a0: Faure Gnassingb\u00e9 et Alexandre Loukachenko pour un renforcement de l\u2019axe Lom\u00e9-Minsk -","og_description":"En marge du 26\u1d49 sommet de l\u2019Organisation de coop\u00e9ration de Shanghai (OCS) \u00e0 Bichkek, au Kirghizistan, le Pr\u00e9sident du Conseil, Faure Essozimna Gnassingb\u00e9, s&rsquo;est entretenu, le 1er septembre dernier, avec le pr\u00e9sident bi\u00e9lorusse, Alexandre Loukachenko. Cette rencontre bilat\u00e9rale marque un tournant strat\u00e9gique dans l&rsquo;approfondissement des [&hellip;]","og_url":"https:\/\/macite.tg\/?p=33659","article_published_time":"2026-09-03T20:04:26+00:00","article_modified_time":"2026-09-03T20:04:37+00:00","og_image":[{"width":500,"height":461,"url":"https:\/\/macite.tg\/wp-content\/uploads\/2026\/09\/FEG-echanges.jpg","type":"image\/jpeg"}],"author":"Jean Pierre BAWELA","twitter_card":"summary_large_image","twitter_misc":{"\u00c9crit par":"Jean Pierre BAWELA","Dur\u00e9e de lecture estim\u00e9e":"2 minutes"},"schema":{"@context":"https:\/\/schema.org","@graph":[{"@type":"Article","@id":"https:\/\/macite.tg\/?p=33659#article","isPartOf":{"@id":"https:\/\/macite.tg\/?p=33659"},"author":{"name":"Jean Pierre BAWELA","@id":"https:\/\/macite.tg\/#\/schema\/person\/e9f2de7e5dbbe7770a9402c7ce82f5c2"},"headline":"COOPERATION TOGO-BIELORUSSIE\u00a0: Faure Gnassingb\u00e9 et Alexandre Loukachenko pour un renforcement de l\u2019axe Lom\u00e9-Minsk","datePublished":"2026-09-03T20:04:26+00:00","dateModified":"2026-09-03T20:04:37+00:00","mainEntityOfPage":{"@id":"https:\/\/macite.tg\/?p=33659"},"wordCount":333,"commentCount":0,"image":{"@id":"https:\/\/macite.tg\/?p=33659#primaryimage"},"thumbnailUrl":"https:\/\/macite.tg\/wp-content\/uploads\/2026\/09\/FEG-echanges.jpg","articleSection":["ACTUALITE","COOPERATION"],"inLanguage":"fr-FR","potentialAction":[{"@type":"CommentAction","name":"Comment","target":["https:\/\/macite.tg\/?p=33659#respond"]}]},{"@type":"WebPage","@id":"https:\/\/macite.tg\/?p=33659","url":"https:\/\/macite.tg\/?p=33659","name":"COOPERATION TOGO-BIELORUSSIE\u00a0: Faure Gnassingb\u00e9 et Alexandre Loukachenko pour un renforcement de l\u2019axe Lom\u00e9-Minsk -","isPartOf":{"@id":"https:\/\/macite.tg\/#website"},"primaryImageOfPage":{"@id":"https:\/\/macite.tg\/?p=33659#primaryimage"},"image":{"@id":"https:\/\/macite.tg\/?p=33659#primaryimage"},"thumbnailUrl":"https:\/\/macite.tg\/wp-content\/uploads\/2026\/09\/FEG-echanges.jpg","datePublished":"2026-09-03T20:04:26+00:00","dateModified":"2026-09-03T20:04:37+00:00","author":{"@id":"https:\/\/macite.tg\/#\/schema\/person\/e9f2de7e5dbbe7770a9402c7ce82f5c2"},"breadcrumb":{"@id":"https:\/\/macite.tg\/?p=33659#breadcrumb"},"inLanguage":"fr-FR","potentialAction":[{"@type":"ReadAction","target":["https:\/\/macite.tg\/?p=33659"]}]},{"@type":"ImageObject","inLanguage":"fr-FR","@id":"https:\/\/macite.tg\/?p=33659#primaryimage","url":"https:\/\/macite.tg\/wp-content\/uploads\/2026\/09\/FEG-echanges.jpg","contentUrl":"https:\/\/macite.tg\/wp-content\/uploads\/2026\/09\/FEG-echanges.jpg","width":500,"height":461},{"@type":"BreadcrumbList","@id":"https:\/\/macite.tg\/?p=33659#breadcrumb","itemListElement":[{"@type":"ListItem","position":1,"name":"Accueil","item":"https:\/\/macite.tg\/"},{"@type":"ListItem","position":2,"name":"COOPERATION TOGO-BIELORUSSIE\u00a0: Faure Gnassingb\u00e9 et Alexandre Loukachenko pour un renforcement de l\u2019axe Lom\u00e9-Minsk"}]},{"@type":"WebSite","@id":"https:\/\/macite.tg\/#website","url":"https:\/\/macite.tg\/","name":"","description":"L&#039;information, la bonne!!!","potentialAction":[{"@type":"SearchAction","target":{"@type":"EntryPoint","urlTemplate":"https:\/\/macite.tg\/?s={search_term_string}"},"query-input":{"@type":"PropertyValueSpecification","valueRequired":true,"valueName":"search_term_string"}}],"inLanguage":"fr-FR"},{"@type":"Person","@id":"https:\/\/macite.tg\/#\/schema\/person\/e9f2de7e5dbbe7770a9402c7ce82f5c2","name":"Jean Pierre BAWELA","image":{"@type":"ImageObject","inLanguage":"fr-FR","@id":"https:\/\/macite.tg\/wp-content\/uploads\/2023\/09\/WhatsApp-Image-2023-09-19-at-14.44.41-122x122.jpeg","url":"https:\/\/macite.tg\/wp-content\/uploads\/2023\/09\/WhatsApp-Image-2023-09-19-at-14.44.41-122x122.jpeg","contentUrl":"https:\/\/macite.tg\/wp-content\/uploads\/2023\/09\/WhatsApp-Image-2023-09-19-at-14.44.41-122x122.jpeg","caption":"Jean Pierre BAWELA"},"url":"https:\/\/macite.tg\/?author=2"}]}},"_links":{"self":[{"href":"https:\/\/macite.tg\/index.php?rest_route=\/wp\/v2\/posts\/33659","targetHints":{"allow":["GET"]}}],"collection":[{"href":"https:\/\/macite.tg\/index.php?rest_route=\/wp\/v2\/posts"}],"about":[{"href":"https:\/\/macite.tg\/index.php?rest_route=\/wp\/v2\/types\/post"}],"author":[{"embeddable":true,"href":"https:\/\/macite.tg\/index.php?rest_route=\/wp\/v2\/users\/2"}],"replies":[{"embeddable":true,"href":"https:\/\/macite.tg\/index.php?rest_route=%2Fwp%2Fv2%2Fcomments&post=33659"}],"version-history":[{"count":1,"href":"https:\/\/macite.tg\/index.php?rest_route=\/wp\/v2\/posts\/33659\/revisions"}],"predecessor-version":[{"id":33662,"href":"https:\/\/macite.tg\/index.php?rest_route=\/wp\/v2\/posts\/33659\/revisions\/33662"}],"wp:featuredmedia":[{"embeddable":true,"href":"https:\/\/macite.tg\/index.php?rest_route=\/wp\/v2\/media\/33661"}],"wp:attachment":[{"href":"https:\/\/macite.tg\/index.php?rest_route=%2Fwp%2Fv2%2Fmedia&parent=33659"}],"wp:term":[{"taxonomy":"category","embeddable":true,"href":"https:\/\/macite.tg\/index.php?rest_route=%2Fwp%2Fv2%2Fcategories&post=33659"},{"taxonomy":"post_tag","embeddable":true,"href":"https:\/\/macite.tg\/index.php?rest_route=%2Fwp%2Fv2%2Ftags&post=33659"}],"curies":[{"name":"wp","href":"https:\/\/api.w.org\/{rel}","templated":true}]}}