{"id":33651,"date":"2026-09-03T19:43:47","date_gmt":"2026-09-03T19:43:47","guid":{"rendered":"https:\/\/macite.tg\/?p=33651"},"modified":"2026-09-03T19:43:49","modified_gmt":"2026-09-03T19:43:49","slug":"annonce-de-deces-batema-andewe-steeve-rappele-a-son-createur-a-49-ans","status":"publish","type":"post","link":"https:\/\/macite.tg\/?p=33651","title":{"rendered":"ANNONCE DE DECES\u00a0: BATEMA And\u00e9w\u00e9 Steeve rappel\u00e9 \u00e0 son Cr\u00e9ateur \u00e0 49 ans"},"content":{"rendered":"\n<p class=\"wp-block-paragraph\"><strong>Avis de d\u00e9c\u00e8s<\/strong><\/p>\n\n\n\n<p class=\"wp-block-paragraph\">Le chef canton de Baga dans la pr\u00e9fecture de Doufelgou<\/p>\n\n\n\n<p class=\"wp-block-paragraph\">Le chef du village de Hounanhou dans le canton de Baga<\/p>\n\n\n\n<p class=\"wp-block-paragraph\">Le chef coutumier et le pr\u00e9sident des Natifs de Hounanhou \u00e0 Lom\u00e9<\/p>\n\n\n\n<p class=\"wp-block-paragraph\">La famille BATEMA &#8211; BAGUISSAGOU \u00e0 Baga, \u00e0 Sokode, \u00e0 Lom\u00e9 et \u00e0 l&rsquo;\u00e9tranger<\/p>\n\n\n\n<p class=\"wp-block-paragraph\">La famille ATAMA GAMA-KAMAGA \u00e0 Baga, \u00e0 Sokode, \u00e0 Lom\u00e9 et \u00e0 l&rsquo;\u00e9tranger<\/p>\n\n\n\n<p class=\"wp-block-paragraph\">Monsieur BATEMA YAO Sylvain,son \u00e9pouse, leurs enfants et petits-enfants, ses fr\u00e8res et s\u0153urs<\/p>\n\n\n<div class=\"wp-block-image\">\n<figure class=\"alignright size-large is-resized\"><img loading=\"lazy\" decoding=\"async\" width=\"1024\" height=\"1024\" src=\"https:\/\/macite.tg\/wp-content\/uploads\/2026\/09\/d236456a-1bdd-40b3-b58e-4b5cfec362f2-1024x1024.jpg\" alt=\"\" class=\"wp-image-33656\" style=\"width:470px;height:auto\" srcset=\"https:\/\/macite.tg\/wp-content\/uploads\/2026\/09\/d236456a-1bdd-40b3-b58e-4b5cfec362f2-1024x1024.jpg 1024w, https:\/\/macite.tg\/wp-content\/uploads\/2026\/09\/d236456a-1bdd-40b3-b58e-4b5cfec362f2-150x150.jpg 150w, https:\/\/macite.tg\/wp-content\/uploads\/2026\/09\/d236456a-1bdd-40b3-b58e-4b5cfec362f2-300x300.jpg 300w, https:\/\/macite.tg\/wp-content\/uploads\/2026\/09\/d236456a-1bdd-40b3-b58e-4b5cfec362f2-768x768.jpg 768w, https:\/\/macite.tg\/wp-content\/uploads\/2026\/09\/d236456a-1bdd-40b3-b58e-4b5cfec362f2-487x487.jpg 487w, https:\/\/macite.tg\/wp-content\/uploads\/2026\/09\/d236456a-1bdd-40b3-b58e-4b5cfec362f2-434x434.jpg 434w, https:\/\/macite.tg\/wp-content\/uploads\/2026\/09\/d236456a-1bdd-40b3-b58e-4b5cfec362f2-475x475.jpg 475w, https:\/\/macite.tg\/wp-content\/uploads\/2026\/09\/d236456a-1bdd-40b3-b58e-4b5cfec362f2-400x400.jpg 400w, https:\/\/macite.tg\/wp-content\/uploads\/2026\/09\/d236456a-1bdd-40b3-b58e-4b5cfec362f2-75x75.jpg 75w, https:\/\/macite.tg\/wp-content\/uploads\/2026\/09\/d236456a-1bdd-40b3-b58e-4b5cfec362f2-122x122.jpg 122w, https:\/\/macite.tg\/wp-content\/uploads\/2026\/09\/d236456a-1bdd-40b3-b58e-4b5cfec362f2-283x283.jpg 283w, https:\/\/macite.tg\/wp-content\/uploads\/2026\/09\/d236456a-1bdd-40b3-b58e-4b5cfec362f2-530x530.jpg 530w, https:\/\/macite.tg\/wp-content\/uploads\/2026\/09\/d236456a-1bdd-40b3-b58e-4b5cfec362f2-287x287.jpg 287w, https:\/\/macite.tg\/wp-content\/uploads\/2026\/09\/d236456a-1bdd-40b3-b58e-4b5cfec362f2.jpg 1254w\" sizes=\"auto, (max-width: 1024px) 100vw, 1024px\" \/><\/figure>\n<\/div>\n\n\n<p class=\"wp-block-paragraph\">Les familles Baguissagou- Bat\u00e9ma, Koulaka, Mitebidina, Akako, Hourgnamba, Dolaama, Symfeya, Fadimba, Tabakouna, Bararmna- Boukpessi, Agoda, Birregah, Yaguiwata, Kolemaga, Aouissa, Mahoumba, N&rsquo;dafidina, Taama, Bamana, Meansim-Djato, Atade Nanguit, Boukari, Togbe, Amega, Ayassor, Ahare-gnama, Agbangba, Kiakoutassim, Kagbara, Bidima, Alema, Agba, Napo, Amenyedzi, Adjakpa, Tebie, Dibaataba<\/p>\n\n\n\n<p class=\"wp-block-paragraph\">Ont la profonde douleur de vous annoncer le d\u00e9c\u00e8s de leur fils, fr\u00e8re, ami et coll\u00e8gue<\/p>\n\n\n\n<p class=\"wp-block-paragraph\"><strong>BATEMA And\u00e9w\u00e9 Steeve,<\/strong><\/p>\n\n\n\n<p class=\"wp-block-paragraph\">Directeur G\u00e9n\u00e9ral de la soci\u00e9t\u00e9 <strong><em>Yentim-Solux<\/em><\/strong><\/p>\n\n\n\n<p class=\"wp-block-paragraph\">Survenu le 5 ao\u00fbt 2026 au CHU Sylvanus Olympio \u00e0 l&rsquo;\u00e2ge de 49 ans.<\/p>\n\n\n\n<p class=\"wp-block-paragraph\">Le programme des obs\u00e8ques vous sera annonc\u00e9 prochainement&nbsp;!<\/p>\n\n\n\n<p class=\"wp-block-paragraph\"><\/p>\n","protected":false},"excerpt":{"rendered":"<p class=\"text-justify mb-2\" >Avis de d\u00e9c\u00e8s Le chef canton de Baga dans la pr\u00e9fecture de Doufelgou Le chef du village de Hounanhou dans le canton de Baga Le chef coutumier et le pr\u00e9sident des Natifs de Hounanhou \u00e0 Lom\u00e9 La famille BATEMA &#8211; BAGUISSAGOU \u00e0 Baga, \u00e0 Sokode, [&hellip;]<\/p>\n","protected":false},"author":2,"featured_media":33657,"comment_status":"open","ping_status":"open","sticky":false,"template":"","format":"standard","meta":{"footnotes":""},"categories":[20,35],"tags":[],"class_list":["post-33651","post","type-post","status-publish","format-standard","has-post-thumbnail","hentry","category-actualite","category-necrologie"],"yoast_head":"<!-- This site is optimized with the Yoast SEO plugin v28.4 - https:\/\/yoast.com\/product\/yoast-seo-wordpress\/ -->\n<title>ANNONCE DE DECES\u00a0: BATEMA And\u00e9w\u00e9 Steeve rappel\u00e9 \u00e0 son Cr\u00e9ateur \u00e0 49 ans -<\/title>\n<meta name=\"robots\" content=\"index, follow, max-snippet:-1, max-image-preview:large, max-video-preview:-1\" \/>\n<link rel=\"canonical\" href=\"https:\/\/macite.tg\/?p=33651\" \/>\n<meta property=\"og:locale\" content=\"fr_FR\" \/>\n<meta property=\"og:type\" content=\"article\" \/>\n<meta property=\"og:title\" content=\"ANNONCE DE DECES\u00a0: BATEMA And\u00e9w\u00e9 Steeve rappel\u00e9 \u00e0 son Cr\u00e9ateur \u00e0 49 ans -\" \/>\n<meta property=\"og:description\" content=\"Avis de d\u00e9c\u00e8s Le chef canton de Baga dans la pr\u00e9fecture de Doufelgou Le chef du village de Hounanhou dans le canton de Baga Le chef coutumier et le pr\u00e9sident des Natifs de Hounanhou \u00e0 Lom\u00e9 La famille BATEMA &#8211; BAGUISSAGOU \u00e0 Baga, \u00e0 Sokode, [&hellip;]\" \/>\n<meta property=\"og:url\" content=\"https:\/\/macite.tg\/?p=33651\" \/>\n<meta property=\"article:published_time\" content=\"2026-09-03T19:43:47+00:00\" \/>\n<meta property=\"article:modified_time\" content=\"2026-09-03T19:43:49+00:00\" \/>\n<meta property=\"og:image\" content=\"https:\/\/macite.tg\/wp-content\/uploads\/2026\/09\/Batema-steven.jpg\" \/>\n\t<meta property=\"og:image:width\" content=\"500\" \/>\n\t<meta property=\"og:image:height\" content=\"386\" \/>\n\t<meta property=\"og:image:type\" content=\"image\/jpeg\" \/>\n<meta name=\"author\" content=\"Jean Pierre BAWELA\" \/>\n<meta name=\"twitter:card\" content=\"summary_large_image\" \/>\n<meta name=\"twitter:label1\" content=\"\u00c9crit par\" \/>\n\t<meta name=\"twitter:data1\" content=\"Jean Pierre BAWELA\" \/>\n\t<meta name=\"twitter:label2\" content=\"Dur\u00e9e de lecture estim\u00e9e\" \/>\n\t<meta name=\"twitter:data2\" content=\"2 minutes\" \/>\n<script type=\"application\/ld+json\" class=\"yoast-schema-graph\">{\"@context\":\"https:\\\/\\\/schema.org\",\"@graph\":[{\"@type\":\"Article\",\"@id\":\"https:\\\/\\\/macite.tg\\\/?p=33651#article\",\"isPartOf\":{\"@id\":\"https:\\\/\\\/macite.tg\\\/?p=33651\"},\"author\":{\"name\":\"Jean Pierre BAWELA\",\"@id\":\"https:\\\/\\\/macite.tg\\\/#\\\/schema\\\/person\\\/e9f2de7e5dbbe7770a9402c7ce82f5c2\"},\"headline\":\"ANNONCE DE DECES\u00a0: BATEMA And\u00e9w\u00e9 Steeve rappel\u00e9 \u00e0 son Cr\u00e9ateur \u00e0 49 ans\",\"datePublished\":\"2026-09-03T19:43:47+00:00\",\"dateModified\":\"2026-09-03T19:43:49+00:00\",\"mainEntityOfPage\":{\"@id\":\"https:\\\/\\\/macite.tg\\\/?p=33651\"},\"wordCount\":187,\"commentCount\":0,\"image\":{\"@id\":\"https:\\\/\\\/macite.tg\\\/?p=33651#primaryimage\"},\"thumbnailUrl\":\"https:\\\/\\\/macite.tg\\\/wp-content\\\/uploads\\\/2026\\\/09\\\/Batema-steven.jpg\",\"articleSection\":[\"ACTUALITE\",\"NECROLOGIE\"],\"inLanguage\":\"fr-FR\",\"potentialAction\":[{\"@type\":\"CommentAction\",\"name\":\"Comment\",\"target\":[\"https:\\\/\\\/macite.tg\\\/?p=33651#respond\"]}]},{\"@type\":\"WebPage\",\"@id\":\"https:\\\/\\\/macite.tg\\\/?p=33651\",\"url\":\"https:\\\/\\\/macite.tg\\\/?p=33651\",\"name\":\"ANNONCE DE DECES\u00a0: BATEMA And\u00e9w\u00e9 Steeve rappel\u00e9 \u00e0 son Cr\u00e9ateur \u00e0 49 ans -\",\"isPartOf\":{\"@id\":\"https:\\\/\\\/macite.tg\\\/#website\"},\"primaryImageOfPage\":{\"@id\":\"https:\\\/\\\/macite.tg\\\/?p=33651#primaryimage\"},\"image\":{\"@id\":\"https:\\\/\\\/macite.tg\\\/?p=33651#primaryimage\"},\"thumbnailUrl\":\"https:\\\/\\\/macite.tg\\\/wp-content\\\/uploads\\\/2026\\\/09\\\/Batema-steven.jpg\",\"datePublished\":\"2026-09-03T19:43:47+00:00\",\"dateModified\":\"2026-09-03T19:43:49+00:00\",\"author\":{\"@id\":\"https:\\\/\\\/macite.tg\\\/#\\\/schema\\\/person\\\/e9f2de7e5dbbe7770a9402c7ce82f5c2\"},\"breadcrumb\":{\"@id\":\"https:\\\/\\\/macite.tg\\\/?p=33651#breadcrumb\"},\"inLanguage\":\"fr-FR\",\"potentialAction\":[{\"@type\":\"ReadAction\",\"target\":[\"https:\\\/\\\/macite.tg\\\/?p=33651\"]}]},{\"@type\":\"ImageObject\",\"inLanguage\":\"fr-FR\",\"@id\":\"https:\\\/\\\/macite.tg\\\/?p=33651#primaryimage\",\"url\":\"https:\\\/\\\/macite.tg\\\/wp-content\\\/uploads\\\/2026\\\/09\\\/Batema-steven.jpg\",\"contentUrl\":\"https:\\\/\\\/macite.tg\\\/wp-content\\\/uploads\\\/2026\\\/09\\\/Batema-steven.jpg\",\"width\":500,\"height\":386},{\"@type\":\"BreadcrumbList\",\"@id\":\"https:\\\/\\\/macite.tg\\\/?p=33651#breadcrumb\",\"itemListElement\":[{\"@type\":\"ListItem\",\"position\":1,\"name\":\"Accueil\",\"item\":\"https:\\\/\\\/macite.tg\\\/\"},{\"@type\":\"ListItem\",\"position\":2,\"name\":\"ANNONCE DE DECES\u00a0: BATEMA And\u00e9w\u00e9 Steeve rappel\u00e9 \u00e0 son Cr\u00e9ateur \u00e0 49 ans\"}]},{\"@type\":\"WebSite\",\"@id\":\"https:\\\/\\\/macite.tg\\\/#website\",\"url\":\"https:\\\/\\\/macite.tg\\\/\",\"name\":\"\",\"description\":\"L&#039;information, la bonne!!!\",\"potentialAction\":[{\"@type\":\"SearchAction\",\"target\":{\"@type\":\"EntryPoint\",\"urlTemplate\":\"https:\\\/\\\/macite.tg\\\/?s={search_term_string}\"},\"query-input\":{\"@type\":\"PropertyValueSpecification\",\"valueRequired\":true,\"valueName\":\"search_term_string\"}}],\"inLanguage\":\"fr-FR\"},{\"@type\":\"Person\",\"@id\":\"https:\\\/\\\/macite.tg\\\/#\\\/schema\\\/person\\\/e9f2de7e5dbbe7770a9402c7ce82f5c2\",\"name\":\"Jean Pierre BAWELA\",\"image\":{\"@type\":\"ImageObject\",\"inLanguage\":\"fr-FR\",\"@id\":\"https:\\\/\\\/macite.tg\\\/wp-content\\\/uploads\\\/2023\\\/09\\\/WhatsApp-Image-2023-09-19-at-14.44.41-122x122.jpeg\",\"url\":\"https:\\\/\\\/macite.tg\\\/wp-content\\\/uploads\\\/2023\\\/09\\\/WhatsApp-Image-2023-09-19-at-14.44.41-122x122.jpeg\",\"contentUrl\":\"https:\\\/\\\/macite.tg\\\/wp-content\\\/uploads\\\/2023\\\/09\\\/WhatsApp-Image-2023-09-19-at-14.44.41-122x122.jpeg\",\"caption\":\"Jean Pierre BAWELA\"},\"url\":\"https:\\\/\\\/macite.tg\\\/?author=2\"}]}<\/script>\n<!-- \/ Yoast SEO plugin. -->","yoast_head_json":{"title":"ANNONCE DE DECES\u00a0: BATEMA And\u00e9w\u00e9 Steeve rappel\u00e9 \u00e0 son Cr\u00e9ateur \u00e0 49 ans -","robots":{"index":"index","follow":"follow","max-snippet":"max-snippet:-1","max-image-preview":"max-image-preview:large","max-video-preview":"max-video-preview:-1"},"canonical":"https:\/\/macite.tg\/?p=33651","og_locale":"fr_FR","og_type":"article","og_title":"ANNONCE DE DECES\u00a0: BATEMA And\u00e9w\u00e9 Steeve rappel\u00e9 \u00e0 son Cr\u00e9ateur \u00e0 49 ans -","og_description":"Avis de d\u00e9c\u00e8s Le chef canton de Baga dans la pr\u00e9fecture de Doufelgou Le chef du village de Hounanhou dans le canton de Baga Le chef coutumier et le pr\u00e9sident des Natifs de Hounanhou \u00e0 Lom\u00e9 La famille BATEMA &#8211; BAGUISSAGOU \u00e0 Baga, \u00e0 Sokode, [&hellip;]","og_url":"https:\/\/macite.tg\/?p=33651","article_published_time":"2026-09-03T19:43:47+00:00","article_modified_time":"2026-09-03T19:43:49+00:00","og_image":[{"width":500,"height":386,"url":"https:\/\/macite.tg\/wp-content\/uploads\/2026\/09\/Batema-steven.jpg","type":"image\/jpeg"}],"author":"Jean Pierre BAWELA","twitter_card":"summary_large_image","twitter_misc":{"\u00c9crit par":"Jean Pierre BAWELA","Dur\u00e9e de lecture estim\u00e9e":"2 minutes"},"schema":{"@context":"https:\/\/schema.org","@graph":[{"@type":"Article","@id":"https:\/\/macite.tg\/?p=33651#article","isPartOf":{"@id":"https:\/\/macite.tg\/?p=33651"},"author":{"name":"Jean Pierre BAWELA","@id":"https:\/\/macite.tg\/#\/schema\/person\/e9f2de7e5dbbe7770a9402c7ce82f5c2"},"headline":"ANNONCE DE DECES\u00a0: BATEMA And\u00e9w\u00e9 Steeve rappel\u00e9 \u00e0 son Cr\u00e9ateur \u00e0 49 ans","datePublished":"2026-09-03T19:43:47+00:00","dateModified":"2026-09-03T19:43:49+00:00","mainEntityOfPage":{"@id":"https:\/\/macite.tg\/?p=33651"},"wordCount":187,"commentCount":0,"image":{"@id":"https:\/\/macite.tg\/?p=33651#primaryimage"},"thumbnailUrl":"https:\/\/macite.tg\/wp-content\/uploads\/2026\/09\/Batema-steven.jpg","articleSection":["ACTUALITE","NECROLOGIE"],"inLanguage":"fr-FR","potentialAction":[{"@type":"CommentAction","name":"Comment","target":["https:\/\/macite.tg\/?p=33651#respond"]}]},{"@type":"WebPage","@id":"https:\/\/macite.tg\/?p=33651","url":"https:\/\/macite.tg\/?p=33651","name":"ANNONCE DE DECES\u00a0: BATEMA And\u00e9w\u00e9 Steeve rappel\u00e9 \u00e0 son Cr\u00e9ateur \u00e0 49 ans -","isPartOf":{"@id":"https:\/\/macite.tg\/#website"},"primaryImageOfPage":{"@id":"https:\/\/macite.tg\/?p=33651#primaryimage"},"image":{"@id":"https:\/\/macite.tg\/?p=33651#primaryimage"},"thumbnailUrl":"https:\/\/macite.tg\/wp-content\/uploads\/2026\/09\/Batema-steven.jpg","datePublished":"2026-09-03T19:43:47+00:00","dateModified":"2026-09-03T19:43:49+00:00","author":{"@id":"https:\/\/macite.tg\/#\/schema\/person\/e9f2de7e5dbbe7770a9402c7ce82f5c2"},"breadcrumb":{"@id":"https:\/\/macite.tg\/?p=33651#breadcrumb"},"inLanguage":"fr-FR","potentialAction":[{"@type":"ReadAction","target":["https:\/\/macite.tg\/?p=33651"]}]},{"@type":"ImageObject","inLanguage":"fr-FR","@id":"https:\/\/macite.tg\/?p=33651#primaryimage","url":"https:\/\/macite.tg\/wp-content\/uploads\/2026\/09\/Batema-steven.jpg","contentUrl":"https:\/\/macite.tg\/wp-content\/uploads\/2026\/09\/Batema-steven.jpg","width":500,"height":386},{"@type":"BreadcrumbList","@id":"https:\/\/macite.tg\/?p=33651#breadcrumb","itemListElement":[{"@type":"ListItem","position":1,"name":"Accueil","item":"https:\/\/macite.tg\/"},{"@type":"ListItem","position":2,"name":"ANNONCE DE DECES\u00a0: BATEMA And\u00e9w\u00e9 Steeve rappel\u00e9 \u00e0 son Cr\u00e9ateur \u00e0 49 ans"}]},{"@type":"WebSite","@id":"https:\/\/macite.tg\/#website","url":"https:\/\/macite.tg\/","name":"","description":"L&#039;information, la bonne!!!","potentialAction":[{"@type":"SearchAction","target":{"@type":"EntryPoint","urlTemplate":"https:\/\/macite.tg\/?s={search_term_string}"},"query-input":{"@type":"PropertyValueSpecification","valueRequired":true,"valueName":"search_term_string"}}],"inLanguage":"fr-FR"},{"@type":"Person","@id":"https:\/\/macite.tg\/#\/schema\/person\/e9f2de7e5dbbe7770a9402c7ce82f5c2","name":"Jean Pierre BAWELA","image":{"@type":"ImageObject","inLanguage":"fr-FR","@id":"https:\/\/macite.tg\/wp-content\/uploads\/2023\/09\/WhatsApp-Image-2023-09-19-at-14.44.41-122x122.jpeg","url":"https:\/\/macite.tg\/wp-content\/uploads\/2023\/09\/WhatsApp-Image-2023-09-19-at-14.44.41-122x122.jpeg","contentUrl":"https:\/\/macite.tg\/wp-content\/uploads\/2023\/09\/WhatsApp-Image-2023-09-19-at-14.44.41-122x122.jpeg","caption":"Jean Pierre BAWELA"},"url":"https:\/\/macite.tg\/?author=2"}]}},"_links":{"self":[{"href":"https:\/\/macite.tg\/index.php?rest_route=\/wp\/v2\/posts\/33651","targetHints":{"allow":["GET"]}}],"collection":[{"href":"https:\/\/macite.tg\/index.php?rest_route=\/wp\/v2\/posts"}],"about":[{"href":"https:\/\/macite.tg\/index.php?rest_route=\/wp\/v2\/types\/post"}],"author":[{"embeddable":true,"href":"https:\/\/macite.tg\/index.php?rest_route=\/wp\/v2\/users\/2"}],"replies":[{"embeddable":true,"href":"https:\/\/macite.tg\/index.php?rest_route=%2Fwp%2Fv2%2Fcomments&post=33651"}],"version-history":[{"count":1,"href":"https:\/\/macite.tg\/index.php?rest_route=\/wp\/v2\/posts\/33651\/revisions"}],"predecessor-version":[{"id":33658,"href":"https:\/\/macite.tg\/index.php?rest_route=\/wp\/v2\/posts\/33651\/revisions\/33658"}],"wp:featuredmedia":[{"embeddable":true,"href":"https:\/\/macite.tg\/index.php?rest_route=\/wp\/v2\/media\/33657"}],"wp:attachment":[{"href":"https:\/\/macite.tg\/index.php?rest_route=%2Fwp%2Fv2%2Fmedia&parent=33651"}],"wp:term":[{"taxonomy":"category","embeddable":true,"href":"https:\/\/macite.tg\/index.php?rest_route=%2Fwp%2Fv2%2Fcategories&post=33651"},{"taxonomy":"post_tag","embeddable":true,"href":"https:\/\/macite.tg\/index.php?rest_route=%2Fwp%2Fv2%2Ftags&post=33651"}],"curies":[{"name":"wp","href":"https:\/\/api.w.org\/{rel}","templated":true}]}}