{"id":33639,"date":"2026-09-03T10:13:00","date_gmt":"2026-09-03T10:13:00","guid":{"rendered":"https:\/\/macite.tg\/?p=33639"},"modified":"2026-09-03T12:31:11","modified_gmt":"2026-09-03T12:31:11","slug":"fablabs-et-centres-regionaux-dinnovation-technologique-crit-nouvelles-etapes-dans-la-transformation-de-lecole-togolaise","status":"publish","type":"post","link":"https:\/\/macite.tg\/?p=33639","title":{"rendered":"FABLABS ET CENTRES REGIONAUX D\u2019INNOVATION TECHNOLOGIQUE (CRIT) : Nouvelles \u00e9tapes dans la transformation de l\u2019\u00e9cole togolaise"},"content":{"rendered":"\n<p class=\"wp-block-paragraph\"><strong><em>Bient\u00f4t, la rentr\u00e9e scolaire. Les acteurs du syst\u00e8me \u00e9ducatif, chacun de son c\u00f4t\u00e9 se pr\u00e9pare activement. Du c\u00f4t\u00e9 des autorit\u00e9s en charge de l\u2019\u00e9ducation nationale, on annonce des nouveaut\u00e9s la cr\u00e9ation des centres r\u00e9gionaux d\u2019innovation technologiques (CRIT) qui vont abriter des fablabs devant permettre aux \u00e9l\u00e8ves d\u2019apprendre autrement les sciences et les pr\u00e9parer aux d\u00e9fis technologiques de demain.<\/em><\/strong><\/p>\n\n\n\n<p class=\"wp-block-paragraph\">En implantant les CRIT et les FabLabs dans les diff\u00e9rentes r\u00e9gions, le Gouvernement entend faire de l\u2019innovation un levier accessible aux jeunes, quel que soit leur lieu de r\u00e9sidence. L\u2019objectif est clair : permettre que l\u2019innovation ne soit plus le privil\u00e8ge de Lom\u00e9, mais une opportunit\u00e9 pour les jeunes de toutes les r\u00e9gions. L\u2019ambition&nbsp;: faire de l\u2019\u00e9cole togolaise de demain, le premier laboratoire o\u00f9 naissent les solutions technologiques du pays.<\/p>\n\n\n<div class=\"wp-block-image\">\n<figure class=\"aligncenter size-full\"><img loading=\"lazy\" decoding=\"async\" width=\"509\" height=\"720\" src=\"https:\/\/macite.tg\/wp-content\/uploads\/2026\/09\/image-3.png\" alt=\"\" class=\"wp-image-33578\" srcset=\"https:\/\/macite.tg\/wp-content\/uploads\/2026\/09\/image-3.png 509w, https:\/\/macite.tg\/wp-content\/uploads\/2026\/09\/image-3-212x300.png 212w\" sizes=\"auto, (max-width: 509px) 100vw, 509px\" \/><\/figure>\n<\/div>\n\n\n<p class=\"wp-block-paragraph\">Pour ce faire, 101 Fabmanagers, issus du dernier concours national de recrutement des enseignants fonctionnaires, sont form\u00e9s tout au long de ces vacances. D\u00e9sormais familiaris\u00e9s avec les outils, les \u00e9quipements et les m\u00e9thodes n\u00e9cessaires \u00e0 l\u2019animation des laboratoires, les Fabmanagers sont consid\u00e9r\u00e9es comme de v\u00e9ritables chevilles ouvri\u00e8res de l\u2019\u00e9cosyst\u00e8me \u00e9ducatif national d\u2019innovation.<\/p>\n\n\n\n<p class=\"wp-block-paragraph\">\u00c0 la crois\u00e9e de l\u2019\u00e9ducation, du num\u00e9rique et de l\u2019innovation et, leur mission sera d\u2019accompagner les \u00e9l\u00e8ves au sein des\u00a0FabLabs \u00e9ducatifs\u00a0qui seront d\u00e9ploy\u00e9s dans les coll\u00e8ges et les lyc\u00e9es scientifiques, et des Centres r\u00e9gionaux d&rsquo;innovation technologiques (CRIT).<\/p>\n\n\n\n<p class=\"wp-block-paragraph\">Au minist\u00e8re de l\u2019\u00e9ducation nationale, on affirme que les FabLabs permettront aux \u00e9l\u00e8ves de passer de la th\u00e9orie \u00e0 l\u2019exp\u00e9rimentation. \u00ab&nbsp;<em>Programmation, robotique, intelligence artificielle, Internet des objets, impression 3D ou encore exp\u00e9riences scientifiques pourront \u00eatre mobilis\u00e9s pour donner une dimension pratique aux enseignements re\u00e7us en classe<\/em>&nbsp;\u00bb, indique-t-on. Ainsi, l\u2019\u00e9l\u00e8ve ne sera plus seulement appel\u00e9 \u00e0 retenir une formule ou \u00e0 comprendre un principe scientifique. Il pourra l\u2019observer, le manipuler, l\u2019exp\u00e9rimenter et, surtout, tenter d\u2019en faire quelque chose.<\/p>\n\n\n\n<figure class=\"wp-block-image size-full\"><img loading=\"lazy\" decoding=\"async\" width=\"851\" height=\"315\" src=\"https:\/\/macite.tg\/wp-content\/uploads\/2026\/08\/OTR_Ferer-pour-batir-1.jpg\" alt=\"\" class=\"wp-image-33383\" srcset=\"https:\/\/macite.tg\/wp-content\/uploads\/2026\/08\/OTR_Ferer-pour-batir-1.jpg 851w, https:\/\/macite.tg\/wp-content\/uploads\/2026\/08\/OTR_Ferer-pour-batir-1-300x111.jpg 300w, https:\/\/macite.tg\/wp-content\/uploads\/2026\/08\/OTR_Ferer-pour-batir-1-768x284.jpg 768w\" sizes=\"auto, (max-width: 851px) 100vw, 851px\" \/><\/figure>\n\n\n\n<p class=\"wp-block-paragraph\">C\u2019est pr\u00e9cis\u00e9ment cette philosophie que r\u00e9sume le ministre Omorou lorsqu\u2019il affirme : <em>\u00ab&nbsp;Un FabLab, ce n\u2019est pas un ensemble d\u2019imprimantes 3D, c\u2019est avant tout une \u00e2me, un \u00e9tat d\u2019esprit.<\/em> <em>C\u2019est aussi un lieu d\u2019apprentissage, d\u2019exp\u00e9rimentation, de prototypage, de cr\u00e9ativit\u00e9 et d\u2019innovation&nbsp;<\/em>\u00bb.<\/p>\n\n\n\n<p class=\"wp-block-paragraph\">Au-del\u00e0 de la r\u00e9forme p\u00e9dagogique, le d\u00e9ploiement des FabLabs traduit une ambition plus large. Il s\u2019inscrit dans la vision gouvernementale qui fait de la transformation num\u00e9rique, de l\u2019innovation technologique et du capital humain des leviers majeurs du d\u00e9veloppement de notre nation.<br>D\u00e8s lors, l\u2019enjeu est de pr\u00e9parer une jeunesse capable de participer pleinement \u00e0 la r\u00e9volution technologique. \u00ab&nbsp;<em>Notre jeunesse ne sera plus une jeunesse consommatrice de technologies import\u00e9es. Elle sera une jeunesse cr\u00e9atrice, productrice de solutions made in Togo<\/em>&nbsp;\u00bb, a d\u00e9clar\u00e9 le ministre.<\/p>\n\n\n\n<p class=\"wp-block-paragraph\">Selon la vision, ces laboratoires constituent de v\u00e9ritables p\u00e9pini\u00e8res de talents. Un \u00e9l\u00e8ve pourra partir d\u2019une id\u00e9e, exp\u00e9rimenter, fabriquer un prototype et, pourquoi pas, transformer son innovation en projet entrepreneurial. Le ministre r\u00e9sume cette ambition en une formule forte : <em>\u00ab&nbsp;Nous passerons de l\u2019id\u00e9e au prototype, du prototype \u00e0 l\u2019entreprise, et de l\u2019entreprise \u00e0 l\u2019emploi pour nos jeunes&nbsp;<\/em>\u00bb.<\/p>\n\n\n<div class=\"wp-block-image\">\n<figure class=\"aligncenter size-full\"><img loading=\"lazy\" decoding=\"async\" width=\"509\" height=\"720\" src=\"https:\/\/macite.tg\/wp-content\/uploads\/2026\/08\/OTR_Payez-la-TVM-simple-et-pratique.jpg\" alt=\"\" class=\"wp-image-33432\" srcset=\"https:\/\/macite.tg\/wp-content\/uploads\/2026\/08\/OTR_Payez-la-TVM-simple-et-pratique.jpg 509w, https:\/\/macite.tg\/wp-content\/uploads\/2026\/08\/OTR_Payez-la-TVM-simple-et-pratique-212x300.jpg 212w\" sizes=\"auto, (max-width: 509px) 100vw, 509px\" \/><\/figure>\n<\/div>\n\n\n<p class=\"wp-block-paragraph\">En d\u00e9finitive, la formation des 101 Fabmanagers ne constitue donc pas une simple activit\u00e9 de renforcement de capacit\u00e9s. Elle marque une nouvelle \u00e9tape dans la transformation de l\u2019\u00e9cole togolaise : une \u00e9cole qui ne cherche plus uniquement \u00e0 transmettre des connaissances, mais \u00e0 faire na\u00eetre des vocations, d\u00e9velopper des comp\u00e9tences et encourager la cr\u00e9ation de solutions.<\/p>\n\n\n\n<p class=\"wp-block-paragraph\">Les premiers r\u00e9sultats de cette transformation pourraient bient\u00f4t se lire dans les inventions d\u2019un \u00e9l\u00e8ve, les prototypes d\u2019un jeune innovateur et, peut-\u00eatre, dans la prochaine grande solution technologique \u00ab made in Togo \u00bb. C\u2019est l\u00e0 que se jouera v\u00e9ritablement le pari des FabLabs.<\/p>\n\n\n\n<p class=\"wp-block-paragraph\"><strong>(In LE MEDIUM n\u00b0719 du 1<sup>er<\/sup> au 07 Septembre 2026)<\/strong><\/p>\n\n\n\n<p class=\"wp-block-paragraph\"><strong><em>@macite.tg&nbsp;&nbsp;&nbsp;&nbsp;&nbsp;&nbsp;&nbsp;&nbsp;<\/em><\/strong><\/p>\n\n\n\n<p class=\"wp-block-paragraph\"><strong><em>E-mail&nbsp;:<\/em><\/strong> <a href=\"mailto:maciteinfo@gmail.com\"><strong><em>maciteinfo@gmail.com<\/em><\/strong><\/a><strong><em>;<\/em><\/strong> <a href=\"mailto:bawela1@gmail.com\"><strong><em>bawela1@gmail.com<\/em><\/strong><\/a><strong><em><\/em><\/strong><\/p>\n\n\n\n<p class=\"wp-block-paragraph\"><strong><em>Pour vos annonces, publi-reportages, etc., joignez-nous au (00228)91515309\/<strong>79872224<\/strong> <strong><\/strong><\/em><\/strong><\/p>\n\n\n\n<p class=\"wp-block-paragraph\"><strong><em>www.macite.tg, L\u2019information, la bonne&nbsp;!<\/em><\/strong><\/p>\n\n\n\n<p class=\"wp-block-paragraph\"><\/p>\n","protected":false},"excerpt":{"rendered":"<p class=\"text-justify mb-2\" >Bient\u00f4t, la rentr\u00e9e scolaire. Les acteurs du syst\u00e8me \u00e9ducatif, chacun de son c\u00f4t\u00e9 se pr\u00e9pare activement. Du c\u00f4t\u00e9 des autorit\u00e9s en charge de l\u2019\u00e9ducation nationale, on annonce des nouveaut\u00e9s la cr\u00e9ation des centres r\u00e9gionaux d\u2019innovation technologiques (CRIT) qui vont abriter des fablabs devant permettre aux [&hellip;]<\/p>\n","protected":false},"author":2,"featured_media":33640,"comment_status":"open","ping_status":"open","sticky":false,"template":"","format":"standard","meta":{"footnotes":""},"categories":[20,4,50],"tags":[],"class_list":["post-33639","post","type-post","status-publish","format-standard","has-post-thumbnail","hentry","category-actualite","category-education","category-technologie"],"yoast_head":"<!-- This site is optimized with the Yoast SEO plugin v28.4 - https:\/\/yoast.com\/product\/yoast-seo-wordpress\/ -->\n<title>FABLABS ET CENTRES REGIONAUX D\u2019INNOVATION TECHNOLOGIQUE (CRIT) : Nouvelles \u00e9tapes dans la transformation de l\u2019\u00e9cole togolaise -<\/title>\n<meta name=\"robots\" content=\"index, follow, max-snippet:-1, max-image-preview:large, max-video-preview:-1\" \/>\n<link rel=\"canonical\" href=\"https:\/\/macite.tg\/?p=33639\" \/>\n<meta property=\"og:locale\" content=\"fr_FR\" \/>\n<meta property=\"og:type\" content=\"article\" \/>\n<meta property=\"og:title\" content=\"FABLABS ET CENTRES REGIONAUX D\u2019INNOVATION TECHNOLOGIQUE (CRIT) : Nouvelles \u00e9tapes dans la transformation de l\u2019\u00e9cole togolaise -\" \/>\n<meta property=\"og:description\" content=\"Bient\u00f4t, la rentr\u00e9e scolaire. Les acteurs du syst\u00e8me \u00e9ducatif, chacun de son c\u00f4t\u00e9 se pr\u00e9pare activement. Du c\u00f4t\u00e9 des autorit\u00e9s en charge de l\u2019\u00e9ducation nationale, on annonce des nouveaut\u00e9s la cr\u00e9ation des centres r\u00e9gionaux d\u2019innovation technologiques (CRIT) qui vont abriter des fablabs devant permettre aux [&hellip;]\" \/>\n<meta property=\"og:url\" content=\"https:\/\/macite.tg\/?p=33639\" \/>\n<meta property=\"article:published_time\" content=\"2026-09-03T10:13:00+00:00\" \/>\n<meta property=\"article:modified_time\" content=\"2026-09-03T12:31:11+00:00\" \/>\n<meta property=\"og:image\" content=\"https:\/\/macite.tg\/wp-content\/uploads\/2026\/09\/crit.jpg\" \/>\n\t<meta property=\"og:image:width\" content=\"965\" \/>\n\t<meta property=\"og:image:height\" content=\"723\" \/>\n\t<meta property=\"og:image:type\" content=\"image\/jpeg\" \/>\n<meta name=\"author\" content=\"Jean Pierre BAWELA\" \/>\n<meta name=\"twitter:card\" content=\"summary_large_image\" \/>\n<meta name=\"twitter:label1\" content=\"\u00c9crit par\" \/>\n\t<meta name=\"twitter:data1\" content=\"Jean Pierre BAWELA\" \/>\n\t<meta name=\"twitter:label2\" content=\"Dur\u00e9e de lecture estim\u00e9e\" \/>\n\t<meta name=\"twitter:data2\" content=\"4 minutes\" \/>\n<script type=\"application\/ld+json\" class=\"yoast-schema-graph\">{\"@context\":\"https:\\\/\\\/schema.org\",\"@graph\":[{\"@type\":\"Article\",\"@id\":\"https:\\\/\\\/macite.tg\\\/?p=33639#article\",\"isPartOf\":{\"@id\":\"https:\\\/\\\/macite.tg\\\/?p=33639\"},\"author\":{\"name\":\"Jean Pierre BAWELA\",\"@id\":\"https:\\\/\\\/macite.tg\\\/#\\\/schema\\\/person\\\/e9f2de7e5dbbe7770a9402c7ce82f5c2\"},\"headline\":\"FABLABS ET CENTRES REGIONAUX D\u2019INNOVATION TECHNOLOGIQUE (CRIT) : Nouvelles \u00e9tapes dans la transformation de l\u2019\u00e9cole togolaise\",\"datePublished\":\"2026-09-03T10:13:00+00:00\",\"dateModified\":\"2026-09-03T12:31:11+00:00\",\"mainEntityOfPage\":{\"@id\":\"https:\\\/\\\/macite.tg\\\/?p=33639\"},\"wordCount\":749,\"commentCount\":0,\"image\":{\"@id\":\"https:\\\/\\\/macite.tg\\\/?p=33639#primaryimage\"},\"thumbnailUrl\":\"https:\\\/\\\/macite.tg\\\/wp-content\\\/uploads\\\/2026\\\/09\\\/crit.jpg\",\"articleSection\":[\"ACTUALITE\",\"EDUCATION\",\"TECHNOLOGIE\"],\"inLanguage\":\"fr-FR\",\"potentialAction\":[{\"@type\":\"CommentAction\",\"name\":\"Comment\",\"target\":[\"https:\\\/\\\/macite.tg\\\/?p=33639#respond\"]}]},{\"@type\":\"WebPage\",\"@id\":\"https:\\\/\\\/macite.tg\\\/?p=33639\",\"url\":\"https:\\\/\\\/macite.tg\\\/?p=33639\",\"name\":\"FABLABS ET CENTRES REGIONAUX D\u2019INNOVATION TECHNOLOGIQUE (CRIT) : Nouvelles \u00e9tapes dans la transformation de l\u2019\u00e9cole togolaise -\",\"isPartOf\":{\"@id\":\"https:\\\/\\\/macite.tg\\\/#website\"},\"primaryImageOfPage\":{\"@id\":\"https:\\\/\\\/macite.tg\\\/?p=33639#primaryimage\"},\"image\":{\"@id\":\"https:\\\/\\\/macite.tg\\\/?p=33639#primaryimage\"},\"thumbnailUrl\":\"https:\\\/\\\/macite.tg\\\/wp-content\\\/uploads\\\/2026\\\/09\\\/crit.jpg\",\"datePublished\":\"2026-09-03T10:13:00+00:00\",\"dateModified\":\"2026-09-03T12:31:11+00:00\",\"author\":{\"@id\":\"https:\\\/\\\/macite.tg\\\/#\\\/schema\\\/person\\\/e9f2de7e5dbbe7770a9402c7ce82f5c2\"},\"breadcrumb\":{\"@id\":\"https:\\\/\\\/macite.tg\\\/?p=33639#breadcrumb\"},\"inLanguage\":\"fr-FR\",\"potentialAction\":[{\"@type\":\"ReadAction\",\"target\":[\"https:\\\/\\\/macite.tg\\\/?p=33639\"]}]},{\"@type\":\"ImageObject\",\"inLanguage\":\"fr-FR\",\"@id\":\"https:\\\/\\\/macite.tg\\\/?p=33639#primaryimage\",\"url\":\"https:\\\/\\\/macite.tg\\\/wp-content\\\/uploads\\\/2026\\\/09\\\/crit.jpg\",\"contentUrl\":\"https:\\\/\\\/macite.tg\\\/wp-content\\\/uploads\\\/2026\\\/09\\\/crit.jpg\",\"width\":965,\"height\":723},{\"@type\":\"BreadcrumbList\",\"@id\":\"https:\\\/\\\/macite.tg\\\/?p=33639#breadcrumb\",\"itemListElement\":[{\"@type\":\"ListItem\",\"position\":1,\"name\":\"Accueil\",\"item\":\"https:\\\/\\\/macite.tg\\\/\"},{\"@type\":\"ListItem\",\"position\":2,\"name\":\"FABLABS ET CENTRES REGIONAUX D\u2019INNOVATION TECHNOLOGIQUE (CRIT) : Nouvelles \u00e9tapes dans la transformation de l\u2019\u00e9cole togolaise\"}]},{\"@type\":\"WebSite\",\"@id\":\"https:\\\/\\\/macite.tg\\\/#website\",\"url\":\"https:\\\/\\\/macite.tg\\\/\",\"name\":\"\",\"description\":\"L&#039;information, la bonne!!!\",\"potentialAction\":[{\"@type\":\"SearchAction\",\"target\":{\"@type\":\"EntryPoint\",\"urlTemplate\":\"https:\\\/\\\/macite.tg\\\/?s={search_term_string}\"},\"query-input\":{\"@type\":\"PropertyValueSpecification\",\"valueRequired\":true,\"valueName\":\"search_term_string\"}}],\"inLanguage\":\"fr-FR\"},{\"@type\":\"Person\",\"@id\":\"https:\\\/\\\/macite.tg\\\/#\\\/schema\\\/person\\\/e9f2de7e5dbbe7770a9402c7ce82f5c2\",\"name\":\"Jean Pierre BAWELA\",\"image\":{\"@type\":\"ImageObject\",\"inLanguage\":\"fr-FR\",\"@id\":\"https:\\\/\\\/macite.tg\\\/wp-content\\\/uploads\\\/2023\\\/09\\\/WhatsApp-Image-2023-09-19-at-14.44.41-122x122.jpeg\",\"url\":\"https:\\\/\\\/macite.tg\\\/wp-content\\\/uploads\\\/2023\\\/09\\\/WhatsApp-Image-2023-09-19-at-14.44.41-122x122.jpeg\",\"contentUrl\":\"https:\\\/\\\/macite.tg\\\/wp-content\\\/uploads\\\/2023\\\/09\\\/WhatsApp-Image-2023-09-19-at-14.44.41-122x122.jpeg\",\"caption\":\"Jean Pierre BAWELA\"},\"url\":\"https:\\\/\\\/macite.tg\\\/?author=2\"}]}<\/script>\n<!-- \/ Yoast SEO plugin. -->","yoast_head_json":{"title":"FABLABS ET CENTRES REGIONAUX D\u2019INNOVATION TECHNOLOGIQUE (CRIT) : Nouvelles \u00e9tapes dans la transformation de l\u2019\u00e9cole togolaise -","robots":{"index":"index","follow":"follow","max-snippet":"max-snippet:-1","max-image-preview":"max-image-preview:large","max-video-preview":"max-video-preview:-1"},"canonical":"https:\/\/macite.tg\/?p=33639","og_locale":"fr_FR","og_type":"article","og_title":"FABLABS ET CENTRES REGIONAUX D\u2019INNOVATION TECHNOLOGIQUE (CRIT) : Nouvelles \u00e9tapes dans la transformation de l\u2019\u00e9cole togolaise -","og_description":"Bient\u00f4t, la rentr\u00e9e scolaire. Les acteurs du syst\u00e8me \u00e9ducatif, chacun de son c\u00f4t\u00e9 se pr\u00e9pare activement. Du c\u00f4t\u00e9 des autorit\u00e9s en charge de l\u2019\u00e9ducation nationale, on annonce des nouveaut\u00e9s la cr\u00e9ation des centres r\u00e9gionaux d\u2019innovation technologiques (CRIT) qui vont abriter des fablabs devant permettre aux [&hellip;]","og_url":"https:\/\/macite.tg\/?p=33639","article_published_time":"2026-09-03T10:13:00+00:00","article_modified_time":"2026-09-03T12:31:11+00:00","og_image":[{"width":965,"height":723,"url":"https:\/\/macite.tg\/wp-content\/uploads\/2026\/09\/crit.jpg","type":"image\/jpeg"}],"author":"Jean Pierre BAWELA","twitter_card":"summary_large_image","twitter_misc":{"\u00c9crit par":"Jean Pierre BAWELA","Dur\u00e9e de lecture estim\u00e9e":"4 minutes"},"schema":{"@context":"https:\/\/schema.org","@graph":[{"@type":"Article","@id":"https:\/\/macite.tg\/?p=33639#article","isPartOf":{"@id":"https:\/\/macite.tg\/?p=33639"},"author":{"name":"Jean Pierre BAWELA","@id":"https:\/\/macite.tg\/#\/schema\/person\/e9f2de7e5dbbe7770a9402c7ce82f5c2"},"headline":"FABLABS ET CENTRES REGIONAUX D\u2019INNOVATION TECHNOLOGIQUE (CRIT) : Nouvelles \u00e9tapes dans la transformation de l\u2019\u00e9cole togolaise","datePublished":"2026-09-03T10:13:00+00:00","dateModified":"2026-09-03T12:31:11+00:00","mainEntityOfPage":{"@id":"https:\/\/macite.tg\/?p=33639"},"wordCount":749,"commentCount":0,"image":{"@id":"https:\/\/macite.tg\/?p=33639#primaryimage"},"thumbnailUrl":"https:\/\/macite.tg\/wp-content\/uploads\/2026\/09\/crit.jpg","articleSection":["ACTUALITE","EDUCATION","TECHNOLOGIE"],"inLanguage":"fr-FR","potentialAction":[{"@type":"CommentAction","name":"Comment","target":["https:\/\/macite.tg\/?p=33639#respond"]}]},{"@type":"WebPage","@id":"https:\/\/macite.tg\/?p=33639","url":"https:\/\/macite.tg\/?p=33639","name":"FABLABS ET CENTRES REGIONAUX D\u2019INNOVATION TECHNOLOGIQUE (CRIT) : Nouvelles \u00e9tapes dans la transformation de l\u2019\u00e9cole togolaise -","isPartOf":{"@id":"https:\/\/macite.tg\/#website"},"primaryImageOfPage":{"@id":"https:\/\/macite.tg\/?p=33639#primaryimage"},"image":{"@id":"https:\/\/macite.tg\/?p=33639#primaryimage"},"thumbnailUrl":"https:\/\/macite.tg\/wp-content\/uploads\/2026\/09\/crit.jpg","datePublished":"2026-09-03T10:13:00+00:00","dateModified":"2026-09-03T12:31:11+00:00","author":{"@id":"https:\/\/macite.tg\/#\/schema\/person\/e9f2de7e5dbbe7770a9402c7ce82f5c2"},"breadcrumb":{"@id":"https:\/\/macite.tg\/?p=33639#breadcrumb"},"inLanguage":"fr-FR","potentialAction":[{"@type":"ReadAction","target":["https:\/\/macite.tg\/?p=33639"]}]},{"@type":"ImageObject","inLanguage":"fr-FR","@id":"https:\/\/macite.tg\/?p=33639#primaryimage","url":"https:\/\/macite.tg\/wp-content\/uploads\/2026\/09\/crit.jpg","contentUrl":"https:\/\/macite.tg\/wp-content\/uploads\/2026\/09\/crit.jpg","width":965,"height":723},{"@type":"BreadcrumbList","@id":"https:\/\/macite.tg\/?p=33639#breadcrumb","itemListElement":[{"@type":"ListItem","position":1,"name":"Accueil","item":"https:\/\/macite.tg\/"},{"@type":"ListItem","position":2,"name":"FABLABS ET CENTRES REGIONAUX D\u2019INNOVATION TECHNOLOGIQUE (CRIT) : Nouvelles \u00e9tapes dans la transformation de l\u2019\u00e9cole togolaise"}]},{"@type":"WebSite","@id":"https:\/\/macite.tg\/#website","url":"https:\/\/macite.tg\/","name":"","description":"L&#039;information, la bonne!!!","potentialAction":[{"@type":"SearchAction","target":{"@type":"EntryPoint","urlTemplate":"https:\/\/macite.tg\/?s={search_term_string}"},"query-input":{"@type":"PropertyValueSpecification","valueRequired":true,"valueName":"search_term_string"}}],"inLanguage":"fr-FR"},{"@type":"Person","@id":"https:\/\/macite.tg\/#\/schema\/person\/e9f2de7e5dbbe7770a9402c7ce82f5c2","name":"Jean Pierre BAWELA","image":{"@type":"ImageObject","inLanguage":"fr-FR","@id":"https:\/\/macite.tg\/wp-content\/uploads\/2023\/09\/WhatsApp-Image-2023-09-19-at-14.44.41-122x122.jpeg","url":"https:\/\/macite.tg\/wp-content\/uploads\/2023\/09\/WhatsApp-Image-2023-09-19-at-14.44.41-122x122.jpeg","contentUrl":"https:\/\/macite.tg\/wp-content\/uploads\/2023\/09\/WhatsApp-Image-2023-09-19-at-14.44.41-122x122.jpeg","caption":"Jean Pierre BAWELA"},"url":"https:\/\/macite.tg\/?author=2"}]}},"_links":{"self":[{"href":"https:\/\/macite.tg\/index.php?rest_route=\/wp\/v2\/posts\/33639","targetHints":{"allow":["GET"]}}],"collection":[{"href":"https:\/\/macite.tg\/index.php?rest_route=\/wp\/v2\/posts"}],"about":[{"href":"https:\/\/macite.tg\/index.php?rest_route=\/wp\/v2\/types\/post"}],"author":[{"embeddable":true,"href":"https:\/\/macite.tg\/index.php?rest_route=\/wp\/v2\/users\/2"}],"replies":[{"embeddable":true,"href":"https:\/\/macite.tg\/index.php?rest_route=%2Fwp%2Fv2%2Fcomments&post=33639"}],"version-history":[{"count":1,"href":"https:\/\/macite.tg\/index.php?rest_route=\/wp\/v2\/posts\/33639\/revisions"}],"predecessor-version":[{"id":33641,"href":"https:\/\/macite.tg\/index.php?rest_route=\/wp\/v2\/posts\/33639\/revisions\/33641"}],"wp:featuredmedia":[{"embeddable":true,"href":"https:\/\/macite.tg\/index.php?rest_route=\/wp\/v2\/media\/33640"}],"wp:attachment":[{"href":"https:\/\/macite.tg\/index.php?rest_route=%2Fwp%2Fv2%2Fmedia&parent=33639"}],"wp:term":[{"taxonomy":"category","embeddable":true,"href":"https:\/\/macite.tg\/index.php?rest_route=%2Fwp%2Fv2%2Fcategories&post=33639"},{"taxonomy":"post_tag","embeddable":true,"href":"https:\/\/macite.tg\/index.php?rest_route=%2Fwp%2Fv2%2Ftags&post=33639"}],"curies":[{"name":"wp","href":"https:\/\/api.w.org\/{rel}","templated":true}]}}