{"id":33636,"date":"2026-09-02T17:57:41","date_gmt":"2026-09-02T17:57:41","guid":{"rendered":"https:\/\/macite.tg\/?p=33636"},"modified":"2026-09-02T17:57:54","modified_gmt":"2026-09-02T17:57:54","slug":"sud-togo-petite-saison-de-pluies-des-cumuls-pluviometriques-normaux-a-tendance-excedentaire-anamet","status":"publish","type":"post","link":"https:\/\/macite.tg\/?p=33636","title":{"rendered":"SUD TOGO \/petite saison de pluies : Des cumuls pluviom\u00e9triques normaux \u00e0 tendance exc\u00e9dentaire (ANAMET)"},"content":{"rendered":"\n<p class=\"wp-block-paragraph\"><strong><em>La petite saison des pluies, qui s\u2019\u00e9tend de septembre \u00e0 novembre dans le sud du Togo, s\u2019annonce sous de bons augures m\u00e9t\u00e9orologiques. Selon les pr\u00e9visions saisonni\u00e8res pr\u00e9sent\u00e9es par l\u2019Agence nationale de la m\u00e9t\u00e9orologie (ANAMET) \u00e0 Lom\u00e9, la zone bimodale devrait enregistrer des cumuls pluviom\u00e9triques normaux \u00e0 tendance exc\u00e9dentaire.<\/em><\/strong><\/p>\n\n\n\n<p class=\"wp-block-paragraph\">Cette configuration climatique offre des perspectives favorables pour les campagnes agricoles, tout en n\u00e9cessitant une adaptation strat\u00e9gique de la part des producteurs locaux.<\/p>\n\n\n\n<p class=\"wp-block-paragraph\">Selon les d\u00e9tails de l&rsquo;ANAMET, le calendrier pluviom\u00e9trique attendu dans les r\u00e9gions des Plateaux et Maritime se pr\u00e9sente comme suit&nbsp;:<\/p>\n\n\n\n<p class=\"wp-block-paragraph\">&#8211; D\u00e9marrage de la saison accompagn\u00e9 d\u2019un d\u00e9but de saison agricole tardif \u00e0 normal sur l&rsquo;ensemble de la zone bimodale&nbsp;;<\/p>\n\n\n\n<p class=\"wp-block-paragraph\">&#8211; une cl\u00f4ture de la premi\u00e8re saison agricole attendue dans les d\u00e9lais habituels.<\/p>\n\n\n\n<p class=\"wp-block-paragraph\">&#8211; des \u00e9pisodes de s\u00e9cheresse longs en d\u00e9but de saison (tendance normale), suivis de s\u00e9quences s\u00e8ches courtes vers la fin, \u00e9galement conformes aux moyennes historiques.<\/p>\n\n\n<div class=\"wp-block-image\">\n<figure class=\"aligncenter size-full\"><img loading=\"lazy\" decoding=\"async\" width=\"509\" height=\"720\" src=\"https:\/\/macite.tg\/wp-content\/uploads\/2026\/09\/image-3.png\" alt=\"\" class=\"wp-image-33578\" srcset=\"https:\/\/macite.tg\/wp-content\/uploads\/2026\/09\/image-3.png 509w, https:\/\/macite.tg\/wp-content\/uploads\/2026\/09\/image-3-212x300.png 212w\" sizes=\"auto, (max-width: 509px) 100vw, 509px\" \/><\/figure>\n<\/div>\n\n\n<p class=\"wp-block-paragraph\">Sur le plan des cours d&rsquo;eau, l&rsquo;ANAMET pr\u00e9voit des \u00e9coulements normaux dans l&rsquo;ensemble des bassins du sud du pays. Seul l&rsquo;extr\u00eame nord-ouest du bassin de l&rsquo;Oti devrait conna\u00eetre des \u00e9coulements \u00e0 tendance exc\u00e9dentaire, appelant \u00e0 une vigilance accrue quant au risque d&rsquo;inondations localis\u00e9es.<\/p>\n\n\n\n<p class=\"wp-block-paragraph\">Face \u00e0 ces pr\u00e9visions, l&rsquo;agence m\u00e9t\u00e9orologique formule plusieurs conseils pratiques pour optimiser les rendements et limiter les risques. D\u2019abord, elle recommande d\u2019anticiper le travail de la terre et semer d\u00e8s l&rsquo;apparition des premi\u00e8res pluies utiles, en privil\u00e9giant des vari\u00e9t\u00e9s \u00e0 cycle court, \u00e0 haut rendement et r\u00e9silientes face au stress hydrique.<\/p>\n\n\n\n<p class=\"wp-block-paragraph\">Pour ce qui est de l\u2019occupation des sols, l\u2019ANAMET pr\u00e9conise d\u2019\u00e9viter imp\u00e9rativement de s&rsquo;installer ou de cultiver dans les zones inondables. Quant \u00e0 la gestion de l&rsquo;eau, une utilisation rationnelle des ressources hydro-agricoles tout en pr\u00e9servant les r\u00e9serves des barrages hydro\u00e9lectriques, est pr\u00e9conis\u00e9e.<\/p>\n\n\n<div class=\"wp-block-image\">\n<figure class=\"aligncenter size-full\"><img loading=\"lazy\" decoding=\"async\" width=\"509\" height=\"720\" src=\"https:\/\/macite.tg\/wp-content\/uploads\/2026\/08\/OTR_Payez-la-TVM-simple-et-pratique.jpg\" alt=\"\" class=\"wp-image-33432\" srcset=\"https:\/\/macite.tg\/wp-content\/uploads\/2026\/08\/OTR_Payez-la-TVM-simple-et-pratique.jpg 509w, https:\/\/macite.tg\/wp-content\/uploads\/2026\/08\/OTR_Payez-la-TVM-simple-et-pratique-212x300.jpg 212w\" sizes=\"auto, (max-width: 509px) 100vw, 509px\" \/><\/figure>\n<\/div>\n\n\n<p class=\"wp-block-paragraph\"><em>\u00ab Les secteurs primaires, surtout le secteur agricole, repr\u00e9sentent 70 \u00e0 75 % de l\u2019activit\u00e9 phare au niveau de nos pays. Il est donc important que les producteurs tiennent compte des pr\u00e9visions m\u00e9t\u00e9orologiques dans la planification de leurs activit\u00e9s \u00bb,<\/em> rappelle Issaou Latifou, Directeur G\u00e9n\u00e9ral de l\u2019ANAMET.<\/p>\n\n\n\n<p class=\"wp-block-paragraph\">Les producteurs sont ainsi invit\u00e9s \u00e0 consulter r\u00e9guli\u00e8rement les bulletins quotidiens et intra-saisonniers de l&rsquo;ANAMET pour ajuster leurs travaux d&rsquo;assainissement et d&rsquo;entretien des cultures en temps r\u00e9el.<\/p>\n\n\n\n<p class=\"wp-block-paragraph\"><strong>La R\u00e9daction<\/strong><\/p>\n\n\n\n<p class=\"wp-block-paragraph\"><a><strong><em>@macite.tg&nbsp;&nbsp;&nbsp;&nbsp;&nbsp;&nbsp;&nbsp;&nbsp;<\/em><\/strong><\/a><\/p>\n\n\n\n<p class=\"wp-block-paragraph\"><strong><em>E-mail&nbsp;:<\/em><\/strong> <a href=\"mailto:maciteinfo@gmail.com\"><strong><em>maciteinfo@gmail.com<\/em><\/strong><\/a><strong><em>;<\/em><\/strong> <a href=\"mailto:bawela1@gmail.com\"><strong><em>bawela1@gmail.com<\/em><\/strong><\/a><strong><em><\/em><\/strong><\/p>\n\n\n\n<p class=\"wp-block-paragraph\"><strong><em>Pour vos annonces, publi-reportages, etc., joignez-nous au (00228)91515309\/<strong>79872224<\/strong> <strong><\/strong><\/em><\/strong><\/p>\n\n\n\n<p class=\"wp-block-paragraph\"><strong><em>www.macite.tg, L\u2019information, la bonne&nbsp;!<\/em><\/strong><\/p>\n\n\n\n<p class=\"wp-block-paragraph\"><\/p>\n","protected":false},"excerpt":{"rendered":"<p class=\"text-justify mb-2\" >La petite saison des pluies, qui s\u2019\u00e9tend de septembre \u00e0 novembre dans le sud du Togo, s\u2019annonce sous de bons augures m\u00e9t\u00e9orologiques. Selon les pr\u00e9visions saisonni\u00e8res pr\u00e9sent\u00e9es par l\u2019Agence nationale de la m\u00e9t\u00e9orologie (ANAMET) \u00e0 Lom\u00e9, la zone bimodale devrait enregistrer des cumuls pluviom\u00e9triques normaux [&hellip;]<\/p>\n","protected":false},"author":2,"featured_media":33637,"comment_status":"open","ping_status":"open","sticky":false,"template":"","format":"standard","meta":{"footnotes":""},"categories":[20,57],"tags":[],"class_list":["post-33636","post","type-post","status-publish","format-standard","has-post-thumbnail","hentry","category-actualite","category-meteo"],"yoast_head":"<!-- This site is optimized with the Yoast SEO plugin v28.4 - https:\/\/yoast.com\/product\/yoast-seo-wordpress\/ -->\n<title>SUD TOGO \/petite saison de pluies : Des cumuls pluviom\u00e9triques normaux \u00e0 tendance exc\u00e9dentaire (ANAMET) -<\/title>\n<meta name=\"robots\" content=\"index, follow, max-snippet:-1, max-image-preview:large, max-video-preview:-1\" \/>\n<link rel=\"canonical\" href=\"https:\/\/macite.tg\/?p=33636\" \/>\n<meta property=\"og:locale\" content=\"fr_FR\" \/>\n<meta property=\"og:type\" content=\"article\" \/>\n<meta property=\"og:title\" content=\"SUD TOGO \/petite saison de pluies : Des cumuls pluviom\u00e9triques normaux \u00e0 tendance exc\u00e9dentaire (ANAMET) -\" \/>\n<meta property=\"og:description\" content=\"La petite saison des pluies, qui s\u2019\u00e9tend de septembre \u00e0 novembre dans le sud du Togo, s\u2019annonce sous de bons augures m\u00e9t\u00e9orologiques. Selon les pr\u00e9visions saisonni\u00e8res pr\u00e9sent\u00e9es par l\u2019Agence nationale de la m\u00e9t\u00e9orologie (ANAMET) \u00e0 Lom\u00e9, la zone bimodale devrait enregistrer des cumuls pluviom\u00e9triques normaux [&hellip;]\" \/>\n<meta property=\"og:url\" content=\"https:\/\/macite.tg\/?p=33636\" \/>\n<meta property=\"article:published_time\" content=\"2026-09-02T17:57:41+00:00\" \/>\n<meta property=\"article:modified_time\" content=\"2026-09-02T17:57:54+00:00\" \/>\n<meta property=\"og:image\" content=\"https:\/\/macite.tg\/wp-content\/uploads\/2026\/09\/CIEL.jpg\" \/>\n\t<meta property=\"og:image:width\" content=\"500\" \/>\n\t<meta property=\"og:image:height\" content=\"281\" \/>\n\t<meta property=\"og:image:type\" content=\"image\/jpeg\" \/>\n<meta name=\"author\" content=\"Jean Pierre BAWELA\" \/>\n<meta name=\"twitter:card\" content=\"summary_large_image\" \/>\n<meta name=\"twitter:label1\" content=\"\u00c9crit par\" \/>\n\t<meta name=\"twitter:data1\" content=\"Jean Pierre BAWELA\" \/>\n\t<meta name=\"twitter:label2\" content=\"Dur\u00e9e de lecture estim\u00e9e\" \/>\n\t<meta name=\"twitter:data2\" content=\"3 minutes\" \/>\n<script type=\"application\/ld+json\" class=\"yoast-schema-graph\">{\"@context\":\"https:\\\/\\\/schema.org\",\"@graph\":[{\"@type\":\"Article\",\"@id\":\"https:\\\/\\\/macite.tg\\\/?p=33636#article\",\"isPartOf\":{\"@id\":\"https:\\\/\\\/macite.tg\\\/?p=33636\"},\"author\":{\"name\":\"Jean Pierre BAWELA\",\"@id\":\"https:\\\/\\\/macite.tg\\\/#\\\/schema\\\/person\\\/e9f2de7e5dbbe7770a9402c7ce82f5c2\"},\"headline\":\"SUD TOGO \\\/petite saison de pluies : Des cumuls pluviom\u00e9triques normaux \u00e0 tendance exc\u00e9dentaire (ANAMET)\",\"datePublished\":\"2026-09-02T17:57:41+00:00\",\"dateModified\":\"2026-09-02T17:57:54+00:00\",\"mainEntityOfPage\":{\"@id\":\"https:\\\/\\\/macite.tg\\\/?p=33636\"},\"wordCount\":479,\"commentCount\":0,\"image\":{\"@id\":\"https:\\\/\\\/macite.tg\\\/?p=33636#primaryimage\"},\"thumbnailUrl\":\"https:\\\/\\\/macite.tg\\\/wp-content\\\/uploads\\\/2026\\\/09\\\/CIEL.jpg\",\"articleSection\":[\"ACTUALITE\",\"METEO\"],\"inLanguage\":\"fr-FR\",\"potentialAction\":[{\"@type\":\"CommentAction\",\"name\":\"Comment\",\"target\":[\"https:\\\/\\\/macite.tg\\\/?p=33636#respond\"]}]},{\"@type\":\"WebPage\",\"@id\":\"https:\\\/\\\/macite.tg\\\/?p=33636\",\"url\":\"https:\\\/\\\/macite.tg\\\/?p=33636\",\"name\":\"SUD TOGO \\\/petite saison de pluies : Des cumuls pluviom\u00e9triques normaux \u00e0 tendance exc\u00e9dentaire (ANAMET) -\",\"isPartOf\":{\"@id\":\"https:\\\/\\\/macite.tg\\\/#website\"},\"primaryImageOfPage\":{\"@id\":\"https:\\\/\\\/macite.tg\\\/?p=33636#primaryimage\"},\"image\":{\"@id\":\"https:\\\/\\\/macite.tg\\\/?p=33636#primaryimage\"},\"thumbnailUrl\":\"https:\\\/\\\/macite.tg\\\/wp-content\\\/uploads\\\/2026\\\/09\\\/CIEL.jpg\",\"datePublished\":\"2026-09-02T17:57:41+00:00\",\"dateModified\":\"2026-09-02T17:57:54+00:00\",\"author\":{\"@id\":\"https:\\\/\\\/macite.tg\\\/#\\\/schema\\\/person\\\/e9f2de7e5dbbe7770a9402c7ce82f5c2\"},\"breadcrumb\":{\"@id\":\"https:\\\/\\\/macite.tg\\\/?p=33636#breadcrumb\"},\"inLanguage\":\"fr-FR\",\"potentialAction\":[{\"@type\":\"ReadAction\",\"target\":[\"https:\\\/\\\/macite.tg\\\/?p=33636\"]}]},{\"@type\":\"ImageObject\",\"inLanguage\":\"fr-FR\",\"@id\":\"https:\\\/\\\/macite.tg\\\/?p=33636#primaryimage\",\"url\":\"https:\\\/\\\/macite.tg\\\/wp-content\\\/uploads\\\/2026\\\/09\\\/CIEL.jpg\",\"contentUrl\":\"https:\\\/\\\/macite.tg\\\/wp-content\\\/uploads\\\/2026\\\/09\\\/CIEL.jpg\",\"width\":500,\"height\":281},{\"@type\":\"BreadcrumbList\",\"@id\":\"https:\\\/\\\/macite.tg\\\/?p=33636#breadcrumb\",\"itemListElement\":[{\"@type\":\"ListItem\",\"position\":1,\"name\":\"Accueil\",\"item\":\"https:\\\/\\\/macite.tg\\\/\"},{\"@type\":\"ListItem\",\"position\":2,\"name\":\"SUD TOGO \\\/petite saison de pluies : Des cumuls pluviom\u00e9triques normaux \u00e0 tendance exc\u00e9dentaire (ANAMET)\"}]},{\"@type\":\"WebSite\",\"@id\":\"https:\\\/\\\/macite.tg\\\/#website\",\"url\":\"https:\\\/\\\/macite.tg\\\/\",\"name\":\"\",\"description\":\"L&#039;information, la bonne!!!\",\"potentialAction\":[{\"@type\":\"SearchAction\",\"target\":{\"@type\":\"EntryPoint\",\"urlTemplate\":\"https:\\\/\\\/macite.tg\\\/?s={search_term_string}\"},\"query-input\":{\"@type\":\"PropertyValueSpecification\",\"valueRequired\":true,\"valueName\":\"search_term_string\"}}],\"inLanguage\":\"fr-FR\"},{\"@type\":\"Person\",\"@id\":\"https:\\\/\\\/macite.tg\\\/#\\\/schema\\\/person\\\/e9f2de7e5dbbe7770a9402c7ce82f5c2\",\"name\":\"Jean Pierre BAWELA\",\"image\":{\"@type\":\"ImageObject\",\"inLanguage\":\"fr-FR\",\"@id\":\"https:\\\/\\\/macite.tg\\\/wp-content\\\/uploads\\\/2023\\\/09\\\/WhatsApp-Image-2023-09-19-at-14.44.41-122x122.jpeg\",\"url\":\"https:\\\/\\\/macite.tg\\\/wp-content\\\/uploads\\\/2023\\\/09\\\/WhatsApp-Image-2023-09-19-at-14.44.41-122x122.jpeg\",\"contentUrl\":\"https:\\\/\\\/macite.tg\\\/wp-content\\\/uploads\\\/2023\\\/09\\\/WhatsApp-Image-2023-09-19-at-14.44.41-122x122.jpeg\",\"caption\":\"Jean Pierre BAWELA\"},\"url\":\"https:\\\/\\\/macite.tg\\\/?author=2\"}]}<\/script>\n<!-- \/ Yoast SEO plugin. -->","yoast_head_json":{"title":"SUD TOGO \/petite saison de pluies : Des cumuls pluviom\u00e9triques normaux \u00e0 tendance exc\u00e9dentaire (ANAMET) -","robots":{"index":"index","follow":"follow","max-snippet":"max-snippet:-1","max-image-preview":"max-image-preview:large","max-video-preview":"max-video-preview:-1"},"canonical":"https:\/\/macite.tg\/?p=33636","og_locale":"fr_FR","og_type":"article","og_title":"SUD TOGO \/petite saison de pluies : Des cumuls pluviom\u00e9triques normaux \u00e0 tendance exc\u00e9dentaire (ANAMET) -","og_description":"La petite saison des pluies, qui s\u2019\u00e9tend de septembre \u00e0 novembre dans le sud du Togo, s\u2019annonce sous de bons augures m\u00e9t\u00e9orologiques. Selon les pr\u00e9visions saisonni\u00e8res pr\u00e9sent\u00e9es par l\u2019Agence nationale de la m\u00e9t\u00e9orologie (ANAMET) \u00e0 Lom\u00e9, la zone bimodale devrait enregistrer des cumuls pluviom\u00e9triques normaux [&hellip;]","og_url":"https:\/\/macite.tg\/?p=33636","article_published_time":"2026-09-02T17:57:41+00:00","article_modified_time":"2026-09-02T17:57:54+00:00","og_image":[{"width":500,"height":281,"url":"https:\/\/macite.tg\/wp-content\/uploads\/2026\/09\/CIEL.jpg","type":"image\/jpeg"}],"author":"Jean Pierre BAWELA","twitter_card":"summary_large_image","twitter_misc":{"\u00c9crit par":"Jean Pierre BAWELA","Dur\u00e9e de lecture estim\u00e9e":"3 minutes"},"schema":{"@context":"https:\/\/schema.org","@graph":[{"@type":"Article","@id":"https:\/\/macite.tg\/?p=33636#article","isPartOf":{"@id":"https:\/\/macite.tg\/?p=33636"},"author":{"name":"Jean Pierre BAWELA","@id":"https:\/\/macite.tg\/#\/schema\/person\/e9f2de7e5dbbe7770a9402c7ce82f5c2"},"headline":"SUD TOGO \/petite saison de pluies : Des cumuls pluviom\u00e9triques normaux \u00e0 tendance exc\u00e9dentaire (ANAMET)","datePublished":"2026-09-02T17:57:41+00:00","dateModified":"2026-09-02T17:57:54+00:00","mainEntityOfPage":{"@id":"https:\/\/macite.tg\/?p=33636"},"wordCount":479,"commentCount":0,"image":{"@id":"https:\/\/macite.tg\/?p=33636#primaryimage"},"thumbnailUrl":"https:\/\/macite.tg\/wp-content\/uploads\/2026\/09\/CIEL.jpg","articleSection":["ACTUALITE","METEO"],"inLanguage":"fr-FR","potentialAction":[{"@type":"CommentAction","name":"Comment","target":["https:\/\/macite.tg\/?p=33636#respond"]}]},{"@type":"WebPage","@id":"https:\/\/macite.tg\/?p=33636","url":"https:\/\/macite.tg\/?p=33636","name":"SUD TOGO \/petite saison de pluies : Des cumuls pluviom\u00e9triques normaux \u00e0 tendance exc\u00e9dentaire (ANAMET) -","isPartOf":{"@id":"https:\/\/macite.tg\/#website"},"primaryImageOfPage":{"@id":"https:\/\/macite.tg\/?p=33636#primaryimage"},"image":{"@id":"https:\/\/macite.tg\/?p=33636#primaryimage"},"thumbnailUrl":"https:\/\/macite.tg\/wp-content\/uploads\/2026\/09\/CIEL.jpg","datePublished":"2026-09-02T17:57:41+00:00","dateModified":"2026-09-02T17:57:54+00:00","author":{"@id":"https:\/\/macite.tg\/#\/schema\/person\/e9f2de7e5dbbe7770a9402c7ce82f5c2"},"breadcrumb":{"@id":"https:\/\/macite.tg\/?p=33636#breadcrumb"},"inLanguage":"fr-FR","potentialAction":[{"@type":"ReadAction","target":["https:\/\/macite.tg\/?p=33636"]}]},{"@type":"ImageObject","inLanguage":"fr-FR","@id":"https:\/\/macite.tg\/?p=33636#primaryimage","url":"https:\/\/macite.tg\/wp-content\/uploads\/2026\/09\/CIEL.jpg","contentUrl":"https:\/\/macite.tg\/wp-content\/uploads\/2026\/09\/CIEL.jpg","width":500,"height":281},{"@type":"BreadcrumbList","@id":"https:\/\/macite.tg\/?p=33636#breadcrumb","itemListElement":[{"@type":"ListItem","position":1,"name":"Accueil","item":"https:\/\/macite.tg\/"},{"@type":"ListItem","position":2,"name":"SUD TOGO \/petite saison de pluies : Des cumuls pluviom\u00e9triques normaux \u00e0 tendance exc\u00e9dentaire (ANAMET)"}]},{"@type":"WebSite","@id":"https:\/\/macite.tg\/#website","url":"https:\/\/macite.tg\/","name":"","description":"L&#039;information, la bonne!!!","potentialAction":[{"@type":"SearchAction","target":{"@type":"EntryPoint","urlTemplate":"https:\/\/macite.tg\/?s={search_term_string}"},"query-input":{"@type":"PropertyValueSpecification","valueRequired":true,"valueName":"search_term_string"}}],"inLanguage":"fr-FR"},{"@type":"Person","@id":"https:\/\/macite.tg\/#\/schema\/person\/e9f2de7e5dbbe7770a9402c7ce82f5c2","name":"Jean Pierre BAWELA","image":{"@type":"ImageObject","inLanguage":"fr-FR","@id":"https:\/\/macite.tg\/wp-content\/uploads\/2023\/09\/WhatsApp-Image-2023-09-19-at-14.44.41-122x122.jpeg","url":"https:\/\/macite.tg\/wp-content\/uploads\/2023\/09\/WhatsApp-Image-2023-09-19-at-14.44.41-122x122.jpeg","contentUrl":"https:\/\/macite.tg\/wp-content\/uploads\/2023\/09\/WhatsApp-Image-2023-09-19-at-14.44.41-122x122.jpeg","caption":"Jean Pierre BAWELA"},"url":"https:\/\/macite.tg\/?author=2"}]}},"_links":{"self":[{"href":"https:\/\/macite.tg\/index.php?rest_route=\/wp\/v2\/posts\/33636","targetHints":{"allow":["GET"]}}],"collection":[{"href":"https:\/\/macite.tg\/index.php?rest_route=\/wp\/v2\/posts"}],"about":[{"href":"https:\/\/macite.tg\/index.php?rest_route=\/wp\/v2\/types\/post"}],"author":[{"embeddable":true,"href":"https:\/\/macite.tg\/index.php?rest_route=\/wp\/v2\/users\/2"}],"replies":[{"embeddable":true,"href":"https:\/\/macite.tg\/index.php?rest_route=%2Fwp%2Fv2%2Fcomments&post=33636"}],"version-history":[{"count":1,"href":"https:\/\/macite.tg\/index.php?rest_route=\/wp\/v2\/posts\/33636\/revisions"}],"predecessor-version":[{"id":33638,"href":"https:\/\/macite.tg\/index.php?rest_route=\/wp\/v2\/posts\/33636\/revisions\/33638"}],"wp:featuredmedia":[{"embeddable":true,"href":"https:\/\/macite.tg\/index.php?rest_route=\/wp\/v2\/media\/33637"}],"wp:attachment":[{"href":"https:\/\/macite.tg\/index.php?rest_route=%2Fwp%2Fv2%2Fmedia&parent=33636"}],"wp:term":[{"taxonomy":"category","embeddable":true,"href":"https:\/\/macite.tg\/index.php?rest_route=%2Fwp%2Fv2%2Fcategories&post=33636"},{"taxonomy":"post_tag","embeddable":true,"href":"https:\/\/macite.tg\/index.php?rest_route=%2Fwp%2Fv2%2Ftags&post=33636"}],"curies":[{"name":"wp","href":"https:\/\/api.w.org\/{rel}","templated":true}]}}