{"id":33633,"date":"2026-09-03T09:12:00","date_gmt":"2026-09-03T09:12:00","guid":{"rendered":"https:\/\/macite.tg\/?p=33633"},"modified":"2026-09-02T17:15:54","modified_gmt":"2026-09-02T17:15:54","slug":"memorandum-jusquou-ira-lopposition-togolaise","status":"publish","type":"post","link":"https:\/\/macite.tg\/?p=33633","title":{"rendered":"MEMORANDUM\u00a0: Jusqu\u2019o\u00f9 ira l\u2019opposition togolaise\u00a0?"},"content":{"rendered":"\n<p class=\"wp-block-paragraph\"><strong><em>En qu\u00eate de rep\u00e8res et surtout en mal de sensation, une certaine classe politique de l\u2019opposition a rendu public la semaine derni\u00e8re, un m\u00e9morandum pour une suppos\u00e9e sortie de crise, \u00e0 la suite de l\u2019arr\u00eat de la Cour de Justice de la CEDEAO en date du 29 Janvier 2026. Comme s\u2019il y a une crise politique au Togo au moment o\u00f9 les institutions r\u00e9publicaines fonctionnent normalement et se revigorent naturellement.<\/em><\/strong><\/p>\n\n\n\n<p class=\"wp-block-paragraph\"><strong><em>Une sortie politique qu\u2019on doit plut\u00f4t analyser sous l\u2019angle de jeu \u00ab\u00a0politique\u00a0\u00bb de la part d\u2019une opposition qui a une envie forte et press\u00e9e de manifester sa pr\u00e9sence et d\u2019exister dans le d\u00e9bat public. M\u00e9morandum du 25 ao\u00fbt 2026 : une opposition en qu\u00eate de raccourcis pour esp\u00e9rer avoir le pouvoir.<\/em><\/strong><\/p>\n\n\n\n<p class=\"wp-block-paragraph\"><strong>M\u00e9morandum du 25 ao\u00fbt 2026 : une opposition en qu\u00eate de raccourcis pour esp\u00e9rer avoir le pouvoir<\/strong><\/p>\n\n\n\n<p class=\"wp-block-paragraph\">A parcourir la dizaine de pages du fameux m\u00e9morandum, on se rend ais\u00e9ment compte que cette branche de l\u2019opposition porteuse de ce document r\u00e9chauff\u00e9, d\u00e9coulant de vieux discours et de vieilles strat\u00e9gies improductives, est \u00e9perdument \u00e0 la recherche de raccourcis pour esp\u00e9rer avoir le pouvoir.<\/p>\n\n\n\n<p class=\"wp-block-paragraph\">Les signataires du m\u00e9morandum pr\u00e9tendent toujours contester la nouvelle architecture institutionnelle, qui consacre depuis le 6 mai 2024, la Cinqui\u00e8me R\u00e9publique. En produisant ce m\u00e9morandum donc, ils esp\u00e8rent tout simplement obtenir une transition politique, synonyme de raccourcis pour gravir les \u00e9chelons.<\/p>\n\n\n<div class=\"wp-block-image\">\n<figure class=\"aligncenter size-full\"><img loading=\"lazy\" decoding=\"async\" width=\"509\" height=\"720\" src=\"https:\/\/macite.tg\/wp-content\/uploads\/2026\/09\/image-3.png\" alt=\"\" class=\"wp-image-33578\" srcset=\"https:\/\/macite.tg\/wp-content\/uploads\/2026\/09\/image-3.png 509w, https:\/\/macite.tg\/wp-content\/uploads\/2026\/09\/image-3-212x300.png 212w\" sizes=\"auto, (max-width: 509px) 100vw, 509px\" \/><\/figure>\n<\/div>\n\n\n<p class=\"wp-block-paragraph\"><strong>Un M\u00e9morandum qui illustre une succession d\u2019\u00e9checs d\u2019une opposition<\/strong><\/p>\n\n\n\n<p class=\"wp-block-paragraph\">Le contenu du pr\u00e9cieux s\u00e9same d\u2019une opposition qui tente depuis des mois de cr\u00e9er artificiellement un climat qui n\u2019a pas de r\u00e9alit\u00e9 sur le terrain, illustre clairement leur succession d\u2019\u00e9checs. Une opposition qui peine toujours \u00e0 s\u2019organiser pour non seulement esp\u00e9rer une victoire par les urnes mais qui surtout se pr\u00e9occupent de miettes politiques et montre \u00e0 la face du monde qu\u2019elle se professionnalise au contraire dans les improvisations et l\u2019amateurisme. Se comportant au gr\u00e9 du vent et se mouvant au gr\u00e9 des saisons.&nbsp;<\/p>\n\n\n\n<p class=\"wp-block-paragraph\"><strong>Intoxiquer et manipuler l\u2019opinion \u00e0 partir de l\u2019arr\u00eat de la Cour de justice de la Communaut\u00e9-CEDEAO<\/strong><\/p>\n\n\n\n<p class=\"wp-block-paragraph\">Aujourd\u2019hui, il est clair que l\u2019opposition s\u2019accroche \u00e0 un arr\u00eat de la Cour de Justice de la CEDEAO qui, en r\u00e9alit\u00e9, ne remet nullement en cause la 5\u1d49 R\u00e9publique ni les institutions progressivement mises en place.<\/p>\n\n\n\n<p class=\"wp-block-paragraph\">L\u2019instrumentalisation de cette d\u00e9cision vise tout simplement \u00e0 jeter du discr\u00e9dit sur un processus constitutionnel en cours, qui voit les Institutions de la R\u00e9publique s\u2019\u00e9tablir dans les r\u00e8gles de l\u2019art. C\u2019est \u00e9galement l\u2019expression d\u2019une volont\u00e9 de transformer l\u2019arr\u00eat de la Cour de justice de la CEDEAO sur la r\u00e9forme constitutionnelle de 2024 en point de d\u00e9part d\u2019une sortie de crise. Or, il n\u2019y a aucune crise politique au Togo si ce n\u2019est justement dans les esprits de ses signataires et auteurs. Qui apparemment s\u2019essayent \u00e0 la prestidigitation pour mieux se d\u00e9finir.<\/p>\n\n\n\n<figure class=\"wp-block-image size-full\"><img loading=\"lazy\" decoding=\"async\" width=\"851\" height=\"315\" src=\"https:\/\/macite.tg\/wp-content\/uploads\/2026\/08\/OTR_Ferer-pour-batir-1.jpg\" alt=\"\" class=\"wp-image-33383\" srcset=\"https:\/\/macite.tg\/wp-content\/uploads\/2026\/08\/OTR_Ferer-pour-batir-1.jpg 851w, https:\/\/macite.tg\/wp-content\/uploads\/2026\/08\/OTR_Ferer-pour-batir-1-300x111.jpg 300w, https:\/\/macite.tg\/wp-content\/uploads\/2026\/08\/OTR_Ferer-pour-batir-1-768x284.jpg 768w\" sizes=\"auto, (max-width: 851px) 100vw, 851px\" \/><\/figure>\n\n\n\n<p class=\"wp-block-paragraph\"><strong>La r\u00e9forme constitutionnelle de 2024, au c\u0153ur du m\u00e9morandum<\/strong><\/p>\n\n\n\n<p class=\"wp-block-paragraph\">Il sied de pr\u00e9ciser que c\u2019est la r\u00e9forme constitutionnelle de 2024 qui constitue le c\u0153ur de l\u2019argumentaire de la coalition.&nbsp; Ils contestent toujours la Cinqui\u00e8me R\u00e9publique tout en profitant et interpr\u00e9tant \u00e0 leur guise l\u2019arr\u00eat de la Cour de justice de la CEDEAO comme une base juridique \u00e0 la contestation de la nouvelle architecture institutionnelle togolaise.<\/p>\n\n\n\n<p class=\"wp-block-paragraph\">Dans cette optique, les porteurs de ce m\u00e9morandum continuent \u00e0 leur mani\u00e8re de revendiquer le retour \u00e0 la Constitution de 1992 pour en fait ouvrir la voie \u00e0 une p\u00e9riode de transition politique.<\/p>\n\n\n\n<p class=\"wp-block-paragraph\">A les \u00e9couter d\u00e9blat\u00e9rer des choses, le profane en politique croirait que cette classe de l\u2019opposition fait des \u00e9mules. Au contraire, elle d\u00e9montre une fois encore \u00e0 la face du monde qu\u2019elle n\u2019a rien \u00e0 se mettre sous la dent et qu\u2019elle se comporte \u00e0 l\u2019image d\u2019une boussole ou d\u2019une girouette. L\u2019essentiel n\u2019est-il pas de continuer \u00e0 exister pour professionnaliser le milieu de l\u2019opposition dont la plupart des acteurs n\u2019ont plus d\u2019autres occupations et naviguent \u00e0 longueur de journ\u00e9e sur les r\u00e9seaux sociaux cherchant de quoi s\u2019offusquer comme pour dire aux Togolais, souvenez-vous de nous, nous continuons d\u2019exister pour vous&nbsp;?<\/p>\n\n\n\n<p class=\"wp-block-paragraph\">Triste r\u00e9alit\u00e9 pour la classe politique de l\u2019opposition togolaise qui ne veut pas se rendre \u00e0 l\u2019\u00e9veil que la R\u00e9publique est en marche et que la Constitution de 2024 fait son bonhomme de chemin malgr\u00e9 le fait que certains d\u2019entre eux en jouissent d\u00e9j\u00e0 \u00e0 gorge d\u00e9ploy\u00e9e mais sans avoir le minimum de courage pour l\u2019assumer.&nbsp; On serait dans un film western qu\u2019on les aurait qualifi\u00e9s de <em>\u00ab&nbsp;l\u00e2ches&nbsp;\u00bb.<\/em> Mais comme ils ont toujours privil\u00e9gi\u00e9 le domaine de la com\u00e9die th\u00e9\u00e2trale, on peut, sans grand risque de se tromper, les assimiler \u00e0 des prestidigitateurs de saisons tellement ils s\u2019y prennent m\u00eame tr\u00e8s mal et ainsi pr\u00e9sentent \u00e0 l\u2019opinion qu\u2019ils ne valent pas grande chose.<\/p>\n\n\n\n<p class=\"wp-block-paragraph\">Quelle ing\u00e9nieuse id\u00e9e d\u2019une classe de l\u2019opposition et de sa soci\u00e9t\u00e9 civile de cr\u00e9er de toutes pi\u00e8ces l\u2019id\u00e9e d\u2019une crise politique au Togo et d\u2019en d\u00e9cr\u00e9ter, du coup, une transition politique afin \u00ab&nbsp;de restaurer l\u2019ordre constitutionnel et d\u2019engager les r\u00e9formes institutionnelles jug\u00e9es n\u00e9cessaires&nbsp;\u00bb&nbsp;? Ne vivent-ils pas sur les nuages pour estimer que le Togo connait actuellement une crise politique&nbsp;?<\/p>\n\n\n<div class=\"wp-block-image\">\n<figure class=\"aligncenter size-full\"><img loading=\"lazy\" decoding=\"async\" width=\"509\" height=\"720\" src=\"https:\/\/macite.tg\/wp-content\/uploads\/2026\/08\/OTR_Payez-la-TVM-simple-et-pratique.jpg\" alt=\"\" class=\"wp-image-33432\" srcset=\"https:\/\/macite.tg\/wp-content\/uploads\/2026\/08\/OTR_Payez-la-TVM-simple-et-pratique.jpg 509w, https:\/\/macite.tg\/wp-content\/uploads\/2026\/08\/OTR_Payez-la-TVM-simple-et-pratique-212x300.jpg 212w\" sizes=\"auto, (max-width: 509px) 100vw, 509px\" \/><\/figure>\n<\/div>\n\n\n<p class=\"wp-block-paragraph\">Est-ce avec cette mouture qu\u2019ils esp\u00e8rent <em>\u00ab&nbsp;la mobilisation citoyenne&nbsp;\u00bb<\/em> pour un <em>\u00ab retour \u00e0 l\u2019ordre constitutionnel&nbsp;\u00bb&nbsp;?<\/em> Surtout qu\u2019en leur sein, ils ne partagent pas tous les m\u00eames strat\u00e9gies et se font la guerre en silence et parfois de tranch\u00e9es&nbsp;? En lan\u00e7ant un appel \u00e0 la communaut\u00e9 internationale \u00e0 intervenir dans un processus de retour \u00e0 <em>\u00ab l\u2019ordre constitutionnel normal \u00bb,<\/em> n\u2019est-ce pas montrer leurs propres limites et leur improductivit\u00e9 notoire&nbsp;?<\/p>\n\n\n\n<p class=\"wp-block-paragraph\">Somme toute, l\u2019opposition togolaise en g\u00e9n\u00e9ral et celle particuli\u00e8rement qui porte le fameux m\u00e9morandum est en pleine crise d\u2019existence et de cr\u00e9dibilit\u00e9. Dans un premier temps, elle doit plut\u00f4t chercher \u00e0 se rendre propre, ensuite travailler \u00e0 inculquer une \u00e9ducation civique \u00e0 leurs militants et enfin rendre toujours compte de ses actions \u00e0 leurs militants de saisons, avant toute invective \u00e0 l\u2019encontre du pouvoir en place.&nbsp; Le porc dans une porcherie peut-il se pr\u00e9valoir d\u2019avoir fait une s\u00e9ance de make-up ou de soins de visage&nbsp;? On ne parle m\u00eame pas encore de p\u00e9dicure et de manucure politiques.<\/p>\n\n\n\n<p class=\"wp-block-paragraph\"><strong>Cr\u00e9do TETTEH (In LE MEDIUM n\u00b0719 du 1<sup>er<\/sup> au 07 Septembre 2026)<\/strong><\/p>\n\n\n\n<p class=\"wp-block-paragraph\"><strong><em>@macite.tg&nbsp;&nbsp;&nbsp;&nbsp;&nbsp;&nbsp;&nbsp;&nbsp;<\/em><\/strong><\/p>\n\n\n\n<p class=\"wp-block-paragraph\"><strong><em>E-mail&nbsp;:<\/em><\/strong> <a href=\"mailto:maciteinfo@gmail.com\"><strong><em>maciteinfo@gmail.com<\/em><\/strong><\/a><strong><em>;<\/em><\/strong> <a href=\"mailto:bawela1@gmail.com\"><strong><em>bawela1@gmail.com<\/em><\/strong><\/a><strong><em><\/em><\/strong><\/p>\n\n\n\n<p class=\"wp-block-paragraph\"><strong><em>Pour vos annonces, publi-reportages, etc., joignez-nous au (00228)91515309\/<strong>79872224<\/strong> <strong><\/strong><\/em><\/strong><\/p>\n\n\n\n<p class=\"wp-block-paragraph\"><strong><em>www.macite.tg, L\u2019information, la bonne&nbsp;!<\/em><\/strong><\/p>\n\n\n\n<p class=\"wp-block-paragraph\"><\/p>\n","protected":false},"excerpt":{"rendered":"<p class=\"text-justify mb-2\" >En qu\u00eate de rep\u00e8res et surtout en mal de sensation, une certaine classe politique de l\u2019opposition a rendu public la semaine derni\u00e8re, un m\u00e9morandum pour une suppos\u00e9e sortie de crise, \u00e0 la suite de l\u2019arr\u00eat de la Cour de Justice de la CEDEAO en date [&hellip;]<\/p>\n","protected":false},"author":2,"featured_media":33634,"comment_status":"open","ping_status":"open","sticky":false,"template":"","format":"standard","meta":{"footnotes":""},"categories":[1],"tags":[],"class_list":["post-33633","post","type-post","status-publish","format-standard","has-post-thumbnail","hentry","category-politique"],"yoast_head":"<!-- This site is optimized with the Yoast SEO plugin v28.4 - https:\/\/yoast.com\/product\/yoast-seo-wordpress\/ -->\n<title>MEMORANDUM\u00a0: Jusqu\u2019o\u00f9 ira l\u2019opposition togolaise\u00a0? -<\/title>\n<meta name=\"robots\" content=\"index, follow, max-snippet:-1, max-image-preview:large, max-video-preview:-1\" \/>\n<link rel=\"canonical\" href=\"https:\/\/macite.tg\/?p=33633\" \/>\n<meta property=\"og:locale\" content=\"fr_FR\" \/>\n<meta property=\"og:type\" content=\"article\" \/>\n<meta property=\"og:title\" content=\"MEMORANDUM\u00a0: Jusqu\u2019o\u00f9 ira l\u2019opposition togolaise\u00a0? -\" \/>\n<meta property=\"og:description\" content=\"En qu\u00eate de rep\u00e8res et surtout en mal de sensation, une certaine classe politique de l\u2019opposition a rendu public la semaine derni\u00e8re, un m\u00e9morandum pour une suppos\u00e9e sortie de crise, \u00e0 la suite de l\u2019arr\u00eat de la Cour de Justice de la CEDEAO en date [&hellip;]\" \/>\n<meta property=\"og:url\" content=\"https:\/\/macite.tg\/?p=33633\" \/>\n<meta property=\"article:published_time\" content=\"2026-09-03T09:12:00+00:00\" \/>\n<meta property=\"og:image\" content=\"https:\/\/macite.tg\/wp-content\/uploads\/2026\/09\/image-8.png\" \/>\n\t<meta property=\"og:image:width\" content=\"430\" \/>\n\t<meta property=\"og:image:height\" content=\"239\" \/>\n\t<meta property=\"og:image:type\" content=\"image\/png\" \/>\n<meta name=\"author\" content=\"Jean Pierre BAWELA\" \/>\n<meta name=\"twitter:card\" content=\"summary_large_image\" \/>\n<meta name=\"twitter:label1\" content=\"\u00c9crit par\" \/>\n\t<meta name=\"twitter:data1\" content=\"Jean Pierre BAWELA\" \/>\n\t<meta name=\"twitter:label2\" content=\"Dur\u00e9e de lecture estim\u00e9e\" \/>\n\t<meta name=\"twitter:data2\" content=\"7 minutes\" \/>\n<script type=\"application\/ld+json\" class=\"yoast-schema-graph\">{\"@context\":\"https:\\\/\\\/schema.org\",\"@graph\":[{\"@type\":\"Article\",\"@id\":\"https:\\\/\\\/macite.tg\\\/?p=33633#article\",\"isPartOf\":{\"@id\":\"https:\\\/\\\/macite.tg\\\/?p=33633\"},\"author\":{\"name\":\"Jean Pierre BAWELA\",\"@id\":\"https:\\\/\\\/macite.tg\\\/#\\\/schema\\\/person\\\/e9f2de7e5dbbe7770a9402c7ce82f5c2\"},\"headline\":\"MEMORANDUM\u00a0: Jusqu\u2019o\u00f9 ira l\u2019opposition togolaise\u00a0?\",\"datePublished\":\"2026-09-03T09:12:00+00:00\",\"mainEntityOfPage\":{\"@id\":\"https:\\\/\\\/macite.tg\\\/?p=33633\"},\"wordCount\":1197,\"commentCount\":0,\"image\":{\"@id\":\"https:\\\/\\\/macite.tg\\\/?p=33633#primaryimage\"},\"thumbnailUrl\":\"https:\\\/\\\/macite.tg\\\/wp-content\\\/uploads\\\/2026\\\/09\\\/image-8.png\",\"articleSection\":[\"POLITIQUE\"],\"inLanguage\":\"fr-FR\",\"potentialAction\":[{\"@type\":\"CommentAction\",\"name\":\"Comment\",\"target\":[\"https:\\\/\\\/macite.tg\\\/?p=33633#respond\"]}]},{\"@type\":\"WebPage\",\"@id\":\"https:\\\/\\\/macite.tg\\\/?p=33633\",\"url\":\"https:\\\/\\\/macite.tg\\\/?p=33633\",\"name\":\"MEMORANDUM\u00a0: Jusqu\u2019o\u00f9 ira l\u2019opposition togolaise\u00a0? -\",\"isPartOf\":{\"@id\":\"https:\\\/\\\/macite.tg\\\/#website\"},\"primaryImageOfPage\":{\"@id\":\"https:\\\/\\\/macite.tg\\\/?p=33633#primaryimage\"},\"image\":{\"@id\":\"https:\\\/\\\/macite.tg\\\/?p=33633#primaryimage\"},\"thumbnailUrl\":\"https:\\\/\\\/macite.tg\\\/wp-content\\\/uploads\\\/2026\\\/09\\\/image-8.png\",\"datePublished\":\"2026-09-03T09:12:00+00:00\",\"author\":{\"@id\":\"https:\\\/\\\/macite.tg\\\/#\\\/schema\\\/person\\\/e9f2de7e5dbbe7770a9402c7ce82f5c2\"},\"breadcrumb\":{\"@id\":\"https:\\\/\\\/macite.tg\\\/?p=33633#breadcrumb\"},\"inLanguage\":\"fr-FR\",\"potentialAction\":[{\"@type\":\"ReadAction\",\"target\":[\"https:\\\/\\\/macite.tg\\\/?p=33633\"]}]},{\"@type\":\"ImageObject\",\"inLanguage\":\"fr-FR\",\"@id\":\"https:\\\/\\\/macite.tg\\\/?p=33633#primaryimage\",\"url\":\"https:\\\/\\\/macite.tg\\\/wp-content\\\/uploads\\\/2026\\\/09\\\/image-8.png\",\"contentUrl\":\"https:\\\/\\\/macite.tg\\\/wp-content\\\/uploads\\\/2026\\\/09\\\/image-8.png\",\"width\":430,\"height\":239},{\"@type\":\"BreadcrumbList\",\"@id\":\"https:\\\/\\\/macite.tg\\\/?p=33633#breadcrumb\",\"itemListElement\":[{\"@type\":\"ListItem\",\"position\":1,\"name\":\"Accueil\",\"item\":\"https:\\\/\\\/macite.tg\\\/\"},{\"@type\":\"ListItem\",\"position\":2,\"name\":\"MEMORANDUM\u00a0: Jusqu\u2019o\u00f9 ira l\u2019opposition togolaise\u00a0?\"}]},{\"@type\":\"WebSite\",\"@id\":\"https:\\\/\\\/macite.tg\\\/#website\",\"url\":\"https:\\\/\\\/macite.tg\\\/\",\"name\":\"\",\"description\":\"L&#039;information, la bonne!!!\",\"potentialAction\":[{\"@type\":\"SearchAction\",\"target\":{\"@type\":\"EntryPoint\",\"urlTemplate\":\"https:\\\/\\\/macite.tg\\\/?s={search_term_string}\"},\"query-input\":{\"@type\":\"PropertyValueSpecification\",\"valueRequired\":true,\"valueName\":\"search_term_string\"}}],\"inLanguage\":\"fr-FR\"},{\"@type\":\"Person\",\"@id\":\"https:\\\/\\\/macite.tg\\\/#\\\/schema\\\/person\\\/e9f2de7e5dbbe7770a9402c7ce82f5c2\",\"name\":\"Jean Pierre BAWELA\",\"image\":{\"@type\":\"ImageObject\",\"inLanguage\":\"fr-FR\",\"@id\":\"https:\\\/\\\/macite.tg\\\/wp-content\\\/uploads\\\/2023\\\/09\\\/WhatsApp-Image-2023-09-19-at-14.44.41-122x122.jpeg\",\"url\":\"https:\\\/\\\/macite.tg\\\/wp-content\\\/uploads\\\/2023\\\/09\\\/WhatsApp-Image-2023-09-19-at-14.44.41-122x122.jpeg\",\"contentUrl\":\"https:\\\/\\\/macite.tg\\\/wp-content\\\/uploads\\\/2023\\\/09\\\/WhatsApp-Image-2023-09-19-at-14.44.41-122x122.jpeg\",\"caption\":\"Jean Pierre BAWELA\"},\"url\":\"https:\\\/\\\/macite.tg\\\/?author=2\"}]}<\/script>\n<!-- \/ Yoast SEO plugin. -->","yoast_head_json":{"title":"MEMORANDUM\u00a0: Jusqu\u2019o\u00f9 ira l\u2019opposition togolaise\u00a0? -","robots":{"index":"index","follow":"follow","max-snippet":"max-snippet:-1","max-image-preview":"max-image-preview:large","max-video-preview":"max-video-preview:-1"},"canonical":"https:\/\/macite.tg\/?p=33633","og_locale":"fr_FR","og_type":"article","og_title":"MEMORANDUM\u00a0: Jusqu\u2019o\u00f9 ira l\u2019opposition togolaise\u00a0? -","og_description":"En qu\u00eate de rep\u00e8res et surtout en mal de sensation, une certaine classe politique de l\u2019opposition a rendu public la semaine derni\u00e8re, un m\u00e9morandum pour une suppos\u00e9e sortie de crise, \u00e0 la suite de l\u2019arr\u00eat de la Cour de Justice de la CEDEAO en date [&hellip;]","og_url":"https:\/\/macite.tg\/?p=33633","article_published_time":"2026-09-03T09:12:00+00:00","og_image":[{"width":430,"height":239,"url":"https:\/\/macite.tg\/wp-content\/uploads\/2026\/09\/image-8.png","type":"image\/png"}],"author":"Jean Pierre BAWELA","twitter_card":"summary_large_image","twitter_misc":{"\u00c9crit par":"Jean Pierre BAWELA","Dur\u00e9e de lecture estim\u00e9e":"7 minutes"},"schema":{"@context":"https:\/\/schema.org","@graph":[{"@type":"Article","@id":"https:\/\/macite.tg\/?p=33633#article","isPartOf":{"@id":"https:\/\/macite.tg\/?p=33633"},"author":{"name":"Jean Pierre BAWELA","@id":"https:\/\/macite.tg\/#\/schema\/person\/e9f2de7e5dbbe7770a9402c7ce82f5c2"},"headline":"MEMORANDUM\u00a0: Jusqu\u2019o\u00f9 ira l\u2019opposition togolaise\u00a0?","datePublished":"2026-09-03T09:12:00+00:00","mainEntityOfPage":{"@id":"https:\/\/macite.tg\/?p=33633"},"wordCount":1197,"commentCount":0,"image":{"@id":"https:\/\/macite.tg\/?p=33633#primaryimage"},"thumbnailUrl":"https:\/\/macite.tg\/wp-content\/uploads\/2026\/09\/image-8.png","articleSection":["POLITIQUE"],"inLanguage":"fr-FR","potentialAction":[{"@type":"CommentAction","name":"Comment","target":["https:\/\/macite.tg\/?p=33633#respond"]}]},{"@type":"WebPage","@id":"https:\/\/macite.tg\/?p=33633","url":"https:\/\/macite.tg\/?p=33633","name":"MEMORANDUM\u00a0: Jusqu\u2019o\u00f9 ira l\u2019opposition togolaise\u00a0? -","isPartOf":{"@id":"https:\/\/macite.tg\/#website"},"primaryImageOfPage":{"@id":"https:\/\/macite.tg\/?p=33633#primaryimage"},"image":{"@id":"https:\/\/macite.tg\/?p=33633#primaryimage"},"thumbnailUrl":"https:\/\/macite.tg\/wp-content\/uploads\/2026\/09\/image-8.png","datePublished":"2026-09-03T09:12:00+00:00","author":{"@id":"https:\/\/macite.tg\/#\/schema\/person\/e9f2de7e5dbbe7770a9402c7ce82f5c2"},"breadcrumb":{"@id":"https:\/\/macite.tg\/?p=33633#breadcrumb"},"inLanguage":"fr-FR","potentialAction":[{"@type":"ReadAction","target":["https:\/\/macite.tg\/?p=33633"]}]},{"@type":"ImageObject","inLanguage":"fr-FR","@id":"https:\/\/macite.tg\/?p=33633#primaryimage","url":"https:\/\/macite.tg\/wp-content\/uploads\/2026\/09\/image-8.png","contentUrl":"https:\/\/macite.tg\/wp-content\/uploads\/2026\/09\/image-8.png","width":430,"height":239},{"@type":"BreadcrumbList","@id":"https:\/\/macite.tg\/?p=33633#breadcrumb","itemListElement":[{"@type":"ListItem","position":1,"name":"Accueil","item":"https:\/\/macite.tg\/"},{"@type":"ListItem","position":2,"name":"MEMORANDUM\u00a0: Jusqu\u2019o\u00f9 ira l\u2019opposition togolaise\u00a0?"}]},{"@type":"WebSite","@id":"https:\/\/macite.tg\/#website","url":"https:\/\/macite.tg\/","name":"","description":"L&#039;information, la bonne!!!","potentialAction":[{"@type":"SearchAction","target":{"@type":"EntryPoint","urlTemplate":"https:\/\/macite.tg\/?s={search_term_string}"},"query-input":{"@type":"PropertyValueSpecification","valueRequired":true,"valueName":"search_term_string"}}],"inLanguage":"fr-FR"},{"@type":"Person","@id":"https:\/\/macite.tg\/#\/schema\/person\/e9f2de7e5dbbe7770a9402c7ce82f5c2","name":"Jean Pierre BAWELA","image":{"@type":"ImageObject","inLanguage":"fr-FR","@id":"https:\/\/macite.tg\/wp-content\/uploads\/2023\/09\/WhatsApp-Image-2023-09-19-at-14.44.41-122x122.jpeg","url":"https:\/\/macite.tg\/wp-content\/uploads\/2023\/09\/WhatsApp-Image-2023-09-19-at-14.44.41-122x122.jpeg","contentUrl":"https:\/\/macite.tg\/wp-content\/uploads\/2023\/09\/WhatsApp-Image-2023-09-19-at-14.44.41-122x122.jpeg","caption":"Jean Pierre BAWELA"},"url":"https:\/\/macite.tg\/?author=2"}]}},"_links":{"self":[{"href":"https:\/\/macite.tg\/index.php?rest_route=\/wp\/v2\/posts\/33633","targetHints":{"allow":["GET"]}}],"collection":[{"href":"https:\/\/macite.tg\/index.php?rest_route=\/wp\/v2\/posts"}],"about":[{"href":"https:\/\/macite.tg\/index.php?rest_route=\/wp\/v2\/types\/post"}],"author":[{"embeddable":true,"href":"https:\/\/macite.tg\/index.php?rest_route=\/wp\/v2\/users\/2"}],"replies":[{"embeddable":true,"href":"https:\/\/macite.tg\/index.php?rest_route=%2Fwp%2Fv2%2Fcomments&post=33633"}],"version-history":[{"count":1,"href":"https:\/\/macite.tg\/index.php?rest_route=\/wp\/v2\/posts\/33633\/revisions"}],"predecessor-version":[{"id":33635,"href":"https:\/\/macite.tg\/index.php?rest_route=\/wp\/v2\/posts\/33633\/revisions\/33635"}],"wp:featuredmedia":[{"embeddable":true,"href":"https:\/\/macite.tg\/index.php?rest_route=\/wp\/v2\/media\/33634"}],"wp:attachment":[{"href":"https:\/\/macite.tg\/index.php?rest_route=%2Fwp%2Fv2%2Fmedia&parent=33633"}],"wp:term":[{"taxonomy":"category","embeddable":true,"href":"https:\/\/macite.tg\/index.php?rest_route=%2Fwp%2Fv2%2Fcategories&post=33633"},{"taxonomy":"post_tag","embeddable":true,"href":"https:\/\/macite.tg\/index.php?rest_route=%2Fwp%2Fv2%2Ftags&post=33633"}],"curies":[{"name":"wp","href":"https:\/\/api.w.org\/{rel}","templated":true}]}}