{"id":33627,"date":"2026-09-02T17:09:12","date_gmt":"2026-09-02T17:09:12","guid":{"rendered":"https:\/\/macite.tg\/?p=33627"},"modified":"2026-09-02T17:09:14","modified_gmt":"2026-09-02T17:09:14","slug":"foire-made-in-togo-regionale-daneho-cest-2-au-6-septembre-2026","status":"publish","type":"post","link":"https:\/\/macite.tg\/?p=33627","title":{"rendered":"FOIRE MADE IN TOGO REGIONALE D&rsquo;ANEHO : C&rsquo;est 2 au 6 septembre 2026"},"content":{"rendered":"\n<p class=\"wp-block-paragraph\"><strong><em>La Commune des Lacs 1 est heureuse d&rsquo;annoncer la tenue de la Foire Made in Togo r\u00e9gionale d&rsquo;An\u00e9ho, du 2 au 6 septembre 2026, sur la nouvelle plage am\u00e9nag\u00e9e \u00e0 c\u00f4t\u00e9 de l&rsquo;h\u00f4tel Oasis \u00e0 An\u00e9ho.<\/em><\/strong><\/p>\n\n\n\n<p class=\"wp-block-paragraph\">L\u2019\u00e9v\u00e8nement est plac\u00e9 sous le Haut Patronage de Son Excellence Monsieur Faure Essozimna Gnassingb\u00e9, Pr\u00e9sident du Conseil, sous l&rsquo;\u00e9gide du Minist\u00e8re de l&rsquo;Economie et de la Veille Strat\u00e9gique, Charg\u00e9 du Commerce et du Contr\u00f4le de Qualit\u00e9 et l\u2019organisation du Centre Togolais des Expositions et Foires CETEF Togo 2000.<\/p>\n\n\n\n<p class=\"wp-block-paragraph\">\u00ab&nbsp;<em>Cette manifestation dont l&rsquo;objectif majeur est de promouvoir les produits issus de notre terroir, constitue un soutien remarquable au d\u00e9veloppement des nouvelles fili\u00e8res locales, et un accompagnement aux jeunes entrepreneurs \u00e9voluant dans la transformation des produits locaux<\/em>&nbsp;\u00bb, font savoir les autorit\u00e9s locales.<\/p>\n\n\n<div class=\"wp-block-image\">\n<figure class=\"aligncenter size-full\"><img loading=\"lazy\" decoding=\"async\" width=\"509\" height=\"720\" src=\"https:\/\/macite.tg\/wp-content\/uploads\/2026\/09\/image-3.png\" alt=\"\" class=\"wp-image-33578\" srcset=\"https:\/\/macite.tg\/wp-content\/uploads\/2026\/09\/image-3.png 509w, https:\/\/macite.tg\/wp-content\/uploads\/2026\/09\/image-3-212x300.png 212w\" sizes=\"auto, (max-width: 509px) 100vw, 509px\" \/><\/figure>\n<\/div>\n\n\n<p class=\"wp-block-paragraph\">Selon la Commune des Lacs 1, cette foire s&rsquo;inscrit dans le cadre de la c\u00e9l\u00e9bration de la f\u00eate traditionnelle Ep\u00e9-Ekp\u00e9, un moment majeur de valorisation du patrimoine culturel et de l&rsquo;identit\u00e9 du peuple Guin. Pendant cinq jours, cette rencontre commerciale mettra \u00e0 l&rsquo;honneur le savoir-faire togolais, les produits fabriqu\u00e9s localement, les entrepreneurs, artisans, producteurs et transformateurs du Togo.<\/p>\n\n\n\n<p class=\"wp-block-paragraph\">Au-del\u00e0 de l&rsquo;exposition et de la commercialisation des produits Made in Togo, cette initiative constitue une belle opportunit\u00e9 de promouvoir l&rsquo;\u00e9conomie locale, de soutenir les acteurs du secteur priv\u00e9 et de renforcer l&rsquo;attractivit\u00e9 d&rsquo;An\u00e9ho. La Commune des Lacs 1 invite les populations, visiteurs, entrepreneurs et amoureux du Made in Togo \u00e0 venir nombreux d\u00e9couvrir, consommer et c\u00e9l\u00e9brer les richesses de notre terroir.<\/p>\n\n\n\n<p class=\"wp-block-paragraph\"><strong>(In LE MEDIUM n\u00b0719 du 1<sup>er<\/sup> au 07 Septembre 2026)<\/strong><\/p>\n\n\n\n<p class=\"wp-block-paragraph\"><a><strong><em>@macite.tg&nbsp;&nbsp;&nbsp;&nbsp;&nbsp;&nbsp;&nbsp;&nbsp;<\/em><\/strong><\/a><\/p>\n\n\n\n<p class=\"wp-block-paragraph\"><strong><em>E-mail&nbsp;:<\/em><\/strong> <a href=\"mailto:maciteinfo@gmail.com\"><strong><em>maciteinfo@gmail.com<\/em><\/strong><\/a><strong><em>;<\/em><\/strong> <a href=\"mailto:bawela1@gmail.com\"><strong><em>bawela1@gmail.com<\/em><\/strong><\/a><strong><em><\/em><\/strong><\/p>\n\n\n\n<p class=\"wp-block-paragraph\"><strong><em>Pour vos annonces, publi-reportages, etc., joignez-nous au (00228)91515309\/<strong>79872224<\/strong> <strong><\/strong><\/em><\/strong><\/p>\n\n\n\n<p class=\"wp-block-paragraph\"><strong><em>www.macite.tg, L\u2019information, la bonne&nbsp;!<\/em><\/strong><\/p>\n\n\n\n<p class=\"wp-block-paragraph\"><\/p>\n","protected":false},"excerpt":{"rendered":"<p class=\"text-justify mb-2\" >La Commune des Lacs 1 est heureuse d&rsquo;annoncer la tenue de la Foire Made in Togo r\u00e9gionale d&rsquo;An\u00e9ho, du 2 au 6 septembre 2026, sur la nouvelle plage am\u00e9nag\u00e9e \u00e0 c\u00f4t\u00e9 de l&rsquo;h\u00f4tel Oasis \u00e0 An\u00e9ho. L\u2019\u00e9v\u00e8nement est plac\u00e9 sous le Haut Patronage de Son [&hellip;]<\/p>\n","protected":false},"author":2,"featured_media":33629,"comment_status":"open","ping_status":"open","sticky":false,"template":"","format":"standard","meta":{"footnotes":""},"categories":[20,3],"tags":[],"class_list":["post-33627","post","type-post","status-publish","format-standard","has-post-thumbnail","hentry","category-actualite","category-economie"],"yoast_head":"<!-- This site is optimized with the Yoast SEO plugin v28.4 - https:\/\/yoast.com\/product\/yoast-seo-wordpress\/ -->\n<title>FOIRE MADE IN TOGO REGIONALE D&#039;ANEHO : C&#039;est 2 au 6 septembre 2026 -<\/title>\n<meta name=\"robots\" content=\"index, follow, max-snippet:-1, max-image-preview:large, max-video-preview:-1\" \/>\n<link rel=\"canonical\" href=\"https:\/\/macite.tg\/?p=33627\" \/>\n<meta property=\"og:locale\" content=\"fr_FR\" \/>\n<meta property=\"og:type\" content=\"article\" \/>\n<meta property=\"og:title\" content=\"FOIRE MADE IN TOGO REGIONALE D&#039;ANEHO : C&#039;est 2 au 6 septembre 2026 -\" \/>\n<meta property=\"og:description\" content=\"La Commune des Lacs 1 est heureuse d&rsquo;annoncer la tenue de la Foire Made in Togo r\u00e9gionale d&rsquo;An\u00e9ho, du 2 au 6 septembre 2026, sur la nouvelle plage am\u00e9nag\u00e9e \u00e0 c\u00f4t\u00e9 de l&rsquo;h\u00f4tel Oasis \u00e0 An\u00e9ho. L\u2019\u00e9v\u00e8nement est plac\u00e9 sous le Haut Patronage de Son [&hellip;]\" \/>\n<meta property=\"og:url\" content=\"https:\/\/macite.tg\/?p=33627\" \/>\n<meta property=\"article:published_time\" content=\"2026-09-02T17:09:12+00:00\" \/>\n<meta property=\"article:modified_time\" content=\"2026-09-02T17:09:14+00:00\" \/>\n<meta property=\"og:image\" content=\"https:\/\/macite.tg\/wp-content\/uploads\/2026\/09\/image-6.png\" \/>\n\t<meta property=\"og:image:width\" content=\"343\" \/>\n\t<meta property=\"og:image:height\" content=\"429\" \/>\n\t<meta property=\"og:image:type\" content=\"image\/png\" \/>\n<meta name=\"author\" content=\"Jean Pierre BAWELA\" \/>\n<meta name=\"twitter:card\" content=\"summary_large_image\" \/>\n<meta name=\"twitter:label1\" content=\"\u00c9crit par\" \/>\n\t<meta name=\"twitter:data1\" content=\"Jean Pierre BAWELA\" \/>\n\t<meta name=\"twitter:label2\" content=\"Dur\u00e9e de lecture estim\u00e9e\" \/>\n\t<meta name=\"twitter:data2\" content=\"2 minutes\" \/>\n<script type=\"application\/ld+json\" class=\"yoast-schema-graph\">{\"@context\":\"https:\\\/\\\/schema.org\",\"@graph\":[{\"@type\":\"Article\",\"@id\":\"https:\\\/\\\/macite.tg\\\/?p=33627#article\",\"isPartOf\":{\"@id\":\"https:\\\/\\\/macite.tg\\\/?p=33627\"},\"author\":{\"name\":\"Jean Pierre BAWELA\",\"@id\":\"https:\\\/\\\/macite.tg\\\/#\\\/schema\\\/person\\\/e9f2de7e5dbbe7770a9402c7ce82f5c2\"},\"headline\":\"FOIRE MADE IN TOGO REGIONALE D&rsquo;ANEHO : C&rsquo;est 2 au 6 septembre 2026\",\"datePublished\":\"2026-09-02T17:09:12+00:00\",\"dateModified\":\"2026-09-02T17:09:14+00:00\",\"mainEntityOfPage\":{\"@id\":\"https:\\\/\\\/macite.tg\\\/?p=33627\"},\"wordCount\":328,\"commentCount\":0,\"image\":{\"@id\":\"https:\\\/\\\/macite.tg\\\/?p=33627#primaryimage\"},\"thumbnailUrl\":\"https:\\\/\\\/macite.tg\\\/wp-content\\\/uploads\\\/2026\\\/09\\\/image-6.png\",\"articleSection\":[\"ACTUALITE\",\"ECONOMIE\"],\"inLanguage\":\"fr-FR\",\"potentialAction\":[{\"@type\":\"CommentAction\",\"name\":\"Comment\",\"target\":[\"https:\\\/\\\/macite.tg\\\/?p=33627#respond\"]}]},{\"@type\":\"WebPage\",\"@id\":\"https:\\\/\\\/macite.tg\\\/?p=33627\",\"url\":\"https:\\\/\\\/macite.tg\\\/?p=33627\",\"name\":\"FOIRE MADE IN TOGO REGIONALE D'ANEHO : C'est 2 au 6 septembre 2026 -\",\"isPartOf\":{\"@id\":\"https:\\\/\\\/macite.tg\\\/#website\"},\"primaryImageOfPage\":{\"@id\":\"https:\\\/\\\/macite.tg\\\/?p=33627#primaryimage\"},\"image\":{\"@id\":\"https:\\\/\\\/macite.tg\\\/?p=33627#primaryimage\"},\"thumbnailUrl\":\"https:\\\/\\\/macite.tg\\\/wp-content\\\/uploads\\\/2026\\\/09\\\/image-6.png\",\"datePublished\":\"2026-09-02T17:09:12+00:00\",\"dateModified\":\"2026-09-02T17:09:14+00:00\",\"author\":{\"@id\":\"https:\\\/\\\/macite.tg\\\/#\\\/schema\\\/person\\\/e9f2de7e5dbbe7770a9402c7ce82f5c2\"},\"breadcrumb\":{\"@id\":\"https:\\\/\\\/macite.tg\\\/?p=33627#breadcrumb\"},\"inLanguage\":\"fr-FR\",\"potentialAction\":[{\"@type\":\"ReadAction\",\"target\":[\"https:\\\/\\\/macite.tg\\\/?p=33627\"]}]},{\"@type\":\"ImageObject\",\"inLanguage\":\"fr-FR\",\"@id\":\"https:\\\/\\\/macite.tg\\\/?p=33627#primaryimage\",\"url\":\"https:\\\/\\\/macite.tg\\\/wp-content\\\/uploads\\\/2026\\\/09\\\/image-6.png\",\"contentUrl\":\"https:\\\/\\\/macite.tg\\\/wp-content\\\/uploads\\\/2026\\\/09\\\/image-6.png\",\"width\":343,\"height\":429},{\"@type\":\"BreadcrumbList\",\"@id\":\"https:\\\/\\\/macite.tg\\\/?p=33627#breadcrumb\",\"itemListElement\":[{\"@type\":\"ListItem\",\"position\":1,\"name\":\"Accueil\",\"item\":\"https:\\\/\\\/macite.tg\\\/\"},{\"@type\":\"ListItem\",\"position\":2,\"name\":\"FOIRE MADE IN TOGO REGIONALE D&rsquo;ANEHO : C&rsquo;est 2 au 6 septembre 2026\"}]},{\"@type\":\"WebSite\",\"@id\":\"https:\\\/\\\/macite.tg\\\/#website\",\"url\":\"https:\\\/\\\/macite.tg\\\/\",\"name\":\"\",\"description\":\"L&#039;information, la bonne!!!\",\"potentialAction\":[{\"@type\":\"SearchAction\",\"target\":{\"@type\":\"EntryPoint\",\"urlTemplate\":\"https:\\\/\\\/macite.tg\\\/?s={search_term_string}\"},\"query-input\":{\"@type\":\"PropertyValueSpecification\",\"valueRequired\":true,\"valueName\":\"search_term_string\"}}],\"inLanguage\":\"fr-FR\"},{\"@type\":\"Person\",\"@id\":\"https:\\\/\\\/macite.tg\\\/#\\\/schema\\\/person\\\/e9f2de7e5dbbe7770a9402c7ce82f5c2\",\"name\":\"Jean Pierre BAWELA\",\"image\":{\"@type\":\"ImageObject\",\"inLanguage\":\"fr-FR\",\"@id\":\"https:\\\/\\\/macite.tg\\\/wp-content\\\/uploads\\\/2023\\\/09\\\/WhatsApp-Image-2023-09-19-at-14.44.41-122x122.jpeg\",\"url\":\"https:\\\/\\\/macite.tg\\\/wp-content\\\/uploads\\\/2023\\\/09\\\/WhatsApp-Image-2023-09-19-at-14.44.41-122x122.jpeg\",\"contentUrl\":\"https:\\\/\\\/macite.tg\\\/wp-content\\\/uploads\\\/2023\\\/09\\\/WhatsApp-Image-2023-09-19-at-14.44.41-122x122.jpeg\",\"caption\":\"Jean Pierre BAWELA\"},\"url\":\"https:\\\/\\\/macite.tg\\\/?author=2\"}]}<\/script>\n<!-- \/ Yoast SEO plugin. -->","yoast_head_json":{"title":"FOIRE MADE IN TOGO REGIONALE D'ANEHO : C'est 2 au 6 septembre 2026 -","robots":{"index":"index","follow":"follow","max-snippet":"max-snippet:-1","max-image-preview":"max-image-preview:large","max-video-preview":"max-video-preview:-1"},"canonical":"https:\/\/macite.tg\/?p=33627","og_locale":"fr_FR","og_type":"article","og_title":"FOIRE MADE IN TOGO REGIONALE D'ANEHO : C'est 2 au 6 septembre 2026 -","og_description":"La Commune des Lacs 1 est heureuse d&rsquo;annoncer la tenue de la Foire Made in Togo r\u00e9gionale d&rsquo;An\u00e9ho, du 2 au 6 septembre 2026, sur la nouvelle plage am\u00e9nag\u00e9e \u00e0 c\u00f4t\u00e9 de l&rsquo;h\u00f4tel Oasis \u00e0 An\u00e9ho. L\u2019\u00e9v\u00e8nement est plac\u00e9 sous le Haut Patronage de Son [&hellip;]","og_url":"https:\/\/macite.tg\/?p=33627","article_published_time":"2026-09-02T17:09:12+00:00","article_modified_time":"2026-09-02T17:09:14+00:00","og_image":[{"width":343,"height":429,"url":"https:\/\/macite.tg\/wp-content\/uploads\/2026\/09\/image-6.png","type":"image\/png"}],"author":"Jean Pierre BAWELA","twitter_card":"summary_large_image","twitter_misc":{"\u00c9crit par":"Jean Pierre BAWELA","Dur\u00e9e de lecture estim\u00e9e":"2 minutes"},"schema":{"@context":"https:\/\/schema.org","@graph":[{"@type":"Article","@id":"https:\/\/macite.tg\/?p=33627#article","isPartOf":{"@id":"https:\/\/macite.tg\/?p=33627"},"author":{"name":"Jean Pierre BAWELA","@id":"https:\/\/macite.tg\/#\/schema\/person\/e9f2de7e5dbbe7770a9402c7ce82f5c2"},"headline":"FOIRE MADE IN TOGO REGIONALE D&rsquo;ANEHO : C&rsquo;est 2 au 6 septembre 2026","datePublished":"2026-09-02T17:09:12+00:00","dateModified":"2026-09-02T17:09:14+00:00","mainEntityOfPage":{"@id":"https:\/\/macite.tg\/?p=33627"},"wordCount":328,"commentCount":0,"image":{"@id":"https:\/\/macite.tg\/?p=33627#primaryimage"},"thumbnailUrl":"https:\/\/macite.tg\/wp-content\/uploads\/2026\/09\/image-6.png","articleSection":["ACTUALITE","ECONOMIE"],"inLanguage":"fr-FR","potentialAction":[{"@type":"CommentAction","name":"Comment","target":["https:\/\/macite.tg\/?p=33627#respond"]}]},{"@type":"WebPage","@id":"https:\/\/macite.tg\/?p=33627","url":"https:\/\/macite.tg\/?p=33627","name":"FOIRE MADE IN TOGO REGIONALE D'ANEHO : C'est 2 au 6 septembre 2026 -","isPartOf":{"@id":"https:\/\/macite.tg\/#website"},"primaryImageOfPage":{"@id":"https:\/\/macite.tg\/?p=33627#primaryimage"},"image":{"@id":"https:\/\/macite.tg\/?p=33627#primaryimage"},"thumbnailUrl":"https:\/\/macite.tg\/wp-content\/uploads\/2026\/09\/image-6.png","datePublished":"2026-09-02T17:09:12+00:00","dateModified":"2026-09-02T17:09:14+00:00","author":{"@id":"https:\/\/macite.tg\/#\/schema\/person\/e9f2de7e5dbbe7770a9402c7ce82f5c2"},"breadcrumb":{"@id":"https:\/\/macite.tg\/?p=33627#breadcrumb"},"inLanguage":"fr-FR","potentialAction":[{"@type":"ReadAction","target":["https:\/\/macite.tg\/?p=33627"]}]},{"@type":"ImageObject","inLanguage":"fr-FR","@id":"https:\/\/macite.tg\/?p=33627#primaryimage","url":"https:\/\/macite.tg\/wp-content\/uploads\/2026\/09\/image-6.png","contentUrl":"https:\/\/macite.tg\/wp-content\/uploads\/2026\/09\/image-6.png","width":343,"height":429},{"@type":"BreadcrumbList","@id":"https:\/\/macite.tg\/?p=33627#breadcrumb","itemListElement":[{"@type":"ListItem","position":1,"name":"Accueil","item":"https:\/\/macite.tg\/"},{"@type":"ListItem","position":2,"name":"FOIRE MADE IN TOGO REGIONALE D&rsquo;ANEHO : C&rsquo;est 2 au 6 septembre 2026"}]},{"@type":"WebSite","@id":"https:\/\/macite.tg\/#website","url":"https:\/\/macite.tg\/","name":"","description":"L&#039;information, la bonne!!!","potentialAction":[{"@type":"SearchAction","target":{"@type":"EntryPoint","urlTemplate":"https:\/\/macite.tg\/?s={search_term_string}"},"query-input":{"@type":"PropertyValueSpecification","valueRequired":true,"valueName":"search_term_string"}}],"inLanguage":"fr-FR"},{"@type":"Person","@id":"https:\/\/macite.tg\/#\/schema\/person\/e9f2de7e5dbbe7770a9402c7ce82f5c2","name":"Jean Pierre BAWELA","image":{"@type":"ImageObject","inLanguage":"fr-FR","@id":"https:\/\/macite.tg\/wp-content\/uploads\/2023\/09\/WhatsApp-Image-2023-09-19-at-14.44.41-122x122.jpeg","url":"https:\/\/macite.tg\/wp-content\/uploads\/2023\/09\/WhatsApp-Image-2023-09-19-at-14.44.41-122x122.jpeg","contentUrl":"https:\/\/macite.tg\/wp-content\/uploads\/2023\/09\/WhatsApp-Image-2023-09-19-at-14.44.41-122x122.jpeg","caption":"Jean Pierre BAWELA"},"url":"https:\/\/macite.tg\/?author=2"}]}},"_links":{"self":[{"href":"https:\/\/macite.tg\/index.php?rest_route=\/wp\/v2\/posts\/33627","targetHints":{"allow":["GET"]}}],"collection":[{"href":"https:\/\/macite.tg\/index.php?rest_route=\/wp\/v2\/posts"}],"about":[{"href":"https:\/\/macite.tg\/index.php?rest_route=\/wp\/v2\/types\/post"}],"author":[{"embeddable":true,"href":"https:\/\/macite.tg\/index.php?rest_route=\/wp\/v2\/users\/2"}],"replies":[{"embeddable":true,"href":"https:\/\/macite.tg\/index.php?rest_route=%2Fwp%2Fv2%2Fcomments&post=33627"}],"version-history":[{"count":1,"href":"https:\/\/macite.tg\/index.php?rest_route=\/wp\/v2\/posts\/33627\/revisions"}],"predecessor-version":[{"id":33632,"href":"https:\/\/macite.tg\/index.php?rest_route=\/wp\/v2\/posts\/33627\/revisions\/33632"}],"wp:attachment":[{"href":"https:\/\/macite.tg\/index.php?rest_route=%2Fwp%2Fv2%2Fmedia&parent=33627"}],"wp:term":[{"taxonomy":"category","embeddable":true,"href":"https:\/\/macite.tg\/index.php?rest_route=%2Fwp%2Fv2%2Fcategories&post=33627"},{"taxonomy":"post_tag","embeddable":true,"href":"https:\/\/macite.tg\/index.php?rest_route=%2Fwp%2Fv2%2Ftags&post=33627"}],"curies":[{"name":"wp","href":"https:\/\/api.w.org\/{rel}","templated":true}]}}